{"id":86631,"date":"2021-11-15T20:21:22","date_gmt":"2021-11-15T20:21:22","guid":{"rendered":"https:\/\/quehacerpolitico.mx\/?p=86631"},"modified":"2021-11-15T20:21:24","modified_gmt":"2021-11-15T20:21:24","slug":"internacionales-carolina-alonso-romei-steve-bannon-exasesor-de-trump-se-entrega-a-las-autoridades","status":"publish","type":"post","link":"https:\/\/quehacerpolitico.mx\/?p=86631","title":{"rendered":"Internacionales\/\/\/Carolina Alonso Romei\/\/\/Steve Bannon, exasesor de Trump, se entrega a las autoridades"},"content":{"rendered":"\n<p>Por Carolina Alonso Romei <\/p>\n\n\n\n<p>Internacionalista <\/p>\n\n\n\n<p>Bannon fue imputado el viernes por un gran jurado federal con dos cargos por desacato al Congreso al no haber respondido a una citaci\u00f3n del comit\u00e9 legislativo que investiga el asalto al Capitolio de enero pasado<\/p>\n\n\n\n<ul class=\"wp-block-list\"><li>Una acusaci\u00f3n por desacato al Congreso puede acarrear entre 30 d\u00edas y un a\u00f1o de prisi\u00f3n, as\u00ed como una multa de entre 100 y 1,000 d\u00f3lares<\/li><\/ul>\n\n\n\n<p>Steve Bannon, estrecho aliado del expresidente Donald Trump, se entreg\u00f3 a las autoridades federales hoy, 15 de noviembre de 2021, acusado de desacato judicial, tras negarse a comparecer ante la comisi\u00f3n del Congreso que investiga el asalto al\u00a0<strong>Capitolio<\/strong>.<\/p>\n\n\n\n<figure class=\"wp-block-embed is-type-video is-provider-youtube wp-block-embed-youtube wp-embed-aspect-16-9 wp-has-aspect-ratio\"><div class=\"wp-block-embed__wrapper\">\n<iframe loading=\"lazy\" title=\"Bannon surrenders to FBI\" width=\"640\" height=\"360\" src=\"https:\/\/www.youtube.com\/embed\/CXpcPcgApNc?feature=oembed\" frameborder=\"0\" allow=\"accelerometer; autoplay; clipboard-write; encrypted-media; gyroscope; picture-in-picture; web-share\" referrerpolicy=\"strict-origin-when-cross-origin\" allowfullscreen><\/iframe>\n<\/div><\/figure>\n\n\n\n<p><em>\u201cVamos a acabar con el r\u00e9gimen de (Joe) Biden\u201d, dijo Bannon, vestido con tres camisas negras y un abrigo verde. \u201cQuiero que se mantengan concentrados (\u2026) Todo esto es ruido\u201d.<\/em><\/p>\n\n\n\n<p>Bannon fue imputado el viernes por un gran jurado federal con dos cargos por desacato al Congreso al no haber respondido a una citaci\u00f3n del comit\u00e9 legislativo que investiga el asalto al Capitolio de enero pasado.<\/p>\n\n\n\n<p>As\u00ed lo inform\u00f3 el Departamento de Justicia en un comunicado, en el que precis\u00f3 que uno de los cargos se refiere a su negativa a comparecer ante dicho comit\u00e9, mientras que el segundo es por no querer entregar documentos.<\/p>\n\n\n\n<p>Una acusaci\u00f3n por desacato al Congreso puede acarrear entre 30 d\u00edas y un a\u00f1o de prisi\u00f3n, as\u00ed como una multa de entre 100 y 1,000 d\u00f3lares.<\/p>\n\n\n\n<p>Esto se produce despu\u00e9s de que el pasado 21 de octubre la C\u00e1mara de Representantes de Estados Unidos declarara en desacato a Bannon, de 67 a\u00f1os, por rehusar comparecer ante el comit\u00e9 investigador del asalto al Capitolio del pasado 6 de enero por parte de una turba de seguidores de Trump.<br>Dicha declaraci\u00f3n pas\u00f3 al Departamento de Justicia que deb\u00eda decidir si seguir adelante con el proceso.<\/p>\n\n\n\n<p>En este tiempo el fiscal general de Estados Unidos, Merrick Garland, ha sido blanco de todo tipo de presiones pol\u00edticas para imputar a Bannon por la v\u00eda judicial tras la decisi\u00f3n del Congreso.<\/p>\n\n\n\n<p>En la nota, Garland subray\u00f3 que desde el primer d\u00eda en el cargo est\u00e1 comprometido con \u201cmostrar al pueblo estadounidense, tanto de palabra como de hechos, que el Departamento (de Justicia) se adhiere al cumplimiento de la ley, sigue los hechos y la legislaci\u00f3n, y busca una justicia igualitaria\u201d.<br>Por el momento, todav\u00eda no se ha establecido una fecha para la celebraci\u00f3n de una vista sobre este caso en la corte federal del Distrito de Columbia.<\/p>\n\n\n\n<p>El fiscal para el Distrito de Columbia, Matthew M. Graves, record\u00f3 en el texto que el comit\u00e9 que investiga el asalto al Capitolio emiti\u00f3 el 23 de septiembre una citaci\u00f3n para que Bannon compareciera para declarar y entregar documentos, lo que fue rechazado por \u00e9l.<br>En su citaci\u00f3n, el comit\u00e9 legislativo detall\u00f3 que cree que Bannon tiene informaci\u00f3n en su poder relevante para comprender lo ocurrido el 6 de enero.<\/p>\n\n\n\n<p>Bannon se excus\u00f3 en su d\u00eda para no comparecer ante el comit\u00e9 detr\u00e1s de una demanda presentada por Trump para evitar que ciertos documentos relacionados con el asalto al Capitolio vean la luz, pidiendo al comit\u00e9 que pospusiera su comparecencia hasta que la Justicia fallara, lo que \u00e9ste rechaz\u00f3.<br>Un caso penal contra Bannon podr\u00eda tardar a\u00f1os en resolverse ante la Justicia.<\/p>\n\n\n\n<p>Seg\u00fan la cadena de televisi\u00f3n CNN, este tipo de causas por desacato al Congreso se han visto hist\u00f3ricamente desvirtuadas por jurados compasivos con los acusados y por las apelaciones.<\/p>\n\n\n\n<p><em>Con informaci\u00f3n de AP,&nbsp; EFE y Reuters<\/em><\/p>\n","protected":false},"excerpt":{"rendered":"<p>Por Carolina Alonso Romei Internacionalista Bannon fue imputado el viernes por un gran jurado federal&#8230;<\/p>\n","protected":false},"author":2,"featured_media":86632,"comment_status":"open","ping_status":"open","sticky":false,"template":"","format":"standard","meta":{"_monsterinsights_skip_tracking":false,"_monsterinsights_sitenote_active":false,"_monsterinsights_sitenote_note":"","_monsterinsights_sitenote_category":0,"footnotes":""},"categories":[1],"tags":[],"class_list":["post-86631","post","type-post","status-publish","format-standard","has-post-thumbnail","hentry","category-sin-categoria"],"yoast_head":"<!-- This site is optimized with the Yoast SEO plugin v27.3 - https:\/\/yoast.com\/product\/yoast-seo-wordpress\/ -->\n<title>Internacionales\/\/\/Carolina Alonso Romei\/\/\/Steve Bannon, exasesor de Trump, se entrega a las autoridades -<\/title>\n<meta name=\"robots\" content=\"index, follow, max-snippet:-1, max-image-preview:large, max-video-preview:-1\" \/>\n<link rel=\"canonical\" href=\"https:\/\/quehacerpolitico.mx\/?p=86631\" \/>\n<meta property=\"og:locale\" content=\"es_MX\" \/>\n<meta property=\"og:type\" content=\"article\" \/>\n<meta property=\"og:title\" content=\"Internacionales\/\/\/Carolina Alonso Romei\/\/\/Steve Bannon, exasesor de Trump, se entrega a las autoridades -\" \/>\n<meta property=\"og:description\" content=\"Por Carolina Alonso Romei Internacionalista Bannon fue imputado el viernes por un gran jurado federal...\" \/>\n<meta property=\"og:url\" content=\"https:\/\/quehacerpolitico.mx\/?p=86631\" \/>\n<meta property=\"article:published_time\" content=\"2021-11-15T20:21:22+00:00\" \/>\n<meta property=\"article:modified_time\" content=\"2021-11-15T20:21:24+00:00\" \/>\n<meta property=\"og:image\" content=\"https:\/\/quehacerpolitico.mx\/wp-content\/uploads\/2021\/11\/811E485F-4EBA-42FD-A0FF-C09EC293992D.jpeg\" \/>\n\t<meta property=\"og:image:width\" content=\"1056\" \/>\n\t<meta property=\"og:image:height\" content=\"710\" \/>\n\t<meta property=\"og:image:type\" content=\"image\/jpeg\" \/>\n<meta name=\"author\" content=\"Redacci\u00f3n QP\" \/>\n<meta name=\"twitter:card\" content=\"summary_large_image\" \/>\n<meta name=\"twitter:label1\" content=\"Escrito por\" \/>\n\t<meta name=\"twitter:data1\" content=\"Redacci\u00f3n QP\" \/>\n\t<meta name=\"twitter:label2\" content=\"Tiempo de lectura\" \/>\n\t<meta name=\"twitter:data2\" content=\"3 minutos\" \/>\n<script type=\"application\/ld+json\" class=\"yoast-schema-graph\">{\"@context\":\"https:\\\/\\\/schema.org\",\"@graph\":[{\"@type\":\"Article\",\"@id\":\"https:\\\/\\\/quehacerpolitico.mx\\\/?p=86631#article\",\"isPartOf\":{\"@id\":\"https:\\\/\\\/quehacerpolitico.mx\\\/?p=86631\"},\"author\":{\"name\":\"Redacci\u00f3n QP\",\"@id\":\"https:\\\/\\\/quehacerpolitico.mx\\\/#\\\/schema\\\/person\\\/496d8ad2d1d3f8036101dca7ee39e585\"},\"headline\":\"Internacionales\\\/\\\/\\\/Carolina Alonso Romei\\\/\\\/\\\/Steve Bannon, exasesor de Trump, se entrega a las autoridades\",\"datePublished\":\"2021-11-15T20:21:22+00:00\",\"dateModified\":\"2021-11-15T20:21:24+00:00\",\"mainEntityOfPage\":{\"@id\":\"https:\\\/\\\/quehacerpolitico.mx\\\/?p=86631\"},\"wordCount\":623,\"commentCount\":0,\"image\":{\"@id\":\"https:\\\/\\\/quehacerpolitico.mx\\\/?p=86631#primaryimage\"},\"thumbnailUrl\":\"https:\\\/\\\/quehacerpolitico.mx\\\/wp-content\\\/uploads\\\/2021\\\/11\\\/811E485F-4EBA-42FD-A0FF-C09EC293992D.jpeg\",\"articleSection\":[\"Internacionales\"],\"inLanguage\":\"es\",\"potentialAction\":[{\"@type\":\"CommentAction\",\"name\":\"Comment\",\"target\":[\"https:\\\/\\\/quehacerpolitico.mx\\\/?p=86631#respond\"]}]},{\"@type\":\"WebPage\",\"@id\":\"https:\\\/\\\/quehacerpolitico.mx\\\/?p=86631\",\"url\":\"https:\\\/\\\/quehacerpolitico.mx\\\/?p=86631\",\"name\":\"Internacionales\\\/\\\/\\\/Carolina Alonso Romei\\\/\\\/\\\/Steve Bannon, exasesor de Trump, se entrega a las autoridades -\",\"isPartOf\":{\"@id\":\"https:\\\/\\\/quehacerpolitico.mx\\\/#website\"},\"primaryImageOfPage\":{\"@id\":\"https:\\\/\\\/quehacerpolitico.mx\\\/?p=86631#primaryimage\"},\"image\":{\"@id\":\"https:\\\/\\\/quehacerpolitico.mx\\\/?p=86631#primaryimage\"},\"thumbnailUrl\":\"https:\\\/\\\/quehacerpolitico.mx\\\/wp-content\\\/uploads\\\/2021\\\/11\\\/811E485F-4EBA-42FD-A0FF-C09EC293992D.jpeg\",\"datePublished\":\"2021-11-15T20:21:22+00:00\",\"dateModified\":\"2021-11-15T20:21:24+00:00\",\"author\":{\"@id\":\"https:\\\/\\\/quehacerpolitico.mx\\\/#\\\/schema\\\/person\\\/496d8ad2d1d3f8036101dca7ee39e585\"},\"breadcrumb\":{\"@id\":\"https:\\\/\\\/quehacerpolitico.mx\\\/?p=86631#breadcrumb\"},\"inLanguage\":\"es\",\"potentialAction\":[{\"@type\":\"ReadAction\",\"target\":[\"https:\\\/\\\/quehacerpolitico.mx\\\/?p=86631\"]}]},{\"@type\":\"ImageObject\",\"inLanguage\":\"es\",\"@id\":\"https:\\\/\\\/quehacerpolitico.mx\\\/?p=86631#primaryimage\",\"url\":\"https:\\\/\\\/quehacerpolitico.mx\\\/wp-content\\\/uploads\\\/2021\\\/11\\\/811E485F-4EBA-42FD-A0FF-C09EC293992D.jpeg\",\"contentUrl\":\"https:\\\/\\\/quehacerpolitico.mx\\\/wp-content\\\/uploads\\\/2021\\\/11\\\/811E485F-4EBA-42FD-A0FF-C09EC293992D.jpeg\",\"width\":1056,\"height\":710},{\"@type\":\"BreadcrumbList\",\"@id\":\"https:\\\/\\\/quehacerpolitico.mx\\\/?p=86631#breadcrumb\",\"itemListElement\":[{\"@type\":\"ListItem\",\"position\":1,\"name\":\"Inicio\",\"item\":\"https:\\\/\\\/quehacerpolitico.mx\\\/\"},{\"@type\":\"ListItem\",\"position\":2,\"name\":\"Internacionales\\\/\\\/\\\/Carolina Alonso Romei\\\/\\\/\\\/Steve Bannon, exasesor de Trump, se entrega a las autoridades\"}]},{\"@type\":\"WebSite\",\"@id\":\"https:\\\/\\\/quehacerpolitico.mx\\\/#website\",\"url\":\"https:\\\/\\\/quehacerpolitico.mx\\\/\",\"name\":\"\",\"description\":\"\",\"potentialAction\":[{\"@type\":\"SearchAction\",\"target\":{\"@type\":\"EntryPoint\",\"urlTemplate\":\"https:\\\/\\\/quehacerpolitico.mx\\\/?s={search_term_string}\"},\"query-input\":{\"@type\":\"PropertyValueSpecification\",\"valueRequired\":true,\"valueName\":\"search_term_string\"}}],\"inLanguage\":\"es\"},{\"@type\":\"Person\",\"@id\":\"https:\\\/\\\/quehacerpolitico.mx\\\/#\\\/schema\\\/person\\\/496d8ad2d1d3f8036101dca7ee39e585\",\"name\":\"Redacci\u00f3n QP\",\"image\":{\"@type\":\"ImageObject\",\"inLanguage\":\"es\",\"@id\":\"https:\\\/\\\/secure.gravatar.com\\\/avatar\\\/c7164ed6fdec453195284ad24a5ae5b6e1eed2b848477fa2a4787ba9adf39a41?s=96&d=mm&r=g\",\"url\":\"https:\\\/\\\/secure.gravatar.com\\\/avatar\\\/c7164ed6fdec453195284ad24a5ae5b6e1eed2b848477fa2a4787ba9adf39a41?s=96&d=mm&r=g\",\"contentUrl\":\"https:\\\/\\\/secure.gravatar.com\\\/avatar\\\/c7164ed6fdec453195284ad24a5ae5b6e1eed2b848477fa2a4787ba9adf39a41?s=96&d=mm&r=g\",\"caption\":\"Redacci\u00f3n QP\"},\"url\":\"https:\\\/\\\/quehacerpolitico.mx\\\/?author=2\"}]}<\/script>\n<!-- \/ Yoast SEO plugin. -->","yoast_head_json":{"title":"Internacionales\/\/\/Carolina Alonso Romei\/\/\/Steve Bannon, exasesor de Trump, se entrega a las autoridades -","robots":{"index":"index","follow":"follow","max-snippet":"max-snippet:-1","max-image-preview":"max-image-preview:large","max-video-preview":"max-video-preview:-1"},"canonical":"https:\/\/quehacerpolitico.mx\/?p=86631","og_locale":"es_MX","og_type":"article","og_title":"Internacionales\/\/\/Carolina Alonso Romei\/\/\/Steve Bannon, exasesor de Trump, se entrega a las autoridades -","og_description":"Por Carolina Alonso Romei Internacionalista Bannon fue imputado el viernes por un gran jurado federal...","og_url":"https:\/\/quehacerpolitico.mx\/?p=86631","article_published_time":"2021-11-15T20:21:22+00:00","article_modified_time":"2021-11-15T20:21:24+00:00","og_image":[{"width":1056,"height":710,"url":"https:\/\/quehacerpolitico.mx\/wp-content\/uploads\/2021\/11\/811E485F-4EBA-42FD-A0FF-C09EC293992D.jpeg","type":"image\/jpeg"}],"author":"Redacci\u00f3n QP","twitter_card":"summary_large_image","twitter_misc":{"Escrito por":"Redacci\u00f3n QP","Tiempo de lectura":"3 minutos"},"schema":{"@context":"https:\/\/schema.org","@graph":[{"@type":"Article","@id":"https:\/\/quehacerpolitico.mx\/?p=86631#article","isPartOf":{"@id":"https:\/\/quehacerpolitico.mx\/?p=86631"},"author":{"name":"Redacci\u00f3n QP","@id":"https:\/\/quehacerpolitico.mx\/#\/schema\/person\/496d8ad2d1d3f8036101dca7ee39e585"},"headline":"Internacionales\/\/\/Carolina Alonso Romei\/\/\/Steve Bannon, exasesor de Trump, se entrega a las autoridades","datePublished":"2021-11-15T20:21:22+00:00","dateModified":"2021-11-15T20:21:24+00:00","mainEntityOfPage":{"@id":"https:\/\/quehacerpolitico.mx\/?p=86631"},"wordCount":623,"commentCount":0,"image":{"@id":"https:\/\/quehacerpolitico.mx\/?p=86631#primaryimage"},"thumbnailUrl":"https:\/\/quehacerpolitico.mx\/wp-content\/uploads\/2021\/11\/811E485F-4EBA-42FD-A0FF-C09EC293992D.jpeg","articleSection":["Internacionales"],"inLanguage":"es","potentialAction":[{"@type":"CommentAction","name":"Comment","target":["https:\/\/quehacerpolitico.mx\/?p=86631#respond"]}]},{"@type":"WebPage","@id":"https:\/\/quehacerpolitico.mx\/?p=86631","url":"https:\/\/quehacerpolitico.mx\/?p=86631","name":"Internacionales\/\/\/Carolina Alonso Romei\/\/\/Steve Bannon, exasesor de Trump, se entrega a las autoridades -","isPartOf":{"@id":"https:\/\/quehacerpolitico.mx\/#website"},"primaryImageOfPage":{"@id":"https:\/\/quehacerpolitico.mx\/?p=86631#primaryimage"},"image":{"@id":"https:\/\/quehacerpolitico.mx\/?p=86631#primaryimage"},"thumbnailUrl":"https:\/\/quehacerpolitico.mx\/wp-content\/uploads\/2021\/11\/811E485F-4EBA-42FD-A0FF-C09EC293992D.jpeg","datePublished":"2021-11-15T20:21:22+00:00","dateModified":"2021-11-15T20:21:24+00:00","author":{"@id":"https:\/\/quehacerpolitico.mx\/#\/schema\/person\/496d8ad2d1d3f8036101dca7ee39e585"},"breadcrumb":{"@id":"https:\/\/quehacerpolitico.mx\/?p=86631#breadcrumb"},"inLanguage":"es","potentialAction":[{"@type":"ReadAction","target":["https:\/\/quehacerpolitico.mx\/?p=86631"]}]},{"@type":"ImageObject","inLanguage":"es","@id":"https:\/\/quehacerpolitico.mx\/?p=86631#primaryimage","url":"https:\/\/quehacerpolitico.mx\/wp-content\/uploads\/2021\/11\/811E485F-4EBA-42FD-A0FF-C09EC293992D.jpeg","contentUrl":"https:\/\/quehacerpolitico.mx\/wp-content\/uploads\/2021\/11\/811E485F-4EBA-42FD-A0FF-C09EC293992D.jpeg","width":1056,"height":710},{"@type":"BreadcrumbList","@id":"https:\/\/quehacerpolitico.mx\/?p=86631#breadcrumb","itemListElement":[{"@type":"ListItem","position":1,"name":"Inicio","item":"https:\/\/quehacerpolitico.mx\/"},{"@type":"ListItem","position":2,"name":"Internacionales\/\/\/Carolina Alonso Romei\/\/\/Steve Bannon, exasesor de Trump, se entrega a las autoridades"}]},{"@type":"WebSite","@id":"https:\/\/quehacerpolitico.mx\/#website","url":"https:\/\/quehacerpolitico.mx\/","name":"","description":"","potentialAction":[{"@type":"SearchAction","target":{"@type":"EntryPoint","urlTemplate":"https:\/\/quehacerpolitico.mx\/?s={search_term_string}"},"query-input":{"@type":"PropertyValueSpecification","valueRequired":true,"valueName":"search_term_string"}}],"inLanguage":"es"},{"@type":"Person","@id":"https:\/\/quehacerpolitico.mx\/#\/schema\/person\/496d8ad2d1d3f8036101dca7ee39e585","name":"Redacci\u00f3n QP","image":{"@type":"ImageObject","inLanguage":"es","@id":"https:\/\/secure.gravatar.com\/avatar\/c7164ed6fdec453195284ad24a5ae5b6e1eed2b848477fa2a4787ba9adf39a41?s=96&d=mm&r=g","url":"https:\/\/secure.gravatar.com\/avatar\/c7164ed6fdec453195284ad24a5ae5b6e1eed2b848477fa2a4787ba9adf39a41?s=96&d=mm&r=g","contentUrl":"https:\/\/secure.gravatar.com\/avatar\/c7164ed6fdec453195284ad24a5ae5b6e1eed2b848477fa2a4787ba9adf39a41?s=96&d=mm&r=g","caption":"Redacci\u00f3n QP"},"url":"https:\/\/quehacerpolitico.mx\/?author=2"}]}},"featured_image_urls":{"full":["https:\/\/quehacerpolitico.mx\/wp-content\/uploads\/2021\/11\/811E485F-4EBA-42FD-A0FF-C09EC293992D.jpeg",1056,710,false],"thumbnail":["https:\/\/quehacerpolitico.mx\/wp-content\/uploads\/2021\/11\/811E485F-4EBA-42FD-A0FF-C09EC293992D-150x150.jpeg",150,150,true],"medium":["https:\/\/quehacerpolitico.mx\/wp-content\/uploads\/2021\/11\/811E485F-4EBA-42FD-A0FF-C09EC293992D-300x202.jpeg",300,202,true],"medium_large":["https:\/\/quehacerpolitico.mx\/wp-content\/uploads\/2021\/11\/811E485F-4EBA-42FD-A0FF-C09EC293992D-768x516.jpeg",640,430,true],"large":["https:\/\/quehacerpolitico.mx\/wp-content\/uploads\/2021\/11\/811E485F-4EBA-42FD-A0FF-C09EC293992D-1024x688.jpeg",640,430,true],"1536x1536":["https:\/\/quehacerpolitico.mx\/wp-content\/uploads\/2021\/11\/811E485F-4EBA-42FD-A0FF-C09EC293992D.jpeg",1056,710,false],"2048x2048":["https:\/\/quehacerpolitico.mx\/wp-content\/uploads\/2021\/11\/811E485F-4EBA-42FD-A0FF-C09EC293992D.jpeg",1056,710,false],"covernews-featured":["https:\/\/quehacerpolitico.mx\/wp-content\/uploads\/2021\/11\/811E485F-4EBA-42FD-A0FF-C09EC293992D.jpeg",1024,688,false],"covernews-medium":["https:\/\/quehacerpolitico.mx\/wp-content\/uploads\/2021\/11\/811E485F-4EBA-42FD-A0FF-C09EC293992D.jpeg",506,340,false]},"author_info":{"display_name":"Redacci\u00f3n QP","author_link":"https:\/\/quehacerpolitico.mx\/?author=2"},"category_info":"<a href=\"https:\/\/quehacerpolitico.mx\/?cat=1\" rel=\"category\">Internacionales<\/a>","tag_info":"Internacionales","comment_count":"0","_links":{"self":[{"href":"https:\/\/quehacerpolitico.mx\/index.php?rest_route=\/wp\/v2\/posts\/86631","targetHints":{"allow":["GET"]}}],"collection":[{"href":"https:\/\/quehacerpolitico.mx\/index.php?rest_route=\/wp\/v2\/posts"}],"about":[{"href":"https:\/\/quehacerpolitico.mx\/index.php?rest_route=\/wp\/v2\/types\/post"}],"author":[{"embeddable":true,"href":"https:\/\/quehacerpolitico.mx\/index.php?rest_route=\/wp\/v2\/users\/2"}],"replies":[{"embeddable":true,"href":"https:\/\/quehacerpolitico.mx\/index.php?rest_route=%2Fwp%2Fv2%2Fcomments&post=86631"}],"version-history":[{"count":1,"href":"https:\/\/quehacerpolitico.mx\/index.php?rest_route=\/wp\/v2\/posts\/86631\/revisions"}],"predecessor-version":[{"id":86633,"href":"https:\/\/quehacerpolitico.mx\/index.php?rest_route=\/wp\/v2\/posts\/86631\/revisions\/86633"}],"wp:featuredmedia":[{"embeddable":true,"href":"https:\/\/quehacerpolitico.mx\/index.php?rest_route=\/wp\/v2\/media\/86632"}],"wp:attachment":[{"href":"https:\/\/quehacerpolitico.mx\/index.php?rest_route=%2Fwp%2Fv2%2Fmedia&parent=86631"}],"wp:term":[{"taxonomy":"category","embeddable":true,"href":"https:\/\/quehacerpolitico.mx\/index.php?rest_route=%2Fwp%2Fv2%2Fcategories&post=86631"},{"taxonomy":"post_tag","embeddable":true,"href":"https:\/\/quehacerpolitico.mx\/index.php?rest_route=%2Fwp%2Fv2%2Ftags&post=86631"}],"curies":[{"name":"wp","href":"https:\/\/api.w.org\/{rel}","templated":true}]}}