{"id":86474,"date":"2021-11-09T21:28:50","date_gmt":"2021-11-09T21:28:50","guid":{"rendered":"https:\/\/quehacerpolitico.mx\/?p=86474"},"modified":"2021-11-09T21:28:54","modified_gmt":"2021-11-09T21:28:54","slug":"basilica-de-guadalupe-si-abrira-sus-puertas-el-12-de-diciembre","status":"publish","type":"post","link":"https:\/\/quehacerpolitico.mx\/?p=86474","title":{"rendered":"Bas\u00edlica de Guadalupe s\u00ed abrir\u00e1 sus puertas el 12 de diciembre"},"content":{"rendered":"\n<p>Por Redacci\u00f3n QP<\/p>\n\n\n\n<p>En 2020, la Bas\u00edlica de Guadalupe estuvo cerrada del 10 al 13 de diciembre para evitar aglomeraciones y contagios de COVID-19<\/p>\n\n\n\n<p>La jefa de gobierno de la Ciudad de M\u00e9xico, Claudia Sheinbaum, inform\u00f3 que la Bas\u00edlica de Guadalupe s\u00ed abrir\u00e1 sus puertas el pr\u00f3ximo 12 de diciembre, pero&nbsp;<strong>habr\u00e1 un protocolo especial para los visitantes por la pandemia de COVID-19.<\/strong><\/p>\n\n\n\n<p>En conferencia de prensa, Claudia Sheinbaum explic\u00f3 que est\u00e1n en pl\u00e1ticas con las autoridades eclesi\u00e1sticas para establecer los protocolos que se seguir\u00e1n en las pr\u00f3ximas semanas.<\/p>\n\n\n\n<p>&#8220;No se va a cerrar, habr\u00e1 un protocolo especial, y tenemos una reuni\u00f3n, probablemente, la pr\u00f3xima semana, particular con el rector de la Bas\u00edlica, pero tambi\u00e9n en general con la iglesia cat\u00f3lica para el tema del 12 de diciembre, ya nos vamos a reunir la siguiente semana para poder dar la informaci\u00f3n&#8221;.<\/p>\n\n\n\n<p>A\u00f1adi\u00f3 que en general las recomendaciones&nbsp;<strong>para los feligreses es que se sigan cuidando con los protocolos sanitarios,<\/strong>&nbsp;y que en caso de cualquier problema de salud acudan a su m\u00e9dico.<\/p>\n\n\n\n<p>Cabe mencionar que en el 2020 la Bas\u00edlica de Guadalupe estuvo cerrada del 10 al 13 de diciembre para evitar aglomeraciones y contagios de COVID-19.<\/p>\n\n\n\n<figure class=\"wp-block-embed is-type-rich is-provider-twitter wp-block-embed-twitter\"><div class=\"wp-block-embed__wrapper\">\n<blockquote class=\"twitter-tweet\" data-width=\"550\" data-dnt=\"true\"><p lang=\"es\" dir=\"ltr\">\ud83d\udd34<a href=\"https:\/\/twitter.com\/hashtag\/Relevante?src=hash&amp;ref_src=twsrc%5Etfw\">#Relevante<\/a> La Bas\u00edlica de Guadalupe s\u00ed abrir\u00e1 sus puertas este 12 de diciembre, asegur\u00f3 la jefa de gobierno de la <a href=\"https:\/\/twitter.com\/hashtag\/CDMX?src=hash&amp;ref_src=twsrc%5Etfw\">#CDMX<\/a>, <a href=\"https:\/\/twitter.com\/Claudiashein?ref_src=twsrc%5Etfw\">@Claudiashein<\/a>.  <br> <a href=\"https:\/\/twitter.com\/hashtag\/TelediarioEnEl6?src=hash&amp;ref_src=twsrc%5Etfw\">#TelediarioEnEl6<\/a> con <a href=\"https:\/\/twitter.com\/azucenau?ref_src=twsrc%5Etfw\">@azucenau<\/a> | <a href=\"https:\/\/twitter.com\/hashtag\/EnDirecto?src=hash&amp;ref_src=twsrc%5Etfw\">#EnDirecto<\/a> <a href=\"https:\/\/t.co\/VqUPqVxLBf\">https:\/\/t.co\/VqUPqVxLBf<\/a> <a href=\"https:\/\/t.co\/wh5ZzYF7EG\">pic.twitter.com\/wh5ZzYF7EG<\/a><\/p>&mdash; @telediario (@telediario) <a href=\"https:\/\/twitter.com\/telediario\/status\/1458167073755045893?ref_src=twsrc%5Etfw\">November 9, 2021<\/a><\/blockquote><script async src=\"https:\/\/platform.twitter.com\/widgets.js\" charset=\"utf-8\"><\/script>\n<\/div><\/figure>\n\n\n\n<p>Con Informaci\u00f3n de SUN <\/p>\n","protected":false},"excerpt":{"rendered":"<p>Por Redacci\u00f3n QP En 2020, la Bas\u00edlica de Guadalupe estuvo cerrada del 10 al 13&#8230;<\/p>\n","protected":false},"author":2,"featured_media":86475,"comment_status":"open","ping_status":"open","sticky":false,"template":"","format":"standard","meta":{"_monsterinsights_skip_tracking":false,"_monsterinsights_sitenote_active":false,"_monsterinsights_sitenote_note":"","_monsterinsights_sitenote_category":0,"footnotes":""},"categories":[55],"tags":[],"class_list":["post-86474","post","type-post","status-publish","format-standard","has-post-thumbnail","hentry","category-cdmx"],"yoast_head":"<!-- This site is optimized with the Yoast SEO plugin v27.3 - https:\/\/yoast.com\/product\/yoast-seo-wordpress\/ -->\n<title>Bas\u00edlica de Guadalupe s\u00ed abrir\u00e1 sus puertas el 12 de diciembre -<\/title>\n<meta name=\"robots\" content=\"index, follow, max-snippet:-1, max-image-preview:large, max-video-preview:-1\" \/>\n<link rel=\"canonical\" href=\"https:\/\/quehacerpolitico.mx\/?p=86474\" \/>\n<meta property=\"og:locale\" content=\"es_MX\" \/>\n<meta property=\"og:type\" content=\"article\" \/>\n<meta property=\"og:title\" content=\"Bas\u00edlica de Guadalupe s\u00ed abrir\u00e1 sus puertas el 12 de diciembre -\" \/>\n<meta property=\"og:description\" content=\"Por Redacci\u00f3n QP En 2020, la Bas\u00edlica de Guadalupe estuvo cerrada del 10 al 13...\" \/>\n<meta property=\"og:url\" content=\"https:\/\/quehacerpolitico.mx\/?p=86474\" \/>\n<meta property=\"article:published_time\" content=\"2021-11-09T21:28:50+00:00\" \/>\n<meta property=\"article:modified_time\" content=\"2021-11-09T21:28:54+00:00\" \/>\n<meta property=\"og:image\" content=\"https:\/\/quehacerpolitico.mx\/wp-content\/uploads\/2021\/11\/4EA0F280-0C6D-481D-9ADF-1730FA191ABB.jpeg\" \/>\n\t<meta property=\"og:image:width\" content=\"1284\" \/>\n\t<meta property=\"og:image:height\" content=\"685\" \/>\n\t<meta property=\"og:image:type\" content=\"image\/jpeg\" \/>\n<meta name=\"author\" content=\"Redacci\u00f3n QP\" \/>\n<meta name=\"twitter:card\" content=\"summary_large_image\" \/>\n<meta name=\"twitter:label1\" content=\"Escrito por\" \/>\n\t<meta name=\"twitter:data1\" content=\"Redacci\u00f3n QP\" \/>\n\t<meta name=\"twitter:label2\" content=\"Tiempo de lectura\" \/>\n\t<meta name=\"twitter:data2\" content=\"1 minuto\" \/>\n<script type=\"application\/ld+json\" class=\"yoast-schema-graph\">{\"@context\":\"https:\\\/\\\/schema.org\",\"@graph\":[{\"@type\":\"Article\",\"@id\":\"https:\\\/\\\/quehacerpolitico.mx\\\/?p=86474#article\",\"isPartOf\":{\"@id\":\"https:\\\/\\\/quehacerpolitico.mx\\\/?p=86474\"},\"author\":{\"name\":\"Redacci\u00f3n QP\",\"@id\":\"https:\\\/\\\/quehacerpolitico.mx\\\/#\\\/schema\\\/person\\\/496d8ad2d1d3f8036101dca7ee39e585\"},\"headline\":\"Bas\u00edlica de Guadalupe s\u00ed abrir\u00e1 sus puertas el 12 de diciembre\",\"datePublished\":\"2021-11-09T21:28:50+00:00\",\"dateModified\":\"2021-11-09T21:28:54+00:00\",\"mainEntityOfPage\":{\"@id\":\"https:\\\/\\\/quehacerpolitico.mx\\\/?p=86474\"},\"wordCount\":233,\"commentCount\":0,\"image\":{\"@id\":\"https:\\\/\\\/quehacerpolitico.mx\\\/?p=86474#primaryimage\"},\"thumbnailUrl\":\"https:\\\/\\\/quehacerpolitico.mx\\\/wp-content\\\/uploads\\\/2021\\\/11\\\/4EA0F280-0C6D-481D-9ADF-1730FA191ABB.jpeg\",\"articleSection\":[\"CDMX\"],\"inLanguage\":\"es\",\"potentialAction\":[{\"@type\":\"CommentAction\",\"name\":\"Comment\",\"target\":[\"https:\\\/\\\/quehacerpolitico.mx\\\/?p=86474#respond\"]}]},{\"@type\":\"WebPage\",\"@id\":\"https:\\\/\\\/quehacerpolitico.mx\\\/?p=86474\",\"url\":\"https:\\\/\\\/quehacerpolitico.mx\\\/?p=86474\",\"name\":\"Bas\u00edlica de Guadalupe s\u00ed abrir\u00e1 sus puertas el 12 de diciembre -\",\"isPartOf\":{\"@id\":\"https:\\\/\\\/quehacerpolitico.mx\\\/#website\"},\"primaryImageOfPage\":{\"@id\":\"https:\\\/\\\/quehacerpolitico.mx\\\/?p=86474#primaryimage\"},\"image\":{\"@id\":\"https:\\\/\\\/quehacerpolitico.mx\\\/?p=86474#primaryimage\"},\"thumbnailUrl\":\"https:\\\/\\\/quehacerpolitico.mx\\\/wp-content\\\/uploads\\\/2021\\\/11\\\/4EA0F280-0C6D-481D-9ADF-1730FA191ABB.jpeg\",\"datePublished\":\"2021-11-09T21:28:50+00:00\",\"dateModified\":\"2021-11-09T21:28:54+00:00\",\"author\":{\"@id\":\"https:\\\/\\\/quehacerpolitico.mx\\\/#\\\/schema\\\/person\\\/496d8ad2d1d3f8036101dca7ee39e585\"},\"breadcrumb\":{\"@id\":\"https:\\\/\\\/quehacerpolitico.mx\\\/?p=86474#breadcrumb\"},\"inLanguage\":\"es\",\"potentialAction\":[{\"@type\":\"ReadAction\",\"target\":[\"https:\\\/\\\/quehacerpolitico.mx\\\/?p=86474\"]}]},{\"@type\":\"ImageObject\",\"inLanguage\":\"es\",\"@id\":\"https:\\\/\\\/quehacerpolitico.mx\\\/?p=86474#primaryimage\",\"url\":\"https:\\\/\\\/quehacerpolitico.mx\\\/wp-content\\\/uploads\\\/2021\\\/11\\\/4EA0F280-0C6D-481D-9ADF-1730FA191ABB.jpeg\",\"contentUrl\":\"https:\\\/\\\/quehacerpolitico.mx\\\/wp-content\\\/uploads\\\/2021\\\/11\\\/4EA0F280-0C6D-481D-9ADF-1730FA191ABB.jpeg\",\"width\":1284,\"height\":685},{\"@type\":\"BreadcrumbList\",\"@id\":\"https:\\\/\\\/quehacerpolitico.mx\\\/?p=86474#breadcrumb\",\"itemListElement\":[{\"@type\":\"ListItem\",\"position\":1,\"name\":\"Inicio\",\"item\":\"https:\\\/\\\/quehacerpolitico.mx\\\/\"},{\"@type\":\"ListItem\",\"position\":2,\"name\":\"Bas\u00edlica de Guadalupe s\u00ed abrir\u00e1 sus puertas el 12 de diciembre\"}]},{\"@type\":\"WebSite\",\"@id\":\"https:\\\/\\\/quehacerpolitico.mx\\\/#website\",\"url\":\"https:\\\/\\\/quehacerpolitico.mx\\\/\",\"name\":\"\",\"description\":\"\",\"potentialAction\":[{\"@type\":\"SearchAction\",\"target\":{\"@type\":\"EntryPoint\",\"urlTemplate\":\"https:\\\/\\\/quehacerpolitico.mx\\\/?s={search_term_string}\"},\"query-input\":{\"@type\":\"PropertyValueSpecification\",\"valueRequired\":true,\"valueName\":\"search_term_string\"}}],\"inLanguage\":\"es\"},{\"@type\":\"Person\",\"@id\":\"https:\\\/\\\/quehacerpolitico.mx\\\/#\\\/schema\\\/person\\\/496d8ad2d1d3f8036101dca7ee39e585\",\"name\":\"Redacci\u00f3n QP\",\"image\":{\"@type\":\"ImageObject\",\"inLanguage\":\"es\",\"@id\":\"https:\\\/\\\/secure.gravatar.com\\\/avatar\\\/c7164ed6fdec453195284ad24a5ae5b6e1eed2b848477fa2a4787ba9adf39a41?s=96&d=mm&r=g\",\"url\":\"https:\\\/\\\/secure.gravatar.com\\\/avatar\\\/c7164ed6fdec453195284ad24a5ae5b6e1eed2b848477fa2a4787ba9adf39a41?s=96&d=mm&r=g\",\"contentUrl\":\"https:\\\/\\\/secure.gravatar.com\\\/avatar\\\/c7164ed6fdec453195284ad24a5ae5b6e1eed2b848477fa2a4787ba9adf39a41?s=96&d=mm&r=g\",\"caption\":\"Redacci\u00f3n QP\"},\"url\":\"https:\\\/\\\/quehacerpolitico.mx\\\/?author=2\"}]}<\/script>\n<!-- \/ Yoast SEO plugin. -->","yoast_head_json":{"title":"Bas\u00edlica de Guadalupe s\u00ed abrir\u00e1 sus puertas el 12 de diciembre -","robots":{"index":"index","follow":"follow","max-snippet":"max-snippet:-1","max-image-preview":"max-image-preview:large","max-video-preview":"max-video-preview:-1"},"canonical":"https:\/\/quehacerpolitico.mx\/?p=86474","og_locale":"es_MX","og_type":"article","og_title":"Bas\u00edlica de Guadalupe s\u00ed abrir\u00e1 sus puertas el 12 de diciembre -","og_description":"Por Redacci\u00f3n QP En 2020, la Bas\u00edlica de Guadalupe estuvo cerrada del 10 al 13...","og_url":"https:\/\/quehacerpolitico.mx\/?p=86474","article_published_time":"2021-11-09T21:28:50+00:00","article_modified_time":"2021-11-09T21:28:54+00:00","og_image":[{"width":1284,"height":685,"url":"https:\/\/quehacerpolitico.mx\/wp-content\/uploads\/2021\/11\/4EA0F280-0C6D-481D-9ADF-1730FA191ABB.jpeg","type":"image\/jpeg"}],"author":"Redacci\u00f3n QP","twitter_card":"summary_large_image","twitter_misc":{"Escrito por":"Redacci\u00f3n QP","Tiempo de lectura":"1 minuto"},"schema":{"@context":"https:\/\/schema.org","@graph":[{"@type":"Article","@id":"https:\/\/quehacerpolitico.mx\/?p=86474#article","isPartOf":{"@id":"https:\/\/quehacerpolitico.mx\/?p=86474"},"author":{"name":"Redacci\u00f3n QP","@id":"https:\/\/quehacerpolitico.mx\/#\/schema\/person\/496d8ad2d1d3f8036101dca7ee39e585"},"headline":"Bas\u00edlica de Guadalupe s\u00ed abrir\u00e1 sus puertas el 12 de diciembre","datePublished":"2021-11-09T21:28:50+00:00","dateModified":"2021-11-09T21:28:54+00:00","mainEntityOfPage":{"@id":"https:\/\/quehacerpolitico.mx\/?p=86474"},"wordCount":233,"commentCount":0,"image":{"@id":"https:\/\/quehacerpolitico.mx\/?p=86474#primaryimage"},"thumbnailUrl":"https:\/\/quehacerpolitico.mx\/wp-content\/uploads\/2021\/11\/4EA0F280-0C6D-481D-9ADF-1730FA191ABB.jpeg","articleSection":["CDMX"],"inLanguage":"es","potentialAction":[{"@type":"CommentAction","name":"Comment","target":["https:\/\/quehacerpolitico.mx\/?p=86474#respond"]}]},{"@type":"WebPage","@id":"https:\/\/quehacerpolitico.mx\/?p=86474","url":"https:\/\/quehacerpolitico.mx\/?p=86474","name":"Bas\u00edlica de Guadalupe s\u00ed abrir\u00e1 sus puertas el 12 de diciembre -","isPartOf":{"@id":"https:\/\/quehacerpolitico.mx\/#website"},"primaryImageOfPage":{"@id":"https:\/\/quehacerpolitico.mx\/?p=86474#primaryimage"},"image":{"@id":"https:\/\/quehacerpolitico.mx\/?p=86474#primaryimage"},"thumbnailUrl":"https:\/\/quehacerpolitico.mx\/wp-content\/uploads\/2021\/11\/4EA0F280-0C6D-481D-9ADF-1730FA191ABB.jpeg","datePublished":"2021-11-09T21:28:50+00:00","dateModified":"2021-11-09T21:28:54+00:00","author":{"@id":"https:\/\/quehacerpolitico.mx\/#\/schema\/person\/496d8ad2d1d3f8036101dca7ee39e585"},"breadcrumb":{"@id":"https:\/\/quehacerpolitico.mx\/?p=86474#breadcrumb"},"inLanguage":"es","potentialAction":[{"@type":"ReadAction","target":["https:\/\/quehacerpolitico.mx\/?p=86474"]}]},{"@type":"ImageObject","inLanguage":"es","@id":"https:\/\/quehacerpolitico.mx\/?p=86474#primaryimage","url":"https:\/\/quehacerpolitico.mx\/wp-content\/uploads\/2021\/11\/4EA0F280-0C6D-481D-9ADF-1730FA191ABB.jpeg","contentUrl":"https:\/\/quehacerpolitico.mx\/wp-content\/uploads\/2021\/11\/4EA0F280-0C6D-481D-9ADF-1730FA191ABB.jpeg","width":1284,"height":685},{"@type":"BreadcrumbList","@id":"https:\/\/quehacerpolitico.mx\/?p=86474#breadcrumb","itemListElement":[{"@type":"ListItem","position":1,"name":"Inicio","item":"https:\/\/quehacerpolitico.mx\/"},{"@type":"ListItem","position":2,"name":"Bas\u00edlica de Guadalupe s\u00ed abrir\u00e1 sus puertas el 12 de diciembre"}]},{"@type":"WebSite","@id":"https:\/\/quehacerpolitico.mx\/#website","url":"https:\/\/quehacerpolitico.mx\/","name":"","description":"","potentialAction":[{"@type":"SearchAction","target":{"@type":"EntryPoint","urlTemplate":"https:\/\/quehacerpolitico.mx\/?s={search_term_string}"},"query-input":{"@type":"PropertyValueSpecification","valueRequired":true,"valueName":"search_term_string"}}],"inLanguage":"es"},{"@type":"Person","@id":"https:\/\/quehacerpolitico.mx\/#\/schema\/person\/496d8ad2d1d3f8036101dca7ee39e585","name":"Redacci\u00f3n QP","image":{"@type":"ImageObject","inLanguage":"es","@id":"https:\/\/secure.gravatar.com\/avatar\/c7164ed6fdec453195284ad24a5ae5b6e1eed2b848477fa2a4787ba9adf39a41?s=96&d=mm&r=g","url":"https:\/\/secure.gravatar.com\/avatar\/c7164ed6fdec453195284ad24a5ae5b6e1eed2b848477fa2a4787ba9adf39a41?s=96&d=mm&r=g","contentUrl":"https:\/\/secure.gravatar.com\/avatar\/c7164ed6fdec453195284ad24a5ae5b6e1eed2b848477fa2a4787ba9adf39a41?s=96&d=mm&r=g","caption":"Redacci\u00f3n QP"},"url":"https:\/\/quehacerpolitico.mx\/?author=2"}]}},"featured_image_urls":{"full":["https:\/\/quehacerpolitico.mx\/wp-content\/uploads\/2021\/11\/4EA0F280-0C6D-481D-9ADF-1730FA191ABB.jpeg",1284,685,false],"thumbnail":["https:\/\/quehacerpolitico.mx\/wp-content\/uploads\/2021\/11\/4EA0F280-0C6D-481D-9ADF-1730FA191ABB-150x150.jpeg",150,150,true],"medium":["https:\/\/quehacerpolitico.mx\/wp-content\/uploads\/2021\/11\/4EA0F280-0C6D-481D-9ADF-1730FA191ABB-300x160.jpeg",300,160,true],"medium_large":["https:\/\/quehacerpolitico.mx\/wp-content\/uploads\/2021\/11\/4EA0F280-0C6D-481D-9ADF-1730FA191ABB-768x410.jpeg",640,342,true],"large":["https:\/\/quehacerpolitico.mx\/wp-content\/uploads\/2021\/11\/4EA0F280-0C6D-481D-9ADF-1730FA191ABB-1024x546.jpeg",640,341,true],"1536x1536":["https:\/\/quehacerpolitico.mx\/wp-content\/uploads\/2021\/11\/4EA0F280-0C6D-481D-9ADF-1730FA191ABB.jpeg",1284,685,false],"2048x2048":["https:\/\/quehacerpolitico.mx\/wp-content\/uploads\/2021\/11\/4EA0F280-0C6D-481D-9ADF-1730FA191ABB.jpeg",1284,685,false],"covernews-featured":["https:\/\/quehacerpolitico.mx\/wp-content\/uploads\/2021\/11\/4EA0F280-0C6D-481D-9ADF-1730FA191ABB.jpeg",1024,546,false],"covernews-medium":["https:\/\/quehacerpolitico.mx\/wp-content\/uploads\/2021\/11\/4EA0F280-0C6D-481D-9ADF-1730FA191ABB.jpeg",540,288,false]},"author_info":{"display_name":"Redacci\u00f3n QP","author_link":"https:\/\/quehacerpolitico.mx\/?author=2"},"category_info":"<a href=\"https:\/\/quehacerpolitico.mx\/?cat=55\" rel=\"category\">CDMX<\/a>","tag_info":"CDMX","comment_count":"0","_links":{"self":[{"href":"https:\/\/quehacerpolitico.mx\/index.php?rest_route=\/wp\/v2\/posts\/86474","targetHints":{"allow":["GET"]}}],"collection":[{"href":"https:\/\/quehacerpolitico.mx\/index.php?rest_route=\/wp\/v2\/posts"}],"about":[{"href":"https:\/\/quehacerpolitico.mx\/index.php?rest_route=\/wp\/v2\/types\/post"}],"author":[{"embeddable":true,"href":"https:\/\/quehacerpolitico.mx\/index.php?rest_route=\/wp\/v2\/users\/2"}],"replies":[{"embeddable":true,"href":"https:\/\/quehacerpolitico.mx\/index.php?rest_route=%2Fwp%2Fv2%2Fcomments&post=86474"}],"version-history":[{"count":1,"href":"https:\/\/quehacerpolitico.mx\/index.php?rest_route=\/wp\/v2\/posts\/86474\/revisions"}],"predecessor-version":[{"id":86476,"href":"https:\/\/quehacerpolitico.mx\/index.php?rest_route=\/wp\/v2\/posts\/86474\/revisions\/86476"}],"wp:featuredmedia":[{"embeddable":true,"href":"https:\/\/quehacerpolitico.mx\/index.php?rest_route=\/wp\/v2\/media\/86475"}],"wp:attachment":[{"href":"https:\/\/quehacerpolitico.mx\/index.php?rest_route=%2Fwp%2Fv2%2Fmedia&parent=86474"}],"wp:term":[{"taxonomy":"category","embeddable":true,"href":"https:\/\/quehacerpolitico.mx\/index.php?rest_route=%2Fwp%2Fv2%2Fcategories&post=86474"},{"taxonomy":"post_tag","embeddable":true,"href":"https:\/\/quehacerpolitico.mx\/index.php?rest_route=%2Fwp%2Fv2%2Ftags&post=86474"}],"curies":[{"name":"wp","href":"https:\/\/api.w.org\/{rel}","templated":true}]}}