{"id":8647,"date":"2018-11-07T04:30:33","date_gmt":"2018-11-07T04:30:33","guid":{"rendered":"http:\/\/quehacerpolitico.mx\/proceso-pide-a-amlo-aclarar-como-sera-la-relacion-con-los-medios-rechazamos-el-vituperio-reclama\/"},"modified":"2018-11-07T04:30:33","modified_gmt":"2018-11-07T04:30:33","slug":"proceso-pide-a-amlo-aclarar-como-sera-la-relacion-con-los-medios-rechazamos-el-vituperio-reclama","status":"publish","type":"post","link":"https:\/\/quehacerpolitico.mx\/?p=8647","title":{"rendered":"Proceso pide a AMLO aclarar c\u00f3mo ser\u00e1 la relaci\u00f3n con los medios; \u201crechazamos el vituperio\u201d, reclama"},"content":{"rendered":"<h1><em>Proceso<\/em> pide a AMLO aclarar c\u00f3mo ser\u00e1 la relaci\u00f3n con los medios; \u201crechazamos el vituperio\u201d, reclama<\/h1>\n<p>Por Redacci\u00f3n QP<\/p>\n<p>La <strong>revista<\/strong> <em>Proceso,<\/em> que esta semana public\u00f3 una portada en la que dice: \u201c<strong>AMLO se a\u00edsla<\/strong> \/ El fantasma del fracaso\u201d, pidi\u00f3 p\u00fablicamente una entrevista con el Presidente electo para que aclare \u201c<strong>c\u00f3mo ser\u00e1n las relaciones entre los medios de comunicaci\u00f3n<\/strong> y el poder p\u00fablico en tiempos de lo que \u00e9l llama la Cuarta Transformaci\u00f3n\u201d.<\/p>\n<blockquote>\n<p>\u201cRechazamos el vituperio, indigno de un hombre de Estado\u201d, dijo, en referencia a la respuesta que dio L\u00f3pez Obrador a la portada de la revista semanal en un video que public\u00f3 en sus redes.<\/p>\n<\/blockquote>\n<p><em>Proceso<\/em> publica hoy una carta que est\u00e1 dirigida a Andr\u00e9s Manuel L\u00f3pez Obrador. Empieza con una cita de su fundador, don Julio Scherer Garc\u00eda: \u201cLa diferencia entre <em>Proceso<\/em> y otros medios es que, en la revista, si acertamos, si nos equivocamos, somos nosotros. No hay nadie, nadie, que nos dicte, que nos obligue a publicar una sola palabra\u201d.<\/p>\n<blockquote>\n<p><em>\u201cProceso<\/em> reafirma hoy, en la celebraci\u00f3n de sus 42 a\u00f1os de existencia, su esp\u00edritu cr\u00edtico hacia el poder y quienes lo detentan, del signo ideol\u00f3gico o de la bandera pol\u00edtica que fueren. Lo mismo hacia sus actos u omisiones que a sus palabras, que por igual alientan o laceran a la sociedad que eventualmente les da el mandato\u201d, dice la publicaci\u00f3n en su p\u00e1gina web, que titula: \u201cPresidente electo, le tomamos la palabra\u201d.<\/p>\n<\/blockquote>\n<p>Agrega: \u201cEl lunes 5 el Presidente electo de M\u00e9xico, Andr\u00e9s Manuel L\u00f3pez Obrador, calific\u00f3 la m\u00e1s reciente edici\u00f3n de <em>Proceso<\/em> de \u2018amarillista\u2019 y \u2018sensacionalista\u2019. Rechazamos el vituperio, indigno de un hombre de Estado. En la parte final de un mensaje que difundi\u00f3 por redes sociales, expuso:<\/p>\n<blockquote>\n<p>\u2018Somos libres y la libertad implica mensajes de ida y vuelta, porque se habla de la libertad de expresi\u00f3n y se niega el derecho de r\u00e9plica. Quisieran estarnos cuestionando y que nos qued\u00e1ramos callados. No. No va a ser as\u00ed. Tenemos que debatir, de manera respetuosa, pero tiene que haber di\u00e1logo, circular, y libertades plenas y para todos: para el que critica en los medios y el que es criticado que tenga el derecho a la r\u00e9plica, y voy a ejercer ese derecho y que nadie se sienta ofendido, lo voy a hacer de manera respetuosa\u2019\u201d, recuerda la revista.<\/p>\n<\/blockquote>\n<p><em>\u201cProceso<\/em> nunca le ha negado el derecho de r\u00e9plica a nadie. Hemos decidido tomarle la palabra al presidente electo: que exista el di\u00e1logo. Como periodistas que somos, ateni\u00e9ndonos a las reglas del oficio, le solicitamos formalmente una entrevista con <em>Proceso,<\/em> con plena libertad para ambas partes. Abordar\u00edamos los temas principales de la agenda nacional, entre otros uno elemental para que se conozcan las reglas del juego: c\u00f3mo ser\u00e1n las relaciones entre los medios de comunicaci\u00f3n y el poder p\u00fablico en tiempos de lo que \u00e9l llama la Cuarta Transformaci\u00f3n. Esperamos su respuesta\u201d.<\/p>\n","protected":false},"excerpt":{"rendered":"<p>Proceso pide a AMLO aclarar c\u00f3mo ser\u00e1 la relaci\u00f3n con los medios; \u201crechazamos el vituperio\u201d, reclama<br \/>\nPor Redacci\u00f3n QP<\/p>\n","protected":false},"author":2,"featured_media":8646,"comment_status":"open","ping_status":"open","sticky":false,"template":"","format":"standard","meta":{"_monsterinsights_skip_tracking":false,"_monsterinsights_sitenote_active":false,"_monsterinsights_sitenote_note":"","_monsterinsights_sitenote_category":0,"footnotes":""},"categories":[2],"tags":[],"class_list":["post-8647","post","type-post","status-publish","format-standard","has-post-thumbnail","hentry","category-noticias"],"yoast_head":"<!-- This site is optimized with the Yoast SEO plugin v27.3 - https:\/\/yoast.com\/product\/yoast-seo-wordpress\/ -->\n<title>Proceso pide a AMLO aclarar c\u00f3mo ser\u00e1 la relaci\u00f3n con los medios; \u201crechazamos el vituperio\u201d, reclama -<\/title>\n<meta name=\"robots\" content=\"index, follow, max-snippet:-1, max-image-preview:large, max-video-preview:-1\" \/>\n<link rel=\"canonical\" href=\"https:\/\/quehacerpolitico.mx\/?p=8647\" \/>\n<meta property=\"og:locale\" content=\"es_MX\" \/>\n<meta property=\"og:type\" content=\"article\" \/>\n<meta property=\"og:title\" content=\"Proceso pide a AMLO aclarar c\u00f3mo ser\u00e1 la relaci\u00f3n con los medios; \u201crechazamos el vituperio\u201d, reclama -\" \/>\n<meta property=\"og:description\" content=\"Proceso pide a AMLO aclarar c\u00f3mo ser\u00e1 la relaci\u00f3n con los medios; \u201crechazamos el vituperio\u201d, reclama Por Redacci\u00f3n QP\" \/>\n<meta property=\"og:url\" content=\"https:\/\/quehacerpolitico.mx\/?p=8647\" \/>\n<meta property=\"article:published_time\" content=\"2018-11-07T04:30:33+00:00\" \/>\n<meta name=\"author\" content=\"Redacci\u00f3n QP\" \/>\n<meta name=\"twitter:card\" content=\"summary_large_image\" \/>\n<meta name=\"twitter:label1\" content=\"Escrito por\" \/>\n\t<meta name=\"twitter:data1\" content=\"Redacci\u00f3n QP\" \/>\n\t<meta name=\"twitter:label2\" content=\"Tiempo de lectura\" \/>\n\t<meta name=\"twitter:data2\" content=\"3 minutos\" \/>\n<script type=\"application\/ld+json\" class=\"yoast-schema-graph\">{\"@context\":\"https:\\\/\\\/schema.org\",\"@graph\":[{\"@type\":\"Article\",\"@id\":\"https:\\\/\\\/quehacerpolitico.mx\\\/?p=8647#article\",\"isPartOf\":{\"@id\":\"https:\\\/\\\/quehacerpolitico.mx\\\/?p=8647\"},\"author\":{\"name\":\"Redacci\u00f3n QP\",\"@id\":\"https:\\\/\\\/quehacerpolitico.mx\\\/#\\\/schema\\\/person\\\/496d8ad2d1d3f8036101dca7ee39e585\"},\"headline\":\"Proceso pide a AMLO aclarar c\u00f3mo ser\u00e1 la relaci\u00f3n con los medios; \u201crechazamos el vituperio\u201d, reclama\",\"datePublished\":\"2018-11-07T04:30:33+00:00\",\"mainEntityOfPage\":{\"@id\":\"https:\\\/\\\/quehacerpolitico.mx\\\/?p=8647\"},\"wordCount\":532,\"commentCount\":0,\"image\":{\"@id\":\"https:\\\/\\\/quehacerpolitico.mx\\\/?p=8647#primaryimage\"},\"thumbnailUrl\":\"\",\"articleSection\":[\"Noticias\"],\"inLanguage\":\"es\",\"potentialAction\":[{\"@type\":\"CommentAction\",\"name\":\"Comment\",\"target\":[\"https:\\\/\\\/quehacerpolitico.mx\\\/?p=8647#respond\"]}]},{\"@type\":\"WebPage\",\"@id\":\"https:\\\/\\\/quehacerpolitico.mx\\\/?p=8647\",\"url\":\"https:\\\/\\\/quehacerpolitico.mx\\\/?p=8647\",\"name\":\"Proceso pide a AMLO aclarar c\u00f3mo ser\u00e1 la relaci\u00f3n con los medios; \u201crechazamos el vituperio\u201d, reclama -\",\"isPartOf\":{\"@id\":\"https:\\\/\\\/quehacerpolitico.mx\\\/#website\"},\"primaryImageOfPage\":{\"@id\":\"https:\\\/\\\/quehacerpolitico.mx\\\/?p=8647#primaryimage\"},\"image\":{\"@id\":\"https:\\\/\\\/quehacerpolitico.mx\\\/?p=8647#primaryimage\"},\"thumbnailUrl\":\"\",\"datePublished\":\"2018-11-07T04:30:33+00:00\",\"author\":{\"@id\":\"https:\\\/\\\/quehacerpolitico.mx\\\/#\\\/schema\\\/person\\\/496d8ad2d1d3f8036101dca7ee39e585\"},\"breadcrumb\":{\"@id\":\"https:\\\/\\\/quehacerpolitico.mx\\\/?p=8647#breadcrumb\"},\"inLanguage\":\"es\",\"potentialAction\":[{\"@type\":\"ReadAction\",\"target\":[\"https:\\\/\\\/quehacerpolitico.mx\\\/?p=8647\"]}]},{\"@type\":\"ImageObject\",\"inLanguage\":\"es\",\"@id\":\"https:\\\/\\\/quehacerpolitico.mx\\\/?p=8647#primaryimage\",\"url\":\"\",\"contentUrl\":\"\"},{\"@type\":\"BreadcrumbList\",\"@id\":\"https:\\\/\\\/quehacerpolitico.mx\\\/?p=8647#breadcrumb\",\"itemListElement\":[{\"@type\":\"ListItem\",\"position\":1,\"name\":\"Inicio\",\"item\":\"https:\\\/\\\/quehacerpolitico.mx\\\/\"},{\"@type\":\"ListItem\",\"position\":2,\"name\":\"Proceso pide a AMLO aclarar c\u00f3mo ser\u00e1 la relaci\u00f3n con los medios; \u201crechazamos el vituperio\u201d, reclama\"}]},{\"@type\":\"WebSite\",\"@id\":\"https:\\\/\\\/quehacerpolitico.mx\\\/#website\",\"url\":\"https:\\\/\\\/quehacerpolitico.mx\\\/\",\"name\":\"\",\"description\":\"\",\"potentialAction\":[{\"@type\":\"SearchAction\",\"target\":{\"@type\":\"EntryPoint\",\"urlTemplate\":\"https:\\\/\\\/quehacerpolitico.mx\\\/?s={search_term_string}\"},\"query-input\":{\"@type\":\"PropertyValueSpecification\",\"valueRequired\":true,\"valueName\":\"search_term_string\"}}],\"inLanguage\":\"es\"},{\"@type\":\"Person\",\"@id\":\"https:\\\/\\\/quehacerpolitico.mx\\\/#\\\/schema\\\/person\\\/496d8ad2d1d3f8036101dca7ee39e585\",\"name\":\"Redacci\u00f3n QP\",\"image\":{\"@type\":\"ImageObject\",\"inLanguage\":\"es\",\"@id\":\"https:\\\/\\\/secure.gravatar.com\\\/avatar\\\/c7164ed6fdec453195284ad24a5ae5b6e1eed2b848477fa2a4787ba9adf39a41?s=96&d=mm&r=g\",\"url\":\"https:\\\/\\\/secure.gravatar.com\\\/avatar\\\/c7164ed6fdec453195284ad24a5ae5b6e1eed2b848477fa2a4787ba9adf39a41?s=96&d=mm&r=g\",\"contentUrl\":\"https:\\\/\\\/secure.gravatar.com\\\/avatar\\\/c7164ed6fdec453195284ad24a5ae5b6e1eed2b848477fa2a4787ba9adf39a41?s=96&d=mm&r=g\",\"caption\":\"Redacci\u00f3n QP\"},\"url\":\"https:\\\/\\\/quehacerpolitico.mx\\\/?author=2\"}]}<\/script>\n<!-- \/ Yoast SEO plugin. -->","yoast_head_json":{"title":"Proceso pide a AMLO aclarar c\u00f3mo ser\u00e1 la relaci\u00f3n con los medios; \u201crechazamos el vituperio\u201d, reclama -","robots":{"index":"index","follow":"follow","max-snippet":"max-snippet:-1","max-image-preview":"max-image-preview:large","max-video-preview":"max-video-preview:-1"},"canonical":"https:\/\/quehacerpolitico.mx\/?p=8647","og_locale":"es_MX","og_type":"article","og_title":"Proceso pide a AMLO aclarar c\u00f3mo ser\u00e1 la relaci\u00f3n con los medios; \u201crechazamos el vituperio\u201d, reclama -","og_description":"Proceso pide a AMLO aclarar c\u00f3mo ser\u00e1 la relaci\u00f3n con los medios; \u201crechazamos el vituperio\u201d, reclama Por Redacci\u00f3n QP","og_url":"https:\/\/quehacerpolitico.mx\/?p=8647","article_published_time":"2018-11-07T04:30:33+00:00","author":"Redacci\u00f3n QP","twitter_card":"summary_large_image","twitter_misc":{"Escrito por":"Redacci\u00f3n QP","Tiempo de lectura":"3 minutos"},"schema":{"@context":"https:\/\/schema.org","@graph":[{"@type":"Article","@id":"https:\/\/quehacerpolitico.mx\/?p=8647#article","isPartOf":{"@id":"https:\/\/quehacerpolitico.mx\/?p=8647"},"author":{"name":"Redacci\u00f3n QP","@id":"https:\/\/quehacerpolitico.mx\/#\/schema\/person\/496d8ad2d1d3f8036101dca7ee39e585"},"headline":"Proceso pide a AMLO aclarar c\u00f3mo ser\u00e1 la relaci\u00f3n con los medios; \u201crechazamos el vituperio\u201d, reclama","datePublished":"2018-11-07T04:30:33+00:00","mainEntityOfPage":{"@id":"https:\/\/quehacerpolitico.mx\/?p=8647"},"wordCount":532,"commentCount":0,"image":{"@id":"https:\/\/quehacerpolitico.mx\/?p=8647#primaryimage"},"thumbnailUrl":"","articleSection":["Noticias"],"inLanguage":"es","potentialAction":[{"@type":"CommentAction","name":"Comment","target":["https:\/\/quehacerpolitico.mx\/?p=8647#respond"]}]},{"@type":"WebPage","@id":"https:\/\/quehacerpolitico.mx\/?p=8647","url":"https:\/\/quehacerpolitico.mx\/?p=8647","name":"Proceso pide a AMLO aclarar c\u00f3mo ser\u00e1 la relaci\u00f3n con los medios; \u201crechazamos el vituperio\u201d, reclama -","isPartOf":{"@id":"https:\/\/quehacerpolitico.mx\/#website"},"primaryImageOfPage":{"@id":"https:\/\/quehacerpolitico.mx\/?p=8647#primaryimage"},"image":{"@id":"https:\/\/quehacerpolitico.mx\/?p=8647#primaryimage"},"thumbnailUrl":"","datePublished":"2018-11-07T04:30:33+00:00","author":{"@id":"https:\/\/quehacerpolitico.mx\/#\/schema\/person\/496d8ad2d1d3f8036101dca7ee39e585"},"breadcrumb":{"@id":"https:\/\/quehacerpolitico.mx\/?p=8647#breadcrumb"},"inLanguage":"es","potentialAction":[{"@type":"ReadAction","target":["https:\/\/quehacerpolitico.mx\/?p=8647"]}]},{"@type":"ImageObject","inLanguage":"es","@id":"https:\/\/quehacerpolitico.mx\/?p=8647#primaryimage","url":"","contentUrl":""},{"@type":"BreadcrumbList","@id":"https:\/\/quehacerpolitico.mx\/?p=8647#breadcrumb","itemListElement":[{"@type":"ListItem","position":1,"name":"Inicio","item":"https:\/\/quehacerpolitico.mx\/"},{"@type":"ListItem","position":2,"name":"Proceso pide a AMLO aclarar c\u00f3mo ser\u00e1 la relaci\u00f3n con los medios; \u201crechazamos el vituperio\u201d, reclama"}]},{"@type":"WebSite","@id":"https:\/\/quehacerpolitico.mx\/#website","url":"https:\/\/quehacerpolitico.mx\/","name":"","description":"","potentialAction":[{"@type":"SearchAction","target":{"@type":"EntryPoint","urlTemplate":"https:\/\/quehacerpolitico.mx\/?s={search_term_string}"},"query-input":{"@type":"PropertyValueSpecification","valueRequired":true,"valueName":"search_term_string"}}],"inLanguage":"es"},{"@type":"Person","@id":"https:\/\/quehacerpolitico.mx\/#\/schema\/person\/496d8ad2d1d3f8036101dca7ee39e585","name":"Redacci\u00f3n QP","image":{"@type":"ImageObject","inLanguage":"es","@id":"https:\/\/secure.gravatar.com\/avatar\/c7164ed6fdec453195284ad24a5ae5b6e1eed2b848477fa2a4787ba9adf39a41?s=96&d=mm&r=g","url":"https:\/\/secure.gravatar.com\/avatar\/c7164ed6fdec453195284ad24a5ae5b6e1eed2b848477fa2a4787ba9adf39a41?s=96&d=mm&r=g","contentUrl":"https:\/\/secure.gravatar.com\/avatar\/c7164ed6fdec453195284ad24a5ae5b6e1eed2b848477fa2a4787ba9adf39a41?s=96&d=mm&r=g","caption":"Redacci\u00f3n QP"},"url":"https:\/\/quehacerpolitico.mx\/?author=2"}]}},"featured_image_urls":{"full":"","thumbnail":"","medium":"","medium_large":"","large":"","1536x1536":"","2048x2048":"","covernews-featured":"","covernews-medium":""},"author_info":{"display_name":"Redacci\u00f3n QP","author_link":"https:\/\/quehacerpolitico.mx\/?author=2"},"category_info":"<a href=\"https:\/\/quehacerpolitico.mx\/?cat=2\" rel=\"category\">Noticias<\/a>","tag_info":"Noticias","comment_count":"0","_links":{"self":[{"href":"https:\/\/quehacerpolitico.mx\/index.php?rest_route=\/wp\/v2\/posts\/8647","targetHints":{"allow":["GET"]}}],"collection":[{"href":"https:\/\/quehacerpolitico.mx\/index.php?rest_route=\/wp\/v2\/posts"}],"about":[{"href":"https:\/\/quehacerpolitico.mx\/index.php?rest_route=\/wp\/v2\/types\/post"}],"author":[{"embeddable":true,"href":"https:\/\/quehacerpolitico.mx\/index.php?rest_route=\/wp\/v2\/users\/2"}],"replies":[{"embeddable":true,"href":"https:\/\/quehacerpolitico.mx\/index.php?rest_route=%2Fwp%2Fv2%2Fcomments&post=8647"}],"version-history":[{"count":0,"href":"https:\/\/quehacerpolitico.mx\/index.php?rest_route=\/wp\/v2\/posts\/8647\/revisions"}],"wp:featuredmedia":[{"embeddable":true,"href":"https:\/\/quehacerpolitico.mx\/index.php?rest_route=\/"}],"wp:attachment":[{"href":"https:\/\/quehacerpolitico.mx\/index.php?rest_route=%2Fwp%2Fv2%2Fmedia&parent=8647"}],"wp:term":[{"taxonomy":"category","embeddable":true,"href":"https:\/\/quehacerpolitico.mx\/index.php?rest_route=%2Fwp%2Fv2%2Fcategories&post=8647"},{"taxonomy":"post_tag","embeddable":true,"href":"https:\/\/quehacerpolitico.mx\/index.php?rest_route=%2Fwp%2Fv2%2Ftags&post=8647"}],"curies":[{"name":"wp","href":"https:\/\/api.w.org\/{rel}","templated":true}]}}