{"id":86468,"date":"2021-11-09T20:00:59","date_gmt":"2021-11-09T20:00:59","guid":{"rendered":"https:\/\/quehacerpolitico.mx\/?p=86468"},"modified":"2021-11-09T20:01:07","modified_gmt":"2021-11-09T20:01:07","slug":"inflacion-sube-al-6-24-y-alcanza-mayor-nivel-desde-2017","status":"publish","type":"post","link":"https:\/\/quehacerpolitico.mx\/?p=86468","title":{"rendered":"Inflaci\u00f3n sube al 6.24% y alcanza mayor nivel desde 2017"},"content":{"rendered":"\n<p>Por Redacci\u00f3n QP<\/p>\n\n\n\n<p>Al ubicarse en 6.24% en octubre, supera el r\u00e9cord de inflaci\u00f3n de abril de 6.08%, la tasa m\u00e1s elevada desde finales de 2017<\/p>\n\n\n\n<p>La tasa de inflaci\u00f3n mexicana subi\u00f3 en octubre&nbsp;<strong>hasta el 6.24%, su mayor nivel desde finales de 2017,<\/strong>&nbsp;tras un aumento de los precios en el d\u00e9cimo mes del a\u00f1o del 0.84% respecto al mes anterior impulsado por los energ\u00e9ticos, inform\u00f3 este martes el Instituto Nacional de Estad\u00edstica y Geograf\u00eda (Inegi).<\/p>\n\n\n\n<p>En octubre de 2020, hace justo un a\u00f1o, los datos correspondientes reflejaron un aumento del 0.61% en el \u00edndice de precios al consumidor (IPC), con lo que la inflaci\u00f3n qued\u00f3 entonces en el 4.09%.<\/p>\n\n\n\n<figure class=\"wp-block-image\"><img decoding=\"async\" src=\"https:\/\/www.informador.mx\/export\/sites\/elinformador\/img\/2021\/11\/09\/imagen_crop1636470057386.png_1866485101.png\" alt=\"\" title=\"\"\/><figcaption>TWITTER&nbsp;<\/figcaption><\/figure>\n\n\n\n<p>&#8220;En octubre de 2021 el \u00edndice nacional de precios al consumidor aument\u00f3 0.84 % mes contra mes,\u00a0<strong>el mayor aumento mensual para dicho mes desde 1998<\/strong>. La inflaci\u00f3n general anual se situ\u00f3 en 6.24 % a\u00f1o contra a\u00f1o, 0,24 puntos m\u00e1s que en septiembre &#8220;, dijo en Twitter el presidente del Inegi, Julio A. Santaella.<\/p>\n\n\n\n<p><strong>En septiembre pasado, M\u00e9xico registr\u00f3 una tasa de inflaci\u00f3n del 6%,<\/strong>&nbsp;despu\u00e9s de que los precios subieran en el noveno mes del a\u00f1o un 0.62 por ciento.<\/p>\n\n\n\n<p>Por lo que este dato de octubre refleja\u00a0<strong>un repunte en los precios al consumidor frente al mes precedente.<\/strong><\/p>\n\n\n\n<p>Adem\u00e1s, supera el r\u00e9cord de inflaci\u00f3n de abril de 6.08%, la tasa m\u00e1s elevada desde finales de 2017.<\/p>\n\n\n\n<p>El \u00edndice de precios subyacente, considerado un mejor par\u00e1metro para medir la carest\u00eda general porque elimina art\u00edculos de alta volatilidad en sus precios, aument\u00f3 el 0.49% mensual y dej\u00f3 la tasa anual en el 5.19%, seg\u00fan se\u00f1al\u00f3 el Inegi en un comunicado.<\/p>\n\n\n\n<p>Dentro del subgrupo de bienes y servicios subyacentes,&nbsp;<strong>las mercanc\u00edas aumentaron el 0.60% y los servicios crecieron un 0.38%, con una tasa anual del 6.58% y del 3.64%, respectivamente.<\/strong><\/p>\n\n\n\n<p>En los no subyacentes, los agropecuarios aumentaron un 0.18% respecto al mes anterior y l<strong>os energ\u00e9ticos y tarifas autorizadas por el Gobierno aumentaron 3.22 por ciento.<\/strong><\/p>\n\n\n\n<p>A nivel anual, los precios de los agropecuarios han crecido un 9.02%, mientras que las tarifas energ\u00e9ticas se han elevado un 9.82 por ciento.<\/p>\n\n\n\n<p>De este modo, la partida de no subyacentes aument\u00f3 un 1.87% mes contra mes y aument\u00f3 un 9.47% interanual.<\/p>\n\n\n\n<p>Por \u00faltimo, el \u00edndice de&nbsp;<strong>precios de la canasta de consumo m\u00ednimo, conformada por 176 productos y servicios, present\u00f3 un aumento del 0.97%<\/strong>&nbsp;y del 7.15% interanual.<\/p>\n\n\n\n<p>El Inegi tambi\u00e9n anunci\u00f3 que en octubre el \u00edndice de precios al productor, incluyendo el petr\u00f3leo, present\u00f3 una variaci\u00f3n al alza del 1.49% respecto del mes anterior, alcanzando una variaci\u00f3n anual del 8.59 por ciento.<\/p>\n\n\n\n<p>La reactivaci\u00f3n econ\u00f3mica en M\u00e9xico lleg\u00f3 tras dos meses de suspensi\u00f3n de todas las actividades econ\u00f3micas no esenciales, en abril y mayo de 2020, debido a&nbsp;<strong>la crisis del coronavirus, lo que tuvo un fuerte impacto en la producci\u00f3n y el consumo.<\/strong><\/p>\n\n\n\n<p><strong>La inflaci\u00f3n de 2020 cerr\u00f3 en un 3.15%,<\/strong>&nbsp;mientras que en 2019 la inflaci\u00f3n fue del 2.83% y en 2018 los precios al consumidor se elevaron un 4.83 por ciento.<\/p>\n\n\n\n<p>Los precios al consumidor escalaron hasta el 6.77% a finales de 2017, la tasa m\u00e1s alta desde 2000, que fue motivada por un alza en el precio de los combustibles.<\/p>\n\n\n\n<p><strong>La meta del Banco de M\u00e9xico es del 3% anual.<\/strong><\/p>\n\n\n\n<p>Con Informaci\u00f3n de EFE<\/p>\n","protected":false},"excerpt":{"rendered":"<p>Por Redacci\u00f3n QP Al ubicarse en 6.24% en octubre, supera el r\u00e9cord de inflaci\u00f3n de&#8230;<\/p>\n","protected":false},"author":2,"featured_media":86469,"comment_status":"open","ping_status":"open","sticky":false,"template":"","format":"standard","meta":{"_monsterinsights_skip_tracking":false,"_monsterinsights_sitenote_active":false,"_monsterinsights_sitenote_note":"","_monsterinsights_sitenote_category":0,"footnotes":""},"categories":[56],"tags":[],"class_list":["post-86468","post","type-post","status-publish","format-standard","has-post-thumbnail","hentry","category-economia"],"yoast_head":"<!-- This site is optimized with the Yoast SEO plugin v27.3 - https:\/\/yoast.com\/product\/yoast-seo-wordpress\/ -->\n<title>Inflaci\u00f3n sube al 6.24% y alcanza mayor nivel desde 2017 -<\/title>\n<meta name=\"robots\" content=\"index, follow, max-snippet:-1, max-image-preview:large, max-video-preview:-1\" \/>\n<link rel=\"canonical\" href=\"https:\/\/quehacerpolitico.mx\/?p=86468\" \/>\n<meta property=\"og:locale\" content=\"es_MX\" \/>\n<meta property=\"og:type\" content=\"article\" \/>\n<meta property=\"og:title\" content=\"Inflaci\u00f3n sube al 6.24% y alcanza mayor nivel desde 2017 -\" \/>\n<meta property=\"og:description\" content=\"Por Redacci\u00f3n QP Al ubicarse en 6.24% en octubre, supera el r\u00e9cord de inflaci\u00f3n de...\" \/>\n<meta property=\"og:url\" content=\"https:\/\/quehacerpolitico.mx\/?p=86468\" \/>\n<meta property=\"article:published_time\" content=\"2021-11-09T20:00:59+00:00\" \/>\n<meta property=\"article:modified_time\" content=\"2021-11-09T20:01:07+00:00\" \/>\n<meta property=\"og:image\" content=\"https:\/\/quehacerpolitico.mx\/wp-content\/uploads\/2021\/11\/E50333AD-D790-41CC-99DA-A48AF95EE3FA.jpeg\" \/>\n\t<meta property=\"og:image:width\" content=\"678\" \/>\n\t<meta property=\"og:image:height\" content=\"452\" \/>\n\t<meta property=\"og:image:type\" content=\"image\/jpeg\" \/>\n<meta name=\"author\" content=\"Redacci\u00f3n QP\" \/>\n<meta name=\"twitter:card\" content=\"summary_large_image\" \/>\n<meta name=\"twitter:label1\" content=\"Escrito por\" \/>\n\t<meta name=\"twitter:data1\" content=\"Redacci\u00f3n QP\" \/>\n\t<meta name=\"twitter:label2\" content=\"Tiempo de lectura\" \/>\n\t<meta name=\"twitter:data2\" content=\"3 minutos\" \/>\n<script type=\"application\/ld+json\" class=\"yoast-schema-graph\">{\"@context\":\"https:\\\/\\\/schema.org\",\"@graph\":[{\"@type\":\"Article\",\"@id\":\"https:\\\/\\\/quehacerpolitico.mx\\\/?p=86468#article\",\"isPartOf\":{\"@id\":\"https:\\\/\\\/quehacerpolitico.mx\\\/?p=86468\"},\"author\":{\"name\":\"Redacci\u00f3n QP\",\"@id\":\"https:\\\/\\\/quehacerpolitico.mx\\\/#\\\/schema\\\/person\\\/496d8ad2d1d3f8036101dca7ee39e585\"},\"headline\":\"Inflaci\u00f3n sube al 6.24% y alcanza mayor nivel desde 2017\",\"datePublished\":\"2021-11-09T20:00:59+00:00\",\"dateModified\":\"2021-11-09T20:01:07+00:00\",\"mainEntityOfPage\":{\"@id\":\"https:\\\/\\\/quehacerpolitico.mx\\\/?p=86468\"},\"wordCount\":566,\"commentCount\":0,\"image\":{\"@id\":\"https:\\\/\\\/quehacerpolitico.mx\\\/?p=86468#primaryimage\"},\"thumbnailUrl\":\"https:\\\/\\\/quehacerpolitico.mx\\\/wp-content\\\/uploads\\\/2021\\\/11\\\/E50333AD-D790-41CC-99DA-A48AF95EE3FA.jpeg\",\"articleSection\":[\"Econom\u00eda\"],\"inLanguage\":\"es\",\"potentialAction\":[{\"@type\":\"CommentAction\",\"name\":\"Comment\",\"target\":[\"https:\\\/\\\/quehacerpolitico.mx\\\/?p=86468#respond\"]}]},{\"@type\":\"WebPage\",\"@id\":\"https:\\\/\\\/quehacerpolitico.mx\\\/?p=86468\",\"url\":\"https:\\\/\\\/quehacerpolitico.mx\\\/?p=86468\",\"name\":\"Inflaci\u00f3n sube al 6.24% y alcanza mayor nivel desde 2017 -\",\"isPartOf\":{\"@id\":\"https:\\\/\\\/quehacerpolitico.mx\\\/#website\"},\"primaryImageOfPage\":{\"@id\":\"https:\\\/\\\/quehacerpolitico.mx\\\/?p=86468#primaryimage\"},\"image\":{\"@id\":\"https:\\\/\\\/quehacerpolitico.mx\\\/?p=86468#primaryimage\"},\"thumbnailUrl\":\"https:\\\/\\\/quehacerpolitico.mx\\\/wp-content\\\/uploads\\\/2021\\\/11\\\/E50333AD-D790-41CC-99DA-A48AF95EE3FA.jpeg\",\"datePublished\":\"2021-11-09T20:00:59+00:00\",\"dateModified\":\"2021-11-09T20:01:07+00:00\",\"author\":{\"@id\":\"https:\\\/\\\/quehacerpolitico.mx\\\/#\\\/schema\\\/person\\\/496d8ad2d1d3f8036101dca7ee39e585\"},\"breadcrumb\":{\"@id\":\"https:\\\/\\\/quehacerpolitico.mx\\\/?p=86468#breadcrumb\"},\"inLanguage\":\"es\",\"potentialAction\":[{\"@type\":\"ReadAction\",\"target\":[\"https:\\\/\\\/quehacerpolitico.mx\\\/?p=86468\"]}]},{\"@type\":\"ImageObject\",\"inLanguage\":\"es\",\"@id\":\"https:\\\/\\\/quehacerpolitico.mx\\\/?p=86468#primaryimage\",\"url\":\"https:\\\/\\\/quehacerpolitico.mx\\\/wp-content\\\/uploads\\\/2021\\\/11\\\/E50333AD-D790-41CC-99DA-A48AF95EE3FA.jpeg\",\"contentUrl\":\"https:\\\/\\\/quehacerpolitico.mx\\\/wp-content\\\/uploads\\\/2021\\\/11\\\/E50333AD-D790-41CC-99DA-A48AF95EE3FA.jpeg\",\"width\":678,\"height\":452},{\"@type\":\"BreadcrumbList\",\"@id\":\"https:\\\/\\\/quehacerpolitico.mx\\\/?p=86468#breadcrumb\",\"itemListElement\":[{\"@type\":\"ListItem\",\"position\":1,\"name\":\"Inicio\",\"item\":\"https:\\\/\\\/quehacerpolitico.mx\\\/\"},{\"@type\":\"ListItem\",\"position\":2,\"name\":\"Inflaci\u00f3n sube al 6.24% y alcanza mayor nivel desde 2017\"}]},{\"@type\":\"WebSite\",\"@id\":\"https:\\\/\\\/quehacerpolitico.mx\\\/#website\",\"url\":\"https:\\\/\\\/quehacerpolitico.mx\\\/\",\"name\":\"\",\"description\":\"\",\"potentialAction\":[{\"@type\":\"SearchAction\",\"target\":{\"@type\":\"EntryPoint\",\"urlTemplate\":\"https:\\\/\\\/quehacerpolitico.mx\\\/?s={search_term_string}\"},\"query-input\":{\"@type\":\"PropertyValueSpecification\",\"valueRequired\":true,\"valueName\":\"search_term_string\"}}],\"inLanguage\":\"es\"},{\"@type\":\"Person\",\"@id\":\"https:\\\/\\\/quehacerpolitico.mx\\\/#\\\/schema\\\/person\\\/496d8ad2d1d3f8036101dca7ee39e585\",\"name\":\"Redacci\u00f3n QP\",\"image\":{\"@type\":\"ImageObject\",\"inLanguage\":\"es\",\"@id\":\"https:\\\/\\\/secure.gravatar.com\\\/avatar\\\/c7164ed6fdec453195284ad24a5ae5b6e1eed2b848477fa2a4787ba9adf39a41?s=96&d=mm&r=g\",\"url\":\"https:\\\/\\\/secure.gravatar.com\\\/avatar\\\/c7164ed6fdec453195284ad24a5ae5b6e1eed2b848477fa2a4787ba9adf39a41?s=96&d=mm&r=g\",\"contentUrl\":\"https:\\\/\\\/secure.gravatar.com\\\/avatar\\\/c7164ed6fdec453195284ad24a5ae5b6e1eed2b848477fa2a4787ba9adf39a41?s=96&d=mm&r=g\",\"caption\":\"Redacci\u00f3n QP\"},\"url\":\"https:\\\/\\\/quehacerpolitico.mx\\\/?author=2\"}]}<\/script>\n<!-- \/ Yoast SEO plugin. -->","yoast_head_json":{"title":"Inflaci\u00f3n sube al 6.24% y alcanza mayor nivel desde 2017 -","robots":{"index":"index","follow":"follow","max-snippet":"max-snippet:-1","max-image-preview":"max-image-preview:large","max-video-preview":"max-video-preview:-1"},"canonical":"https:\/\/quehacerpolitico.mx\/?p=86468","og_locale":"es_MX","og_type":"article","og_title":"Inflaci\u00f3n sube al 6.24% y alcanza mayor nivel desde 2017 -","og_description":"Por Redacci\u00f3n QP Al ubicarse en 6.24% en octubre, supera el r\u00e9cord de inflaci\u00f3n de...","og_url":"https:\/\/quehacerpolitico.mx\/?p=86468","article_published_time":"2021-11-09T20:00:59+00:00","article_modified_time":"2021-11-09T20:01:07+00:00","og_image":[{"width":678,"height":452,"url":"https:\/\/quehacerpolitico.mx\/wp-content\/uploads\/2021\/11\/E50333AD-D790-41CC-99DA-A48AF95EE3FA.jpeg","type":"image\/jpeg"}],"author":"Redacci\u00f3n QP","twitter_card":"summary_large_image","twitter_misc":{"Escrito por":"Redacci\u00f3n QP","Tiempo de lectura":"3 minutos"},"schema":{"@context":"https:\/\/schema.org","@graph":[{"@type":"Article","@id":"https:\/\/quehacerpolitico.mx\/?p=86468#article","isPartOf":{"@id":"https:\/\/quehacerpolitico.mx\/?p=86468"},"author":{"name":"Redacci\u00f3n QP","@id":"https:\/\/quehacerpolitico.mx\/#\/schema\/person\/496d8ad2d1d3f8036101dca7ee39e585"},"headline":"Inflaci\u00f3n sube al 6.24% y alcanza mayor nivel desde 2017","datePublished":"2021-11-09T20:00:59+00:00","dateModified":"2021-11-09T20:01:07+00:00","mainEntityOfPage":{"@id":"https:\/\/quehacerpolitico.mx\/?p=86468"},"wordCount":566,"commentCount":0,"image":{"@id":"https:\/\/quehacerpolitico.mx\/?p=86468#primaryimage"},"thumbnailUrl":"https:\/\/quehacerpolitico.mx\/wp-content\/uploads\/2021\/11\/E50333AD-D790-41CC-99DA-A48AF95EE3FA.jpeg","articleSection":["Econom\u00eda"],"inLanguage":"es","potentialAction":[{"@type":"CommentAction","name":"Comment","target":["https:\/\/quehacerpolitico.mx\/?p=86468#respond"]}]},{"@type":"WebPage","@id":"https:\/\/quehacerpolitico.mx\/?p=86468","url":"https:\/\/quehacerpolitico.mx\/?p=86468","name":"Inflaci\u00f3n sube al 6.24% y alcanza mayor nivel desde 2017 -","isPartOf":{"@id":"https:\/\/quehacerpolitico.mx\/#website"},"primaryImageOfPage":{"@id":"https:\/\/quehacerpolitico.mx\/?p=86468#primaryimage"},"image":{"@id":"https:\/\/quehacerpolitico.mx\/?p=86468#primaryimage"},"thumbnailUrl":"https:\/\/quehacerpolitico.mx\/wp-content\/uploads\/2021\/11\/E50333AD-D790-41CC-99DA-A48AF95EE3FA.jpeg","datePublished":"2021-11-09T20:00:59+00:00","dateModified":"2021-11-09T20:01:07+00:00","author":{"@id":"https:\/\/quehacerpolitico.mx\/#\/schema\/person\/496d8ad2d1d3f8036101dca7ee39e585"},"breadcrumb":{"@id":"https:\/\/quehacerpolitico.mx\/?p=86468#breadcrumb"},"inLanguage":"es","potentialAction":[{"@type":"ReadAction","target":["https:\/\/quehacerpolitico.mx\/?p=86468"]}]},{"@type":"ImageObject","inLanguage":"es","@id":"https:\/\/quehacerpolitico.mx\/?p=86468#primaryimage","url":"https:\/\/quehacerpolitico.mx\/wp-content\/uploads\/2021\/11\/E50333AD-D790-41CC-99DA-A48AF95EE3FA.jpeg","contentUrl":"https:\/\/quehacerpolitico.mx\/wp-content\/uploads\/2021\/11\/E50333AD-D790-41CC-99DA-A48AF95EE3FA.jpeg","width":678,"height":452},{"@type":"BreadcrumbList","@id":"https:\/\/quehacerpolitico.mx\/?p=86468#breadcrumb","itemListElement":[{"@type":"ListItem","position":1,"name":"Inicio","item":"https:\/\/quehacerpolitico.mx\/"},{"@type":"ListItem","position":2,"name":"Inflaci\u00f3n sube al 6.24% y alcanza mayor nivel desde 2017"}]},{"@type":"WebSite","@id":"https:\/\/quehacerpolitico.mx\/#website","url":"https:\/\/quehacerpolitico.mx\/","name":"","description":"","potentialAction":[{"@type":"SearchAction","target":{"@type":"EntryPoint","urlTemplate":"https:\/\/quehacerpolitico.mx\/?s={search_term_string}"},"query-input":{"@type":"PropertyValueSpecification","valueRequired":true,"valueName":"search_term_string"}}],"inLanguage":"es"},{"@type":"Person","@id":"https:\/\/quehacerpolitico.mx\/#\/schema\/person\/496d8ad2d1d3f8036101dca7ee39e585","name":"Redacci\u00f3n QP","image":{"@type":"ImageObject","inLanguage":"es","@id":"https:\/\/secure.gravatar.com\/avatar\/c7164ed6fdec453195284ad24a5ae5b6e1eed2b848477fa2a4787ba9adf39a41?s=96&d=mm&r=g","url":"https:\/\/secure.gravatar.com\/avatar\/c7164ed6fdec453195284ad24a5ae5b6e1eed2b848477fa2a4787ba9adf39a41?s=96&d=mm&r=g","contentUrl":"https:\/\/secure.gravatar.com\/avatar\/c7164ed6fdec453195284ad24a5ae5b6e1eed2b848477fa2a4787ba9adf39a41?s=96&d=mm&r=g","caption":"Redacci\u00f3n QP"},"url":"https:\/\/quehacerpolitico.mx\/?author=2"}]}},"featured_image_urls":{"full":["https:\/\/quehacerpolitico.mx\/wp-content\/uploads\/2021\/11\/E50333AD-D790-41CC-99DA-A48AF95EE3FA.jpeg",678,452,false],"thumbnail":["https:\/\/quehacerpolitico.mx\/wp-content\/uploads\/2021\/11\/E50333AD-D790-41CC-99DA-A48AF95EE3FA-150x150.jpeg",150,150,true],"medium":["https:\/\/quehacerpolitico.mx\/wp-content\/uploads\/2021\/11\/E50333AD-D790-41CC-99DA-A48AF95EE3FA-300x200.jpeg",300,200,true],"medium_large":["https:\/\/quehacerpolitico.mx\/wp-content\/uploads\/2021\/11\/E50333AD-D790-41CC-99DA-A48AF95EE3FA.jpeg",640,427,false],"large":["https:\/\/quehacerpolitico.mx\/wp-content\/uploads\/2021\/11\/E50333AD-D790-41CC-99DA-A48AF95EE3FA.jpeg",640,427,false],"1536x1536":["https:\/\/quehacerpolitico.mx\/wp-content\/uploads\/2021\/11\/E50333AD-D790-41CC-99DA-A48AF95EE3FA.jpeg",678,452,false],"2048x2048":["https:\/\/quehacerpolitico.mx\/wp-content\/uploads\/2021\/11\/E50333AD-D790-41CC-99DA-A48AF95EE3FA.jpeg",678,452,false],"covernews-featured":["https:\/\/quehacerpolitico.mx\/wp-content\/uploads\/2021\/11\/E50333AD-D790-41CC-99DA-A48AF95EE3FA.jpeg",678,452,false],"covernews-medium":["https:\/\/quehacerpolitico.mx\/wp-content\/uploads\/2021\/11\/E50333AD-D790-41CC-99DA-A48AF95EE3FA.jpeg",510,340,false]},"author_info":{"display_name":"Redacci\u00f3n QP","author_link":"https:\/\/quehacerpolitico.mx\/?author=2"},"category_info":"<a href=\"https:\/\/quehacerpolitico.mx\/?cat=56\" rel=\"category\">Econom\u00eda<\/a>","tag_info":"Econom\u00eda","comment_count":"0","_links":{"self":[{"href":"https:\/\/quehacerpolitico.mx\/index.php?rest_route=\/wp\/v2\/posts\/86468","targetHints":{"allow":["GET"]}}],"collection":[{"href":"https:\/\/quehacerpolitico.mx\/index.php?rest_route=\/wp\/v2\/posts"}],"about":[{"href":"https:\/\/quehacerpolitico.mx\/index.php?rest_route=\/wp\/v2\/types\/post"}],"author":[{"embeddable":true,"href":"https:\/\/quehacerpolitico.mx\/index.php?rest_route=\/wp\/v2\/users\/2"}],"replies":[{"embeddable":true,"href":"https:\/\/quehacerpolitico.mx\/index.php?rest_route=%2Fwp%2Fv2%2Fcomments&post=86468"}],"version-history":[{"count":1,"href":"https:\/\/quehacerpolitico.mx\/index.php?rest_route=\/wp\/v2\/posts\/86468\/revisions"}],"predecessor-version":[{"id":86470,"href":"https:\/\/quehacerpolitico.mx\/index.php?rest_route=\/wp\/v2\/posts\/86468\/revisions\/86470"}],"wp:featuredmedia":[{"embeddable":true,"href":"https:\/\/quehacerpolitico.mx\/index.php?rest_route=\/wp\/v2\/media\/86469"}],"wp:attachment":[{"href":"https:\/\/quehacerpolitico.mx\/index.php?rest_route=%2Fwp%2Fv2%2Fmedia&parent=86468"}],"wp:term":[{"taxonomy":"category","embeddable":true,"href":"https:\/\/quehacerpolitico.mx\/index.php?rest_route=%2Fwp%2Fv2%2Fcategories&post=86468"},{"taxonomy":"post_tag","embeddable":true,"href":"https:\/\/quehacerpolitico.mx\/index.php?rest_route=%2Fwp%2Fv2%2Ftags&post=86468"}],"curies":[{"name":"wp","href":"https:\/\/api.w.org\/{rel}","templated":true}]}}