{"id":86449,"date":"2021-11-09T18:30:24","date_gmt":"2021-11-09T18:30:24","guid":{"rendered":"https:\/\/quehacerpolitico.mx\/?p=86449"},"modified":"2021-11-09T18:30:28","modified_gmt":"2021-11-09T18:30:28","slug":"la-scjn-tiene-la-enorme-oportunidad-de-hacer-el-bien-en-la-vida-de-las-personas-y-generar-nuevos-paradigmas-ministro-arturo-zaldivar","status":"publish","type":"post","link":"https:\/\/quehacerpolitico.mx\/?p=86449","title":{"rendered":"LA SCJN TIENE LA ENORME OPORTUNIDAD DE HACER EL BIEN EN LA VIDA DE LAS PERSONAS Y GENERAR NUEVOS PARADIGMAS: MINISTRO ARTURO ZALD\u00cdVAR"},"content":{"rendered":"\n<p>Por Redacci\u00f3n QP<\/p>\n\n\n\n<p><br>En el marco de la XIX Feria Internacional del Libro Jur\u00eddico del Poder Judicial de la Federaci\u00f3n, el Ministro Presidente de la Suprema Corte de Justicia de la Naci\u00f3n (SCJN) y del Consejo de la Judicatura Federal (CJF) Arturo Zald\u00edvar se\u00f1al\u00f3 que tras la m\u00e1s reciente reforma constitucional en materia de justicia federal, es de gran trascendencia que las sentencias dictadas por el Pleno y por las Salas del Alto Tribunal, con las mayor\u00edas calificadas que marca la Constituci\u00f3n, sean vinculantes para todos los jueces del pa\u00eds y subray\u00f3 \u201cEsto es de una enorme relevancia, porque permitir\u00e1 a la Corte llegar de manera m\u00e1s r\u00e1pida, m\u00e1s temprana, m\u00e1s inmediata, a la defensa de los derechos humanos de todas las personas\u201d.<\/p>\n\n\n\n<p><br>Al participar en la presentaci\u00f3n del libro \u201cDerecho constitucional en movimiento. El precedente judicial norteamericano\u201d, de la doctora Ana Laura Magaloni, el Ministro Arturo Zald\u00edvar precis\u00f3: \u201cHoy, la labor que hacemos las Ministras y los Ministros en cada sentencia tiene una relevancia superior. El cuidado que debemos poner en cada p\u00e1rrafo, en cada palabra que tenga nuestra sentencia, es mucho mayor, porque las consecuencias son inmediatas, pero tambi\u00e9n es una enorme oportunidad de hacer cambio para bien en la vida de las personas, de generar nuevos paradigmas y de tener un texto constitucional vivo, actualizado, vibrante, din\u00e1mico\u201d.<\/p>\n\n\n\n<p><br>El Ministro Presidente calific\u00f3 el libro de la doctora Ana Laura Magaloni, como una herramienta t\u00e9cnica y metodol\u00f3gica imprescindible de una enorme relevancia, \u201cque analiza con sentido cr\u00edtico, pero tambi\u00e9n de una forma muy pedag\u00f3gica c\u00f3mo se realiza la labor de los jueces\u201d.&nbsp;<\/p>\n\n\n\n<p><br>En su intervenci\u00f3n, la doctora Ana Mar\u00eda Ibarra Olgu\u00edn, Directora del Centro de Estudios Constitucionales de la SCJN, destac\u00f3 que esta obra es necesaria para el futuro del sistema de justicia mexicano, luego de la m\u00e1s reciente reforma judicial. \u201cEl libro articula los ejes para ejercer esta nueva visi\u00f3n, los ejes t\u00e9cnicos, te\u00f3ricos y de m\u00edstica, de valores en la funci\u00f3n judicial. Reivindicando precisamente el que los jueces crean derecho, pero no que por eso lo pueden hacer libremente, sino que tienen un compromiso con los valores del Estado de Derecho, y por supuesto, con la Constituci\u00f3n\u201d.&nbsp;<\/p>\n\n\n\n<p><br>En tanto, la doctora Magaloni explic\u00f3 que la reciente reforma constitucional en materia de justicia federal introdujo el cambio m\u00e1s importante que se ha hecho al sistema de jurisprudencia en toda la historia del Alto Tribunal. Y precis\u00f3: \u201cTiene que haber un compromiso de la profesi\u00f3n legal, de los jueces, de la Suprema Corte de que este nuevo m\u00e9todo de trabajo funcione\u201d.<\/p>\n\n\n\n<p><br>En la Feria Internacional del Libro Jur\u00eddico del Poder Judicial de la Federaci\u00f3n que se lleva a cabo del 8 al 12 de noviembre, se dar\u00e1n cita autores y panelistas nacionales y extranjeros para presentar obras jur\u00eddicas de alta relevancia; adem\u00e1s de que se podr\u00e1n disfrutar de eventos culturales, como teatro, exposiciones fotogr\u00e1ficas, presentaciones de cine, podcast y audiolibros con el prop\u00f3sito de fortalecer el acercamiento de la comunidad jur\u00eddica y el p\u00fablico en general con novedades editoriales en materia de Derecho.<\/p>\n\n\n\n<figure class=\"wp-block-embed is-type-video is-provider-youtube wp-block-embed-youtube wp-embed-aspect-16-9 wp-has-aspect-ratio\"><div class=\"wp-block-embed__wrapper\">\n<iframe loading=\"lazy\" title=\"\ud83d\udcda XIX Feria Internacional del Libro Jur\u00eddico del PJF Edici\u00f3n Virtual I Mesa 2\" width=\"640\" height=\"360\" src=\"https:\/\/www.youtube.com\/embed\/8nx8YMWIWaU?feature=oembed\" frameborder=\"0\" allow=\"accelerometer; autoplay; clipboard-write; encrypted-media; gyroscope; picture-in-picture; web-share\" referrerpolicy=\"strict-origin-when-cross-origin\" allowfullscreen><\/iframe>\n<\/div><\/figure>\n","protected":false},"excerpt":{"rendered":"<p>Por Redacci\u00f3n QP En el marco de la XIX Feria Internacional del Libro Jur\u00eddico del&#8230;<\/p>\n","protected":false},"author":2,"featured_media":86450,"comment_status":"open","ping_status":"open","sticky":false,"template":"","format":"standard","meta":{"_monsterinsights_skip_tracking":false,"_monsterinsights_sitenote_active":false,"_monsterinsights_sitenote_note":"","_monsterinsights_sitenote_category":0,"footnotes":""},"categories":[2],"tags":[],"class_list":["post-86449","post","type-post","status-publish","format-standard","has-post-thumbnail","hentry","category-noticias"],"yoast_head":"<!-- This site is optimized with the Yoast SEO plugin v27.3 - https:\/\/yoast.com\/product\/yoast-seo-wordpress\/ -->\n<title>LA SCJN TIENE LA ENORME OPORTUNIDAD DE HACER EL BIEN EN LA VIDA DE LAS PERSONAS Y GENERAR NUEVOS PARADIGMAS: MINISTRO ARTURO ZALD\u00cdVAR -<\/title>\n<meta name=\"robots\" content=\"index, follow, max-snippet:-1, max-image-preview:large, max-video-preview:-1\" \/>\n<link rel=\"canonical\" href=\"https:\/\/quehacerpolitico.mx\/?p=86449\" \/>\n<meta property=\"og:locale\" content=\"es_MX\" \/>\n<meta property=\"og:type\" content=\"article\" \/>\n<meta property=\"og:title\" content=\"LA SCJN TIENE LA ENORME OPORTUNIDAD DE HACER EL BIEN EN LA VIDA DE LAS PERSONAS Y GENERAR NUEVOS PARADIGMAS: MINISTRO ARTURO ZALD\u00cdVAR -\" \/>\n<meta property=\"og:description\" content=\"Por Redacci\u00f3n QP En el marco de la XIX Feria Internacional del Libro Jur\u00eddico del...\" \/>\n<meta property=\"og:url\" content=\"https:\/\/quehacerpolitico.mx\/?p=86449\" \/>\n<meta property=\"article:published_time\" content=\"2021-11-09T18:30:24+00:00\" \/>\n<meta property=\"article:modified_time\" content=\"2021-11-09T18:30:28+00:00\" \/>\n<meta property=\"og:image\" content=\"https:\/\/quehacerpolitico.mx\/wp-content\/uploads\/2021\/11\/D26AB090-5565-4FDD-86E6-D1137B5A4474.jpeg\" \/>\n\t<meta property=\"og:image:width\" content=\"1284\" \/>\n\t<meta property=\"og:image:height\" content=\"730\" \/>\n\t<meta property=\"og:image:type\" content=\"image\/jpeg\" \/>\n<meta name=\"author\" content=\"Redacci\u00f3n QP\" \/>\n<meta name=\"twitter:card\" content=\"summary_large_image\" \/>\n<meta name=\"twitter:label1\" content=\"Escrito por\" \/>\n\t<meta name=\"twitter:data1\" content=\"Redacci\u00f3n QP\" \/>\n\t<meta name=\"twitter:label2\" content=\"Tiempo de lectura\" \/>\n\t<meta name=\"twitter:data2\" content=\"3 minutos\" \/>\n<script type=\"application\/ld+json\" class=\"yoast-schema-graph\">{\"@context\":\"https:\\\/\\\/schema.org\",\"@graph\":[{\"@type\":\"Article\",\"@id\":\"https:\\\/\\\/quehacerpolitico.mx\\\/?p=86449#article\",\"isPartOf\":{\"@id\":\"https:\\\/\\\/quehacerpolitico.mx\\\/?p=86449\"},\"author\":{\"name\":\"Redacci\u00f3n QP\",\"@id\":\"https:\\\/\\\/quehacerpolitico.mx\\\/#\\\/schema\\\/person\\\/496d8ad2d1d3f8036101dca7ee39e585\"},\"headline\":\"LA SCJN TIENE LA ENORME OPORTUNIDAD DE HACER EL BIEN EN LA VIDA DE LAS PERSONAS Y GENERAR NUEVOS PARADIGMAS: MINISTRO ARTURO ZALD\u00cdVAR\",\"datePublished\":\"2021-11-09T18:30:24+00:00\",\"dateModified\":\"2021-11-09T18:30:28+00:00\",\"mainEntityOfPage\":{\"@id\":\"https:\\\/\\\/quehacerpolitico.mx\\\/?p=86449\"},\"wordCount\":581,\"commentCount\":0,\"image\":{\"@id\":\"https:\\\/\\\/quehacerpolitico.mx\\\/?p=86449#primaryimage\"},\"thumbnailUrl\":\"https:\\\/\\\/quehacerpolitico.mx\\\/wp-content\\\/uploads\\\/2021\\\/11\\\/D26AB090-5565-4FDD-86E6-D1137B5A4474.jpeg\",\"articleSection\":[\"Noticias\"],\"inLanguage\":\"es\",\"potentialAction\":[{\"@type\":\"CommentAction\",\"name\":\"Comment\",\"target\":[\"https:\\\/\\\/quehacerpolitico.mx\\\/?p=86449#respond\"]}]},{\"@type\":\"WebPage\",\"@id\":\"https:\\\/\\\/quehacerpolitico.mx\\\/?p=86449\",\"url\":\"https:\\\/\\\/quehacerpolitico.mx\\\/?p=86449\",\"name\":\"LA SCJN TIENE LA ENORME OPORTUNIDAD DE HACER EL BIEN EN LA VIDA DE LAS PERSONAS Y GENERAR NUEVOS PARADIGMAS: MINISTRO ARTURO ZALD\u00cdVAR -\",\"isPartOf\":{\"@id\":\"https:\\\/\\\/quehacerpolitico.mx\\\/#website\"},\"primaryImageOfPage\":{\"@id\":\"https:\\\/\\\/quehacerpolitico.mx\\\/?p=86449#primaryimage\"},\"image\":{\"@id\":\"https:\\\/\\\/quehacerpolitico.mx\\\/?p=86449#primaryimage\"},\"thumbnailUrl\":\"https:\\\/\\\/quehacerpolitico.mx\\\/wp-content\\\/uploads\\\/2021\\\/11\\\/D26AB090-5565-4FDD-86E6-D1137B5A4474.jpeg\",\"datePublished\":\"2021-11-09T18:30:24+00:00\",\"dateModified\":\"2021-11-09T18:30:28+00:00\",\"author\":{\"@id\":\"https:\\\/\\\/quehacerpolitico.mx\\\/#\\\/schema\\\/person\\\/496d8ad2d1d3f8036101dca7ee39e585\"},\"breadcrumb\":{\"@id\":\"https:\\\/\\\/quehacerpolitico.mx\\\/?p=86449#breadcrumb\"},\"inLanguage\":\"es\",\"potentialAction\":[{\"@type\":\"ReadAction\",\"target\":[\"https:\\\/\\\/quehacerpolitico.mx\\\/?p=86449\"]}]},{\"@type\":\"ImageObject\",\"inLanguage\":\"es\",\"@id\":\"https:\\\/\\\/quehacerpolitico.mx\\\/?p=86449#primaryimage\",\"url\":\"https:\\\/\\\/quehacerpolitico.mx\\\/wp-content\\\/uploads\\\/2021\\\/11\\\/D26AB090-5565-4FDD-86E6-D1137B5A4474.jpeg\",\"contentUrl\":\"https:\\\/\\\/quehacerpolitico.mx\\\/wp-content\\\/uploads\\\/2021\\\/11\\\/D26AB090-5565-4FDD-86E6-D1137B5A4474.jpeg\",\"width\":1284,\"height\":730},{\"@type\":\"BreadcrumbList\",\"@id\":\"https:\\\/\\\/quehacerpolitico.mx\\\/?p=86449#breadcrumb\",\"itemListElement\":[{\"@type\":\"ListItem\",\"position\":1,\"name\":\"Inicio\",\"item\":\"https:\\\/\\\/quehacerpolitico.mx\\\/\"},{\"@type\":\"ListItem\",\"position\":2,\"name\":\"LA SCJN TIENE LA ENORME OPORTUNIDAD DE HACER EL BIEN EN LA VIDA DE LAS PERSONAS Y GENERAR NUEVOS PARADIGMAS: MINISTRO ARTURO ZALD\u00cdVAR\"}]},{\"@type\":\"WebSite\",\"@id\":\"https:\\\/\\\/quehacerpolitico.mx\\\/#website\",\"url\":\"https:\\\/\\\/quehacerpolitico.mx\\\/\",\"name\":\"\",\"description\":\"\",\"potentialAction\":[{\"@type\":\"SearchAction\",\"target\":{\"@type\":\"EntryPoint\",\"urlTemplate\":\"https:\\\/\\\/quehacerpolitico.mx\\\/?s={search_term_string}\"},\"query-input\":{\"@type\":\"PropertyValueSpecification\",\"valueRequired\":true,\"valueName\":\"search_term_string\"}}],\"inLanguage\":\"es\"},{\"@type\":\"Person\",\"@id\":\"https:\\\/\\\/quehacerpolitico.mx\\\/#\\\/schema\\\/person\\\/496d8ad2d1d3f8036101dca7ee39e585\",\"name\":\"Redacci\u00f3n QP\",\"image\":{\"@type\":\"ImageObject\",\"inLanguage\":\"es\",\"@id\":\"https:\\\/\\\/secure.gravatar.com\\\/avatar\\\/c7164ed6fdec453195284ad24a5ae5b6e1eed2b848477fa2a4787ba9adf39a41?s=96&d=mm&r=g\",\"url\":\"https:\\\/\\\/secure.gravatar.com\\\/avatar\\\/c7164ed6fdec453195284ad24a5ae5b6e1eed2b848477fa2a4787ba9adf39a41?s=96&d=mm&r=g\",\"contentUrl\":\"https:\\\/\\\/secure.gravatar.com\\\/avatar\\\/c7164ed6fdec453195284ad24a5ae5b6e1eed2b848477fa2a4787ba9adf39a41?s=96&d=mm&r=g\",\"caption\":\"Redacci\u00f3n QP\"},\"url\":\"https:\\\/\\\/quehacerpolitico.mx\\\/?author=2\"}]}<\/script>\n<!-- \/ Yoast SEO plugin. -->","yoast_head_json":{"title":"LA SCJN TIENE LA ENORME OPORTUNIDAD DE HACER EL BIEN EN LA VIDA DE LAS PERSONAS Y GENERAR NUEVOS PARADIGMAS: MINISTRO ARTURO ZALD\u00cdVAR -","robots":{"index":"index","follow":"follow","max-snippet":"max-snippet:-1","max-image-preview":"max-image-preview:large","max-video-preview":"max-video-preview:-1"},"canonical":"https:\/\/quehacerpolitico.mx\/?p=86449","og_locale":"es_MX","og_type":"article","og_title":"LA SCJN TIENE LA ENORME OPORTUNIDAD DE HACER EL BIEN EN LA VIDA DE LAS PERSONAS Y GENERAR NUEVOS PARADIGMAS: MINISTRO ARTURO ZALD\u00cdVAR -","og_description":"Por Redacci\u00f3n QP En el marco de la XIX Feria Internacional del Libro Jur\u00eddico del...","og_url":"https:\/\/quehacerpolitico.mx\/?p=86449","article_published_time":"2021-11-09T18:30:24+00:00","article_modified_time":"2021-11-09T18:30:28+00:00","og_image":[{"width":1284,"height":730,"url":"https:\/\/quehacerpolitico.mx\/wp-content\/uploads\/2021\/11\/D26AB090-5565-4FDD-86E6-D1137B5A4474.jpeg","type":"image\/jpeg"}],"author":"Redacci\u00f3n QP","twitter_card":"summary_large_image","twitter_misc":{"Escrito por":"Redacci\u00f3n QP","Tiempo de lectura":"3 minutos"},"schema":{"@context":"https:\/\/schema.org","@graph":[{"@type":"Article","@id":"https:\/\/quehacerpolitico.mx\/?p=86449#article","isPartOf":{"@id":"https:\/\/quehacerpolitico.mx\/?p=86449"},"author":{"name":"Redacci\u00f3n QP","@id":"https:\/\/quehacerpolitico.mx\/#\/schema\/person\/496d8ad2d1d3f8036101dca7ee39e585"},"headline":"LA SCJN TIENE LA ENORME OPORTUNIDAD DE HACER EL BIEN EN LA VIDA DE LAS PERSONAS Y GENERAR NUEVOS PARADIGMAS: MINISTRO ARTURO ZALD\u00cdVAR","datePublished":"2021-11-09T18:30:24+00:00","dateModified":"2021-11-09T18:30:28+00:00","mainEntityOfPage":{"@id":"https:\/\/quehacerpolitico.mx\/?p=86449"},"wordCount":581,"commentCount":0,"image":{"@id":"https:\/\/quehacerpolitico.mx\/?p=86449#primaryimage"},"thumbnailUrl":"https:\/\/quehacerpolitico.mx\/wp-content\/uploads\/2021\/11\/D26AB090-5565-4FDD-86E6-D1137B5A4474.jpeg","articleSection":["Noticias"],"inLanguage":"es","potentialAction":[{"@type":"CommentAction","name":"Comment","target":["https:\/\/quehacerpolitico.mx\/?p=86449#respond"]}]},{"@type":"WebPage","@id":"https:\/\/quehacerpolitico.mx\/?p=86449","url":"https:\/\/quehacerpolitico.mx\/?p=86449","name":"LA SCJN TIENE LA ENORME OPORTUNIDAD DE HACER EL BIEN EN LA VIDA DE LAS PERSONAS Y GENERAR NUEVOS PARADIGMAS: MINISTRO ARTURO ZALD\u00cdVAR -","isPartOf":{"@id":"https:\/\/quehacerpolitico.mx\/#website"},"primaryImageOfPage":{"@id":"https:\/\/quehacerpolitico.mx\/?p=86449#primaryimage"},"image":{"@id":"https:\/\/quehacerpolitico.mx\/?p=86449#primaryimage"},"thumbnailUrl":"https:\/\/quehacerpolitico.mx\/wp-content\/uploads\/2021\/11\/D26AB090-5565-4FDD-86E6-D1137B5A4474.jpeg","datePublished":"2021-11-09T18:30:24+00:00","dateModified":"2021-11-09T18:30:28+00:00","author":{"@id":"https:\/\/quehacerpolitico.mx\/#\/schema\/person\/496d8ad2d1d3f8036101dca7ee39e585"},"breadcrumb":{"@id":"https:\/\/quehacerpolitico.mx\/?p=86449#breadcrumb"},"inLanguage":"es","potentialAction":[{"@type":"ReadAction","target":["https:\/\/quehacerpolitico.mx\/?p=86449"]}]},{"@type":"ImageObject","inLanguage":"es","@id":"https:\/\/quehacerpolitico.mx\/?p=86449#primaryimage","url":"https:\/\/quehacerpolitico.mx\/wp-content\/uploads\/2021\/11\/D26AB090-5565-4FDD-86E6-D1137B5A4474.jpeg","contentUrl":"https:\/\/quehacerpolitico.mx\/wp-content\/uploads\/2021\/11\/D26AB090-5565-4FDD-86E6-D1137B5A4474.jpeg","width":1284,"height":730},{"@type":"BreadcrumbList","@id":"https:\/\/quehacerpolitico.mx\/?p=86449#breadcrumb","itemListElement":[{"@type":"ListItem","position":1,"name":"Inicio","item":"https:\/\/quehacerpolitico.mx\/"},{"@type":"ListItem","position":2,"name":"LA SCJN TIENE LA ENORME OPORTUNIDAD DE HACER EL BIEN EN LA VIDA DE LAS PERSONAS Y GENERAR NUEVOS PARADIGMAS: MINISTRO ARTURO ZALD\u00cdVAR"}]},{"@type":"WebSite","@id":"https:\/\/quehacerpolitico.mx\/#website","url":"https:\/\/quehacerpolitico.mx\/","name":"","description":"","potentialAction":[{"@type":"SearchAction","target":{"@type":"EntryPoint","urlTemplate":"https:\/\/quehacerpolitico.mx\/?s={search_term_string}"},"query-input":{"@type":"PropertyValueSpecification","valueRequired":true,"valueName":"search_term_string"}}],"inLanguage":"es"},{"@type":"Person","@id":"https:\/\/quehacerpolitico.mx\/#\/schema\/person\/496d8ad2d1d3f8036101dca7ee39e585","name":"Redacci\u00f3n QP","image":{"@type":"ImageObject","inLanguage":"es","@id":"https:\/\/secure.gravatar.com\/avatar\/c7164ed6fdec453195284ad24a5ae5b6e1eed2b848477fa2a4787ba9adf39a41?s=96&d=mm&r=g","url":"https:\/\/secure.gravatar.com\/avatar\/c7164ed6fdec453195284ad24a5ae5b6e1eed2b848477fa2a4787ba9adf39a41?s=96&d=mm&r=g","contentUrl":"https:\/\/secure.gravatar.com\/avatar\/c7164ed6fdec453195284ad24a5ae5b6e1eed2b848477fa2a4787ba9adf39a41?s=96&d=mm&r=g","caption":"Redacci\u00f3n QP"},"url":"https:\/\/quehacerpolitico.mx\/?author=2"}]}},"featured_image_urls":{"full":["https:\/\/quehacerpolitico.mx\/wp-content\/uploads\/2021\/11\/D26AB090-5565-4FDD-86E6-D1137B5A4474.jpeg",1284,730,false],"thumbnail":["https:\/\/quehacerpolitico.mx\/wp-content\/uploads\/2021\/11\/D26AB090-5565-4FDD-86E6-D1137B5A4474-150x150.jpeg",150,150,true],"medium":["https:\/\/quehacerpolitico.mx\/wp-content\/uploads\/2021\/11\/D26AB090-5565-4FDD-86E6-D1137B5A4474-300x171.jpeg",300,171,true],"medium_large":["https:\/\/quehacerpolitico.mx\/wp-content\/uploads\/2021\/11\/D26AB090-5565-4FDD-86E6-D1137B5A4474-768x437.jpeg",640,364,true],"large":["https:\/\/quehacerpolitico.mx\/wp-content\/uploads\/2021\/11\/D26AB090-5565-4FDD-86E6-D1137B5A4474-1024x582.jpeg",640,364,true],"1536x1536":["https:\/\/quehacerpolitico.mx\/wp-content\/uploads\/2021\/11\/D26AB090-5565-4FDD-86E6-D1137B5A4474.jpeg",1284,730,false],"2048x2048":["https:\/\/quehacerpolitico.mx\/wp-content\/uploads\/2021\/11\/D26AB090-5565-4FDD-86E6-D1137B5A4474.jpeg",1284,730,false],"covernews-featured":["https:\/\/quehacerpolitico.mx\/wp-content\/uploads\/2021\/11\/D26AB090-5565-4FDD-86E6-D1137B5A4474.jpeg",1024,582,false],"covernews-medium":["https:\/\/quehacerpolitico.mx\/wp-content\/uploads\/2021\/11\/D26AB090-5565-4FDD-86E6-D1137B5A4474.jpeg",540,307,false]},"author_info":{"display_name":"Redacci\u00f3n QP","author_link":"https:\/\/quehacerpolitico.mx\/?author=2"},"category_info":"<a href=\"https:\/\/quehacerpolitico.mx\/?cat=2\" rel=\"category\">Noticias<\/a>","tag_info":"Noticias","comment_count":"0","_links":{"self":[{"href":"https:\/\/quehacerpolitico.mx\/index.php?rest_route=\/wp\/v2\/posts\/86449","targetHints":{"allow":["GET"]}}],"collection":[{"href":"https:\/\/quehacerpolitico.mx\/index.php?rest_route=\/wp\/v2\/posts"}],"about":[{"href":"https:\/\/quehacerpolitico.mx\/index.php?rest_route=\/wp\/v2\/types\/post"}],"author":[{"embeddable":true,"href":"https:\/\/quehacerpolitico.mx\/index.php?rest_route=\/wp\/v2\/users\/2"}],"replies":[{"embeddable":true,"href":"https:\/\/quehacerpolitico.mx\/index.php?rest_route=%2Fwp%2Fv2%2Fcomments&post=86449"}],"version-history":[{"count":1,"href":"https:\/\/quehacerpolitico.mx\/index.php?rest_route=\/wp\/v2\/posts\/86449\/revisions"}],"predecessor-version":[{"id":86451,"href":"https:\/\/quehacerpolitico.mx\/index.php?rest_route=\/wp\/v2\/posts\/86449\/revisions\/86451"}],"wp:featuredmedia":[{"embeddable":true,"href":"https:\/\/quehacerpolitico.mx\/index.php?rest_route=\/wp\/v2\/media\/86450"}],"wp:attachment":[{"href":"https:\/\/quehacerpolitico.mx\/index.php?rest_route=%2Fwp%2Fv2%2Fmedia&parent=86449"}],"wp:term":[{"taxonomy":"category","embeddable":true,"href":"https:\/\/quehacerpolitico.mx\/index.php?rest_route=%2Fwp%2Fv2%2Fcategories&post=86449"},{"taxonomy":"post_tag","embeddable":true,"href":"https:\/\/quehacerpolitico.mx\/index.php?rest_route=%2Fwp%2Fv2%2Ftags&post=86449"}],"curies":[{"name":"wp","href":"https:\/\/api.w.org\/{rel}","templated":true}]}}