{"id":86446,"date":"2021-11-09T18:20:16","date_gmt":"2021-11-09T18:20:16","guid":{"rendered":"https:\/\/quehacerpolitico.mx\/?p=86446"},"modified":"2021-11-09T18:20:22","modified_gmt":"2021-11-09T18:20:22","slug":"cdmx-vecinos-matan-a-golpes-a-presunto-ladron-de-casas","status":"publish","type":"post","link":"https:\/\/quehacerpolitico.mx\/?p=86446","title":{"rendered":"CDMX: Vecinos matan a golpes a presunto ladr\u00f3n de casas"},"content":{"rendered":"\n<p>Por Redacci\u00f3n QP<\/p>\n\n\n\n<p>Con una r\u00e9plica de arma de fuego, tres asaltantes ingresaron a la vivienda de una familia, lo que no esperaban es que los vecinos tomar\u00edan la justicia por su mano<\/p>\n\n\n\n<p><strong>Con una r\u00e9plica de arma de fuego, tres j\u00f3venes ingresaron a la casa de una familia en la colonia Venustiano Carranza<\/strong>, CDMX,\u00a0el domingo por la noche, en la alcald\u00eda del mismo nombre, para robar todo lo que pudieron, pero una joven pidi\u00f3 ayuda a vecinos, quienes detuvieron a uno de los asaltantes y lo golpearon\u00a0<strong>hasta matarlo<\/strong>.<\/p>\n\n\n\n<p>En la calle Horticultura, una familia pasaba la noche del domingo en casa. El padre, dos hijos\u00a0de 14 y 15 a\u00f1os, y la madre\u00a0estaban en la sala cuando alguien toc\u00f3 a la puerta.<\/p>\n\n\n\n<p>La se\u00f1ora Johana abri\u00f3 y los tres hombres la empujaron, una vez dentro del hogar la amenazaron con la pistola y la amarraron, junto con las menores, con cinta de aislar.<\/p>\n\n\n\n<figure class=\"wp-block-embed is-type-rich is-provider-twitter wp-block-embed-twitter\"><div class=\"wp-block-embed__wrapper\">\nhttps:\/\/twitter.com\/c4jimenez\/status\/1457720669878341636?s=21\n<\/div><\/figure>\n\n\n\n<h2 class=\"wp-block-heading\"><strong>V\u00edctima grit\u00f3 por ayuda<\/strong><\/h2>\n\n\n\n<p>Luego robaron joyas, objetos y dinero que encontraron,&nbsp;<strong>por valor de unos 100 mil pesos<\/strong>, hasta que la chica de 15 a\u00f1os logr\u00f3 soltarse y sali\u00f3 a la calle gritando que la ayudaran.<\/p>\n\n\n\n<p>Varios\u00a0vecinos acudieron al llamado y atraparon a uno de los ladrones cuando trataba de escapar; lo golpearon hasta que qued\u00f3 inconsciente en el pavimento, con la r\u00e9plica que us\u00f3 en el asalto a su lado.<\/p>\n\n\n\n<p>Polic\u00edas acudieron a verificar lo sucedido y encontraron al joven, que no portaba identificaciones, tendido en el suelo, por lo que llamaron a los rescatistas. Param\u00e9dicos acudieron al llamado, pero s\u00f3lo&nbsp;<strong>diagnosticaron que el hombre ya hab\u00eda muerto<\/strong>.<\/p>\n\n\n\n<p>Finalmente el Ministerio P\u00fablico abri\u00f3 una carpeta de investigaci\u00f3n por el delito de homicidio doloso contra quien resulte responsable.<\/p>\n\n\n\n<p>Con Informaci\u00f3n de SUN <\/p>\n","protected":false},"excerpt":{"rendered":"<p>Por Redacci\u00f3n QP Con una r\u00e9plica de arma de fuego, tres asaltantes ingresaron a la&#8230;<\/p>\n","protected":false},"author":2,"featured_media":86447,"comment_status":"open","ping_status":"open","sticky":false,"template":"","format":"standard","meta":{"_monsterinsights_skip_tracking":false,"_monsterinsights_sitenote_active":false,"_monsterinsights_sitenote_note":"","_monsterinsights_sitenote_category":0,"footnotes":""},"categories":[55],"tags":[],"class_list":["post-86446","post","type-post","status-publish","format-standard","has-post-thumbnail","hentry","category-cdmx"],"yoast_head":"<!-- This site is optimized with the Yoast SEO plugin v27.3 - https:\/\/yoast.com\/product\/yoast-seo-wordpress\/ -->\n<title>CDMX: Vecinos matan a golpes a presunto ladr\u00f3n de casas -<\/title>\n<meta name=\"robots\" content=\"index, follow, max-snippet:-1, max-image-preview:large, max-video-preview:-1\" \/>\n<link rel=\"canonical\" href=\"https:\/\/quehacerpolitico.mx\/?p=86446\" \/>\n<meta property=\"og:locale\" content=\"es_MX\" \/>\n<meta property=\"og:type\" content=\"article\" \/>\n<meta property=\"og:title\" content=\"CDMX: Vecinos matan a golpes a presunto ladr\u00f3n de casas -\" \/>\n<meta property=\"og:description\" content=\"Por Redacci\u00f3n QP Con una r\u00e9plica de arma de fuego, tres asaltantes ingresaron a la...\" \/>\n<meta property=\"og:url\" content=\"https:\/\/quehacerpolitico.mx\/?p=86446\" \/>\n<meta property=\"article:published_time\" content=\"2021-11-09T18:20:16+00:00\" \/>\n<meta property=\"article:modified_time\" content=\"2021-11-09T18:20:22+00:00\" \/>\n<meta property=\"og:image\" content=\"https:\/\/quehacerpolitico.mx\/wp-content\/uploads\/2021\/11\/8F7893F4-04FB-481C-B4BD-5BEB74C73938.jpeg\" \/>\n\t<meta property=\"og:image:width\" content=\"1350\" \/>\n\t<meta property=\"og:image:height\" content=\"1193\" \/>\n\t<meta property=\"og:image:type\" content=\"image\/jpeg\" \/>\n<meta name=\"author\" content=\"Redacci\u00f3n QP\" \/>\n<meta name=\"twitter:card\" content=\"summary_large_image\" \/>\n<meta name=\"twitter:label1\" content=\"Escrito por\" \/>\n\t<meta name=\"twitter:data1\" content=\"Redacci\u00f3n QP\" \/>\n\t<meta name=\"twitter:label2\" content=\"Tiempo de lectura\" \/>\n\t<meta name=\"twitter:data2\" content=\"2 minutos\" \/>\n<script type=\"application\/ld+json\" class=\"yoast-schema-graph\">{\"@context\":\"https:\\\/\\\/schema.org\",\"@graph\":[{\"@type\":\"Article\",\"@id\":\"https:\\\/\\\/quehacerpolitico.mx\\\/?p=86446#article\",\"isPartOf\":{\"@id\":\"https:\\\/\\\/quehacerpolitico.mx\\\/?p=86446\"},\"author\":{\"name\":\"Redacci\u00f3n QP\",\"@id\":\"https:\\\/\\\/quehacerpolitico.mx\\\/#\\\/schema\\\/person\\\/496d8ad2d1d3f8036101dca7ee39e585\"},\"headline\":\"CDMX: Vecinos matan a golpes a presunto ladr\u00f3n de casas\",\"datePublished\":\"2021-11-09T18:20:16+00:00\",\"dateModified\":\"2021-11-09T18:20:22+00:00\",\"mainEntityOfPage\":{\"@id\":\"https:\\\/\\\/quehacerpolitico.mx\\\/?p=86446\"},\"wordCount\":325,\"commentCount\":0,\"image\":{\"@id\":\"https:\\\/\\\/quehacerpolitico.mx\\\/?p=86446#primaryimage\"},\"thumbnailUrl\":\"https:\\\/\\\/quehacerpolitico.mx\\\/wp-content\\\/uploads\\\/2021\\\/11\\\/8F7893F4-04FB-481C-B4BD-5BEB74C73938.jpeg\",\"articleSection\":[\"CDMX\"],\"inLanguage\":\"es\",\"potentialAction\":[{\"@type\":\"CommentAction\",\"name\":\"Comment\",\"target\":[\"https:\\\/\\\/quehacerpolitico.mx\\\/?p=86446#respond\"]}]},{\"@type\":\"WebPage\",\"@id\":\"https:\\\/\\\/quehacerpolitico.mx\\\/?p=86446\",\"url\":\"https:\\\/\\\/quehacerpolitico.mx\\\/?p=86446\",\"name\":\"CDMX: Vecinos matan a golpes a presunto ladr\u00f3n de casas -\",\"isPartOf\":{\"@id\":\"https:\\\/\\\/quehacerpolitico.mx\\\/#website\"},\"primaryImageOfPage\":{\"@id\":\"https:\\\/\\\/quehacerpolitico.mx\\\/?p=86446#primaryimage\"},\"image\":{\"@id\":\"https:\\\/\\\/quehacerpolitico.mx\\\/?p=86446#primaryimage\"},\"thumbnailUrl\":\"https:\\\/\\\/quehacerpolitico.mx\\\/wp-content\\\/uploads\\\/2021\\\/11\\\/8F7893F4-04FB-481C-B4BD-5BEB74C73938.jpeg\",\"datePublished\":\"2021-11-09T18:20:16+00:00\",\"dateModified\":\"2021-11-09T18:20:22+00:00\",\"author\":{\"@id\":\"https:\\\/\\\/quehacerpolitico.mx\\\/#\\\/schema\\\/person\\\/496d8ad2d1d3f8036101dca7ee39e585\"},\"breadcrumb\":{\"@id\":\"https:\\\/\\\/quehacerpolitico.mx\\\/?p=86446#breadcrumb\"},\"inLanguage\":\"es\",\"potentialAction\":[{\"@type\":\"ReadAction\",\"target\":[\"https:\\\/\\\/quehacerpolitico.mx\\\/?p=86446\"]}]},{\"@type\":\"ImageObject\",\"inLanguage\":\"es\",\"@id\":\"https:\\\/\\\/quehacerpolitico.mx\\\/?p=86446#primaryimage\",\"url\":\"https:\\\/\\\/quehacerpolitico.mx\\\/wp-content\\\/uploads\\\/2021\\\/11\\\/8F7893F4-04FB-481C-B4BD-5BEB74C73938.jpeg\",\"contentUrl\":\"https:\\\/\\\/quehacerpolitico.mx\\\/wp-content\\\/uploads\\\/2021\\\/11\\\/8F7893F4-04FB-481C-B4BD-5BEB74C73938.jpeg\",\"width\":1350,\"height\":1193},{\"@type\":\"BreadcrumbList\",\"@id\":\"https:\\\/\\\/quehacerpolitico.mx\\\/?p=86446#breadcrumb\",\"itemListElement\":[{\"@type\":\"ListItem\",\"position\":1,\"name\":\"Inicio\",\"item\":\"https:\\\/\\\/quehacerpolitico.mx\\\/\"},{\"@type\":\"ListItem\",\"position\":2,\"name\":\"CDMX: Vecinos matan a golpes a presunto ladr\u00f3n de casas\"}]},{\"@type\":\"WebSite\",\"@id\":\"https:\\\/\\\/quehacerpolitico.mx\\\/#website\",\"url\":\"https:\\\/\\\/quehacerpolitico.mx\\\/\",\"name\":\"\",\"description\":\"\",\"potentialAction\":[{\"@type\":\"SearchAction\",\"target\":{\"@type\":\"EntryPoint\",\"urlTemplate\":\"https:\\\/\\\/quehacerpolitico.mx\\\/?s={search_term_string}\"},\"query-input\":{\"@type\":\"PropertyValueSpecification\",\"valueRequired\":true,\"valueName\":\"search_term_string\"}}],\"inLanguage\":\"es\"},{\"@type\":\"Person\",\"@id\":\"https:\\\/\\\/quehacerpolitico.mx\\\/#\\\/schema\\\/person\\\/496d8ad2d1d3f8036101dca7ee39e585\",\"name\":\"Redacci\u00f3n QP\",\"image\":{\"@type\":\"ImageObject\",\"inLanguage\":\"es\",\"@id\":\"https:\\\/\\\/secure.gravatar.com\\\/avatar\\\/c7164ed6fdec453195284ad24a5ae5b6e1eed2b848477fa2a4787ba9adf39a41?s=96&d=mm&r=g\",\"url\":\"https:\\\/\\\/secure.gravatar.com\\\/avatar\\\/c7164ed6fdec453195284ad24a5ae5b6e1eed2b848477fa2a4787ba9adf39a41?s=96&d=mm&r=g\",\"contentUrl\":\"https:\\\/\\\/secure.gravatar.com\\\/avatar\\\/c7164ed6fdec453195284ad24a5ae5b6e1eed2b848477fa2a4787ba9adf39a41?s=96&d=mm&r=g\",\"caption\":\"Redacci\u00f3n QP\"},\"url\":\"https:\\\/\\\/quehacerpolitico.mx\\\/?author=2\"}]}<\/script>\n<!-- \/ Yoast SEO plugin. -->","yoast_head_json":{"title":"CDMX: Vecinos matan a golpes a presunto ladr\u00f3n de casas -","robots":{"index":"index","follow":"follow","max-snippet":"max-snippet:-1","max-image-preview":"max-image-preview:large","max-video-preview":"max-video-preview:-1"},"canonical":"https:\/\/quehacerpolitico.mx\/?p=86446","og_locale":"es_MX","og_type":"article","og_title":"CDMX: Vecinos matan a golpes a presunto ladr\u00f3n de casas -","og_description":"Por Redacci\u00f3n QP Con una r\u00e9plica de arma de fuego, tres asaltantes ingresaron a la...","og_url":"https:\/\/quehacerpolitico.mx\/?p=86446","article_published_time":"2021-11-09T18:20:16+00:00","article_modified_time":"2021-11-09T18:20:22+00:00","og_image":[{"width":1350,"height":1193,"url":"https:\/\/quehacerpolitico.mx\/wp-content\/uploads\/2021\/11\/8F7893F4-04FB-481C-B4BD-5BEB74C73938.jpeg","type":"image\/jpeg"}],"author":"Redacci\u00f3n QP","twitter_card":"summary_large_image","twitter_misc":{"Escrito por":"Redacci\u00f3n QP","Tiempo de lectura":"2 minutos"},"schema":{"@context":"https:\/\/schema.org","@graph":[{"@type":"Article","@id":"https:\/\/quehacerpolitico.mx\/?p=86446#article","isPartOf":{"@id":"https:\/\/quehacerpolitico.mx\/?p=86446"},"author":{"name":"Redacci\u00f3n QP","@id":"https:\/\/quehacerpolitico.mx\/#\/schema\/person\/496d8ad2d1d3f8036101dca7ee39e585"},"headline":"CDMX: Vecinos matan a golpes a presunto ladr\u00f3n de casas","datePublished":"2021-11-09T18:20:16+00:00","dateModified":"2021-11-09T18:20:22+00:00","mainEntityOfPage":{"@id":"https:\/\/quehacerpolitico.mx\/?p=86446"},"wordCount":325,"commentCount":0,"image":{"@id":"https:\/\/quehacerpolitico.mx\/?p=86446#primaryimage"},"thumbnailUrl":"https:\/\/quehacerpolitico.mx\/wp-content\/uploads\/2021\/11\/8F7893F4-04FB-481C-B4BD-5BEB74C73938.jpeg","articleSection":["CDMX"],"inLanguage":"es","potentialAction":[{"@type":"CommentAction","name":"Comment","target":["https:\/\/quehacerpolitico.mx\/?p=86446#respond"]}]},{"@type":"WebPage","@id":"https:\/\/quehacerpolitico.mx\/?p=86446","url":"https:\/\/quehacerpolitico.mx\/?p=86446","name":"CDMX: Vecinos matan a golpes a presunto ladr\u00f3n de casas -","isPartOf":{"@id":"https:\/\/quehacerpolitico.mx\/#website"},"primaryImageOfPage":{"@id":"https:\/\/quehacerpolitico.mx\/?p=86446#primaryimage"},"image":{"@id":"https:\/\/quehacerpolitico.mx\/?p=86446#primaryimage"},"thumbnailUrl":"https:\/\/quehacerpolitico.mx\/wp-content\/uploads\/2021\/11\/8F7893F4-04FB-481C-B4BD-5BEB74C73938.jpeg","datePublished":"2021-11-09T18:20:16+00:00","dateModified":"2021-11-09T18:20:22+00:00","author":{"@id":"https:\/\/quehacerpolitico.mx\/#\/schema\/person\/496d8ad2d1d3f8036101dca7ee39e585"},"breadcrumb":{"@id":"https:\/\/quehacerpolitico.mx\/?p=86446#breadcrumb"},"inLanguage":"es","potentialAction":[{"@type":"ReadAction","target":["https:\/\/quehacerpolitico.mx\/?p=86446"]}]},{"@type":"ImageObject","inLanguage":"es","@id":"https:\/\/quehacerpolitico.mx\/?p=86446#primaryimage","url":"https:\/\/quehacerpolitico.mx\/wp-content\/uploads\/2021\/11\/8F7893F4-04FB-481C-B4BD-5BEB74C73938.jpeg","contentUrl":"https:\/\/quehacerpolitico.mx\/wp-content\/uploads\/2021\/11\/8F7893F4-04FB-481C-B4BD-5BEB74C73938.jpeg","width":1350,"height":1193},{"@type":"BreadcrumbList","@id":"https:\/\/quehacerpolitico.mx\/?p=86446#breadcrumb","itemListElement":[{"@type":"ListItem","position":1,"name":"Inicio","item":"https:\/\/quehacerpolitico.mx\/"},{"@type":"ListItem","position":2,"name":"CDMX: Vecinos matan a golpes a presunto ladr\u00f3n de casas"}]},{"@type":"WebSite","@id":"https:\/\/quehacerpolitico.mx\/#website","url":"https:\/\/quehacerpolitico.mx\/","name":"","description":"","potentialAction":[{"@type":"SearchAction","target":{"@type":"EntryPoint","urlTemplate":"https:\/\/quehacerpolitico.mx\/?s={search_term_string}"},"query-input":{"@type":"PropertyValueSpecification","valueRequired":true,"valueName":"search_term_string"}}],"inLanguage":"es"},{"@type":"Person","@id":"https:\/\/quehacerpolitico.mx\/#\/schema\/person\/496d8ad2d1d3f8036101dca7ee39e585","name":"Redacci\u00f3n QP","image":{"@type":"ImageObject","inLanguage":"es","@id":"https:\/\/secure.gravatar.com\/avatar\/c7164ed6fdec453195284ad24a5ae5b6e1eed2b848477fa2a4787ba9adf39a41?s=96&d=mm&r=g","url":"https:\/\/secure.gravatar.com\/avatar\/c7164ed6fdec453195284ad24a5ae5b6e1eed2b848477fa2a4787ba9adf39a41?s=96&d=mm&r=g","contentUrl":"https:\/\/secure.gravatar.com\/avatar\/c7164ed6fdec453195284ad24a5ae5b6e1eed2b848477fa2a4787ba9adf39a41?s=96&d=mm&r=g","caption":"Redacci\u00f3n QP"},"url":"https:\/\/quehacerpolitico.mx\/?author=2"}]}},"featured_image_urls":{"full":["https:\/\/quehacerpolitico.mx\/wp-content\/uploads\/2021\/11\/8F7893F4-04FB-481C-B4BD-5BEB74C73938.jpeg",1350,1193,false],"thumbnail":["https:\/\/quehacerpolitico.mx\/wp-content\/uploads\/2021\/11\/8F7893F4-04FB-481C-B4BD-5BEB74C73938-150x150.jpeg",150,150,true],"medium":["https:\/\/quehacerpolitico.mx\/wp-content\/uploads\/2021\/11\/8F7893F4-04FB-481C-B4BD-5BEB74C73938-300x265.jpeg",300,265,true],"medium_large":["https:\/\/quehacerpolitico.mx\/wp-content\/uploads\/2021\/11\/8F7893F4-04FB-481C-B4BD-5BEB74C73938-768x679.jpeg",640,566,true],"large":["https:\/\/quehacerpolitico.mx\/wp-content\/uploads\/2021\/11\/8F7893F4-04FB-481C-B4BD-5BEB74C73938-1024x905.jpeg",640,566,true],"1536x1536":["https:\/\/quehacerpolitico.mx\/wp-content\/uploads\/2021\/11\/8F7893F4-04FB-481C-B4BD-5BEB74C73938.jpeg",1350,1193,false],"2048x2048":["https:\/\/quehacerpolitico.mx\/wp-content\/uploads\/2021\/11\/8F7893F4-04FB-481C-B4BD-5BEB74C73938.jpeg",1350,1193,false],"covernews-featured":["https:\/\/quehacerpolitico.mx\/wp-content\/uploads\/2021\/11\/8F7893F4-04FB-481C-B4BD-5BEB74C73938.jpeg",1024,905,false],"covernews-medium":["https:\/\/quehacerpolitico.mx\/wp-content\/uploads\/2021\/11\/8F7893F4-04FB-481C-B4BD-5BEB74C73938.jpeg",385,340,false]},"author_info":{"display_name":"Redacci\u00f3n QP","author_link":"https:\/\/quehacerpolitico.mx\/?author=2"},"category_info":"<a href=\"https:\/\/quehacerpolitico.mx\/?cat=55\" rel=\"category\">CDMX<\/a>","tag_info":"CDMX","comment_count":"0","_links":{"self":[{"href":"https:\/\/quehacerpolitico.mx\/index.php?rest_route=\/wp\/v2\/posts\/86446","targetHints":{"allow":["GET"]}}],"collection":[{"href":"https:\/\/quehacerpolitico.mx\/index.php?rest_route=\/wp\/v2\/posts"}],"about":[{"href":"https:\/\/quehacerpolitico.mx\/index.php?rest_route=\/wp\/v2\/types\/post"}],"author":[{"embeddable":true,"href":"https:\/\/quehacerpolitico.mx\/index.php?rest_route=\/wp\/v2\/users\/2"}],"replies":[{"embeddable":true,"href":"https:\/\/quehacerpolitico.mx\/index.php?rest_route=%2Fwp%2Fv2%2Fcomments&post=86446"}],"version-history":[{"count":1,"href":"https:\/\/quehacerpolitico.mx\/index.php?rest_route=\/wp\/v2\/posts\/86446\/revisions"}],"predecessor-version":[{"id":86448,"href":"https:\/\/quehacerpolitico.mx\/index.php?rest_route=\/wp\/v2\/posts\/86446\/revisions\/86448"}],"wp:featuredmedia":[{"embeddable":true,"href":"https:\/\/quehacerpolitico.mx\/index.php?rest_route=\/wp\/v2\/media\/86447"}],"wp:attachment":[{"href":"https:\/\/quehacerpolitico.mx\/index.php?rest_route=%2Fwp%2Fv2%2Fmedia&parent=86446"}],"wp:term":[{"taxonomy":"category","embeddable":true,"href":"https:\/\/quehacerpolitico.mx\/index.php?rest_route=%2Fwp%2Fv2%2Fcategories&post=86446"},{"taxonomy":"post_tag","embeddable":true,"href":"https:\/\/quehacerpolitico.mx\/index.php?rest_route=%2Fwp%2Fv2%2Ftags&post=86446"}],"curies":[{"name":"wp","href":"https:\/\/api.w.org\/{rel}","templated":true}]}}