{"id":86444,"date":"2021-11-09T18:00:13","date_gmt":"2021-11-09T18:00:13","guid":{"rendered":"https:\/\/quehacerpolitico.mx\/?p=86444"},"modified":"2021-11-09T18:00:15","modified_gmt":"2021-11-09T18:00:15","slug":"en-2-o-3-semanas-se-vera-si-hay-cuarta-ola-por-coronavirus-advierte-la-ops","status":"publish","type":"post","link":"https:\/\/quehacerpolitico.mx\/?p=86444","title":{"rendered":"En 2 o 3 semanas se ver\u00e1 si hay cuarta ola por coronavirus, advierte la OPS"},"content":{"rendered":"\n<p>Por Redacci\u00f3n QP<\/p>\n\n\n\n<p>Las celebraciones por el D\u00eda de Muertos y los eventos como la F\u00f3rmula 1 podr\u00edan derivar en una nueva ola de COVID-19 en M\u00e9xico<\/p>\n\n\n\n<p>Las celebraciones por\u00a0el D\u00eda de Muertos y los eventos como\u00a0la F\u00f3rmula 1 podr\u00edan derivar en una nueva ola de COVID-19 en M\u00e9xico y en las pr\u00f3ximas 2 o 3 semanas se ver\u00e1 si la poblaci\u00f3n mantuvo las medidas de higiene y sana distancia alert\u00f3 Cristian Morales, representante de la Organizaci\u00f3n Panamericana de la Salud (OPS) en\u00a0Mexico<\/p>\n\n\n\n<p><strong>&#8220;La fiesta de D\u00eda de Muertos y la F1 son altamente complejos. Veremos en las siguientes 2 y 3 semanas si la poblaci\u00f3n sigui\u00f3 la consigna de sana distancia, uso de cubrebocas de tela de 3 capas, lavado de manos frecuente y dem\u00e1s medidas no farmacol\u00f3gicas que ya conocemos desde hace m\u00e1s de a\u00f1o y medio y que nos permiten restringir la infecci\u00f3n por SarsCOV2&#8221;<\/strong>, dijo Morales durante la inauguraci\u00f3n del 18 Congreso Internacional Hospital del Futuro, organizado por la Sociedad Mexicana de Arquitectos Especializados en Salud.<\/p>\n\n\n\n<p>Agreg\u00f3 que adem\u00e1s de los eventos mencionados y el aumento de movilidad en el pa\u00eds, debido a que gran parte del territorio nacional est\u00e1 en sem\u00e1foro verde,\u00a0<strong>la temporada invernal tambi\u00e9n podr\u00eda ser un factor para una nueva ola de coronavirus<\/strong>.<\/p>\n\n\n\n<p>&#8220;M\u00e1s all\u00e1 de esto, incluso si se logra no generar o se contiene el brote, recordemos que a pesar que el sem\u00e1foro epidemiol\u00f3gico de riesgo est\u00e1 en la mayor parte del pa\u00eds en verde,\u00a0<strong>hay m\u00e1s de 20 mil casos activos en riesgo y en diciembre y enero, periodo invernal, es altamente probable que experimentemos una nueva ola de COVID-19&#8243;<\/strong>, dijo.<\/p>\n\n\n\n<p>El funcionario de la OPS mencion\u00f3 que a pesar de que en 2022 podr\u00edan aparecer nuevas olas de COVID, tambi\u00e9n se espera que la campa\u00f1a de vacunaci\u00f3n universal, estas tengan un impacto menos negativo para la sociedad.<\/p>\n\n\n\n<p>&#8220;Esperamos que si la campa\u00f1a de vacunaci\u00f3n universal contra\u00a0COVID-19 que lleva y no aparece la cepa de SarsCoV2 que va a dar respuesta inmunitaria las olas de COVID se vieran cada vez m\u00e1s acotadas y con menos casos de fallecimientos y evolucionando hac\u00eda una enfermedad end\u00e9mica con el comportamiento similar al de la influenza&#8221;.<\/p>\n\n\n\n<p>Cristian Morales\u00a0<strong>hizo un llamado a no monopolizar las vacunas<\/strong>, pues el acceso debe tener un car\u00e1cter universal, lament\u00f3 que 46% de los m\u00e1s de 5 millones de casos de fallecimiento por coronavirus se produjeron en la regi\u00f3n de las Am\u00e9ricas.<\/p>\n\n\n\n<p>&#8220;Estamos altamente expuestos debido a la forma ego\u00edsta y cortoplacista en la que se est\u00e1 llevando la campa\u00f1a de vacunaci\u00f3n contra la COVID-19 a nivel mundial; mientras sigan prevaleciendo criterios comerciales y de geopol\u00edtica en el avance de la vacunaci\u00f3n le estamos dando todas las instancias al virus para desarrollar una variante que nos haga a todos, a los que han vacunado y a los que no han vacunado &#8216;tener que partir de cero&#8217; en los esfuerzos de inmunizaci\u00f3n contra la COVID-19&#8221;.<\/p>\n\n\n\n<p>Con Informaci\u00f3n de SUN <\/p>\n","protected":false},"excerpt":{"rendered":"<p>Por Redacci\u00f3n QP Las celebraciones por el D\u00eda de Muertos y los eventos como la&#8230;<\/p>\n","protected":false},"author":2,"featured_media":85964,"comment_status":"open","ping_status":"open","sticky":false,"template":"","format":"standard","meta":{"_monsterinsights_skip_tracking":false,"_monsterinsights_sitenote_active":false,"_monsterinsights_sitenote_note":"","_monsterinsights_sitenote_category":0,"footnotes":""},"categories":[2],"tags":[],"class_list":["post-86444","post","type-post","status-publish","format-standard","has-post-thumbnail","hentry","category-noticias"],"yoast_head":"<!-- This site is optimized with the Yoast SEO plugin v27.3 - https:\/\/yoast.com\/product\/yoast-seo-wordpress\/ -->\n<title>En 2 o 3 semanas se ver\u00e1 si hay cuarta ola por coronavirus, advierte la OPS -<\/title>\n<meta name=\"robots\" content=\"index, follow, max-snippet:-1, max-image-preview:large, max-video-preview:-1\" \/>\n<link rel=\"canonical\" href=\"https:\/\/quehacerpolitico.mx\/?p=86444\" \/>\n<meta property=\"og:locale\" content=\"es_MX\" \/>\n<meta property=\"og:type\" content=\"article\" \/>\n<meta property=\"og:title\" content=\"En 2 o 3 semanas se ver\u00e1 si hay cuarta ola por coronavirus, advierte la OPS -\" \/>\n<meta property=\"og:description\" content=\"Por Redacci\u00f3n QP Las celebraciones por el D\u00eda de Muertos y los eventos como la...\" \/>\n<meta property=\"og:url\" content=\"https:\/\/quehacerpolitico.mx\/?p=86444\" \/>\n<meta property=\"article:published_time\" content=\"2021-11-09T18:00:13+00:00\" \/>\n<meta property=\"article:modified_time\" content=\"2021-11-09T18:00:15+00:00\" \/>\n<meta property=\"og:image\" content=\"https:\/\/quehacerpolitico.mx\/wp-content\/uploads\/2021\/10\/7944F2A0-9B0F-4F36-98CA-D83AA474BB8C.jpeg\" \/>\n\t<meta property=\"og:image:width\" content=\"678\" \/>\n\t<meta property=\"og:image:height\" content=\"452\" \/>\n\t<meta property=\"og:image:type\" content=\"image\/jpeg\" \/>\n<meta name=\"author\" content=\"Redacci\u00f3n QP\" \/>\n<meta name=\"twitter:card\" content=\"summary_large_image\" \/>\n<meta name=\"twitter:label1\" content=\"Escrito por\" \/>\n\t<meta name=\"twitter:data1\" content=\"Redacci\u00f3n QP\" \/>\n\t<meta name=\"twitter:label2\" content=\"Tiempo de lectura\" \/>\n\t<meta name=\"twitter:data2\" content=\"3 minutos\" \/>\n<script type=\"application\/ld+json\" class=\"yoast-schema-graph\">{\"@context\":\"https:\\\/\\\/schema.org\",\"@graph\":[{\"@type\":\"Article\",\"@id\":\"https:\\\/\\\/quehacerpolitico.mx\\\/?p=86444#article\",\"isPartOf\":{\"@id\":\"https:\\\/\\\/quehacerpolitico.mx\\\/?p=86444\"},\"author\":{\"name\":\"Redacci\u00f3n QP\",\"@id\":\"https:\\\/\\\/quehacerpolitico.mx\\\/#\\\/schema\\\/person\\\/496d8ad2d1d3f8036101dca7ee39e585\"},\"headline\":\"En 2 o 3 semanas se ver\u00e1 si hay cuarta ola por coronavirus, advierte la OPS\",\"datePublished\":\"2021-11-09T18:00:13+00:00\",\"dateModified\":\"2021-11-09T18:00:15+00:00\",\"mainEntityOfPage\":{\"@id\":\"https:\\\/\\\/quehacerpolitico.mx\\\/?p=86444\"},\"wordCount\":546,\"commentCount\":0,\"image\":{\"@id\":\"https:\\\/\\\/quehacerpolitico.mx\\\/?p=86444#primaryimage\"},\"thumbnailUrl\":\"https:\\\/\\\/quehacerpolitico.mx\\\/wp-content\\\/uploads\\\/2021\\\/10\\\/7944F2A0-9B0F-4F36-98CA-D83AA474BB8C.jpeg\",\"articleSection\":[\"Noticias\"],\"inLanguage\":\"es\",\"potentialAction\":[{\"@type\":\"CommentAction\",\"name\":\"Comment\",\"target\":[\"https:\\\/\\\/quehacerpolitico.mx\\\/?p=86444#respond\"]}]},{\"@type\":\"WebPage\",\"@id\":\"https:\\\/\\\/quehacerpolitico.mx\\\/?p=86444\",\"url\":\"https:\\\/\\\/quehacerpolitico.mx\\\/?p=86444\",\"name\":\"En 2 o 3 semanas se ver\u00e1 si hay cuarta ola por coronavirus, advierte la OPS -\",\"isPartOf\":{\"@id\":\"https:\\\/\\\/quehacerpolitico.mx\\\/#website\"},\"primaryImageOfPage\":{\"@id\":\"https:\\\/\\\/quehacerpolitico.mx\\\/?p=86444#primaryimage\"},\"image\":{\"@id\":\"https:\\\/\\\/quehacerpolitico.mx\\\/?p=86444#primaryimage\"},\"thumbnailUrl\":\"https:\\\/\\\/quehacerpolitico.mx\\\/wp-content\\\/uploads\\\/2021\\\/10\\\/7944F2A0-9B0F-4F36-98CA-D83AA474BB8C.jpeg\",\"datePublished\":\"2021-11-09T18:00:13+00:00\",\"dateModified\":\"2021-11-09T18:00:15+00:00\",\"author\":{\"@id\":\"https:\\\/\\\/quehacerpolitico.mx\\\/#\\\/schema\\\/person\\\/496d8ad2d1d3f8036101dca7ee39e585\"},\"breadcrumb\":{\"@id\":\"https:\\\/\\\/quehacerpolitico.mx\\\/?p=86444#breadcrumb\"},\"inLanguage\":\"es\",\"potentialAction\":[{\"@type\":\"ReadAction\",\"target\":[\"https:\\\/\\\/quehacerpolitico.mx\\\/?p=86444\"]}]},{\"@type\":\"ImageObject\",\"inLanguage\":\"es\",\"@id\":\"https:\\\/\\\/quehacerpolitico.mx\\\/?p=86444#primaryimage\",\"url\":\"https:\\\/\\\/quehacerpolitico.mx\\\/wp-content\\\/uploads\\\/2021\\\/10\\\/7944F2A0-9B0F-4F36-98CA-D83AA474BB8C.jpeg\",\"contentUrl\":\"https:\\\/\\\/quehacerpolitico.mx\\\/wp-content\\\/uploads\\\/2021\\\/10\\\/7944F2A0-9B0F-4F36-98CA-D83AA474BB8C.jpeg\",\"width\":678,\"height\":452},{\"@type\":\"BreadcrumbList\",\"@id\":\"https:\\\/\\\/quehacerpolitico.mx\\\/?p=86444#breadcrumb\",\"itemListElement\":[{\"@type\":\"ListItem\",\"position\":1,\"name\":\"Inicio\",\"item\":\"https:\\\/\\\/quehacerpolitico.mx\\\/\"},{\"@type\":\"ListItem\",\"position\":2,\"name\":\"En 2 o 3 semanas se ver\u00e1 si hay cuarta ola por coronavirus, advierte la OPS\"}]},{\"@type\":\"WebSite\",\"@id\":\"https:\\\/\\\/quehacerpolitico.mx\\\/#website\",\"url\":\"https:\\\/\\\/quehacerpolitico.mx\\\/\",\"name\":\"\",\"description\":\"\",\"potentialAction\":[{\"@type\":\"SearchAction\",\"target\":{\"@type\":\"EntryPoint\",\"urlTemplate\":\"https:\\\/\\\/quehacerpolitico.mx\\\/?s={search_term_string}\"},\"query-input\":{\"@type\":\"PropertyValueSpecification\",\"valueRequired\":true,\"valueName\":\"search_term_string\"}}],\"inLanguage\":\"es\"},{\"@type\":\"Person\",\"@id\":\"https:\\\/\\\/quehacerpolitico.mx\\\/#\\\/schema\\\/person\\\/496d8ad2d1d3f8036101dca7ee39e585\",\"name\":\"Redacci\u00f3n QP\",\"image\":{\"@type\":\"ImageObject\",\"inLanguage\":\"es\",\"@id\":\"https:\\\/\\\/secure.gravatar.com\\\/avatar\\\/c7164ed6fdec453195284ad24a5ae5b6e1eed2b848477fa2a4787ba9adf39a41?s=96&d=mm&r=g\",\"url\":\"https:\\\/\\\/secure.gravatar.com\\\/avatar\\\/c7164ed6fdec453195284ad24a5ae5b6e1eed2b848477fa2a4787ba9adf39a41?s=96&d=mm&r=g\",\"contentUrl\":\"https:\\\/\\\/secure.gravatar.com\\\/avatar\\\/c7164ed6fdec453195284ad24a5ae5b6e1eed2b848477fa2a4787ba9adf39a41?s=96&d=mm&r=g\",\"caption\":\"Redacci\u00f3n QP\"},\"url\":\"https:\\\/\\\/quehacerpolitico.mx\\\/?author=2\"}]}<\/script>\n<!-- \/ Yoast SEO plugin. -->","yoast_head_json":{"title":"En 2 o 3 semanas se ver\u00e1 si hay cuarta ola por coronavirus, advierte la OPS -","robots":{"index":"index","follow":"follow","max-snippet":"max-snippet:-1","max-image-preview":"max-image-preview:large","max-video-preview":"max-video-preview:-1"},"canonical":"https:\/\/quehacerpolitico.mx\/?p=86444","og_locale":"es_MX","og_type":"article","og_title":"En 2 o 3 semanas se ver\u00e1 si hay cuarta ola por coronavirus, advierte la OPS -","og_description":"Por Redacci\u00f3n QP Las celebraciones por el D\u00eda de Muertos y los eventos como la...","og_url":"https:\/\/quehacerpolitico.mx\/?p=86444","article_published_time":"2021-11-09T18:00:13+00:00","article_modified_time":"2021-11-09T18:00:15+00:00","og_image":[{"width":678,"height":452,"url":"https:\/\/quehacerpolitico.mx\/wp-content\/uploads\/2021\/10\/7944F2A0-9B0F-4F36-98CA-D83AA474BB8C.jpeg","type":"image\/jpeg"}],"author":"Redacci\u00f3n QP","twitter_card":"summary_large_image","twitter_misc":{"Escrito por":"Redacci\u00f3n QP","Tiempo de lectura":"3 minutos"},"schema":{"@context":"https:\/\/schema.org","@graph":[{"@type":"Article","@id":"https:\/\/quehacerpolitico.mx\/?p=86444#article","isPartOf":{"@id":"https:\/\/quehacerpolitico.mx\/?p=86444"},"author":{"name":"Redacci\u00f3n QP","@id":"https:\/\/quehacerpolitico.mx\/#\/schema\/person\/496d8ad2d1d3f8036101dca7ee39e585"},"headline":"En 2 o 3 semanas se ver\u00e1 si hay cuarta ola por coronavirus, advierte la OPS","datePublished":"2021-11-09T18:00:13+00:00","dateModified":"2021-11-09T18:00:15+00:00","mainEntityOfPage":{"@id":"https:\/\/quehacerpolitico.mx\/?p=86444"},"wordCount":546,"commentCount":0,"image":{"@id":"https:\/\/quehacerpolitico.mx\/?p=86444#primaryimage"},"thumbnailUrl":"https:\/\/quehacerpolitico.mx\/wp-content\/uploads\/2021\/10\/7944F2A0-9B0F-4F36-98CA-D83AA474BB8C.jpeg","articleSection":["Noticias"],"inLanguage":"es","potentialAction":[{"@type":"CommentAction","name":"Comment","target":["https:\/\/quehacerpolitico.mx\/?p=86444#respond"]}]},{"@type":"WebPage","@id":"https:\/\/quehacerpolitico.mx\/?p=86444","url":"https:\/\/quehacerpolitico.mx\/?p=86444","name":"En 2 o 3 semanas se ver\u00e1 si hay cuarta ola por coronavirus, advierte la OPS -","isPartOf":{"@id":"https:\/\/quehacerpolitico.mx\/#website"},"primaryImageOfPage":{"@id":"https:\/\/quehacerpolitico.mx\/?p=86444#primaryimage"},"image":{"@id":"https:\/\/quehacerpolitico.mx\/?p=86444#primaryimage"},"thumbnailUrl":"https:\/\/quehacerpolitico.mx\/wp-content\/uploads\/2021\/10\/7944F2A0-9B0F-4F36-98CA-D83AA474BB8C.jpeg","datePublished":"2021-11-09T18:00:13+00:00","dateModified":"2021-11-09T18:00:15+00:00","author":{"@id":"https:\/\/quehacerpolitico.mx\/#\/schema\/person\/496d8ad2d1d3f8036101dca7ee39e585"},"breadcrumb":{"@id":"https:\/\/quehacerpolitico.mx\/?p=86444#breadcrumb"},"inLanguage":"es","potentialAction":[{"@type":"ReadAction","target":["https:\/\/quehacerpolitico.mx\/?p=86444"]}]},{"@type":"ImageObject","inLanguage":"es","@id":"https:\/\/quehacerpolitico.mx\/?p=86444#primaryimage","url":"https:\/\/quehacerpolitico.mx\/wp-content\/uploads\/2021\/10\/7944F2A0-9B0F-4F36-98CA-D83AA474BB8C.jpeg","contentUrl":"https:\/\/quehacerpolitico.mx\/wp-content\/uploads\/2021\/10\/7944F2A0-9B0F-4F36-98CA-D83AA474BB8C.jpeg","width":678,"height":452},{"@type":"BreadcrumbList","@id":"https:\/\/quehacerpolitico.mx\/?p=86444#breadcrumb","itemListElement":[{"@type":"ListItem","position":1,"name":"Inicio","item":"https:\/\/quehacerpolitico.mx\/"},{"@type":"ListItem","position":2,"name":"En 2 o 3 semanas se ver\u00e1 si hay cuarta ola por coronavirus, advierte la OPS"}]},{"@type":"WebSite","@id":"https:\/\/quehacerpolitico.mx\/#website","url":"https:\/\/quehacerpolitico.mx\/","name":"","description":"","potentialAction":[{"@type":"SearchAction","target":{"@type":"EntryPoint","urlTemplate":"https:\/\/quehacerpolitico.mx\/?s={search_term_string}"},"query-input":{"@type":"PropertyValueSpecification","valueRequired":true,"valueName":"search_term_string"}}],"inLanguage":"es"},{"@type":"Person","@id":"https:\/\/quehacerpolitico.mx\/#\/schema\/person\/496d8ad2d1d3f8036101dca7ee39e585","name":"Redacci\u00f3n QP","image":{"@type":"ImageObject","inLanguage":"es","@id":"https:\/\/secure.gravatar.com\/avatar\/c7164ed6fdec453195284ad24a5ae5b6e1eed2b848477fa2a4787ba9adf39a41?s=96&d=mm&r=g","url":"https:\/\/secure.gravatar.com\/avatar\/c7164ed6fdec453195284ad24a5ae5b6e1eed2b848477fa2a4787ba9adf39a41?s=96&d=mm&r=g","contentUrl":"https:\/\/secure.gravatar.com\/avatar\/c7164ed6fdec453195284ad24a5ae5b6e1eed2b848477fa2a4787ba9adf39a41?s=96&d=mm&r=g","caption":"Redacci\u00f3n QP"},"url":"https:\/\/quehacerpolitico.mx\/?author=2"}]}},"featured_image_urls":{"full":["https:\/\/quehacerpolitico.mx\/wp-content\/uploads\/2021\/10\/7944F2A0-9B0F-4F36-98CA-D83AA474BB8C.jpeg",678,452,false],"thumbnail":["https:\/\/quehacerpolitico.mx\/wp-content\/uploads\/2021\/10\/7944F2A0-9B0F-4F36-98CA-D83AA474BB8C-150x150.jpeg",150,150,true],"medium":["https:\/\/quehacerpolitico.mx\/wp-content\/uploads\/2021\/10\/7944F2A0-9B0F-4F36-98CA-D83AA474BB8C-300x200.jpeg",300,200,true],"medium_large":["https:\/\/quehacerpolitico.mx\/wp-content\/uploads\/2021\/10\/7944F2A0-9B0F-4F36-98CA-D83AA474BB8C.jpeg",640,427,false],"large":["https:\/\/quehacerpolitico.mx\/wp-content\/uploads\/2021\/10\/7944F2A0-9B0F-4F36-98CA-D83AA474BB8C.jpeg",640,427,false],"1536x1536":["https:\/\/quehacerpolitico.mx\/wp-content\/uploads\/2021\/10\/7944F2A0-9B0F-4F36-98CA-D83AA474BB8C.jpeg",678,452,false],"2048x2048":["https:\/\/quehacerpolitico.mx\/wp-content\/uploads\/2021\/10\/7944F2A0-9B0F-4F36-98CA-D83AA474BB8C.jpeg",678,452,false],"covernews-featured":["https:\/\/quehacerpolitico.mx\/wp-content\/uploads\/2021\/10\/7944F2A0-9B0F-4F36-98CA-D83AA474BB8C.jpeg",678,452,false],"covernews-medium":["https:\/\/quehacerpolitico.mx\/wp-content\/uploads\/2021\/10\/7944F2A0-9B0F-4F36-98CA-D83AA474BB8C.jpeg",510,340,false]},"author_info":{"display_name":"Redacci\u00f3n QP","author_link":"https:\/\/quehacerpolitico.mx\/?author=2"},"category_info":"<a href=\"https:\/\/quehacerpolitico.mx\/?cat=2\" rel=\"category\">Noticias<\/a>","tag_info":"Noticias","comment_count":"0","_links":{"self":[{"href":"https:\/\/quehacerpolitico.mx\/index.php?rest_route=\/wp\/v2\/posts\/86444","targetHints":{"allow":["GET"]}}],"collection":[{"href":"https:\/\/quehacerpolitico.mx\/index.php?rest_route=\/wp\/v2\/posts"}],"about":[{"href":"https:\/\/quehacerpolitico.mx\/index.php?rest_route=\/wp\/v2\/types\/post"}],"author":[{"embeddable":true,"href":"https:\/\/quehacerpolitico.mx\/index.php?rest_route=\/wp\/v2\/users\/2"}],"replies":[{"embeddable":true,"href":"https:\/\/quehacerpolitico.mx\/index.php?rest_route=%2Fwp%2Fv2%2Fcomments&post=86444"}],"version-history":[{"count":1,"href":"https:\/\/quehacerpolitico.mx\/index.php?rest_route=\/wp\/v2\/posts\/86444\/revisions"}],"predecessor-version":[{"id":86445,"href":"https:\/\/quehacerpolitico.mx\/index.php?rest_route=\/wp\/v2\/posts\/86444\/revisions\/86445"}],"wp:featuredmedia":[{"embeddable":true,"href":"https:\/\/quehacerpolitico.mx\/index.php?rest_route=\/wp\/v2\/media\/85964"}],"wp:attachment":[{"href":"https:\/\/quehacerpolitico.mx\/index.php?rest_route=%2Fwp%2Fv2%2Fmedia&parent=86444"}],"wp:term":[{"taxonomy":"category","embeddable":true,"href":"https:\/\/quehacerpolitico.mx\/index.php?rest_route=%2Fwp%2Fv2%2Fcategories&post=86444"},{"taxonomy":"post_tag","embeddable":true,"href":"https:\/\/quehacerpolitico.mx\/index.php?rest_route=%2Fwp%2Fv2%2Ftags&post=86444"}],"curies":[{"name":"wp","href":"https:\/\/api.w.org\/{rel}","templated":true}]}}