{"id":86407,"date":"2021-11-08T19:21:11","date_gmt":"2021-11-08T19:21:11","guid":{"rendered":"https:\/\/quehacerpolitico.mx\/?p=86407"},"modified":"2021-11-08T19:21:14","modified_gmt":"2021-11-08T19:21:14","slug":"amlo-ve-escandaloso-que-funcionaria-acudiera-a-boda-en-avion-privado","status":"publish","type":"post","link":"https:\/\/quehacerpolitico.mx\/?p=86407","title":{"rendered":"AMLO ve &#8220;escandaloso&#8221; que funcionaria acudiera a boda en avi\u00f3n privado"},"content":{"rendered":"\n<p>Por Redacci\u00f3n QP<\/p>\n\n\n\n<p>L\u00f3pez Obrador recomend\u00f3 este lunes a los servidores p\u00fablicos que &#8220;act\u00faen con moderaci\u00f3n y con austeridad&#8221; y que sigan &#8220;el ejemplo&#8221; del expresidente Benito Ju\u00e1rez<\/p>\n\n\n\n<p>El Presidente\u00a0<strong>Andr\u00e9s Manuel L\u00f3pez Obrador\u00a0<\/strong>(AMLO) calific\u00f3 este lunes de &#8220;asunto escandaloso&#8221; la boda de altos funcionarios celebrada en Guatemala tras la cual dimiti\u00f3 la secretaria de Turismo de Ciudad de M\u00e9xico,\u00a0<strong>Paola F\u00e9lix<\/strong>, por haber ido en un avi\u00f3n privado.<\/p>\n\n\n\n<p><strong>&#8220;Es un asunto escandaloso, a\u00fan cuando se trata de un evento privado, los asuntos p\u00fablicos en M\u00e9xico son cada vez m\u00e1s p\u00fablicos y se sabe m\u00e1s de los asuntos privados&#8221;<\/strong>, respondi\u00f3 el mandatario en su rueda de prensa matutina en Palacio Nacional.<\/p>\n\n\n\n<figure class=\"wp-block-embed is-type-rich is-provider-twitter wp-block-embed-twitter\"><div class=\"wp-block-embed__wrapper\">\n<blockquote class=\"twitter-tweet\" data-width=\"550\" data-dnt=\"true\"><p lang=\"es\" dir=\"ltr\">Sobre la boda de Santiago Nieto&#8230; Antes hab\u00eda mucha ostentaci\u00f3n y derroche pero todo se silenciaba. Por eso hay que pedirle a todos los servidores p\u00fablicos sigan el ejemplo de Ju\u00e1rez.<br>Spoiler: confirma que s\u00ed hubo detenci\u00f3n en <a href=\"https:\/\/twitter.com\/hashtag\/Guatemala?src=hash&amp;ref_src=twsrc%5Etfw\">#Guatemala<\/a> y afirma que el dinero era de Ealy Ort\u00edz <a href=\"https:\/\/t.co\/ja3AWrznZz\">pic.twitter.com\/ja3AWrznZz<\/a><\/p>&mdash; Avi \ud83e\udd86 (@avieu) <a href=\"https:\/\/twitter.com\/avieu\/status\/1457718702883938309?ref_src=twsrc%5Etfw\">November 8, 2021<\/a><\/blockquote><script async src=\"https:\/\/platform.twitter.com\/widgets.js\" charset=\"utf-8\"><\/script>\n<\/div><\/figure>\n\n\n\n<p>La ostentosa boda entre el jefe de la Unidad de Inteligencia Financiera (UIF), Santiago Nieto, y la consejera electoral Carla Humphrey el fin de semana en Antigua Guatemala estuvo rodeada de pol\u00e9mica. Tras asistir al encuentro, la secretaria de Turismo de la capital, Paola F\u00e9lix, dej\u00f3 el cargo por haber usado un avi\u00f3n privado para acudir al pa\u00eds vecino, algo que tienen prohibido los funcionarios.<\/p>\n\n\n\n<figure class=\"wp-block-embed is-type-rich is-provider-twitter wp-block-embed-twitter\"><div class=\"wp-block-embed__wrapper\">\n<blockquote class=\"twitter-tweet\" data-width=\"550\" data-dnt=\"true\"><p lang=\"es\" dir=\"ltr\">Paola F\u00e9lix present\u00f3 su renuncia al cargo que ten\u00eda en la Ciudad de M\u00e9xico, la cual fue aceptada por el <a href=\"https:\/\/twitter.com\/GobCDMX?ref_src=twsrc%5Etfw\">@GobCDMX<\/a> alegando los principios de la Austeridad Republicana. <a href=\"https:\/\/t.co\/kh54OwnikD\">pic.twitter.com\/kh54OwnikD<\/a><\/p>&mdash; Ruido en la Red (@RuidoEnLaRed) <a href=\"https:\/\/twitter.com\/RuidoEnLaRed\/status\/1457782160857862155?ref_src=twsrc%5Etfw\">November 8, 2021<\/a><\/blockquote><script async src=\"https:\/\/platform.twitter.com\/widgets.js\" charset=\"utf-8\"><\/script>\n<\/div><\/figure>\n\n\n\n<p>L\u00f3pez Obrador recomend\u00f3 este lunes a los servidores p\u00fablicos que &#8220;act\u00faen con moderaci\u00f3n y con austeridad&#8221; y que sigan &#8220;el ejemplo&#8221; del expresidente Benito Ju\u00e1rez, quien dec\u00eda que los funcionarios deb\u00edan &#8220;vivir en la justa median\u00eda&#8221;.<\/p>\n\n\n\n<p>En un inicio, se public\u00f3 que la secretaria de Turismo hab\u00eda sido detenida en Guatemala por llevar una elevada cantidad de dinero en efectivo, pero L\u00f3pez Obrador asegur\u00f3 este lunes que el dinero era del presidente del peri\u00f3dico El Universal, Juan Francisco Ealy Ortiz.<\/p>\n\n\n\n<figure class=\"wp-block-embed is-type-rich is-provider-twitter wp-block-embed-twitter\"><div class=\"wp-block-embed__wrapper\">\n<blockquote class=\"twitter-tweet\" data-width=\"550\" data-dnt=\"true\"><p lang=\"es\" dir=\"ltr\">Aclaraci\u00f3n que aparece hoy en la columna Bajo Reserva de <a href=\"https:\/\/twitter.com\/El_Universal_Mx?ref_src=twsrc%5Etfw\">@El_Universal_Mx<\/a> sobre el tema de los d\u00f3lares en el vuelo privado a Guatemala \ud83d\udc49 <a href=\"https:\/\/t.co\/FJcoxLLPvb\">pic.twitter.com\/FJcoxLLPvb<\/a><\/p>&mdash; Pascal (@beltrandelrio) <a href=\"https:\/\/twitter.com\/beltrandelrio\/status\/1457688422953492483?ref_src=twsrc%5Etfw\">November 8, 2021<\/a><\/blockquote><script async src=\"https:\/\/platform.twitter.com\/widgets.js\" charset=\"utf-8\"><\/script>\n<\/div><\/figure>\n\n\n\n<p>AMLO, quien ha hecho de la austeridad y del combate a la corrupci\u00f3n su bandera pol\u00edtica, dijo que fue invitado a la boda pero no fue porque tiene&nbsp;<strong>&#8220;muchas ocupaciones&#8221;<\/strong>.<\/p>\n\n\n\n<p>Seg\u00fan dijo, solo sale\u00a0<strong>&#8220;una vez al a\u00f1o&#8221;<\/strong>\u00a0a un restaurante de la Ciudad de M\u00e9xico para celebrar el cumplea\u00f1os de su esposa, Beatriz Guti\u00e9rrez M\u00fcller.<\/p>\n\n\n\n<p>Paola F\u00e9lix anunci\u00f3 el s\u00e1bado su renuncia tras acudir a un &#8220;evento social&#8221; en Guatemala, si bien matiz\u00f3 que no cometi\u00f3 &#8220;ninguna actividad il\u00edcita&#8221; ni fue &#8220;detenida&#8221; tal y como se hab\u00eda publicado.<\/p>\n\n\n\n<p>La jefa de Gobierno de la capital, Claudia Sheinbaum, dijo el domingo que F\u00e9lix fue una funcionaria &#8220;muy eficiente&#8221; pero que los altos funcionarios tienen prohibido viajar en avi\u00f3n privado.<\/p>\n\n\n\n<p><strong>&#8220;No lo vamos a permitir, luchamos durante muchos a\u00f1os para que un servidor p\u00fablico no llegase al Gobierno de la Ciudad a querer seguir actuando como actuaban los anteriores gobiernos, eso se acab\u00f3.\u00a0<\/strong>En el Gobierno de la ciudad, nada de usar aviones privados, aqu\u00ed somos ciudadanos gobernando ciudadanos&#8221;, afirm\u00f3 la alcaldesa.<\/p>\n\n\n\n<p>Con Informaci\u00f3n de EFE<\/p>\n","protected":false},"excerpt":{"rendered":"<p>Por Redacci\u00f3n QP L\u00f3pez Obrador recomend\u00f3 este lunes a los servidores p\u00fablicos que &#8220;act\u00faen con&#8230;<\/p>\n","protected":false},"author":2,"featured_media":86408,"comment_status":"open","ping_status":"open","sticky":false,"template":"","format":"standard","meta":{"_monsterinsights_skip_tracking":false,"_monsterinsights_sitenote_active":false,"_monsterinsights_sitenote_note":"","_monsterinsights_sitenote_category":0,"footnotes":""},"categories":[2],"tags":[],"class_list":["post-86407","post","type-post","status-publish","format-standard","has-post-thumbnail","hentry","category-noticias"],"yoast_head":"<!-- This site is optimized with the Yoast SEO plugin v27.3 - https:\/\/yoast.com\/product\/yoast-seo-wordpress\/ -->\n<title>AMLO ve &quot;escandaloso&quot; que funcionaria acudiera a boda en avi\u00f3n privado -<\/title>\n<meta name=\"robots\" content=\"index, follow, max-snippet:-1, max-image-preview:large, max-video-preview:-1\" \/>\n<link rel=\"canonical\" href=\"https:\/\/quehacerpolitico.mx\/?p=86407\" \/>\n<meta property=\"og:locale\" content=\"es_MX\" \/>\n<meta property=\"og:type\" content=\"article\" \/>\n<meta property=\"og:title\" content=\"AMLO ve &quot;escandaloso&quot; que funcionaria acudiera a boda en avi\u00f3n privado -\" \/>\n<meta property=\"og:description\" content=\"Por Redacci\u00f3n QP L\u00f3pez Obrador recomend\u00f3 este lunes a los servidores p\u00fablicos que &#8220;act\u00faen con...\" \/>\n<meta property=\"og:url\" content=\"https:\/\/quehacerpolitico.mx\/?p=86407\" \/>\n<meta property=\"article:published_time\" content=\"2021-11-08T19:21:11+00:00\" \/>\n<meta property=\"article:modified_time\" content=\"2021-11-08T19:21:14+00:00\" \/>\n<meta property=\"og:image\" content=\"https:\/\/quehacerpolitico.mx\/wp-content\/uploads\/2021\/11\/597C26F4-4C63-428B-8913-27EC7801712E.jpeg\" \/>\n\t<meta property=\"og:image:width\" content=\"1284\" \/>\n\t<meta property=\"og:image:height\" content=\"704\" \/>\n\t<meta property=\"og:image:type\" content=\"image\/jpeg\" \/>\n<meta name=\"author\" content=\"Redacci\u00f3n QP\" \/>\n<meta name=\"twitter:card\" content=\"summary_large_image\" \/>\n<meta name=\"twitter:label1\" content=\"Escrito por\" \/>\n\t<meta name=\"twitter:data1\" content=\"Redacci\u00f3n QP\" \/>\n\t<meta name=\"twitter:label2\" content=\"Tiempo de lectura\" \/>\n\t<meta name=\"twitter:data2\" content=\"3 minutos\" \/>\n<script type=\"application\/ld+json\" class=\"yoast-schema-graph\">{\"@context\":\"https:\\\/\\\/schema.org\",\"@graph\":[{\"@type\":\"Article\",\"@id\":\"https:\\\/\\\/quehacerpolitico.mx\\\/?p=86407#article\",\"isPartOf\":{\"@id\":\"https:\\\/\\\/quehacerpolitico.mx\\\/?p=86407\"},\"author\":{\"name\":\"Redacci\u00f3n QP\",\"@id\":\"https:\\\/\\\/quehacerpolitico.mx\\\/#\\\/schema\\\/person\\\/496d8ad2d1d3f8036101dca7ee39e585\"},\"headline\":\"AMLO ve &#8220;escandaloso&#8221; que funcionaria acudiera a boda en avi\u00f3n privado\",\"datePublished\":\"2021-11-08T19:21:11+00:00\",\"dateModified\":\"2021-11-08T19:21:14+00:00\",\"mainEntityOfPage\":{\"@id\":\"https:\\\/\\\/quehacerpolitico.mx\\\/?p=86407\"},\"wordCount\":512,\"commentCount\":0,\"image\":{\"@id\":\"https:\\\/\\\/quehacerpolitico.mx\\\/?p=86407#primaryimage\"},\"thumbnailUrl\":\"https:\\\/\\\/quehacerpolitico.mx\\\/wp-content\\\/uploads\\\/2021\\\/11\\\/597C26F4-4C63-428B-8913-27EC7801712E.jpeg\",\"articleSection\":[\"Noticias\"],\"inLanguage\":\"es\",\"potentialAction\":[{\"@type\":\"CommentAction\",\"name\":\"Comment\",\"target\":[\"https:\\\/\\\/quehacerpolitico.mx\\\/?p=86407#respond\"]}]},{\"@type\":\"WebPage\",\"@id\":\"https:\\\/\\\/quehacerpolitico.mx\\\/?p=86407\",\"url\":\"https:\\\/\\\/quehacerpolitico.mx\\\/?p=86407\",\"name\":\"AMLO ve \\\"escandaloso\\\" que funcionaria acudiera a boda en avi\u00f3n privado -\",\"isPartOf\":{\"@id\":\"https:\\\/\\\/quehacerpolitico.mx\\\/#website\"},\"primaryImageOfPage\":{\"@id\":\"https:\\\/\\\/quehacerpolitico.mx\\\/?p=86407#primaryimage\"},\"image\":{\"@id\":\"https:\\\/\\\/quehacerpolitico.mx\\\/?p=86407#primaryimage\"},\"thumbnailUrl\":\"https:\\\/\\\/quehacerpolitico.mx\\\/wp-content\\\/uploads\\\/2021\\\/11\\\/597C26F4-4C63-428B-8913-27EC7801712E.jpeg\",\"datePublished\":\"2021-11-08T19:21:11+00:00\",\"dateModified\":\"2021-11-08T19:21:14+00:00\",\"author\":{\"@id\":\"https:\\\/\\\/quehacerpolitico.mx\\\/#\\\/schema\\\/person\\\/496d8ad2d1d3f8036101dca7ee39e585\"},\"breadcrumb\":{\"@id\":\"https:\\\/\\\/quehacerpolitico.mx\\\/?p=86407#breadcrumb\"},\"inLanguage\":\"es\",\"potentialAction\":[{\"@type\":\"ReadAction\",\"target\":[\"https:\\\/\\\/quehacerpolitico.mx\\\/?p=86407\"]}]},{\"@type\":\"ImageObject\",\"inLanguage\":\"es\",\"@id\":\"https:\\\/\\\/quehacerpolitico.mx\\\/?p=86407#primaryimage\",\"url\":\"https:\\\/\\\/quehacerpolitico.mx\\\/wp-content\\\/uploads\\\/2021\\\/11\\\/597C26F4-4C63-428B-8913-27EC7801712E.jpeg\",\"contentUrl\":\"https:\\\/\\\/quehacerpolitico.mx\\\/wp-content\\\/uploads\\\/2021\\\/11\\\/597C26F4-4C63-428B-8913-27EC7801712E.jpeg\",\"width\":1284,\"height\":704},{\"@type\":\"BreadcrumbList\",\"@id\":\"https:\\\/\\\/quehacerpolitico.mx\\\/?p=86407#breadcrumb\",\"itemListElement\":[{\"@type\":\"ListItem\",\"position\":1,\"name\":\"Inicio\",\"item\":\"https:\\\/\\\/quehacerpolitico.mx\\\/\"},{\"@type\":\"ListItem\",\"position\":2,\"name\":\"AMLO ve &#8220;escandaloso&#8221; que funcionaria acudiera a boda en avi\u00f3n privado\"}]},{\"@type\":\"WebSite\",\"@id\":\"https:\\\/\\\/quehacerpolitico.mx\\\/#website\",\"url\":\"https:\\\/\\\/quehacerpolitico.mx\\\/\",\"name\":\"\",\"description\":\"\",\"potentialAction\":[{\"@type\":\"SearchAction\",\"target\":{\"@type\":\"EntryPoint\",\"urlTemplate\":\"https:\\\/\\\/quehacerpolitico.mx\\\/?s={search_term_string}\"},\"query-input\":{\"@type\":\"PropertyValueSpecification\",\"valueRequired\":true,\"valueName\":\"search_term_string\"}}],\"inLanguage\":\"es\"},{\"@type\":\"Person\",\"@id\":\"https:\\\/\\\/quehacerpolitico.mx\\\/#\\\/schema\\\/person\\\/496d8ad2d1d3f8036101dca7ee39e585\",\"name\":\"Redacci\u00f3n QP\",\"image\":{\"@type\":\"ImageObject\",\"inLanguage\":\"es\",\"@id\":\"https:\\\/\\\/secure.gravatar.com\\\/avatar\\\/c7164ed6fdec453195284ad24a5ae5b6e1eed2b848477fa2a4787ba9adf39a41?s=96&d=mm&r=g\",\"url\":\"https:\\\/\\\/secure.gravatar.com\\\/avatar\\\/c7164ed6fdec453195284ad24a5ae5b6e1eed2b848477fa2a4787ba9adf39a41?s=96&d=mm&r=g\",\"contentUrl\":\"https:\\\/\\\/secure.gravatar.com\\\/avatar\\\/c7164ed6fdec453195284ad24a5ae5b6e1eed2b848477fa2a4787ba9adf39a41?s=96&d=mm&r=g\",\"caption\":\"Redacci\u00f3n QP\"},\"url\":\"https:\\\/\\\/quehacerpolitico.mx\\\/?author=2\"}]}<\/script>\n<!-- \/ Yoast SEO plugin. -->","yoast_head_json":{"title":"AMLO ve \"escandaloso\" que funcionaria acudiera a boda en avi\u00f3n privado -","robots":{"index":"index","follow":"follow","max-snippet":"max-snippet:-1","max-image-preview":"max-image-preview:large","max-video-preview":"max-video-preview:-1"},"canonical":"https:\/\/quehacerpolitico.mx\/?p=86407","og_locale":"es_MX","og_type":"article","og_title":"AMLO ve \"escandaloso\" que funcionaria acudiera a boda en avi\u00f3n privado -","og_description":"Por Redacci\u00f3n QP L\u00f3pez Obrador recomend\u00f3 este lunes a los servidores p\u00fablicos que &#8220;act\u00faen con...","og_url":"https:\/\/quehacerpolitico.mx\/?p=86407","article_published_time":"2021-11-08T19:21:11+00:00","article_modified_time":"2021-11-08T19:21:14+00:00","og_image":[{"width":1284,"height":704,"url":"https:\/\/quehacerpolitico.mx\/wp-content\/uploads\/2021\/11\/597C26F4-4C63-428B-8913-27EC7801712E.jpeg","type":"image\/jpeg"}],"author":"Redacci\u00f3n QP","twitter_card":"summary_large_image","twitter_misc":{"Escrito por":"Redacci\u00f3n QP","Tiempo de lectura":"3 minutos"},"schema":{"@context":"https:\/\/schema.org","@graph":[{"@type":"Article","@id":"https:\/\/quehacerpolitico.mx\/?p=86407#article","isPartOf":{"@id":"https:\/\/quehacerpolitico.mx\/?p=86407"},"author":{"name":"Redacci\u00f3n QP","@id":"https:\/\/quehacerpolitico.mx\/#\/schema\/person\/496d8ad2d1d3f8036101dca7ee39e585"},"headline":"AMLO ve &#8220;escandaloso&#8221; que funcionaria acudiera a boda en avi\u00f3n privado","datePublished":"2021-11-08T19:21:11+00:00","dateModified":"2021-11-08T19:21:14+00:00","mainEntityOfPage":{"@id":"https:\/\/quehacerpolitico.mx\/?p=86407"},"wordCount":512,"commentCount":0,"image":{"@id":"https:\/\/quehacerpolitico.mx\/?p=86407#primaryimage"},"thumbnailUrl":"https:\/\/quehacerpolitico.mx\/wp-content\/uploads\/2021\/11\/597C26F4-4C63-428B-8913-27EC7801712E.jpeg","articleSection":["Noticias"],"inLanguage":"es","potentialAction":[{"@type":"CommentAction","name":"Comment","target":["https:\/\/quehacerpolitico.mx\/?p=86407#respond"]}]},{"@type":"WebPage","@id":"https:\/\/quehacerpolitico.mx\/?p=86407","url":"https:\/\/quehacerpolitico.mx\/?p=86407","name":"AMLO ve \"escandaloso\" que funcionaria acudiera a boda en avi\u00f3n privado -","isPartOf":{"@id":"https:\/\/quehacerpolitico.mx\/#website"},"primaryImageOfPage":{"@id":"https:\/\/quehacerpolitico.mx\/?p=86407#primaryimage"},"image":{"@id":"https:\/\/quehacerpolitico.mx\/?p=86407#primaryimage"},"thumbnailUrl":"https:\/\/quehacerpolitico.mx\/wp-content\/uploads\/2021\/11\/597C26F4-4C63-428B-8913-27EC7801712E.jpeg","datePublished":"2021-11-08T19:21:11+00:00","dateModified":"2021-11-08T19:21:14+00:00","author":{"@id":"https:\/\/quehacerpolitico.mx\/#\/schema\/person\/496d8ad2d1d3f8036101dca7ee39e585"},"breadcrumb":{"@id":"https:\/\/quehacerpolitico.mx\/?p=86407#breadcrumb"},"inLanguage":"es","potentialAction":[{"@type":"ReadAction","target":["https:\/\/quehacerpolitico.mx\/?p=86407"]}]},{"@type":"ImageObject","inLanguage":"es","@id":"https:\/\/quehacerpolitico.mx\/?p=86407#primaryimage","url":"https:\/\/quehacerpolitico.mx\/wp-content\/uploads\/2021\/11\/597C26F4-4C63-428B-8913-27EC7801712E.jpeg","contentUrl":"https:\/\/quehacerpolitico.mx\/wp-content\/uploads\/2021\/11\/597C26F4-4C63-428B-8913-27EC7801712E.jpeg","width":1284,"height":704},{"@type":"BreadcrumbList","@id":"https:\/\/quehacerpolitico.mx\/?p=86407#breadcrumb","itemListElement":[{"@type":"ListItem","position":1,"name":"Inicio","item":"https:\/\/quehacerpolitico.mx\/"},{"@type":"ListItem","position":2,"name":"AMLO ve &#8220;escandaloso&#8221; que funcionaria acudiera a boda en avi\u00f3n privado"}]},{"@type":"WebSite","@id":"https:\/\/quehacerpolitico.mx\/#website","url":"https:\/\/quehacerpolitico.mx\/","name":"","description":"","potentialAction":[{"@type":"SearchAction","target":{"@type":"EntryPoint","urlTemplate":"https:\/\/quehacerpolitico.mx\/?s={search_term_string}"},"query-input":{"@type":"PropertyValueSpecification","valueRequired":true,"valueName":"search_term_string"}}],"inLanguage":"es"},{"@type":"Person","@id":"https:\/\/quehacerpolitico.mx\/#\/schema\/person\/496d8ad2d1d3f8036101dca7ee39e585","name":"Redacci\u00f3n QP","image":{"@type":"ImageObject","inLanguage":"es","@id":"https:\/\/secure.gravatar.com\/avatar\/c7164ed6fdec453195284ad24a5ae5b6e1eed2b848477fa2a4787ba9adf39a41?s=96&d=mm&r=g","url":"https:\/\/secure.gravatar.com\/avatar\/c7164ed6fdec453195284ad24a5ae5b6e1eed2b848477fa2a4787ba9adf39a41?s=96&d=mm&r=g","contentUrl":"https:\/\/secure.gravatar.com\/avatar\/c7164ed6fdec453195284ad24a5ae5b6e1eed2b848477fa2a4787ba9adf39a41?s=96&d=mm&r=g","caption":"Redacci\u00f3n QP"},"url":"https:\/\/quehacerpolitico.mx\/?author=2"}]}},"featured_image_urls":{"full":["https:\/\/quehacerpolitico.mx\/wp-content\/uploads\/2021\/11\/597C26F4-4C63-428B-8913-27EC7801712E.jpeg",1284,704,false],"thumbnail":["https:\/\/quehacerpolitico.mx\/wp-content\/uploads\/2021\/11\/597C26F4-4C63-428B-8913-27EC7801712E-150x150.jpeg",150,150,true],"medium":["https:\/\/quehacerpolitico.mx\/wp-content\/uploads\/2021\/11\/597C26F4-4C63-428B-8913-27EC7801712E-300x164.jpeg",300,164,true],"medium_large":["https:\/\/quehacerpolitico.mx\/wp-content\/uploads\/2021\/11\/597C26F4-4C63-428B-8913-27EC7801712E-768x421.jpeg",640,351,true],"large":["https:\/\/quehacerpolitico.mx\/wp-content\/uploads\/2021\/11\/597C26F4-4C63-428B-8913-27EC7801712E-1024x561.jpeg",640,351,true],"1536x1536":["https:\/\/quehacerpolitico.mx\/wp-content\/uploads\/2021\/11\/597C26F4-4C63-428B-8913-27EC7801712E.jpeg",1284,704,false],"2048x2048":["https:\/\/quehacerpolitico.mx\/wp-content\/uploads\/2021\/11\/597C26F4-4C63-428B-8913-27EC7801712E.jpeg",1284,704,false],"covernews-featured":["https:\/\/quehacerpolitico.mx\/wp-content\/uploads\/2021\/11\/597C26F4-4C63-428B-8913-27EC7801712E.jpeg",1024,561,false],"covernews-medium":["https:\/\/quehacerpolitico.mx\/wp-content\/uploads\/2021\/11\/597C26F4-4C63-428B-8913-27EC7801712E.jpeg",540,296,false]},"author_info":{"display_name":"Redacci\u00f3n QP","author_link":"https:\/\/quehacerpolitico.mx\/?author=2"},"category_info":"<a href=\"https:\/\/quehacerpolitico.mx\/?cat=2\" rel=\"category\">Noticias<\/a>","tag_info":"Noticias","comment_count":"0","_links":{"self":[{"href":"https:\/\/quehacerpolitico.mx\/index.php?rest_route=\/wp\/v2\/posts\/86407","targetHints":{"allow":["GET"]}}],"collection":[{"href":"https:\/\/quehacerpolitico.mx\/index.php?rest_route=\/wp\/v2\/posts"}],"about":[{"href":"https:\/\/quehacerpolitico.mx\/index.php?rest_route=\/wp\/v2\/types\/post"}],"author":[{"embeddable":true,"href":"https:\/\/quehacerpolitico.mx\/index.php?rest_route=\/wp\/v2\/users\/2"}],"replies":[{"embeddable":true,"href":"https:\/\/quehacerpolitico.mx\/index.php?rest_route=%2Fwp%2Fv2%2Fcomments&post=86407"}],"version-history":[{"count":1,"href":"https:\/\/quehacerpolitico.mx\/index.php?rest_route=\/wp\/v2\/posts\/86407\/revisions"}],"predecessor-version":[{"id":86409,"href":"https:\/\/quehacerpolitico.mx\/index.php?rest_route=\/wp\/v2\/posts\/86407\/revisions\/86409"}],"wp:featuredmedia":[{"embeddable":true,"href":"https:\/\/quehacerpolitico.mx\/index.php?rest_route=\/wp\/v2\/media\/86408"}],"wp:attachment":[{"href":"https:\/\/quehacerpolitico.mx\/index.php?rest_route=%2Fwp%2Fv2%2Fmedia&parent=86407"}],"wp:term":[{"taxonomy":"category","embeddable":true,"href":"https:\/\/quehacerpolitico.mx\/index.php?rest_route=%2Fwp%2Fv2%2Fcategories&post=86407"},{"taxonomy":"post_tag","embeddable":true,"href":"https:\/\/quehacerpolitico.mx\/index.php?rest_route=%2Fwp%2Fv2%2Ftags&post=86407"}],"curies":[{"name":"wp","href":"https:\/\/api.w.org\/{rel}","templated":true}]}}