{"id":86376,"date":"2021-11-07T06:04:38","date_gmt":"2021-11-07T06:04:38","guid":{"rendered":"https:\/\/quehacerpolitico.mx\/?p=86376"},"modified":"2021-11-07T06:09:44","modified_gmt":"2021-11-07T06:09:44","slug":"paola-felix-diaz-renuncia-como-secretaria-de-turismo-de-cdmx","status":"publish","type":"post","link":"https:\/\/quehacerpolitico.mx\/?p=86376","title":{"rendered":"Paola F\u00e9lix D\u00edaz renuncia como secretaria de Turismo de CDMX"},"content":{"rendered":"\n<p>Por Redacci\u00f3n QP<\/p>\n\n\n\n<p>El Gobierno de la Ciudad de M\u00e9xico dio a conocer que la jefa de Gobierno acept\u00f3 la renuncia de Paola F\u00e9lix D\u00edaz, como titular de la Secretar\u00eda de Turismo<\/p>\n\n\n\n<ul class=\"wp-block-list\"><li>La renuncia de Paola F\u00e9lix D\u00edaz se da luego de ser evidenciada por haber viajado a Guatemala en un vuelo privado<\/li><li>Paola F\u00e9lix arrib\u00f3, junto con otras personas, al Aeropuerto de Guatemala el 5 de noviembre<\/li><\/ul>\n\n\n\n<p>El&nbsp;Gobierno de la Ciudad de M\u00e9xico dio a conocer que&nbsp;la jefa de Gobierno acept\u00f3 la renuncia de&nbsp;<strong>Paola F\u00e9lix D\u00edaz<\/strong>, como titular de la&nbsp;<strong>Secretar\u00eda de Turismo.<\/strong><\/p>\n\n\n\n<figure class=\"wp-block-embed is-type-rich is-provider-twitter wp-block-embed-twitter\"><div class=\"wp-block-embed__wrapper\">\n<blockquote class=\"twitter-tweet\" data-width=\"550\" data-dnt=\"true\"><p lang=\"es\" dir=\"ltr\">El Gobierno de la Ciudad de M\u00e9xico informa: <a href=\"https:\/\/t.co\/7hpzIdvTk3\">pic.twitter.com\/7hpzIdvTk3<\/a><\/p>&mdash; Gobierno de la Ciudad de M\u00e9xico (@GobCDMX) <a href=\"https:\/\/twitter.com\/GobCDMX\/status\/1457111661546983431?ref_src=twsrc%5Etfw\">November 6, 2021<\/a><\/blockquote><script async src=\"https:\/\/platform.twitter.com\/widgets.js\" charset=\"utf-8\"><\/script>\n<\/div><\/figure>\n\n\n\n<p>En una tarjeta informativa se menciona que: \u201clos principios de la austeridad republicana son fundamentales para el gobierno capitalino, por lo que refrenda su compromiso con la honradez y transparencia\u201d.<\/p>\n\n\n\n<p>La renuncia de Paola F\u00e9lix D\u00edaz, se da luego de ser evidenciada por haber viajado a Guatemala en un vuelo privado el 5 de noviembre.<\/p>\n\n\n\n<p>&nbsp;Paola F\u00e9lix arrib\u00f3, junto con otras personas, al Aeropuerto de Guatemala.<\/p>\n\n\n\n<p>De acuerdo con la Unidad Especial contra Delitos en Aeropuertos y Aer\u00f3dromos de Guatemala, viajaban diez personas en un avi\u00f3n con matr\u00edcula xa-mha<\/p>\n\n\n\n<p>Una de ellas fue entrevistada por agentes de la Polic\u00eda Nacional, quienes detectaron algunas inconsistencias.<\/p>\n\n\n\n<p>La persona entrevistada no report\u00f3 35 mil d\u00f3lares que llevaban en efectivo. Nadie fue detenido por este asunto, pero el dinero fue incautado.<\/p>\n\n\n\n<p>Sobre este tema, Paola F\u00e9lix D\u00edaz public\u00f3 el siguiente mensaje en sus redes sociales:<\/p>\n\n\n\n<figure class=\"wp-block-embed is-type-rich is-provider-twitter wp-block-embed-twitter\"><div class=\"wp-block-embed__wrapper\">\n<blockquote class=\"twitter-tweet\" data-width=\"550\" data-dnt=\"true\"><p lang=\"es\" dir=\"ltr\">Me encuentro en Guatemala en un evento social al que fui invitada. Viaj\u00e9 en un vuelo privado, es falso que haya sido detenida y es falso que el vuelo lo pag\u00f3 un proveedor, No he cometido ninguna actividad il\u00edcita pero he decidido poner  a disposici\u00f3n de <a href=\"https:\/\/twitter.com\/Claudiashein?ref_src=twsrc%5Etfw\">@Claudiashein<\/a> mi renuncia.<\/p>&mdash; Paola F\u00e9lix D\u00edaz (@LaraPaola1) <a href=\"https:\/\/twitter.com\/LaraPaola1\/status\/1457096364807098368?ref_src=twsrc%5Etfw\">November 6, 2021<\/a><\/blockquote><script async src=\"https:\/\/platform.twitter.com\/widgets.js\" charset=\"utf-8\"><\/script>\n<\/div><\/figure>\n\n\n\n<p><em>\u201cMe encuentro en Guatemala en un evento social al que fui invitada. viaj\u00e9 en un vuelo privado, es falso que haya sido detenida y es falso que el vuelo lo pag\u00f3 un proveedor, no he cometido ninguna actividad il\u00edcita pero he decidido poner a disposici\u00f3n de la jefa de Gobierno, Claudia Sheinbaum, mi renuncia\u201d.<\/em><\/p>\n\n\n\n<figure class=\"wp-block-embed is-type-video is-provider-youtube wp-block-embed-youtube wp-embed-aspect-16-9 wp-has-aspect-ratio\"><div class=\"wp-block-embed__wrapper\">\nhttps:\/\/youtu.be\/CVOPL_yHXkg\n<\/div><\/figure>\n","protected":false},"excerpt":{"rendered":"<p>Por Redacci\u00f3n QP El Gobierno de la Ciudad de M\u00e9xico dio a conocer que la&#8230;<\/p>\n","protected":false},"author":2,"featured_media":86377,"comment_status":"open","ping_status":"open","sticky":false,"template":"","format":"standard","meta":{"_monsterinsights_skip_tracking":false,"_monsterinsights_sitenote_active":false,"_monsterinsights_sitenote_note":"","_monsterinsights_sitenote_category":0,"footnotes":""},"categories":[55],"tags":[],"class_list":["post-86376","post","type-post","status-publish","format-standard","has-post-thumbnail","hentry","category-cdmx"],"yoast_head":"<!-- This site is optimized with the Yoast SEO plugin v27.3 - https:\/\/yoast.com\/product\/yoast-seo-wordpress\/ -->\n<title>Paola F\u00e9lix D\u00edaz renuncia como secretaria de Turismo de CDMX -<\/title>\n<meta name=\"robots\" content=\"index, follow, max-snippet:-1, max-image-preview:large, max-video-preview:-1\" \/>\n<link rel=\"canonical\" href=\"https:\/\/quehacerpolitico.mx\/?p=86376\" \/>\n<meta property=\"og:locale\" content=\"es_MX\" \/>\n<meta property=\"og:type\" content=\"article\" \/>\n<meta property=\"og:title\" content=\"Paola F\u00e9lix D\u00edaz renuncia como secretaria de Turismo de CDMX -\" \/>\n<meta property=\"og:description\" content=\"Por Redacci\u00f3n QP El Gobierno de la Ciudad de M\u00e9xico dio a conocer que la...\" \/>\n<meta property=\"og:url\" content=\"https:\/\/quehacerpolitico.mx\/?p=86376\" \/>\n<meta property=\"article:published_time\" content=\"2021-11-07T06:04:38+00:00\" \/>\n<meta property=\"article:modified_time\" content=\"2021-11-07T06:09:44+00:00\" \/>\n<meta property=\"og:image\" content=\"https:\/\/quehacerpolitico.mx\/wp-content\/uploads\/2021\/11\/1F4BBFA2-A3E6-46FA-AA80-58059B4EB74F.jpeg\" \/>\n\t<meta property=\"og:image:width\" content=\"440\" \/>\n\t<meta property=\"og:image:height\" content=\"248\" \/>\n\t<meta property=\"og:image:type\" content=\"image\/jpeg\" \/>\n<meta name=\"author\" content=\"Redacci\u00f3n QP\" \/>\n<meta name=\"twitter:card\" content=\"summary_large_image\" \/>\n<meta name=\"twitter:label1\" content=\"Escrito por\" \/>\n\t<meta name=\"twitter:data1\" content=\"Redacci\u00f3n QP\" \/>\n\t<meta name=\"twitter:label2\" content=\"Tiempo de lectura\" \/>\n\t<meta name=\"twitter:data2\" content=\"2 minutos\" \/>\n<script type=\"application\/ld+json\" class=\"yoast-schema-graph\">{\"@context\":\"https:\\\/\\\/schema.org\",\"@graph\":[{\"@type\":\"Article\",\"@id\":\"https:\\\/\\\/quehacerpolitico.mx\\\/?p=86376#article\",\"isPartOf\":{\"@id\":\"https:\\\/\\\/quehacerpolitico.mx\\\/?p=86376\"},\"author\":{\"name\":\"Redacci\u00f3n QP\",\"@id\":\"https:\\\/\\\/quehacerpolitico.mx\\\/#\\\/schema\\\/person\\\/496d8ad2d1d3f8036101dca7ee39e585\"},\"headline\":\"Paola F\u00e9lix D\u00edaz renuncia como secretaria de Turismo de CDMX\",\"datePublished\":\"2021-11-07T06:04:38+00:00\",\"dateModified\":\"2021-11-07T06:09:44+00:00\",\"mainEntityOfPage\":{\"@id\":\"https:\\\/\\\/quehacerpolitico.mx\\\/?p=86376\"},\"wordCount\":347,\"commentCount\":0,\"image\":{\"@id\":\"https:\\\/\\\/quehacerpolitico.mx\\\/?p=86376#primaryimage\"},\"thumbnailUrl\":\"https:\\\/\\\/quehacerpolitico.mx\\\/wp-content\\\/uploads\\\/2021\\\/11\\\/1F4BBFA2-A3E6-46FA-AA80-58059B4EB74F.jpeg\",\"articleSection\":[\"CDMX\"],\"inLanguage\":\"es\",\"potentialAction\":[{\"@type\":\"CommentAction\",\"name\":\"Comment\",\"target\":[\"https:\\\/\\\/quehacerpolitico.mx\\\/?p=86376#respond\"]}]},{\"@type\":\"WebPage\",\"@id\":\"https:\\\/\\\/quehacerpolitico.mx\\\/?p=86376\",\"url\":\"https:\\\/\\\/quehacerpolitico.mx\\\/?p=86376\",\"name\":\"Paola F\u00e9lix D\u00edaz renuncia como secretaria de Turismo de CDMX -\",\"isPartOf\":{\"@id\":\"https:\\\/\\\/quehacerpolitico.mx\\\/#website\"},\"primaryImageOfPage\":{\"@id\":\"https:\\\/\\\/quehacerpolitico.mx\\\/?p=86376#primaryimage\"},\"image\":{\"@id\":\"https:\\\/\\\/quehacerpolitico.mx\\\/?p=86376#primaryimage\"},\"thumbnailUrl\":\"https:\\\/\\\/quehacerpolitico.mx\\\/wp-content\\\/uploads\\\/2021\\\/11\\\/1F4BBFA2-A3E6-46FA-AA80-58059B4EB74F.jpeg\",\"datePublished\":\"2021-11-07T06:04:38+00:00\",\"dateModified\":\"2021-11-07T06:09:44+00:00\",\"author\":{\"@id\":\"https:\\\/\\\/quehacerpolitico.mx\\\/#\\\/schema\\\/person\\\/496d8ad2d1d3f8036101dca7ee39e585\"},\"breadcrumb\":{\"@id\":\"https:\\\/\\\/quehacerpolitico.mx\\\/?p=86376#breadcrumb\"},\"inLanguage\":\"es\",\"potentialAction\":[{\"@type\":\"ReadAction\",\"target\":[\"https:\\\/\\\/quehacerpolitico.mx\\\/?p=86376\"]}]},{\"@type\":\"ImageObject\",\"inLanguage\":\"es\",\"@id\":\"https:\\\/\\\/quehacerpolitico.mx\\\/?p=86376#primaryimage\",\"url\":\"https:\\\/\\\/quehacerpolitico.mx\\\/wp-content\\\/uploads\\\/2021\\\/11\\\/1F4BBFA2-A3E6-46FA-AA80-58059B4EB74F.jpeg\",\"contentUrl\":\"https:\\\/\\\/quehacerpolitico.mx\\\/wp-content\\\/uploads\\\/2021\\\/11\\\/1F4BBFA2-A3E6-46FA-AA80-58059B4EB74F.jpeg\",\"width\":440,\"height\":248},{\"@type\":\"BreadcrumbList\",\"@id\":\"https:\\\/\\\/quehacerpolitico.mx\\\/?p=86376#breadcrumb\",\"itemListElement\":[{\"@type\":\"ListItem\",\"position\":1,\"name\":\"Inicio\",\"item\":\"https:\\\/\\\/quehacerpolitico.mx\\\/\"},{\"@type\":\"ListItem\",\"position\":2,\"name\":\"Paola F\u00e9lix D\u00edaz renuncia como secretaria de Turismo de CDMX\"}]},{\"@type\":\"WebSite\",\"@id\":\"https:\\\/\\\/quehacerpolitico.mx\\\/#website\",\"url\":\"https:\\\/\\\/quehacerpolitico.mx\\\/\",\"name\":\"\",\"description\":\"\",\"potentialAction\":[{\"@type\":\"SearchAction\",\"target\":{\"@type\":\"EntryPoint\",\"urlTemplate\":\"https:\\\/\\\/quehacerpolitico.mx\\\/?s={search_term_string}\"},\"query-input\":{\"@type\":\"PropertyValueSpecification\",\"valueRequired\":true,\"valueName\":\"search_term_string\"}}],\"inLanguage\":\"es\"},{\"@type\":\"Person\",\"@id\":\"https:\\\/\\\/quehacerpolitico.mx\\\/#\\\/schema\\\/person\\\/496d8ad2d1d3f8036101dca7ee39e585\",\"name\":\"Redacci\u00f3n QP\",\"image\":{\"@type\":\"ImageObject\",\"inLanguage\":\"es\",\"@id\":\"https:\\\/\\\/secure.gravatar.com\\\/avatar\\\/c7164ed6fdec453195284ad24a5ae5b6e1eed2b848477fa2a4787ba9adf39a41?s=96&d=mm&r=g\",\"url\":\"https:\\\/\\\/secure.gravatar.com\\\/avatar\\\/c7164ed6fdec453195284ad24a5ae5b6e1eed2b848477fa2a4787ba9adf39a41?s=96&d=mm&r=g\",\"contentUrl\":\"https:\\\/\\\/secure.gravatar.com\\\/avatar\\\/c7164ed6fdec453195284ad24a5ae5b6e1eed2b848477fa2a4787ba9adf39a41?s=96&d=mm&r=g\",\"caption\":\"Redacci\u00f3n QP\"},\"url\":\"https:\\\/\\\/quehacerpolitico.mx\\\/?author=2\"}]}<\/script>\n<!-- \/ Yoast SEO plugin. -->","yoast_head_json":{"title":"Paola F\u00e9lix D\u00edaz renuncia como secretaria de Turismo de CDMX -","robots":{"index":"index","follow":"follow","max-snippet":"max-snippet:-1","max-image-preview":"max-image-preview:large","max-video-preview":"max-video-preview:-1"},"canonical":"https:\/\/quehacerpolitico.mx\/?p=86376","og_locale":"es_MX","og_type":"article","og_title":"Paola F\u00e9lix D\u00edaz renuncia como secretaria de Turismo de CDMX -","og_description":"Por Redacci\u00f3n QP El Gobierno de la Ciudad de M\u00e9xico dio a conocer que la...","og_url":"https:\/\/quehacerpolitico.mx\/?p=86376","article_published_time":"2021-11-07T06:04:38+00:00","article_modified_time":"2021-11-07T06:09:44+00:00","og_image":[{"width":440,"height":248,"url":"https:\/\/quehacerpolitico.mx\/wp-content\/uploads\/2021\/11\/1F4BBFA2-A3E6-46FA-AA80-58059B4EB74F.jpeg","type":"image\/jpeg"}],"author":"Redacci\u00f3n QP","twitter_card":"summary_large_image","twitter_misc":{"Escrito por":"Redacci\u00f3n QP","Tiempo de lectura":"2 minutos"},"schema":{"@context":"https:\/\/schema.org","@graph":[{"@type":"Article","@id":"https:\/\/quehacerpolitico.mx\/?p=86376#article","isPartOf":{"@id":"https:\/\/quehacerpolitico.mx\/?p=86376"},"author":{"name":"Redacci\u00f3n QP","@id":"https:\/\/quehacerpolitico.mx\/#\/schema\/person\/496d8ad2d1d3f8036101dca7ee39e585"},"headline":"Paola F\u00e9lix D\u00edaz renuncia como secretaria de Turismo de CDMX","datePublished":"2021-11-07T06:04:38+00:00","dateModified":"2021-11-07T06:09:44+00:00","mainEntityOfPage":{"@id":"https:\/\/quehacerpolitico.mx\/?p=86376"},"wordCount":347,"commentCount":0,"image":{"@id":"https:\/\/quehacerpolitico.mx\/?p=86376#primaryimage"},"thumbnailUrl":"https:\/\/quehacerpolitico.mx\/wp-content\/uploads\/2021\/11\/1F4BBFA2-A3E6-46FA-AA80-58059B4EB74F.jpeg","articleSection":["CDMX"],"inLanguage":"es","potentialAction":[{"@type":"CommentAction","name":"Comment","target":["https:\/\/quehacerpolitico.mx\/?p=86376#respond"]}]},{"@type":"WebPage","@id":"https:\/\/quehacerpolitico.mx\/?p=86376","url":"https:\/\/quehacerpolitico.mx\/?p=86376","name":"Paola F\u00e9lix D\u00edaz renuncia como secretaria de Turismo de CDMX -","isPartOf":{"@id":"https:\/\/quehacerpolitico.mx\/#website"},"primaryImageOfPage":{"@id":"https:\/\/quehacerpolitico.mx\/?p=86376#primaryimage"},"image":{"@id":"https:\/\/quehacerpolitico.mx\/?p=86376#primaryimage"},"thumbnailUrl":"https:\/\/quehacerpolitico.mx\/wp-content\/uploads\/2021\/11\/1F4BBFA2-A3E6-46FA-AA80-58059B4EB74F.jpeg","datePublished":"2021-11-07T06:04:38+00:00","dateModified":"2021-11-07T06:09:44+00:00","author":{"@id":"https:\/\/quehacerpolitico.mx\/#\/schema\/person\/496d8ad2d1d3f8036101dca7ee39e585"},"breadcrumb":{"@id":"https:\/\/quehacerpolitico.mx\/?p=86376#breadcrumb"},"inLanguage":"es","potentialAction":[{"@type":"ReadAction","target":["https:\/\/quehacerpolitico.mx\/?p=86376"]}]},{"@type":"ImageObject","inLanguage":"es","@id":"https:\/\/quehacerpolitico.mx\/?p=86376#primaryimage","url":"https:\/\/quehacerpolitico.mx\/wp-content\/uploads\/2021\/11\/1F4BBFA2-A3E6-46FA-AA80-58059B4EB74F.jpeg","contentUrl":"https:\/\/quehacerpolitico.mx\/wp-content\/uploads\/2021\/11\/1F4BBFA2-A3E6-46FA-AA80-58059B4EB74F.jpeg","width":440,"height":248},{"@type":"BreadcrumbList","@id":"https:\/\/quehacerpolitico.mx\/?p=86376#breadcrumb","itemListElement":[{"@type":"ListItem","position":1,"name":"Inicio","item":"https:\/\/quehacerpolitico.mx\/"},{"@type":"ListItem","position":2,"name":"Paola F\u00e9lix D\u00edaz renuncia como secretaria de Turismo de CDMX"}]},{"@type":"WebSite","@id":"https:\/\/quehacerpolitico.mx\/#website","url":"https:\/\/quehacerpolitico.mx\/","name":"","description":"","potentialAction":[{"@type":"SearchAction","target":{"@type":"EntryPoint","urlTemplate":"https:\/\/quehacerpolitico.mx\/?s={search_term_string}"},"query-input":{"@type":"PropertyValueSpecification","valueRequired":true,"valueName":"search_term_string"}}],"inLanguage":"es"},{"@type":"Person","@id":"https:\/\/quehacerpolitico.mx\/#\/schema\/person\/496d8ad2d1d3f8036101dca7ee39e585","name":"Redacci\u00f3n QP","image":{"@type":"ImageObject","inLanguage":"es","@id":"https:\/\/secure.gravatar.com\/avatar\/c7164ed6fdec453195284ad24a5ae5b6e1eed2b848477fa2a4787ba9adf39a41?s=96&d=mm&r=g","url":"https:\/\/secure.gravatar.com\/avatar\/c7164ed6fdec453195284ad24a5ae5b6e1eed2b848477fa2a4787ba9adf39a41?s=96&d=mm&r=g","contentUrl":"https:\/\/secure.gravatar.com\/avatar\/c7164ed6fdec453195284ad24a5ae5b6e1eed2b848477fa2a4787ba9adf39a41?s=96&d=mm&r=g","caption":"Redacci\u00f3n QP"},"url":"https:\/\/quehacerpolitico.mx\/?author=2"}]}},"featured_image_urls":{"full":["https:\/\/quehacerpolitico.mx\/wp-content\/uploads\/2021\/11\/1F4BBFA2-A3E6-46FA-AA80-58059B4EB74F.jpeg",440,248,false],"thumbnail":["https:\/\/quehacerpolitico.mx\/wp-content\/uploads\/2021\/11\/1F4BBFA2-A3E6-46FA-AA80-58059B4EB74F-150x150.jpeg",150,150,true],"medium":["https:\/\/quehacerpolitico.mx\/wp-content\/uploads\/2021\/11\/1F4BBFA2-A3E6-46FA-AA80-58059B4EB74F-300x169.jpeg",300,169,true],"medium_large":["https:\/\/quehacerpolitico.mx\/wp-content\/uploads\/2021\/11\/1F4BBFA2-A3E6-46FA-AA80-58059B4EB74F.jpeg",440,248,false],"large":["https:\/\/quehacerpolitico.mx\/wp-content\/uploads\/2021\/11\/1F4BBFA2-A3E6-46FA-AA80-58059B4EB74F.jpeg",440,248,false],"1536x1536":["https:\/\/quehacerpolitico.mx\/wp-content\/uploads\/2021\/11\/1F4BBFA2-A3E6-46FA-AA80-58059B4EB74F.jpeg",440,248,false],"2048x2048":["https:\/\/quehacerpolitico.mx\/wp-content\/uploads\/2021\/11\/1F4BBFA2-A3E6-46FA-AA80-58059B4EB74F.jpeg",440,248,false],"covernews-featured":["https:\/\/quehacerpolitico.mx\/wp-content\/uploads\/2021\/11\/1F4BBFA2-A3E6-46FA-AA80-58059B4EB74F.jpeg",440,248,false],"covernews-medium":["https:\/\/quehacerpolitico.mx\/wp-content\/uploads\/2021\/11\/1F4BBFA2-A3E6-46FA-AA80-58059B4EB74F.jpeg",440,248,false]},"author_info":{"display_name":"Redacci\u00f3n QP","author_link":"https:\/\/quehacerpolitico.mx\/?author=2"},"category_info":"<a href=\"https:\/\/quehacerpolitico.mx\/?cat=55\" rel=\"category\">CDMX<\/a>","tag_info":"CDMX","comment_count":"0","_links":{"self":[{"href":"https:\/\/quehacerpolitico.mx\/index.php?rest_route=\/wp\/v2\/posts\/86376","targetHints":{"allow":["GET"]}}],"collection":[{"href":"https:\/\/quehacerpolitico.mx\/index.php?rest_route=\/wp\/v2\/posts"}],"about":[{"href":"https:\/\/quehacerpolitico.mx\/index.php?rest_route=\/wp\/v2\/types\/post"}],"author":[{"embeddable":true,"href":"https:\/\/quehacerpolitico.mx\/index.php?rest_route=\/wp\/v2\/users\/2"}],"replies":[{"embeddable":true,"href":"https:\/\/quehacerpolitico.mx\/index.php?rest_route=%2Fwp%2Fv2%2Fcomments&post=86376"}],"version-history":[{"count":2,"href":"https:\/\/quehacerpolitico.mx\/index.php?rest_route=\/wp\/v2\/posts\/86376\/revisions"}],"predecessor-version":[{"id":86379,"href":"https:\/\/quehacerpolitico.mx\/index.php?rest_route=\/wp\/v2\/posts\/86376\/revisions\/86379"}],"wp:featuredmedia":[{"embeddable":true,"href":"https:\/\/quehacerpolitico.mx\/index.php?rest_route=\/wp\/v2\/media\/86377"}],"wp:attachment":[{"href":"https:\/\/quehacerpolitico.mx\/index.php?rest_route=%2Fwp%2Fv2%2Fmedia&parent=86376"}],"wp:term":[{"taxonomy":"category","embeddable":true,"href":"https:\/\/quehacerpolitico.mx\/index.php?rest_route=%2Fwp%2Fv2%2Fcategories&post=86376"},{"taxonomy":"post_tag","embeddable":true,"href":"https:\/\/quehacerpolitico.mx\/index.php?rest_route=%2Fwp%2Fv2%2Ftags&post=86376"}],"curies":[{"name":"wp","href":"https:\/\/api.w.org\/{rel}","templated":true}]}}