{"id":86368,"date":"2021-11-06T03:56:03","date_gmt":"2021-11-06T03:56:03","guid":{"rendered":"https:\/\/quehacerpolitico.mx\/?p=86368"},"modified":"2021-11-06T03:56:06","modified_gmt":"2021-11-06T03:56:06","slug":"ordenan-capturar-a-carlos-trevino-exdirector-de-pemex","status":"publish","type":"post","link":"https:\/\/quehacerpolitico.mx\/?p=86368","title":{"rendered":"Ordenan capturar a Carlos Trevi\u00f1o exdirector de Pemex"},"content":{"rendered":"\n<p>Por Redacci\u00f3n QP<\/p>\n\n\n\n<p>Trevi\u00f1o se encuentra en Estados Unidos, afirma su abogado<\/p>\n\n\n\n<p>Un juez federal mexicano gir\u00f3 una orden de&nbsp;<strong>aprehensi\u00f3n contra Carlos Trevi\u00f1o Medina, exdirector de Petr\u00f3leos Mexicanos (Pemex)<\/strong>, por no comparecer a una audiencia sobre acusaciones de la Fiscal\u00eda General de la Rep\u00fablica (FGR).<\/p>\n\n\n\n<p>Daniel Ram\u00edrez Pe\u00f1a, juez del Centro de Justicia Penal Federal de Almoloya de Ju\u00e1rez, orden\u00f3 la captura del ex funcionario, quien no se present\u00f3 en la audiencia el 7 de septiembre pasado, cuando la FGR buscaba imputarle los cargos de<strong>\u00a0asociaci\u00f3n delictuosa y lavado de dinero relacionadas con el caso Odebrecht.<\/strong><\/p>\n\n\n\n<p>Previo a confirmarse la orden de captura contra Trevi\u00f1o, su abogado \u00d3scar Zamudio asegur\u00f3 que el exdirector de Pemex\u00a0<strong>no se est\u00e1 escondiendo<\/strong>\u00a0y que actualmente est\u00e1 en Texas, donde las autoridades de Estados Unidos conocen el caso de Odebrecht.<\/p>\n\n\n\n<p>&#8220;Carlos no se est\u00e1 escondiendo, los est\u00e1 esperando. En Estados Unidos tienen conocimiento de todas estas mentiras, de todo el caso de Odebrecht, all\u00e1 saben que los se\u00f1alados por \u00e9l, son perseguidos, ya avis\u00f3 a las autoridades estadounidenses d\u00f3nde est\u00e1&#8221;, dijo.<\/p>\n\n\n\n<h2 class=\"wp-block-heading\">Denuncia de Emilio Lozoya<\/h2>\n\n\n\n<p>La acusaci\u00f3n contra Trevi\u00f1o, quien fue sucesor de Jos\u00e9 Antonio Gonz\u00e1lez Anaya en Pemex, deriv\u00f3 de la denuncia presentada el 11 de agosto de 2020 por el tambi\u00e9n exdirector de la paraestatal,\u00a0<strong>Emilio Lozoya<\/strong>.<\/p>\n\n\n\n<p>En la carpeta de investigaci\u00f3n, la FGR se\u00f1al\u00f3 que, seg\u00fan los dichos de Lozoya, el exdirector de Pemex recibi\u00f3 sobornos para la aprobaci\u00f3n de las reformas estructurales del expresidente Enrique Pe\u00f1a Nieto.<\/p>\n\n\n\n<p>Adem\u00e1s de la denuncia de Lozoya, existe una segunda denuncia en su contra derivada de las declaraciones de Norberto Gallardo, jefe de escoltas de Lozoya, quien dijo que \u00e9l llev\u00f3 personalmente 4 millones de pesos a Trevi\u00f1o hasta Tecamachalco, Estado de M\u00e9xico.<\/p>\n\n\n\n<p>Adem\u00e1s Lozoya mencion\u00f3 al exdirector de Pemex porque tambi\u00e9n supuestamente estuvo a cargo de operar los contratos y sobornos a la empresa Braskem, filial de Odebrecht, durante el sexenio de Felipe Calder\u00f3n, para que Pemex le vendiera a la brasile\u00f1a el Etano con un descuento de m\u00e1s del 25% sobre el precio del mercado.<\/p>\n\n\n\n<p>&#8220;Muchos panistas dentro del sexenio de Felipe Calder\u00f3n Hinojosa recibieron fuertes sumas de dinero y con ello Braskem se posicion\u00f3 tanto que incluso recuerdo que hicieron una parte de una sesi\u00f3n de su consejo de administraci\u00f3n en Los Pinos con la presencia de Felipe Calder\u00f3n Hinojosa&#8221;, se\u00f1al\u00f3 Lozoya sobre el caso Etileno XXI.<\/p>\n\n\n\n<p><em>Con informaci\u00f3n de SUN<\/em><\/p>\n","protected":false},"excerpt":{"rendered":"<p>Por Redacci\u00f3n QP Trevi\u00f1o se encuentra en Estados Unidos, afirma su abogado Un juez federal&#8230;<\/p>\n","protected":false},"author":2,"featured_media":86369,"comment_status":"open","ping_status":"open","sticky":false,"template":"","format":"standard","meta":{"_monsterinsights_skip_tracking":false,"_monsterinsights_sitenote_active":false,"_monsterinsights_sitenote_note":"","_monsterinsights_sitenote_category":0,"footnotes":""},"categories":[2],"tags":[],"class_list":["post-86368","post","type-post","status-publish","format-standard","has-post-thumbnail","hentry","category-noticias"],"yoast_head":"<!-- This site is optimized with the Yoast SEO plugin v27.3 - https:\/\/yoast.com\/product\/yoast-seo-wordpress\/ -->\n<title>Ordenan capturar a Carlos Trevi\u00f1o exdirector de Pemex -<\/title>\n<meta name=\"robots\" content=\"index, follow, max-snippet:-1, max-image-preview:large, max-video-preview:-1\" \/>\n<link rel=\"canonical\" href=\"https:\/\/quehacerpolitico.mx\/?p=86368\" \/>\n<meta property=\"og:locale\" content=\"es_MX\" \/>\n<meta property=\"og:type\" content=\"article\" \/>\n<meta property=\"og:title\" content=\"Ordenan capturar a Carlos Trevi\u00f1o exdirector de Pemex -\" \/>\n<meta property=\"og:description\" content=\"Por Redacci\u00f3n QP Trevi\u00f1o se encuentra en Estados Unidos, afirma su abogado Un juez federal...\" \/>\n<meta property=\"og:url\" content=\"https:\/\/quehacerpolitico.mx\/?p=86368\" \/>\n<meta property=\"article:published_time\" content=\"2021-11-06T03:56:03+00:00\" \/>\n<meta property=\"article:modified_time\" content=\"2021-11-06T03:56:06+00:00\" \/>\n<meta property=\"og:image\" content=\"https:\/\/quehacerpolitico.mx\/wp-content\/uploads\/2021\/11\/8ADE2899-1D33-44B3-9B8A-3F429A02131E.jpeg\" \/>\n\t<meta property=\"og:image:width\" content=\"706\" \/>\n\t<meta property=\"og:image:height\" content=\"434\" \/>\n\t<meta property=\"og:image:type\" content=\"image\/jpeg\" \/>\n<meta name=\"author\" content=\"Redacci\u00f3n QP\" \/>\n<meta name=\"twitter:card\" content=\"summary_large_image\" \/>\n<meta name=\"twitter:label1\" content=\"Escrito por\" \/>\n\t<meta name=\"twitter:data1\" content=\"Redacci\u00f3n QP\" \/>\n\t<meta name=\"twitter:label2\" content=\"Tiempo de lectura\" \/>\n\t<meta name=\"twitter:data2\" content=\"2 minutos\" \/>\n<script type=\"application\/ld+json\" class=\"yoast-schema-graph\">{\"@context\":\"https:\\\/\\\/schema.org\",\"@graph\":[{\"@type\":\"Article\",\"@id\":\"https:\\\/\\\/quehacerpolitico.mx\\\/?p=86368#article\",\"isPartOf\":{\"@id\":\"https:\\\/\\\/quehacerpolitico.mx\\\/?p=86368\"},\"author\":{\"name\":\"Redacci\u00f3n QP\",\"@id\":\"https:\\\/\\\/quehacerpolitico.mx\\\/#\\\/schema\\\/person\\\/496d8ad2d1d3f8036101dca7ee39e585\"},\"headline\":\"Ordenan capturar a Carlos Trevi\u00f1o exdirector de Pemex\",\"datePublished\":\"2021-11-06T03:56:03+00:00\",\"dateModified\":\"2021-11-06T03:56:06+00:00\",\"mainEntityOfPage\":{\"@id\":\"https:\\\/\\\/quehacerpolitico.mx\\\/?p=86368\"},\"wordCount\":443,\"commentCount\":0,\"image\":{\"@id\":\"https:\\\/\\\/quehacerpolitico.mx\\\/?p=86368#primaryimage\"},\"thumbnailUrl\":\"https:\\\/\\\/quehacerpolitico.mx\\\/wp-content\\\/uploads\\\/2021\\\/11\\\/8ADE2899-1D33-44B3-9B8A-3F429A02131E.jpeg\",\"articleSection\":[\"Noticias\"],\"inLanguage\":\"es\",\"potentialAction\":[{\"@type\":\"CommentAction\",\"name\":\"Comment\",\"target\":[\"https:\\\/\\\/quehacerpolitico.mx\\\/?p=86368#respond\"]}]},{\"@type\":\"WebPage\",\"@id\":\"https:\\\/\\\/quehacerpolitico.mx\\\/?p=86368\",\"url\":\"https:\\\/\\\/quehacerpolitico.mx\\\/?p=86368\",\"name\":\"Ordenan capturar a Carlos Trevi\u00f1o exdirector de Pemex -\",\"isPartOf\":{\"@id\":\"https:\\\/\\\/quehacerpolitico.mx\\\/#website\"},\"primaryImageOfPage\":{\"@id\":\"https:\\\/\\\/quehacerpolitico.mx\\\/?p=86368#primaryimage\"},\"image\":{\"@id\":\"https:\\\/\\\/quehacerpolitico.mx\\\/?p=86368#primaryimage\"},\"thumbnailUrl\":\"https:\\\/\\\/quehacerpolitico.mx\\\/wp-content\\\/uploads\\\/2021\\\/11\\\/8ADE2899-1D33-44B3-9B8A-3F429A02131E.jpeg\",\"datePublished\":\"2021-11-06T03:56:03+00:00\",\"dateModified\":\"2021-11-06T03:56:06+00:00\",\"author\":{\"@id\":\"https:\\\/\\\/quehacerpolitico.mx\\\/#\\\/schema\\\/person\\\/496d8ad2d1d3f8036101dca7ee39e585\"},\"breadcrumb\":{\"@id\":\"https:\\\/\\\/quehacerpolitico.mx\\\/?p=86368#breadcrumb\"},\"inLanguage\":\"es\",\"potentialAction\":[{\"@type\":\"ReadAction\",\"target\":[\"https:\\\/\\\/quehacerpolitico.mx\\\/?p=86368\"]}]},{\"@type\":\"ImageObject\",\"inLanguage\":\"es\",\"@id\":\"https:\\\/\\\/quehacerpolitico.mx\\\/?p=86368#primaryimage\",\"url\":\"https:\\\/\\\/quehacerpolitico.mx\\\/wp-content\\\/uploads\\\/2021\\\/11\\\/8ADE2899-1D33-44B3-9B8A-3F429A02131E.jpeg\",\"contentUrl\":\"https:\\\/\\\/quehacerpolitico.mx\\\/wp-content\\\/uploads\\\/2021\\\/11\\\/8ADE2899-1D33-44B3-9B8A-3F429A02131E.jpeg\",\"width\":706,\"height\":434},{\"@type\":\"BreadcrumbList\",\"@id\":\"https:\\\/\\\/quehacerpolitico.mx\\\/?p=86368#breadcrumb\",\"itemListElement\":[{\"@type\":\"ListItem\",\"position\":1,\"name\":\"Inicio\",\"item\":\"https:\\\/\\\/quehacerpolitico.mx\\\/\"},{\"@type\":\"ListItem\",\"position\":2,\"name\":\"Ordenan capturar a Carlos Trevi\u00f1o exdirector de Pemex\"}]},{\"@type\":\"WebSite\",\"@id\":\"https:\\\/\\\/quehacerpolitico.mx\\\/#website\",\"url\":\"https:\\\/\\\/quehacerpolitico.mx\\\/\",\"name\":\"\",\"description\":\"\",\"potentialAction\":[{\"@type\":\"SearchAction\",\"target\":{\"@type\":\"EntryPoint\",\"urlTemplate\":\"https:\\\/\\\/quehacerpolitico.mx\\\/?s={search_term_string}\"},\"query-input\":{\"@type\":\"PropertyValueSpecification\",\"valueRequired\":true,\"valueName\":\"search_term_string\"}}],\"inLanguage\":\"es\"},{\"@type\":\"Person\",\"@id\":\"https:\\\/\\\/quehacerpolitico.mx\\\/#\\\/schema\\\/person\\\/496d8ad2d1d3f8036101dca7ee39e585\",\"name\":\"Redacci\u00f3n QP\",\"image\":{\"@type\":\"ImageObject\",\"inLanguage\":\"es\",\"@id\":\"https:\\\/\\\/secure.gravatar.com\\\/avatar\\\/c7164ed6fdec453195284ad24a5ae5b6e1eed2b848477fa2a4787ba9adf39a41?s=96&d=mm&r=g\",\"url\":\"https:\\\/\\\/secure.gravatar.com\\\/avatar\\\/c7164ed6fdec453195284ad24a5ae5b6e1eed2b848477fa2a4787ba9adf39a41?s=96&d=mm&r=g\",\"contentUrl\":\"https:\\\/\\\/secure.gravatar.com\\\/avatar\\\/c7164ed6fdec453195284ad24a5ae5b6e1eed2b848477fa2a4787ba9adf39a41?s=96&d=mm&r=g\",\"caption\":\"Redacci\u00f3n QP\"},\"url\":\"https:\\\/\\\/quehacerpolitico.mx\\\/?author=2\"}]}<\/script>\n<!-- \/ Yoast SEO plugin. -->","yoast_head_json":{"title":"Ordenan capturar a Carlos Trevi\u00f1o exdirector de Pemex -","robots":{"index":"index","follow":"follow","max-snippet":"max-snippet:-1","max-image-preview":"max-image-preview:large","max-video-preview":"max-video-preview:-1"},"canonical":"https:\/\/quehacerpolitico.mx\/?p=86368","og_locale":"es_MX","og_type":"article","og_title":"Ordenan capturar a Carlos Trevi\u00f1o exdirector de Pemex -","og_description":"Por Redacci\u00f3n QP Trevi\u00f1o se encuentra en Estados Unidos, afirma su abogado Un juez federal...","og_url":"https:\/\/quehacerpolitico.mx\/?p=86368","article_published_time":"2021-11-06T03:56:03+00:00","article_modified_time":"2021-11-06T03:56:06+00:00","og_image":[{"width":706,"height":434,"url":"https:\/\/quehacerpolitico.mx\/wp-content\/uploads\/2021\/11\/8ADE2899-1D33-44B3-9B8A-3F429A02131E.jpeg","type":"image\/jpeg"}],"author":"Redacci\u00f3n QP","twitter_card":"summary_large_image","twitter_misc":{"Escrito por":"Redacci\u00f3n QP","Tiempo de lectura":"2 minutos"},"schema":{"@context":"https:\/\/schema.org","@graph":[{"@type":"Article","@id":"https:\/\/quehacerpolitico.mx\/?p=86368#article","isPartOf":{"@id":"https:\/\/quehacerpolitico.mx\/?p=86368"},"author":{"name":"Redacci\u00f3n QP","@id":"https:\/\/quehacerpolitico.mx\/#\/schema\/person\/496d8ad2d1d3f8036101dca7ee39e585"},"headline":"Ordenan capturar a Carlos Trevi\u00f1o exdirector de Pemex","datePublished":"2021-11-06T03:56:03+00:00","dateModified":"2021-11-06T03:56:06+00:00","mainEntityOfPage":{"@id":"https:\/\/quehacerpolitico.mx\/?p=86368"},"wordCount":443,"commentCount":0,"image":{"@id":"https:\/\/quehacerpolitico.mx\/?p=86368#primaryimage"},"thumbnailUrl":"https:\/\/quehacerpolitico.mx\/wp-content\/uploads\/2021\/11\/8ADE2899-1D33-44B3-9B8A-3F429A02131E.jpeg","articleSection":["Noticias"],"inLanguage":"es","potentialAction":[{"@type":"CommentAction","name":"Comment","target":["https:\/\/quehacerpolitico.mx\/?p=86368#respond"]}]},{"@type":"WebPage","@id":"https:\/\/quehacerpolitico.mx\/?p=86368","url":"https:\/\/quehacerpolitico.mx\/?p=86368","name":"Ordenan capturar a Carlos Trevi\u00f1o exdirector de Pemex -","isPartOf":{"@id":"https:\/\/quehacerpolitico.mx\/#website"},"primaryImageOfPage":{"@id":"https:\/\/quehacerpolitico.mx\/?p=86368#primaryimage"},"image":{"@id":"https:\/\/quehacerpolitico.mx\/?p=86368#primaryimage"},"thumbnailUrl":"https:\/\/quehacerpolitico.mx\/wp-content\/uploads\/2021\/11\/8ADE2899-1D33-44B3-9B8A-3F429A02131E.jpeg","datePublished":"2021-11-06T03:56:03+00:00","dateModified":"2021-11-06T03:56:06+00:00","author":{"@id":"https:\/\/quehacerpolitico.mx\/#\/schema\/person\/496d8ad2d1d3f8036101dca7ee39e585"},"breadcrumb":{"@id":"https:\/\/quehacerpolitico.mx\/?p=86368#breadcrumb"},"inLanguage":"es","potentialAction":[{"@type":"ReadAction","target":["https:\/\/quehacerpolitico.mx\/?p=86368"]}]},{"@type":"ImageObject","inLanguage":"es","@id":"https:\/\/quehacerpolitico.mx\/?p=86368#primaryimage","url":"https:\/\/quehacerpolitico.mx\/wp-content\/uploads\/2021\/11\/8ADE2899-1D33-44B3-9B8A-3F429A02131E.jpeg","contentUrl":"https:\/\/quehacerpolitico.mx\/wp-content\/uploads\/2021\/11\/8ADE2899-1D33-44B3-9B8A-3F429A02131E.jpeg","width":706,"height":434},{"@type":"BreadcrumbList","@id":"https:\/\/quehacerpolitico.mx\/?p=86368#breadcrumb","itemListElement":[{"@type":"ListItem","position":1,"name":"Inicio","item":"https:\/\/quehacerpolitico.mx\/"},{"@type":"ListItem","position":2,"name":"Ordenan capturar a Carlos Trevi\u00f1o exdirector de Pemex"}]},{"@type":"WebSite","@id":"https:\/\/quehacerpolitico.mx\/#website","url":"https:\/\/quehacerpolitico.mx\/","name":"","description":"","potentialAction":[{"@type":"SearchAction","target":{"@type":"EntryPoint","urlTemplate":"https:\/\/quehacerpolitico.mx\/?s={search_term_string}"},"query-input":{"@type":"PropertyValueSpecification","valueRequired":true,"valueName":"search_term_string"}}],"inLanguage":"es"},{"@type":"Person","@id":"https:\/\/quehacerpolitico.mx\/#\/schema\/person\/496d8ad2d1d3f8036101dca7ee39e585","name":"Redacci\u00f3n QP","image":{"@type":"ImageObject","inLanguage":"es","@id":"https:\/\/secure.gravatar.com\/avatar\/c7164ed6fdec453195284ad24a5ae5b6e1eed2b848477fa2a4787ba9adf39a41?s=96&d=mm&r=g","url":"https:\/\/secure.gravatar.com\/avatar\/c7164ed6fdec453195284ad24a5ae5b6e1eed2b848477fa2a4787ba9adf39a41?s=96&d=mm&r=g","contentUrl":"https:\/\/secure.gravatar.com\/avatar\/c7164ed6fdec453195284ad24a5ae5b6e1eed2b848477fa2a4787ba9adf39a41?s=96&d=mm&r=g","caption":"Redacci\u00f3n QP"},"url":"https:\/\/quehacerpolitico.mx\/?author=2"}]}},"featured_image_urls":{"full":["https:\/\/quehacerpolitico.mx\/wp-content\/uploads\/2021\/11\/8ADE2899-1D33-44B3-9B8A-3F429A02131E.jpeg",706,434,false],"thumbnail":["https:\/\/quehacerpolitico.mx\/wp-content\/uploads\/2021\/11\/8ADE2899-1D33-44B3-9B8A-3F429A02131E-150x150.jpeg",150,150,true],"medium":["https:\/\/quehacerpolitico.mx\/wp-content\/uploads\/2021\/11\/8ADE2899-1D33-44B3-9B8A-3F429A02131E-300x184.jpeg",300,184,true],"medium_large":["https:\/\/quehacerpolitico.mx\/wp-content\/uploads\/2021\/11\/8ADE2899-1D33-44B3-9B8A-3F429A02131E.jpeg",640,393,false],"large":["https:\/\/quehacerpolitico.mx\/wp-content\/uploads\/2021\/11\/8ADE2899-1D33-44B3-9B8A-3F429A02131E.jpeg",640,393,false],"1536x1536":["https:\/\/quehacerpolitico.mx\/wp-content\/uploads\/2021\/11\/8ADE2899-1D33-44B3-9B8A-3F429A02131E.jpeg",706,434,false],"2048x2048":["https:\/\/quehacerpolitico.mx\/wp-content\/uploads\/2021\/11\/8ADE2899-1D33-44B3-9B8A-3F429A02131E.jpeg",706,434,false],"covernews-featured":["https:\/\/quehacerpolitico.mx\/wp-content\/uploads\/2021\/11\/8ADE2899-1D33-44B3-9B8A-3F429A02131E.jpeg",706,434,false],"covernews-medium":["https:\/\/quehacerpolitico.mx\/wp-content\/uploads\/2021\/11\/8ADE2899-1D33-44B3-9B8A-3F429A02131E.jpeg",540,332,false]},"author_info":{"display_name":"Redacci\u00f3n QP","author_link":"https:\/\/quehacerpolitico.mx\/?author=2"},"category_info":"<a href=\"https:\/\/quehacerpolitico.mx\/?cat=2\" rel=\"category\">Noticias<\/a>","tag_info":"Noticias","comment_count":"0","_links":{"self":[{"href":"https:\/\/quehacerpolitico.mx\/index.php?rest_route=\/wp\/v2\/posts\/86368","targetHints":{"allow":["GET"]}}],"collection":[{"href":"https:\/\/quehacerpolitico.mx\/index.php?rest_route=\/wp\/v2\/posts"}],"about":[{"href":"https:\/\/quehacerpolitico.mx\/index.php?rest_route=\/wp\/v2\/types\/post"}],"author":[{"embeddable":true,"href":"https:\/\/quehacerpolitico.mx\/index.php?rest_route=\/wp\/v2\/users\/2"}],"replies":[{"embeddable":true,"href":"https:\/\/quehacerpolitico.mx\/index.php?rest_route=%2Fwp%2Fv2%2Fcomments&post=86368"}],"version-history":[{"count":1,"href":"https:\/\/quehacerpolitico.mx\/index.php?rest_route=\/wp\/v2\/posts\/86368\/revisions"}],"predecessor-version":[{"id":86370,"href":"https:\/\/quehacerpolitico.mx\/index.php?rest_route=\/wp\/v2\/posts\/86368\/revisions\/86370"}],"wp:featuredmedia":[{"embeddable":true,"href":"https:\/\/quehacerpolitico.mx\/index.php?rest_route=\/wp\/v2\/media\/86369"}],"wp:attachment":[{"href":"https:\/\/quehacerpolitico.mx\/index.php?rest_route=%2Fwp%2Fv2%2Fmedia&parent=86368"}],"wp:term":[{"taxonomy":"category","embeddable":true,"href":"https:\/\/quehacerpolitico.mx\/index.php?rest_route=%2Fwp%2Fv2%2Fcategories&post=86368"},{"taxonomy":"post_tag","embeddable":true,"href":"https:\/\/quehacerpolitico.mx\/index.php?rest_route=%2Fwp%2Fv2%2Ftags&post=86368"}],"curies":[{"name":"wp","href":"https:\/\/api.w.org\/{rel}","templated":true}]}}