{"id":86347,"date":"2021-11-05T18:42:38","date_gmt":"2021-11-05T18:42:38","guid":{"rendered":"https:\/\/quehacerpolitico.mx\/?p=86347"},"modified":"2021-11-05T18:42:40","modified_gmt":"2021-11-05T18:42:40","slug":"ni-siquiera-dan-las-gracias-amlo-arremete-contra-clase-media-tras-vacunacion","status":"publish","type":"post","link":"https:\/\/quehacerpolitico.mx\/?p=86347","title":{"rendered":"&#8220;Ni siquiera dan las gracias&#8221;: AMLO arremete contra clase media tras vacunaci\u00f3n"},"content":{"rendered":"\n<p>Por Redacci\u00f3n QP<\/p>\n\n\n\n<p>L\u00f3pez Obrador critica que algunas personas de\u00a0clase media llegan molestos a los centros de vacunaci\u00f3n contra el COVID-19\u00a0<\/p>\n\n\n\n<p>El Presidente de M\u00e9xico\u00a0<strong>Andr\u00e9s Manuel L\u00f3pez Obrador\u00a0<\/strong>(AMLO) reproch\u00f3 que mientras algunos integrantes de la clase media llegan a los centros de vacunaci\u00f3n contra<strong>\u00a0<\/strong>COVID-19 molestos que &#8220;ni siquiera dan las gracias&#8221;, la gente humilde agradece y da bendiciones a quienes le aplican la dosis.<\/p>\n\n\n\n<p><strong>&#8220;La gente humilde es muy agradecida, es muy buena, no se siente sabionda, act\u00faa con humildad&#8221;<\/strong>, afirm\u00f3.<\/p>\n\n\n\n<figure class=\"wp-block-embed is-type-rich is-provider-twitter wp-block-embed-twitter\"><div class=\"wp-block-embed__wrapper\">\n<blockquote class=\"twitter-tweet\" data-width=\"550\" data-dnt=\"true\"><p lang=\"es\" dir=\"ltr\">\u201cLa gente humilde es muy agradecida, muy buena, no se siente sabionda\u201d<br><br>Sin \u201cgeneralizar\u201d, el presidente L\u00f3pez Obrador hace una comparaci\u00f3n entre la gente humilde y la de clase media al recibir la <a href=\"https:\/\/twitter.com\/hashtag\/vacuna?src=hash&amp;ref_src=twsrc%5Etfw\">#vacuna<\/a> <a href=\"https:\/\/t.co\/ReSotucYjb\">pic.twitter.com\/ReSotucYjb<\/a><\/p>&mdash; Ruido en la Red (@RuidoEnLaRed) <a href=\"https:\/\/twitter.com\/RuidoEnLaRed\/status\/1456630847717707776?ref_src=twsrc%5Etfw\">November 5, 2021<\/a><\/blockquote><script async src=\"https:\/\/platform.twitter.com\/widgets.js\" charset=\"utf-8\"><\/script>\n<\/div><\/figure>\n\n\n\n<p>En conferencia de prensa matutina, AMLO\u00a0recre\u00f3 un di\u00e1logo entre sectores de la clase media que acude a un centro de vacunaci\u00f3n:<\/p>\n\n\n\n<p>&#8220;El otro d\u00eda dec\u00eda yo que se vacuna a una gente de clase media -no generalizo- pero llega al centro de vacunaci\u00f3n:<\/p>\n\n\n\n<p>&#8221; \u00bfYa la atienden? (pregunta personal del centro).<\/p>\n\n\n\n<p>&#8220;\u00bfCu\u00e1nto tiempo va durar?&#8221;, responde el integrante de la clase media.<\/p>\n\n\n\n<p>&#8220;No se\u00f1or, en poco tiempo&#8221;.<\/p>\n\n\n\n<p>&#8220;`Ahh, \u00bfqu\u00e9 vacuna es? No quiero donde me vayan meter ese chip comunista, he\u00b4.<br>&#8220;No se\u00f1ora, es Pfizer\u00b4.<\/p>\n\n\n\n<p>&#8220;Ahhhh, pues ap\u00farese no\u2026. \u00bfPor qu\u00e9 se tardaron tanto? Porque tiene la obligaci\u00f3n de vacunarnos, es nuestro dinero, son nuestros impuestos&#8221;.<\/p>\n\n\n\n<p>&#8220;Y ah\u00ed van, ya la vacunan y ni siquiera dan la gracia&#8221;, asegur\u00f3.<\/p>\n\n\n\n<p>En cambio, afirm\u00f3 L\u00f3pez Obrador, una persona humilde, aun sabiendo de que es dinero del presupuesto y de que es una responsabilidad del gobierno, de los servidores p\u00fablicos vacunarlos<strong>&nbsp;&#8220;va en silencio, con humildad, lo vacunan: `Muchas gracias, much\u00edsimas gracias, y gracias y gracias, y bendiciones\u00b4&#8221;.<\/strong><\/p>\n\n\n\n<p>&#8220;Ojal\u00e1 y entre m\u00e1s arriba estemos en la escala social, en la escala econ\u00f3mica, no olvidamos la humildad; pensar que el poder es humildad&#8221;, asever\u00f3.<\/p>\n\n\n\n<p>Con Informaci\u00f3n de SUN <\/p>\n","protected":false},"excerpt":{"rendered":"<p>Por Redacci\u00f3n QP L\u00f3pez Obrador critica que algunas personas de\u00a0clase media llegan molestos a los&#8230;<\/p>\n","protected":false},"author":2,"featured_media":86348,"comment_status":"open","ping_status":"open","sticky":false,"template":"","format":"standard","meta":{"_monsterinsights_skip_tracking":false,"_monsterinsights_sitenote_active":false,"_monsterinsights_sitenote_note":"","_monsterinsights_sitenote_category":0,"footnotes":""},"categories":[2],"tags":[],"class_list":["post-86347","post","type-post","status-publish","format-standard","has-post-thumbnail","hentry","category-noticias"],"yoast_head":"<!-- This site is optimized with the Yoast SEO plugin v27.3 - https:\/\/yoast.com\/product\/yoast-seo-wordpress\/ -->\n<title>&quot;Ni siquiera dan las gracias&quot;: AMLO arremete contra clase media tras vacunaci\u00f3n -<\/title>\n<meta name=\"robots\" content=\"index, follow, max-snippet:-1, max-image-preview:large, max-video-preview:-1\" \/>\n<link rel=\"canonical\" href=\"https:\/\/quehacerpolitico.mx\/?p=86347\" \/>\n<meta property=\"og:locale\" content=\"es_MX\" \/>\n<meta property=\"og:type\" content=\"article\" \/>\n<meta property=\"og:title\" content=\"&quot;Ni siquiera dan las gracias&quot;: AMLO arremete contra clase media tras vacunaci\u00f3n -\" \/>\n<meta property=\"og:description\" content=\"Por Redacci\u00f3n QP L\u00f3pez Obrador critica que algunas personas de\u00a0clase media llegan molestos a los...\" \/>\n<meta property=\"og:url\" content=\"https:\/\/quehacerpolitico.mx\/?p=86347\" \/>\n<meta property=\"article:published_time\" content=\"2021-11-05T18:42:38+00:00\" \/>\n<meta property=\"article:modified_time\" content=\"2021-11-05T18:42:40+00:00\" \/>\n<meta property=\"og:image\" content=\"https:\/\/quehacerpolitico.mx\/wp-content\/uploads\/2021\/11\/4C1E52C6-B441-4172-BB4E-7CA087DB960B.jpeg\" \/>\n\t<meta property=\"og:image:width\" content=\"1284\" \/>\n\t<meta property=\"og:image:height\" content=\"639\" \/>\n\t<meta property=\"og:image:type\" content=\"image\/jpeg\" \/>\n<meta name=\"author\" content=\"Redacci\u00f3n QP\" \/>\n<meta name=\"twitter:card\" content=\"summary_large_image\" \/>\n<meta name=\"twitter:label1\" content=\"Escrito por\" \/>\n\t<meta name=\"twitter:data1\" content=\"Redacci\u00f3n QP\" \/>\n\t<meta name=\"twitter:label2\" content=\"Tiempo de lectura\" \/>\n\t<meta name=\"twitter:data2\" content=\"2 minutos\" \/>\n<script type=\"application\/ld+json\" class=\"yoast-schema-graph\">{\"@context\":\"https:\\\/\\\/schema.org\",\"@graph\":[{\"@type\":\"Article\",\"@id\":\"https:\\\/\\\/quehacerpolitico.mx\\\/?p=86347#article\",\"isPartOf\":{\"@id\":\"https:\\\/\\\/quehacerpolitico.mx\\\/?p=86347\"},\"author\":{\"name\":\"Redacci\u00f3n QP\",\"@id\":\"https:\\\/\\\/quehacerpolitico.mx\\\/#\\\/schema\\\/person\\\/496d8ad2d1d3f8036101dca7ee39e585\"},\"headline\":\"&#8220;Ni siquiera dan las gracias&#8221;: AMLO arremete contra clase media tras vacunaci\u00f3n\",\"datePublished\":\"2021-11-05T18:42:38+00:00\",\"dateModified\":\"2021-11-05T18:42:40+00:00\",\"mainEntityOfPage\":{\"@id\":\"https:\\\/\\\/quehacerpolitico.mx\\\/?p=86347\"},\"wordCount\":323,\"commentCount\":0,\"image\":{\"@id\":\"https:\\\/\\\/quehacerpolitico.mx\\\/?p=86347#primaryimage\"},\"thumbnailUrl\":\"https:\\\/\\\/quehacerpolitico.mx\\\/wp-content\\\/uploads\\\/2021\\\/11\\\/4C1E52C6-B441-4172-BB4E-7CA087DB960B.jpeg\",\"articleSection\":[\"Noticias\"],\"inLanguage\":\"es\",\"potentialAction\":[{\"@type\":\"CommentAction\",\"name\":\"Comment\",\"target\":[\"https:\\\/\\\/quehacerpolitico.mx\\\/?p=86347#respond\"]}]},{\"@type\":\"WebPage\",\"@id\":\"https:\\\/\\\/quehacerpolitico.mx\\\/?p=86347\",\"url\":\"https:\\\/\\\/quehacerpolitico.mx\\\/?p=86347\",\"name\":\"\\\"Ni siquiera dan las gracias\\\": AMLO arremete contra clase media tras vacunaci\u00f3n -\",\"isPartOf\":{\"@id\":\"https:\\\/\\\/quehacerpolitico.mx\\\/#website\"},\"primaryImageOfPage\":{\"@id\":\"https:\\\/\\\/quehacerpolitico.mx\\\/?p=86347#primaryimage\"},\"image\":{\"@id\":\"https:\\\/\\\/quehacerpolitico.mx\\\/?p=86347#primaryimage\"},\"thumbnailUrl\":\"https:\\\/\\\/quehacerpolitico.mx\\\/wp-content\\\/uploads\\\/2021\\\/11\\\/4C1E52C6-B441-4172-BB4E-7CA087DB960B.jpeg\",\"datePublished\":\"2021-11-05T18:42:38+00:00\",\"dateModified\":\"2021-11-05T18:42:40+00:00\",\"author\":{\"@id\":\"https:\\\/\\\/quehacerpolitico.mx\\\/#\\\/schema\\\/person\\\/496d8ad2d1d3f8036101dca7ee39e585\"},\"breadcrumb\":{\"@id\":\"https:\\\/\\\/quehacerpolitico.mx\\\/?p=86347#breadcrumb\"},\"inLanguage\":\"es\",\"potentialAction\":[{\"@type\":\"ReadAction\",\"target\":[\"https:\\\/\\\/quehacerpolitico.mx\\\/?p=86347\"]}]},{\"@type\":\"ImageObject\",\"inLanguage\":\"es\",\"@id\":\"https:\\\/\\\/quehacerpolitico.mx\\\/?p=86347#primaryimage\",\"url\":\"https:\\\/\\\/quehacerpolitico.mx\\\/wp-content\\\/uploads\\\/2021\\\/11\\\/4C1E52C6-B441-4172-BB4E-7CA087DB960B.jpeg\",\"contentUrl\":\"https:\\\/\\\/quehacerpolitico.mx\\\/wp-content\\\/uploads\\\/2021\\\/11\\\/4C1E52C6-B441-4172-BB4E-7CA087DB960B.jpeg\",\"width\":1284,\"height\":639},{\"@type\":\"BreadcrumbList\",\"@id\":\"https:\\\/\\\/quehacerpolitico.mx\\\/?p=86347#breadcrumb\",\"itemListElement\":[{\"@type\":\"ListItem\",\"position\":1,\"name\":\"Inicio\",\"item\":\"https:\\\/\\\/quehacerpolitico.mx\\\/\"},{\"@type\":\"ListItem\",\"position\":2,\"name\":\"&#8220;Ni siquiera dan las gracias&#8221;: AMLO arremete contra clase media tras vacunaci\u00f3n\"}]},{\"@type\":\"WebSite\",\"@id\":\"https:\\\/\\\/quehacerpolitico.mx\\\/#website\",\"url\":\"https:\\\/\\\/quehacerpolitico.mx\\\/\",\"name\":\"\",\"description\":\"\",\"potentialAction\":[{\"@type\":\"SearchAction\",\"target\":{\"@type\":\"EntryPoint\",\"urlTemplate\":\"https:\\\/\\\/quehacerpolitico.mx\\\/?s={search_term_string}\"},\"query-input\":{\"@type\":\"PropertyValueSpecification\",\"valueRequired\":true,\"valueName\":\"search_term_string\"}}],\"inLanguage\":\"es\"},{\"@type\":\"Person\",\"@id\":\"https:\\\/\\\/quehacerpolitico.mx\\\/#\\\/schema\\\/person\\\/496d8ad2d1d3f8036101dca7ee39e585\",\"name\":\"Redacci\u00f3n QP\",\"image\":{\"@type\":\"ImageObject\",\"inLanguage\":\"es\",\"@id\":\"https:\\\/\\\/secure.gravatar.com\\\/avatar\\\/c7164ed6fdec453195284ad24a5ae5b6e1eed2b848477fa2a4787ba9adf39a41?s=96&d=mm&r=g\",\"url\":\"https:\\\/\\\/secure.gravatar.com\\\/avatar\\\/c7164ed6fdec453195284ad24a5ae5b6e1eed2b848477fa2a4787ba9adf39a41?s=96&d=mm&r=g\",\"contentUrl\":\"https:\\\/\\\/secure.gravatar.com\\\/avatar\\\/c7164ed6fdec453195284ad24a5ae5b6e1eed2b848477fa2a4787ba9adf39a41?s=96&d=mm&r=g\",\"caption\":\"Redacci\u00f3n QP\"},\"url\":\"https:\\\/\\\/quehacerpolitico.mx\\\/?author=2\"}]}<\/script>\n<!-- \/ Yoast SEO plugin. -->","yoast_head_json":{"title":"\"Ni siquiera dan las gracias\": AMLO arremete contra clase media tras vacunaci\u00f3n -","robots":{"index":"index","follow":"follow","max-snippet":"max-snippet:-1","max-image-preview":"max-image-preview:large","max-video-preview":"max-video-preview:-1"},"canonical":"https:\/\/quehacerpolitico.mx\/?p=86347","og_locale":"es_MX","og_type":"article","og_title":"\"Ni siquiera dan las gracias\": AMLO arremete contra clase media tras vacunaci\u00f3n -","og_description":"Por Redacci\u00f3n QP L\u00f3pez Obrador critica que algunas personas de\u00a0clase media llegan molestos a los...","og_url":"https:\/\/quehacerpolitico.mx\/?p=86347","article_published_time":"2021-11-05T18:42:38+00:00","article_modified_time":"2021-11-05T18:42:40+00:00","og_image":[{"width":1284,"height":639,"url":"https:\/\/quehacerpolitico.mx\/wp-content\/uploads\/2021\/11\/4C1E52C6-B441-4172-BB4E-7CA087DB960B.jpeg","type":"image\/jpeg"}],"author":"Redacci\u00f3n QP","twitter_card":"summary_large_image","twitter_misc":{"Escrito por":"Redacci\u00f3n QP","Tiempo de lectura":"2 minutos"},"schema":{"@context":"https:\/\/schema.org","@graph":[{"@type":"Article","@id":"https:\/\/quehacerpolitico.mx\/?p=86347#article","isPartOf":{"@id":"https:\/\/quehacerpolitico.mx\/?p=86347"},"author":{"name":"Redacci\u00f3n QP","@id":"https:\/\/quehacerpolitico.mx\/#\/schema\/person\/496d8ad2d1d3f8036101dca7ee39e585"},"headline":"&#8220;Ni siquiera dan las gracias&#8221;: AMLO arremete contra clase media tras vacunaci\u00f3n","datePublished":"2021-11-05T18:42:38+00:00","dateModified":"2021-11-05T18:42:40+00:00","mainEntityOfPage":{"@id":"https:\/\/quehacerpolitico.mx\/?p=86347"},"wordCount":323,"commentCount":0,"image":{"@id":"https:\/\/quehacerpolitico.mx\/?p=86347#primaryimage"},"thumbnailUrl":"https:\/\/quehacerpolitico.mx\/wp-content\/uploads\/2021\/11\/4C1E52C6-B441-4172-BB4E-7CA087DB960B.jpeg","articleSection":["Noticias"],"inLanguage":"es","potentialAction":[{"@type":"CommentAction","name":"Comment","target":["https:\/\/quehacerpolitico.mx\/?p=86347#respond"]}]},{"@type":"WebPage","@id":"https:\/\/quehacerpolitico.mx\/?p=86347","url":"https:\/\/quehacerpolitico.mx\/?p=86347","name":"\"Ni siquiera dan las gracias\": AMLO arremete contra clase media tras vacunaci\u00f3n -","isPartOf":{"@id":"https:\/\/quehacerpolitico.mx\/#website"},"primaryImageOfPage":{"@id":"https:\/\/quehacerpolitico.mx\/?p=86347#primaryimage"},"image":{"@id":"https:\/\/quehacerpolitico.mx\/?p=86347#primaryimage"},"thumbnailUrl":"https:\/\/quehacerpolitico.mx\/wp-content\/uploads\/2021\/11\/4C1E52C6-B441-4172-BB4E-7CA087DB960B.jpeg","datePublished":"2021-11-05T18:42:38+00:00","dateModified":"2021-11-05T18:42:40+00:00","author":{"@id":"https:\/\/quehacerpolitico.mx\/#\/schema\/person\/496d8ad2d1d3f8036101dca7ee39e585"},"breadcrumb":{"@id":"https:\/\/quehacerpolitico.mx\/?p=86347#breadcrumb"},"inLanguage":"es","potentialAction":[{"@type":"ReadAction","target":["https:\/\/quehacerpolitico.mx\/?p=86347"]}]},{"@type":"ImageObject","inLanguage":"es","@id":"https:\/\/quehacerpolitico.mx\/?p=86347#primaryimage","url":"https:\/\/quehacerpolitico.mx\/wp-content\/uploads\/2021\/11\/4C1E52C6-B441-4172-BB4E-7CA087DB960B.jpeg","contentUrl":"https:\/\/quehacerpolitico.mx\/wp-content\/uploads\/2021\/11\/4C1E52C6-B441-4172-BB4E-7CA087DB960B.jpeg","width":1284,"height":639},{"@type":"BreadcrumbList","@id":"https:\/\/quehacerpolitico.mx\/?p=86347#breadcrumb","itemListElement":[{"@type":"ListItem","position":1,"name":"Inicio","item":"https:\/\/quehacerpolitico.mx\/"},{"@type":"ListItem","position":2,"name":"&#8220;Ni siquiera dan las gracias&#8221;: AMLO arremete contra clase media tras vacunaci\u00f3n"}]},{"@type":"WebSite","@id":"https:\/\/quehacerpolitico.mx\/#website","url":"https:\/\/quehacerpolitico.mx\/","name":"","description":"","potentialAction":[{"@type":"SearchAction","target":{"@type":"EntryPoint","urlTemplate":"https:\/\/quehacerpolitico.mx\/?s={search_term_string}"},"query-input":{"@type":"PropertyValueSpecification","valueRequired":true,"valueName":"search_term_string"}}],"inLanguage":"es"},{"@type":"Person","@id":"https:\/\/quehacerpolitico.mx\/#\/schema\/person\/496d8ad2d1d3f8036101dca7ee39e585","name":"Redacci\u00f3n QP","image":{"@type":"ImageObject","inLanguage":"es","@id":"https:\/\/secure.gravatar.com\/avatar\/c7164ed6fdec453195284ad24a5ae5b6e1eed2b848477fa2a4787ba9adf39a41?s=96&d=mm&r=g","url":"https:\/\/secure.gravatar.com\/avatar\/c7164ed6fdec453195284ad24a5ae5b6e1eed2b848477fa2a4787ba9adf39a41?s=96&d=mm&r=g","contentUrl":"https:\/\/secure.gravatar.com\/avatar\/c7164ed6fdec453195284ad24a5ae5b6e1eed2b848477fa2a4787ba9adf39a41?s=96&d=mm&r=g","caption":"Redacci\u00f3n QP"},"url":"https:\/\/quehacerpolitico.mx\/?author=2"}]}},"featured_image_urls":{"full":["https:\/\/quehacerpolitico.mx\/wp-content\/uploads\/2021\/11\/4C1E52C6-B441-4172-BB4E-7CA087DB960B.jpeg",1284,639,false],"thumbnail":["https:\/\/quehacerpolitico.mx\/wp-content\/uploads\/2021\/11\/4C1E52C6-B441-4172-BB4E-7CA087DB960B-150x150.jpeg",150,150,true],"medium":["https:\/\/quehacerpolitico.mx\/wp-content\/uploads\/2021\/11\/4C1E52C6-B441-4172-BB4E-7CA087DB960B-300x149.jpeg",300,149,true],"medium_large":["https:\/\/quehacerpolitico.mx\/wp-content\/uploads\/2021\/11\/4C1E52C6-B441-4172-BB4E-7CA087DB960B-768x382.jpeg",640,318,true],"large":["https:\/\/quehacerpolitico.mx\/wp-content\/uploads\/2021\/11\/4C1E52C6-B441-4172-BB4E-7CA087DB960B-1024x510.jpeg",640,319,true],"1536x1536":["https:\/\/quehacerpolitico.mx\/wp-content\/uploads\/2021\/11\/4C1E52C6-B441-4172-BB4E-7CA087DB960B.jpeg",1284,639,false],"2048x2048":["https:\/\/quehacerpolitico.mx\/wp-content\/uploads\/2021\/11\/4C1E52C6-B441-4172-BB4E-7CA087DB960B.jpeg",1284,639,false],"covernews-featured":["https:\/\/quehacerpolitico.mx\/wp-content\/uploads\/2021\/11\/4C1E52C6-B441-4172-BB4E-7CA087DB960B.jpeg",1024,510,false],"covernews-medium":["https:\/\/quehacerpolitico.mx\/wp-content\/uploads\/2021\/11\/4C1E52C6-B441-4172-BB4E-7CA087DB960B.jpeg",540,269,false]},"author_info":{"display_name":"Redacci\u00f3n QP","author_link":"https:\/\/quehacerpolitico.mx\/?author=2"},"category_info":"<a href=\"https:\/\/quehacerpolitico.mx\/?cat=2\" rel=\"category\">Noticias<\/a>","tag_info":"Noticias","comment_count":"0","_links":{"self":[{"href":"https:\/\/quehacerpolitico.mx\/index.php?rest_route=\/wp\/v2\/posts\/86347","targetHints":{"allow":["GET"]}}],"collection":[{"href":"https:\/\/quehacerpolitico.mx\/index.php?rest_route=\/wp\/v2\/posts"}],"about":[{"href":"https:\/\/quehacerpolitico.mx\/index.php?rest_route=\/wp\/v2\/types\/post"}],"author":[{"embeddable":true,"href":"https:\/\/quehacerpolitico.mx\/index.php?rest_route=\/wp\/v2\/users\/2"}],"replies":[{"embeddable":true,"href":"https:\/\/quehacerpolitico.mx\/index.php?rest_route=%2Fwp%2Fv2%2Fcomments&post=86347"}],"version-history":[{"count":1,"href":"https:\/\/quehacerpolitico.mx\/index.php?rest_route=\/wp\/v2\/posts\/86347\/revisions"}],"predecessor-version":[{"id":86349,"href":"https:\/\/quehacerpolitico.mx\/index.php?rest_route=\/wp\/v2\/posts\/86347\/revisions\/86349"}],"wp:featuredmedia":[{"embeddable":true,"href":"https:\/\/quehacerpolitico.mx\/index.php?rest_route=\/wp\/v2\/media\/86348"}],"wp:attachment":[{"href":"https:\/\/quehacerpolitico.mx\/index.php?rest_route=%2Fwp%2Fv2%2Fmedia&parent=86347"}],"wp:term":[{"taxonomy":"category","embeddable":true,"href":"https:\/\/quehacerpolitico.mx\/index.php?rest_route=%2Fwp%2Fv2%2Fcategories&post=86347"},{"taxonomy":"post_tag","embeddable":true,"href":"https:\/\/quehacerpolitico.mx\/index.php?rest_route=%2Fwp%2Fv2%2Ftags&post=86347"}],"curies":[{"name":"wp","href":"https:\/\/api.w.org\/{rel}","templated":true}]}}