{"id":86335,"date":"2021-11-05T17:40:29","date_gmt":"2021-11-05T17:40:29","guid":{"rendered":"https:\/\/quehacerpolitico.mx\/?p=86335"},"modified":"2021-11-05T17:40:34","modified_gmt":"2021-11-05T17:40:34","slug":"george-russell-y-el-brutal-casco-que-portara-en-el-gran-premio-de-mexico","status":"publish","type":"post","link":"https:\/\/quehacerpolitico.mx\/?p=86335","title":{"rendered":"George Russell y el brutal casco que portar\u00e1 en el Gran Premio de M\u00e9xico"},"content":{"rendered":"\n<p>Por Redacci\u00f3n QP<\/p>\n\n\n\n<p>El piloto brit\u00e1nico dio a conocer en sus redes sociales el protector que utilizar\u00e1 este fin de semana.<\/p>\n\n\n\n<p>No hay duda de que el Gran Premio de M\u00e9xico es uno de los m\u00e1s esperados para los propios pilotos de la F\u00f3rmula 1, para prueba lo hecho George Russell, piloto de Williams, quien en su cuenta de Instagram dio a conocer el casco que utilizar\u00e1 este fin de semana. El piloto de la F\u00f3rmula 1 public\u00f3 en su cuenta unas fotograf\u00edas con su nuevo casco, en ella se ve de fondo la pista del Aut\u00f3dromo Hermanos Rodr\u00edguez; el protector del piloto brit\u00e1nico es rojo con verde,\u00a0aunado a que tiene dise\u00f1ado el calendario azteca y tiene en grande la palabra &#8220;M\u00e9xico&#8221;.<\/p>\n\n\n\n<figure class=\"wp-block-embed is-type-rich is-provider-twitter wp-block-embed-twitter\"><div class=\"wp-block-embed__wrapper\">\n<blockquote class=\"twitter-tweet\" data-width=\"550\" data-dnt=\"true\"><p lang=\"en\" dir=\"ltr\">New lid, photographed by me. \u270c\ufe0f<br><br>(and a few by <a href=\"https:\/\/twitter.com\/richardpardon?ref_src=twsrc%5Etfw\">@richardpardon<\/a> too) <a href=\"https:\/\/t.co\/bgT7dtOsBf\">pic.twitter.com\/bgT7dtOsBf<\/a><\/p>&mdash; George Russell (@GeorgeRussell63) <a href=\"https:\/\/twitter.com\/GeorgeRussell63\/status\/1456595595725086731?ref_src=twsrc%5Etfw\">November 5, 2021<\/a><\/blockquote><script async src=\"https:\/\/platform.twitter.com\/widgets.js\" charset=\"utf-8\"><\/script>\n<\/div><\/figure>\n\n\n\n<figure class=\"wp-block-embed is-type-rich is-provider-twitter wp-block-embed-twitter\"><div class=\"wp-block-embed__wrapper\">\n<blockquote class=\"twitter-tweet\" data-width=\"550\" data-dnt=\"true\"><p lang=\"qme\" dir=\"ltr\">\ud83c\uddf2\ud83c\uddfd\ud83d\udc40 <a href=\"https:\/\/t.co\/Io4cECtwDi\">pic.twitter.com\/Io4cECtwDi<\/a><\/p>&mdash; George Russell (@GeorgeRussell63) <a href=\"https:\/\/twitter.com\/GeorgeRussell63\/status\/1456402053224452103?ref_src=twsrc%5Etfw\">November 4, 2021<\/a><\/blockquote><script async src=\"https:\/\/platform.twitter.com\/widgets.js\" charset=\"utf-8\"><\/script>\n<\/div><\/figure>\n\n\n\n<p>La imagen en cuesti\u00f3n de horas super\u00f3 los 191 mil &#8220;me gusta&#8221; en su red social, aunado a que los comentarios de apoyo se hicieron sentir a favor del piloto de\u00a0 Williams. As\u00ed, los pilotos se est\u00e1n preparando para la que ser\u00e1 una aut\u00e9ntica fiesta de la F\u00f3rmula 1, donde este viernes inician las pr\u00e1cticas y el s\u00e1bado el clasificatorias, para finalmente el domingo dar paso a la gran carrera en nuestro pa\u00eds.<\/p>\n\n\n\n<p>Con Informaci\u00f3n de Medio Tiempo<\/p>\n","protected":false},"excerpt":{"rendered":"<p>Por Redacci\u00f3n QP El piloto brit\u00e1nico dio a conocer en sus redes sociales el protector&#8230;<\/p>\n","protected":false},"author":2,"featured_media":86336,"comment_status":"open","ping_status":"open","sticky":false,"template":"","format":"standard","meta":{"_monsterinsights_skip_tracking":false,"_monsterinsights_sitenote_active":false,"_monsterinsights_sitenote_note":"","_monsterinsights_sitenote_category":0,"footnotes":""},"categories":[54],"tags":[],"class_list":["post-86335","post","type-post","status-publish","format-standard","has-post-thumbnail","hentry","category-deportes"],"yoast_head":"<!-- This site is optimized with the Yoast SEO plugin v27.3 - https:\/\/yoast.com\/product\/yoast-seo-wordpress\/ -->\n<title>George Russell y el brutal casco que portar\u00e1 en el Gran Premio de M\u00e9xico -<\/title>\n<meta name=\"robots\" content=\"index, follow, max-snippet:-1, max-image-preview:large, max-video-preview:-1\" \/>\n<link rel=\"canonical\" href=\"https:\/\/quehacerpolitico.mx\/?p=86335\" \/>\n<meta property=\"og:locale\" content=\"es_MX\" \/>\n<meta property=\"og:type\" content=\"article\" \/>\n<meta property=\"og:title\" content=\"George Russell y el brutal casco que portar\u00e1 en el Gran Premio de M\u00e9xico -\" \/>\n<meta property=\"og:description\" content=\"Por Redacci\u00f3n QP El piloto brit\u00e1nico dio a conocer en sus redes sociales el protector...\" \/>\n<meta property=\"og:url\" content=\"https:\/\/quehacerpolitico.mx\/?p=86335\" \/>\n<meta property=\"article:published_time\" content=\"2021-11-05T17:40:29+00:00\" \/>\n<meta property=\"article:modified_time\" content=\"2021-11-05T17:40:34+00:00\" \/>\n<meta property=\"og:image\" content=\"https:\/\/quehacerpolitico.mx\/wp-content\/uploads\/2021\/11\/6D1DDD20-723B-40EE-96BB-DD0FFE3B2BCB.jpeg\" \/>\n\t<meta property=\"og:image:width\" content=\"614\" \/>\n\t<meta property=\"og:image:height\" content=\"768\" \/>\n\t<meta property=\"og:image:type\" content=\"image\/jpeg\" \/>\n<meta name=\"author\" content=\"Redacci\u00f3n QP\" \/>\n<meta name=\"twitter:card\" content=\"summary_large_image\" \/>\n<meta name=\"twitter:label1\" content=\"Escrito por\" \/>\n\t<meta name=\"twitter:data1\" content=\"Redacci\u00f3n QP\" \/>\n\t<meta name=\"twitter:label2\" content=\"Tiempo de lectura\" \/>\n\t<meta name=\"twitter:data2\" content=\"1 minuto\" \/>\n<script type=\"application\/ld+json\" class=\"yoast-schema-graph\">{\"@context\":\"https:\\\/\\\/schema.org\",\"@graph\":[{\"@type\":\"Article\",\"@id\":\"https:\\\/\\\/quehacerpolitico.mx\\\/?p=86335#article\",\"isPartOf\":{\"@id\":\"https:\\\/\\\/quehacerpolitico.mx\\\/?p=86335\"},\"author\":{\"name\":\"Redacci\u00f3n QP\",\"@id\":\"https:\\\/\\\/quehacerpolitico.mx\\\/#\\\/schema\\\/person\\\/496d8ad2d1d3f8036101dca7ee39e585\"},\"headline\":\"George Russell y el brutal casco que portar\u00e1 en el Gran Premio de M\u00e9xico\",\"datePublished\":\"2021-11-05T17:40:29+00:00\",\"dateModified\":\"2021-11-05T17:40:34+00:00\",\"mainEntityOfPage\":{\"@id\":\"https:\\\/\\\/quehacerpolitico.mx\\\/?p=86335\"},\"wordCount\":244,\"commentCount\":0,\"image\":{\"@id\":\"https:\\\/\\\/quehacerpolitico.mx\\\/?p=86335#primaryimage\"},\"thumbnailUrl\":\"https:\\\/\\\/quehacerpolitico.mx\\\/wp-content\\\/uploads\\\/2021\\\/11\\\/6D1DDD20-723B-40EE-96BB-DD0FFE3B2BCB.jpeg\",\"articleSection\":[\"Deportes\"],\"inLanguage\":\"es\",\"potentialAction\":[{\"@type\":\"CommentAction\",\"name\":\"Comment\",\"target\":[\"https:\\\/\\\/quehacerpolitico.mx\\\/?p=86335#respond\"]}]},{\"@type\":\"WebPage\",\"@id\":\"https:\\\/\\\/quehacerpolitico.mx\\\/?p=86335\",\"url\":\"https:\\\/\\\/quehacerpolitico.mx\\\/?p=86335\",\"name\":\"George Russell y el brutal casco que portar\u00e1 en el Gran Premio de M\u00e9xico -\",\"isPartOf\":{\"@id\":\"https:\\\/\\\/quehacerpolitico.mx\\\/#website\"},\"primaryImageOfPage\":{\"@id\":\"https:\\\/\\\/quehacerpolitico.mx\\\/?p=86335#primaryimage\"},\"image\":{\"@id\":\"https:\\\/\\\/quehacerpolitico.mx\\\/?p=86335#primaryimage\"},\"thumbnailUrl\":\"https:\\\/\\\/quehacerpolitico.mx\\\/wp-content\\\/uploads\\\/2021\\\/11\\\/6D1DDD20-723B-40EE-96BB-DD0FFE3B2BCB.jpeg\",\"datePublished\":\"2021-11-05T17:40:29+00:00\",\"dateModified\":\"2021-11-05T17:40:34+00:00\",\"author\":{\"@id\":\"https:\\\/\\\/quehacerpolitico.mx\\\/#\\\/schema\\\/person\\\/496d8ad2d1d3f8036101dca7ee39e585\"},\"breadcrumb\":{\"@id\":\"https:\\\/\\\/quehacerpolitico.mx\\\/?p=86335#breadcrumb\"},\"inLanguage\":\"es\",\"potentialAction\":[{\"@type\":\"ReadAction\",\"target\":[\"https:\\\/\\\/quehacerpolitico.mx\\\/?p=86335\"]}]},{\"@type\":\"ImageObject\",\"inLanguage\":\"es\",\"@id\":\"https:\\\/\\\/quehacerpolitico.mx\\\/?p=86335#primaryimage\",\"url\":\"https:\\\/\\\/quehacerpolitico.mx\\\/wp-content\\\/uploads\\\/2021\\\/11\\\/6D1DDD20-723B-40EE-96BB-DD0FFE3B2BCB.jpeg\",\"contentUrl\":\"https:\\\/\\\/quehacerpolitico.mx\\\/wp-content\\\/uploads\\\/2021\\\/11\\\/6D1DDD20-723B-40EE-96BB-DD0FFE3B2BCB.jpeg\",\"width\":614,\"height\":768},{\"@type\":\"BreadcrumbList\",\"@id\":\"https:\\\/\\\/quehacerpolitico.mx\\\/?p=86335#breadcrumb\",\"itemListElement\":[{\"@type\":\"ListItem\",\"position\":1,\"name\":\"Inicio\",\"item\":\"https:\\\/\\\/quehacerpolitico.mx\\\/\"},{\"@type\":\"ListItem\",\"position\":2,\"name\":\"George Russell y el brutal casco que portar\u00e1 en el Gran Premio de M\u00e9xico\"}]},{\"@type\":\"WebSite\",\"@id\":\"https:\\\/\\\/quehacerpolitico.mx\\\/#website\",\"url\":\"https:\\\/\\\/quehacerpolitico.mx\\\/\",\"name\":\"\",\"description\":\"\",\"potentialAction\":[{\"@type\":\"SearchAction\",\"target\":{\"@type\":\"EntryPoint\",\"urlTemplate\":\"https:\\\/\\\/quehacerpolitico.mx\\\/?s={search_term_string}\"},\"query-input\":{\"@type\":\"PropertyValueSpecification\",\"valueRequired\":true,\"valueName\":\"search_term_string\"}}],\"inLanguage\":\"es\"},{\"@type\":\"Person\",\"@id\":\"https:\\\/\\\/quehacerpolitico.mx\\\/#\\\/schema\\\/person\\\/496d8ad2d1d3f8036101dca7ee39e585\",\"name\":\"Redacci\u00f3n QP\",\"image\":{\"@type\":\"ImageObject\",\"inLanguage\":\"es\",\"@id\":\"https:\\\/\\\/secure.gravatar.com\\\/avatar\\\/c7164ed6fdec453195284ad24a5ae5b6e1eed2b848477fa2a4787ba9adf39a41?s=96&d=mm&r=g\",\"url\":\"https:\\\/\\\/secure.gravatar.com\\\/avatar\\\/c7164ed6fdec453195284ad24a5ae5b6e1eed2b848477fa2a4787ba9adf39a41?s=96&d=mm&r=g\",\"contentUrl\":\"https:\\\/\\\/secure.gravatar.com\\\/avatar\\\/c7164ed6fdec453195284ad24a5ae5b6e1eed2b848477fa2a4787ba9adf39a41?s=96&d=mm&r=g\",\"caption\":\"Redacci\u00f3n QP\"},\"url\":\"https:\\\/\\\/quehacerpolitico.mx\\\/?author=2\"}]}<\/script>\n<!-- \/ Yoast SEO plugin. -->","yoast_head_json":{"title":"George Russell y el brutal casco que portar\u00e1 en el Gran Premio de M\u00e9xico -","robots":{"index":"index","follow":"follow","max-snippet":"max-snippet:-1","max-image-preview":"max-image-preview:large","max-video-preview":"max-video-preview:-1"},"canonical":"https:\/\/quehacerpolitico.mx\/?p=86335","og_locale":"es_MX","og_type":"article","og_title":"George Russell y el brutal casco que portar\u00e1 en el Gran Premio de M\u00e9xico -","og_description":"Por Redacci\u00f3n QP El piloto brit\u00e1nico dio a conocer en sus redes sociales el protector...","og_url":"https:\/\/quehacerpolitico.mx\/?p=86335","article_published_time":"2021-11-05T17:40:29+00:00","article_modified_time":"2021-11-05T17:40:34+00:00","og_image":[{"width":614,"height":768,"url":"https:\/\/quehacerpolitico.mx\/wp-content\/uploads\/2021\/11\/6D1DDD20-723B-40EE-96BB-DD0FFE3B2BCB.jpeg","type":"image\/jpeg"}],"author":"Redacci\u00f3n QP","twitter_card":"summary_large_image","twitter_misc":{"Escrito por":"Redacci\u00f3n QP","Tiempo de lectura":"1 minuto"},"schema":{"@context":"https:\/\/schema.org","@graph":[{"@type":"Article","@id":"https:\/\/quehacerpolitico.mx\/?p=86335#article","isPartOf":{"@id":"https:\/\/quehacerpolitico.mx\/?p=86335"},"author":{"name":"Redacci\u00f3n QP","@id":"https:\/\/quehacerpolitico.mx\/#\/schema\/person\/496d8ad2d1d3f8036101dca7ee39e585"},"headline":"George Russell y el brutal casco que portar\u00e1 en el Gran Premio de M\u00e9xico","datePublished":"2021-11-05T17:40:29+00:00","dateModified":"2021-11-05T17:40:34+00:00","mainEntityOfPage":{"@id":"https:\/\/quehacerpolitico.mx\/?p=86335"},"wordCount":244,"commentCount":0,"image":{"@id":"https:\/\/quehacerpolitico.mx\/?p=86335#primaryimage"},"thumbnailUrl":"https:\/\/quehacerpolitico.mx\/wp-content\/uploads\/2021\/11\/6D1DDD20-723B-40EE-96BB-DD0FFE3B2BCB.jpeg","articleSection":["Deportes"],"inLanguage":"es","potentialAction":[{"@type":"CommentAction","name":"Comment","target":["https:\/\/quehacerpolitico.mx\/?p=86335#respond"]}]},{"@type":"WebPage","@id":"https:\/\/quehacerpolitico.mx\/?p=86335","url":"https:\/\/quehacerpolitico.mx\/?p=86335","name":"George Russell y el brutal casco que portar\u00e1 en el Gran Premio de M\u00e9xico -","isPartOf":{"@id":"https:\/\/quehacerpolitico.mx\/#website"},"primaryImageOfPage":{"@id":"https:\/\/quehacerpolitico.mx\/?p=86335#primaryimage"},"image":{"@id":"https:\/\/quehacerpolitico.mx\/?p=86335#primaryimage"},"thumbnailUrl":"https:\/\/quehacerpolitico.mx\/wp-content\/uploads\/2021\/11\/6D1DDD20-723B-40EE-96BB-DD0FFE3B2BCB.jpeg","datePublished":"2021-11-05T17:40:29+00:00","dateModified":"2021-11-05T17:40:34+00:00","author":{"@id":"https:\/\/quehacerpolitico.mx\/#\/schema\/person\/496d8ad2d1d3f8036101dca7ee39e585"},"breadcrumb":{"@id":"https:\/\/quehacerpolitico.mx\/?p=86335#breadcrumb"},"inLanguage":"es","potentialAction":[{"@type":"ReadAction","target":["https:\/\/quehacerpolitico.mx\/?p=86335"]}]},{"@type":"ImageObject","inLanguage":"es","@id":"https:\/\/quehacerpolitico.mx\/?p=86335#primaryimage","url":"https:\/\/quehacerpolitico.mx\/wp-content\/uploads\/2021\/11\/6D1DDD20-723B-40EE-96BB-DD0FFE3B2BCB.jpeg","contentUrl":"https:\/\/quehacerpolitico.mx\/wp-content\/uploads\/2021\/11\/6D1DDD20-723B-40EE-96BB-DD0FFE3B2BCB.jpeg","width":614,"height":768},{"@type":"BreadcrumbList","@id":"https:\/\/quehacerpolitico.mx\/?p=86335#breadcrumb","itemListElement":[{"@type":"ListItem","position":1,"name":"Inicio","item":"https:\/\/quehacerpolitico.mx\/"},{"@type":"ListItem","position":2,"name":"George Russell y el brutal casco que portar\u00e1 en el Gran Premio de M\u00e9xico"}]},{"@type":"WebSite","@id":"https:\/\/quehacerpolitico.mx\/#website","url":"https:\/\/quehacerpolitico.mx\/","name":"","description":"","potentialAction":[{"@type":"SearchAction","target":{"@type":"EntryPoint","urlTemplate":"https:\/\/quehacerpolitico.mx\/?s={search_term_string}"},"query-input":{"@type":"PropertyValueSpecification","valueRequired":true,"valueName":"search_term_string"}}],"inLanguage":"es"},{"@type":"Person","@id":"https:\/\/quehacerpolitico.mx\/#\/schema\/person\/496d8ad2d1d3f8036101dca7ee39e585","name":"Redacci\u00f3n QP","image":{"@type":"ImageObject","inLanguage":"es","@id":"https:\/\/secure.gravatar.com\/avatar\/c7164ed6fdec453195284ad24a5ae5b6e1eed2b848477fa2a4787ba9adf39a41?s=96&d=mm&r=g","url":"https:\/\/secure.gravatar.com\/avatar\/c7164ed6fdec453195284ad24a5ae5b6e1eed2b848477fa2a4787ba9adf39a41?s=96&d=mm&r=g","contentUrl":"https:\/\/secure.gravatar.com\/avatar\/c7164ed6fdec453195284ad24a5ae5b6e1eed2b848477fa2a4787ba9adf39a41?s=96&d=mm&r=g","caption":"Redacci\u00f3n QP"},"url":"https:\/\/quehacerpolitico.mx\/?author=2"}]}},"featured_image_urls":{"full":["https:\/\/quehacerpolitico.mx\/wp-content\/uploads\/2021\/11\/6D1DDD20-723B-40EE-96BB-DD0FFE3B2BCB.jpeg",614,768,false],"thumbnail":["https:\/\/quehacerpolitico.mx\/wp-content\/uploads\/2021\/11\/6D1DDD20-723B-40EE-96BB-DD0FFE3B2BCB-150x150.jpeg",150,150,true],"medium":["https:\/\/quehacerpolitico.mx\/wp-content\/uploads\/2021\/11\/6D1DDD20-723B-40EE-96BB-DD0FFE3B2BCB-240x300.jpeg",240,300,true],"medium_large":["https:\/\/quehacerpolitico.mx\/wp-content\/uploads\/2021\/11\/6D1DDD20-723B-40EE-96BB-DD0FFE3B2BCB.jpeg",614,768,false],"large":["https:\/\/quehacerpolitico.mx\/wp-content\/uploads\/2021\/11\/6D1DDD20-723B-40EE-96BB-DD0FFE3B2BCB.jpeg",614,768,false],"1536x1536":["https:\/\/quehacerpolitico.mx\/wp-content\/uploads\/2021\/11\/6D1DDD20-723B-40EE-96BB-DD0FFE3B2BCB.jpeg",614,768,false],"2048x2048":["https:\/\/quehacerpolitico.mx\/wp-content\/uploads\/2021\/11\/6D1DDD20-723B-40EE-96BB-DD0FFE3B2BCB.jpeg",614,768,false],"covernews-featured":["https:\/\/quehacerpolitico.mx\/wp-content\/uploads\/2021\/11\/6D1DDD20-723B-40EE-96BB-DD0FFE3B2BCB.jpeg",614,768,false],"covernews-medium":["https:\/\/quehacerpolitico.mx\/wp-content\/uploads\/2021\/11\/6D1DDD20-723B-40EE-96BB-DD0FFE3B2BCB.jpeg",272,340,false]},"author_info":{"display_name":"Redacci\u00f3n QP","author_link":"https:\/\/quehacerpolitico.mx\/?author=2"},"category_info":"<a href=\"https:\/\/quehacerpolitico.mx\/?cat=54\" rel=\"category\">Deportes<\/a>","tag_info":"Deportes","comment_count":"0","_links":{"self":[{"href":"https:\/\/quehacerpolitico.mx\/index.php?rest_route=\/wp\/v2\/posts\/86335","targetHints":{"allow":["GET"]}}],"collection":[{"href":"https:\/\/quehacerpolitico.mx\/index.php?rest_route=\/wp\/v2\/posts"}],"about":[{"href":"https:\/\/quehacerpolitico.mx\/index.php?rest_route=\/wp\/v2\/types\/post"}],"author":[{"embeddable":true,"href":"https:\/\/quehacerpolitico.mx\/index.php?rest_route=\/wp\/v2\/users\/2"}],"replies":[{"embeddable":true,"href":"https:\/\/quehacerpolitico.mx\/index.php?rest_route=%2Fwp%2Fv2%2Fcomments&post=86335"}],"version-history":[{"count":1,"href":"https:\/\/quehacerpolitico.mx\/index.php?rest_route=\/wp\/v2\/posts\/86335\/revisions"}],"predecessor-version":[{"id":86337,"href":"https:\/\/quehacerpolitico.mx\/index.php?rest_route=\/wp\/v2\/posts\/86335\/revisions\/86337"}],"wp:featuredmedia":[{"embeddable":true,"href":"https:\/\/quehacerpolitico.mx\/index.php?rest_route=\/wp\/v2\/media\/86336"}],"wp:attachment":[{"href":"https:\/\/quehacerpolitico.mx\/index.php?rest_route=%2Fwp%2Fv2%2Fmedia&parent=86335"}],"wp:term":[{"taxonomy":"category","embeddable":true,"href":"https:\/\/quehacerpolitico.mx\/index.php?rest_route=%2Fwp%2Fv2%2Fcategories&post=86335"},{"taxonomy":"post_tag","embeddable":true,"href":"https:\/\/quehacerpolitico.mx\/index.php?rest_route=%2Fwp%2Fv2%2Ftags&post=86335"}],"curies":[{"name":"wp","href":"https:\/\/api.w.org\/{rel}","templated":true}]}}