{"id":86329,"date":"2021-11-05T16:56:11","date_gmt":"2021-11-05T16:56:11","guid":{"rendered":"https:\/\/quehacerpolitico.mx\/?p=86329"},"modified":"2021-11-05T16:56:14","modified_gmt":"2021-11-05T16:56:14","slug":"promete-eleccion-limpia-e-inedita-del-sindicato-de-pemex-amlo","status":"publish","type":"post","link":"https:\/\/quehacerpolitico.mx\/?p=86329","title":{"rendered":"Promete elecci\u00f3n &#8220;limpia e in\u00e9dita&#8221; del sindicato de Pemex: AMLO"},"content":{"rendered":"\n<p>Por Redacci\u00f3n QP<\/p>\n\n\n\n<p>Esta ser\u00e1 la primera elecci\u00f3n del sindicato petrolero tras la reforma laboral de 2020, que M\u00e9xico aprob\u00f3 como condici\u00f3n para la entrada en vigor del nuevo\u00a0T-MEC<\/p>\n\n\n\n<p>El Gobierno mexicano prometi\u00f3 este viernes garantizar que la elecci\u00f3n del nuevo l\u00edder del sindicato de Petr\u00f3leos Mexicanos\u00a0<strong>(Pemex)<\/strong>, acusado en el pasado de corrupci\u00f3n, sea &#8220;libre y democr\u00e1tica&#8221; en un ejercicio &#8220;in\u00e9dito&#8221;.<\/p>\n\n\n\n<p>&#8220;Van a poder votar de manera libre, todos van a elegir al secretario general del sindicato petrolero y garantizando que sea voto directo y secreto, esto es algo in\u00e9dito, esto no suced\u00eda anteriormente&#8221;, asegur\u00f3 el Presidente de M\u00e9xico\u00a0<strong>Andr\u00e9s Manuel L\u00f3pez Obrador\u00a0<\/strong>(AMLO) en su rueda de prensa diaria.<\/p>\n\n\n\n<blockquote class=\"wp-block-quote is-layout-flow wp-block-quote-is-layout-flow\"><p>&#8220;Ser\u00e1 la primera vez que se utilice este mecanismo de votaci\u00f3n electr\u00f3nica, convencidos de que con ello se puede garantizar que de manera pac\u00edfica y libre puedan participar todas y todos&#8221;<\/p><\/blockquote>\n\n\n\n<p>Con la elecci\u00f3n, que se realizar\u00e1 el 31 de enero, se elegir\u00e1 al sucesor del pol\u00e9mico Carlos Romero Deschamps, quien control\u00f3 por 26 a\u00f1os el Sindicato de Trabajadores Petroleros de la Rep\u00fablica Mexicana (Stprm) hasta su renuncia en 2019.<\/p>\n\n\n\n<figure class=\"wp-block-embed is-type-video is-provider-youtube wp-block-embed-youtube wp-embed-aspect-16-9 wp-has-aspect-ratio\"><div class=\"wp-block-embed__wrapper\">\n<iframe loading=\"lazy\" title=\"Conf\u00eda AMLO que voto electr\u00f3nico en sindicato de Pemex pueda replicarse en otros sindicatos\" width=\"640\" height=\"360\" src=\"https:\/\/www.youtube.com\/embed\/fqKOzE8-ozo?feature=oembed\" frameborder=\"0\" allow=\"accelerometer; autoplay; clipboard-write; encrypted-media; gyroscope; picture-in-picture; web-share\" referrerpolicy=\"strict-origin-when-cross-origin\" allowfullscreen><\/iframe>\n<\/div><\/figure>\n\n\n\n<p>Romero Deschamps ocup\u00f3 puestos en el Congreso con el exgobernante Partido Revolucionario Institucional&nbsp;<strong>(PRI)<\/strong>&nbsp;y afront\u00f3 dos denuncias en marzo pasado por dep\u00f3sitos irregulares de 309 millones de pesos (cerca de 15 millones de d\u00f3lares), seg\u00fan revel\u00f3 entonces L\u00f3pez Obrador.<\/p>\n\n\n\n<p>AMLO prometi\u00f3 que la votaci\u00f3n ser\u00e1 &#8220;limpia, libre y secreta&#8221;, con un modelo que se replicar\u00e1 en otros sindicatos.<\/p>\n\n\n\n<p>&#8220;Que sean los trabajadores sin ninguna presi\u00f3n, amenazas, sin estar recibiendo d\u00e1divas, puedan elegir a sus representantes de manera democr\u00e1tica&#8221;, manifest\u00f3.<\/p>\n\n\n\n<p>Esta ser\u00e1 la primera elecci\u00f3n del sindicato petrolero tras la reforma laboral de 2020, que M\u00e9xico aprob\u00f3 como condici\u00f3n para la entrada en vigor del nuevo Tratado entre M\u00e9xico, Estados Unidos y Canad\u00e1\u00a0<strong>(T-MEC)<\/strong>.<\/p>\n\n\n\n<p>&#8220;Por primera vez, las y los trabajadores del Sindicato de Trabajadores Petroleros de la Rep\u00fablica Mexicana van a elegir a su secretaria o secretario general conforme a esta nueva legislaci\u00f3n&#8221;, expuso la titular de la Secretar\u00eda del Trabajo y Previsi\u00f3n Social (STPS), Luisa Mar\u00eda Alcalde.<\/p>\n\n\n\n<p><strong>En la votaci\u00f3n participar\u00e1n 89 mil&nbsp;trabajadores en una plataforma electr\u00f3nica desarrollada por la STPS, a\u00f1adi\u00f3 la secretaria. Esto permitir\u00e1 tener elecciones pac\u00edficas<\/strong>, argument\u00f3.<\/p>\n\n\n\n<p>&#8220;Ser\u00e1 la primera vez que se utilice este mecanismo de votaci\u00f3n electr\u00f3nica, convencidos de que con ello se puede garantizar que de manera pac\u00edfica y libre puedan participar todas y todos los trabajadores ese d\u00eda de la elecci\u00f3n&#8221;, sostuvo.<\/p>\n\n\n\n<p>El 6 de diciembre se emitir\u00e1 la convocatoria, del 17 al 19 de enero se registrar\u00e1n candidatos y el 31 de enero ser\u00e1 la elecci\u00f3n.<\/p>\n\n\n\n<p>Los requisitos para los candidatos son ser socio activo y tener al menos 10 a\u00f1os de antig\u00fcedad, coment\u00f3 Alcalde.<\/p>\n\n\n\n<p>La elecci\u00f3n ocurre mientras Pemex acumula p\u00e9rdidas en 2021 de cuatro mil 936 millones de d\u00f3lares hasta septiembre y una deuda mayor a los 113 mil\u00a0millones de d\u00f3lares, por lo que es considerada la petrolera m\u00e1s endeudada del mundo.<\/p>\n\n\n\n<p>Con Informaci\u00f3n de EFE<\/p>\n","protected":false},"excerpt":{"rendered":"<p>Por Redacci\u00f3n QP Esta ser\u00e1 la primera elecci\u00f3n del sindicato petrolero tras la reforma laboral&#8230;<\/p>\n","protected":false},"author":2,"featured_media":86330,"comment_status":"open","ping_status":"open","sticky":false,"template":"","format":"standard","meta":{"_monsterinsights_skip_tracking":false,"_monsterinsights_sitenote_active":false,"_monsterinsights_sitenote_note":"","_monsterinsights_sitenote_category":0,"footnotes":""},"categories":[2],"tags":[],"class_list":["post-86329","post","type-post","status-publish","format-standard","has-post-thumbnail","hentry","category-noticias"],"yoast_head":"<!-- This site is optimized with the Yoast SEO plugin v27.3 - https:\/\/yoast.com\/product\/yoast-seo-wordpress\/ -->\n<title>Promete elecci\u00f3n &quot;limpia e in\u00e9dita&quot; del sindicato de Pemex: AMLO -<\/title>\n<meta name=\"robots\" content=\"index, follow, max-snippet:-1, max-image-preview:large, max-video-preview:-1\" \/>\n<link rel=\"canonical\" href=\"https:\/\/quehacerpolitico.mx\/?p=86329\" \/>\n<meta property=\"og:locale\" content=\"es_MX\" \/>\n<meta property=\"og:type\" content=\"article\" \/>\n<meta property=\"og:title\" content=\"Promete elecci\u00f3n &quot;limpia e in\u00e9dita&quot; del sindicato de Pemex: AMLO -\" \/>\n<meta property=\"og:description\" content=\"Por Redacci\u00f3n QP Esta ser\u00e1 la primera elecci\u00f3n del sindicato petrolero tras la reforma laboral...\" \/>\n<meta property=\"og:url\" content=\"https:\/\/quehacerpolitico.mx\/?p=86329\" \/>\n<meta property=\"article:published_time\" content=\"2021-11-05T16:56:11+00:00\" \/>\n<meta property=\"article:modified_time\" content=\"2021-11-05T16:56:14+00:00\" \/>\n<meta property=\"og:image\" content=\"https:\/\/quehacerpolitico.mx\/wp-content\/uploads\/2021\/11\/DBCE693F-3770-44BF-A6FD-903EB5796914.jpeg\" \/>\n\t<meta property=\"og:image:width\" content=\"1284\" \/>\n\t<meta property=\"og:image:height\" content=\"617\" \/>\n\t<meta property=\"og:image:type\" content=\"image\/jpeg\" \/>\n<meta name=\"author\" content=\"Redacci\u00f3n QP\" \/>\n<meta name=\"twitter:card\" content=\"summary_large_image\" \/>\n<meta name=\"twitter:label1\" content=\"Escrito por\" \/>\n\t<meta name=\"twitter:data1\" content=\"Redacci\u00f3n QP\" \/>\n\t<meta name=\"twitter:label2\" content=\"Tiempo de lectura\" \/>\n\t<meta name=\"twitter:data2\" content=\"3 minutos\" \/>\n<script type=\"application\/ld+json\" class=\"yoast-schema-graph\">{\"@context\":\"https:\\\/\\\/schema.org\",\"@graph\":[{\"@type\":\"Article\",\"@id\":\"https:\\\/\\\/quehacerpolitico.mx\\\/?p=86329#article\",\"isPartOf\":{\"@id\":\"https:\\\/\\\/quehacerpolitico.mx\\\/?p=86329\"},\"author\":{\"name\":\"Redacci\u00f3n QP\",\"@id\":\"https:\\\/\\\/quehacerpolitico.mx\\\/#\\\/schema\\\/person\\\/496d8ad2d1d3f8036101dca7ee39e585\"},\"headline\":\"Promete elecci\u00f3n &#8220;limpia e in\u00e9dita&#8221; del sindicato de Pemex: AMLO\",\"datePublished\":\"2021-11-05T16:56:11+00:00\",\"dateModified\":\"2021-11-05T16:56:14+00:00\",\"mainEntityOfPage\":{\"@id\":\"https:\\\/\\\/quehacerpolitico.mx\\\/?p=86329\"},\"wordCount\":555,\"commentCount\":0,\"image\":{\"@id\":\"https:\\\/\\\/quehacerpolitico.mx\\\/?p=86329#primaryimage\"},\"thumbnailUrl\":\"https:\\\/\\\/quehacerpolitico.mx\\\/wp-content\\\/uploads\\\/2021\\\/11\\\/DBCE693F-3770-44BF-A6FD-903EB5796914.jpeg\",\"articleSection\":[\"Noticias\"],\"inLanguage\":\"es\",\"potentialAction\":[{\"@type\":\"CommentAction\",\"name\":\"Comment\",\"target\":[\"https:\\\/\\\/quehacerpolitico.mx\\\/?p=86329#respond\"]}]},{\"@type\":\"WebPage\",\"@id\":\"https:\\\/\\\/quehacerpolitico.mx\\\/?p=86329\",\"url\":\"https:\\\/\\\/quehacerpolitico.mx\\\/?p=86329\",\"name\":\"Promete elecci\u00f3n \\\"limpia e in\u00e9dita\\\" del sindicato de Pemex: AMLO -\",\"isPartOf\":{\"@id\":\"https:\\\/\\\/quehacerpolitico.mx\\\/#website\"},\"primaryImageOfPage\":{\"@id\":\"https:\\\/\\\/quehacerpolitico.mx\\\/?p=86329#primaryimage\"},\"image\":{\"@id\":\"https:\\\/\\\/quehacerpolitico.mx\\\/?p=86329#primaryimage\"},\"thumbnailUrl\":\"https:\\\/\\\/quehacerpolitico.mx\\\/wp-content\\\/uploads\\\/2021\\\/11\\\/DBCE693F-3770-44BF-A6FD-903EB5796914.jpeg\",\"datePublished\":\"2021-11-05T16:56:11+00:00\",\"dateModified\":\"2021-11-05T16:56:14+00:00\",\"author\":{\"@id\":\"https:\\\/\\\/quehacerpolitico.mx\\\/#\\\/schema\\\/person\\\/496d8ad2d1d3f8036101dca7ee39e585\"},\"breadcrumb\":{\"@id\":\"https:\\\/\\\/quehacerpolitico.mx\\\/?p=86329#breadcrumb\"},\"inLanguage\":\"es\",\"potentialAction\":[{\"@type\":\"ReadAction\",\"target\":[\"https:\\\/\\\/quehacerpolitico.mx\\\/?p=86329\"]}]},{\"@type\":\"ImageObject\",\"inLanguage\":\"es\",\"@id\":\"https:\\\/\\\/quehacerpolitico.mx\\\/?p=86329#primaryimage\",\"url\":\"https:\\\/\\\/quehacerpolitico.mx\\\/wp-content\\\/uploads\\\/2021\\\/11\\\/DBCE693F-3770-44BF-A6FD-903EB5796914.jpeg\",\"contentUrl\":\"https:\\\/\\\/quehacerpolitico.mx\\\/wp-content\\\/uploads\\\/2021\\\/11\\\/DBCE693F-3770-44BF-A6FD-903EB5796914.jpeg\",\"width\":1284,\"height\":617},{\"@type\":\"BreadcrumbList\",\"@id\":\"https:\\\/\\\/quehacerpolitico.mx\\\/?p=86329#breadcrumb\",\"itemListElement\":[{\"@type\":\"ListItem\",\"position\":1,\"name\":\"Inicio\",\"item\":\"https:\\\/\\\/quehacerpolitico.mx\\\/\"},{\"@type\":\"ListItem\",\"position\":2,\"name\":\"Promete elecci\u00f3n &#8220;limpia e in\u00e9dita&#8221; del sindicato de Pemex: AMLO\"}]},{\"@type\":\"WebSite\",\"@id\":\"https:\\\/\\\/quehacerpolitico.mx\\\/#website\",\"url\":\"https:\\\/\\\/quehacerpolitico.mx\\\/\",\"name\":\"\",\"description\":\"\",\"potentialAction\":[{\"@type\":\"SearchAction\",\"target\":{\"@type\":\"EntryPoint\",\"urlTemplate\":\"https:\\\/\\\/quehacerpolitico.mx\\\/?s={search_term_string}\"},\"query-input\":{\"@type\":\"PropertyValueSpecification\",\"valueRequired\":true,\"valueName\":\"search_term_string\"}}],\"inLanguage\":\"es\"},{\"@type\":\"Person\",\"@id\":\"https:\\\/\\\/quehacerpolitico.mx\\\/#\\\/schema\\\/person\\\/496d8ad2d1d3f8036101dca7ee39e585\",\"name\":\"Redacci\u00f3n QP\",\"image\":{\"@type\":\"ImageObject\",\"inLanguage\":\"es\",\"@id\":\"https:\\\/\\\/secure.gravatar.com\\\/avatar\\\/c7164ed6fdec453195284ad24a5ae5b6e1eed2b848477fa2a4787ba9adf39a41?s=96&d=mm&r=g\",\"url\":\"https:\\\/\\\/secure.gravatar.com\\\/avatar\\\/c7164ed6fdec453195284ad24a5ae5b6e1eed2b848477fa2a4787ba9adf39a41?s=96&d=mm&r=g\",\"contentUrl\":\"https:\\\/\\\/secure.gravatar.com\\\/avatar\\\/c7164ed6fdec453195284ad24a5ae5b6e1eed2b848477fa2a4787ba9adf39a41?s=96&d=mm&r=g\",\"caption\":\"Redacci\u00f3n QP\"},\"url\":\"https:\\\/\\\/quehacerpolitico.mx\\\/?author=2\"}]}<\/script>\n<!-- \/ Yoast SEO plugin. -->","yoast_head_json":{"title":"Promete elecci\u00f3n \"limpia e in\u00e9dita\" del sindicato de Pemex: AMLO -","robots":{"index":"index","follow":"follow","max-snippet":"max-snippet:-1","max-image-preview":"max-image-preview:large","max-video-preview":"max-video-preview:-1"},"canonical":"https:\/\/quehacerpolitico.mx\/?p=86329","og_locale":"es_MX","og_type":"article","og_title":"Promete elecci\u00f3n \"limpia e in\u00e9dita\" del sindicato de Pemex: AMLO -","og_description":"Por Redacci\u00f3n QP Esta ser\u00e1 la primera elecci\u00f3n del sindicato petrolero tras la reforma laboral...","og_url":"https:\/\/quehacerpolitico.mx\/?p=86329","article_published_time":"2021-11-05T16:56:11+00:00","article_modified_time":"2021-11-05T16:56:14+00:00","og_image":[{"width":1284,"height":617,"url":"https:\/\/quehacerpolitico.mx\/wp-content\/uploads\/2021\/11\/DBCE693F-3770-44BF-A6FD-903EB5796914.jpeg","type":"image\/jpeg"}],"author":"Redacci\u00f3n QP","twitter_card":"summary_large_image","twitter_misc":{"Escrito por":"Redacci\u00f3n QP","Tiempo de lectura":"3 minutos"},"schema":{"@context":"https:\/\/schema.org","@graph":[{"@type":"Article","@id":"https:\/\/quehacerpolitico.mx\/?p=86329#article","isPartOf":{"@id":"https:\/\/quehacerpolitico.mx\/?p=86329"},"author":{"name":"Redacci\u00f3n QP","@id":"https:\/\/quehacerpolitico.mx\/#\/schema\/person\/496d8ad2d1d3f8036101dca7ee39e585"},"headline":"Promete elecci\u00f3n &#8220;limpia e in\u00e9dita&#8221; del sindicato de Pemex: AMLO","datePublished":"2021-11-05T16:56:11+00:00","dateModified":"2021-11-05T16:56:14+00:00","mainEntityOfPage":{"@id":"https:\/\/quehacerpolitico.mx\/?p=86329"},"wordCount":555,"commentCount":0,"image":{"@id":"https:\/\/quehacerpolitico.mx\/?p=86329#primaryimage"},"thumbnailUrl":"https:\/\/quehacerpolitico.mx\/wp-content\/uploads\/2021\/11\/DBCE693F-3770-44BF-A6FD-903EB5796914.jpeg","articleSection":["Noticias"],"inLanguage":"es","potentialAction":[{"@type":"CommentAction","name":"Comment","target":["https:\/\/quehacerpolitico.mx\/?p=86329#respond"]}]},{"@type":"WebPage","@id":"https:\/\/quehacerpolitico.mx\/?p=86329","url":"https:\/\/quehacerpolitico.mx\/?p=86329","name":"Promete elecci\u00f3n \"limpia e in\u00e9dita\" del sindicato de Pemex: AMLO -","isPartOf":{"@id":"https:\/\/quehacerpolitico.mx\/#website"},"primaryImageOfPage":{"@id":"https:\/\/quehacerpolitico.mx\/?p=86329#primaryimage"},"image":{"@id":"https:\/\/quehacerpolitico.mx\/?p=86329#primaryimage"},"thumbnailUrl":"https:\/\/quehacerpolitico.mx\/wp-content\/uploads\/2021\/11\/DBCE693F-3770-44BF-A6FD-903EB5796914.jpeg","datePublished":"2021-11-05T16:56:11+00:00","dateModified":"2021-11-05T16:56:14+00:00","author":{"@id":"https:\/\/quehacerpolitico.mx\/#\/schema\/person\/496d8ad2d1d3f8036101dca7ee39e585"},"breadcrumb":{"@id":"https:\/\/quehacerpolitico.mx\/?p=86329#breadcrumb"},"inLanguage":"es","potentialAction":[{"@type":"ReadAction","target":["https:\/\/quehacerpolitico.mx\/?p=86329"]}]},{"@type":"ImageObject","inLanguage":"es","@id":"https:\/\/quehacerpolitico.mx\/?p=86329#primaryimage","url":"https:\/\/quehacerpolitico.mx\/wp-content\/uploads\/2021\/11\/DBCE693F-3770-44BF-A6FD-903EB5796914.jpeg","contentUrl":"https:\/\/quehacerpolitico.mx\/wp-content\/uploads\/2021\/11\/DBCE693F-3770-44BF-A6FD-903EB5796914.jpeg","width":1284,"height":617},{"@type":"BreadcrumbList","@id":"https:\/\/quehacerpolitico.mx\/?p=86329#breadcrumb","itemListElement":[{"@type":"ListItem","position":1,"name":"Inicio","item":"https:\/\/quehacerpolitico.mx\/"},{"@type":"ListItem","position":2,"name":"Promete elecci\u00f3n &#8220;limpia e in\u00e9dita&#8221; del sindicato de Pemex: AMLO"}]},{"@type":"WebSite","@id":"https:\/\/quehacerpolitico.mx\/#website","url":"https:\/\/quehacerpolitico.mx\/","name":"","description":"","potentialAction":[{"@type":"SearchAction","target":{"@type":"EntryPoint","urlTemplate":"https:\/\/quehacerpolitico.mx\/?s={search_term_string}"},"query-input":{"@type":"PropertyValueSpecification","valueRequired":true,"valueName":"search_term_string"}}],"inLanguage":"es"},{"@type":"Person","@id":"https:\/\/quehacerpolitico.mx\/#\/schema\/person\/496d8ad2d1d3f8036101dca7ee39e585","name":"Redacci\u00f3n QP","image":{"@type":"ImageObject","inLanguage":"es","@id":"https:\/\/secure.gravatar.com\/avatar\/c7164ed6fdec453195284ad24a5ae5b6e1eed2b848477fa2a4787ba9adf39a41?s=96&d=mm&r=g","url":"https:\/\/secure.gravatar.com\/avatar\/c7164ed6fdec453195284ad24a5ae5b6e1eed2b848477fa2a4787ba9adf39a41?s=96&d=mm&r=g","contentUrl":"https:\/\/secure.gravatar.com\/avatar\/c7164ed6fdec453195284ad24a5ae5b6e1eed2b848477fa2a4787ba9adf39a41?s=96&d=mm&r=g","caption":"Redacci\u00f3n QP"},"url":"https:\/\/quehacerpolitico.mx\/?author=2"}]}},"featured_image_urls":{"full":["https:\/\/quehacerpolitico.mx\/wp-content\/uploads\/2021\/11\/DBCE693F-3770-44BF-A6FD-903EB5796914.jpeg",1284,617,false],"thumbnail":["https:\/\/quehacerpolitico.mx\/wp-content\/uploads\/2021\/11\/DBCE693F-3770-44BF-A6FD-903EB5796914-150x150.jpeg",150,150,true],"medium":["https:\/\/quehacerpolitico.mx\/wp-content\/uploads\/2021\/11\/DBCE693F-3770-44BF-A6FD-903EB5796914-300x144.jpeg",300,144,true],"medium_large":["https:\/\/quehacerpolitico.mx\/wp-content\/uploads\/2021\/11\/DBCE693F-3770-44BF-A6FD-903EB5796914-768x369.jpeg",640,308,true],"large":["https:\/\/quehacerpolitico.mx\/wp-content\/uploads\/2021\/11\/DBCE693F-3770-44BF-A6FD-903EB5796914-1024x492.jpeg",640,308,true],"1536x1536":["https:\/\/quehacerpolitico.mx\/wp-content\/uploads\/2021\/11\/DBCE693F-3770-44BF-A6FD-903EB5796914.jpeg",1284,617,false],"2048x2048":["https:\/\/quehacerpolitico.mx\/wp-content\/uploads\/2021\/11\/DBCE693F-3770-44BF-A6FD-903EB5796914.jpeg",1284,617,false],"covernews-featured":["https:\/\/quehacerpolitico.mx\/wp-content\/uploads\/2021\/11\/DBCE693F-3770-44BF-A6FD-903EB5796914.jpeg",1024,492,false],"covernews-medium":["https:\/\/quehacerpolitico.mx\/wp-content\/uploads\/2021\/11\/DBCE693F-3770-44BF-A6FD-903EB5796914.jpeg",540,259,false]},"author_info":{"display_name":"Redacci\u00f3n QP","author_link":"https:\/\/quehacerpolitico.mx\/?author=2"},"category_info":"<a href=\"https:\/\/quehacerpolitico.mx\/?cat=2\" rel=\"category\">Noticias<\/a>","tag_info":"Noticias","comment_count":"0","_links":{"self":[{"href":"https:\/\/quehacerpolitico.mx\/index.php?rest_route=\/wp\/v2\/posts\/86329","targetHints":{"allow":["GET"]}}],"collection":[{"href":"https:\/\/quehacerpolitico.mx\/index.php?rest_route=\/wp\/v2\/posts"}],"about":[{"href":"https:\/\/quehacerpolitico.mx\/index.php?rest_route=\/wp\/v2\/types\/post"}],"author":[{"embeddable":true,"href":"https:\/\/quehacerpolitico.mx\/index.php?rest_route=\/wp\/v2\/users\/2"}],"replies":[{"embeddable":true,"href":"https:\/\/quehacerpolitico.mx\/index.php?rest_route=%2Fwp%2Fv2%2Fcomments&post=86329"}],"version-history":[{"count":1,"href":"https:\/\/quehacerpolitico.mx\/index.php?rest_route=\/wp\/v2\/posts\/86329\/revisions"}],"predecessor-version":[{"id":86331,"href":"https:\/\/quehacerpolitico.mx\/index.php?rest_route=\/wp\/v2\/posts\/86329\/revisions\/86331"}],"wp:featuredmedia":[{"embeddable":true,"href":"https:\/\/quehacerpolitico.mx\/index.php?rest_route=\/wp\/v2\/media\/86330"}],"wp:attachment":[{"href":"https:\/\/quehacerpolitico.mx\/index.php?rest_route=%2Fwp%2Fv2%2Fmedia&parent=86329"}],"wp:term":[{"taxonomy":"category","embeddable":true,"href":"https:\/\/quehacerpolitico.mx\/index.php?rest_route=%2Fwp%2Fv2%2Fcategories&post=86329"},{"taxonomy":"post_tag","embeddable":true,"href":"https:\/\/quehacerpolitico.mx\/index.php?rest_route=%2Fwp%2Fv2%2Ftags&post=86329"}],"curies":[{"name":"wp","href":"https:\/\/api.w.org\/{rel}","templated":true}]}}