{"id":86323,"date":"2021-11-05T15:44:35","date_gmt":"2021-11-05T15:44:35","guid":{"rendered":"https:\/\/quehacerpolitico.mx\/?p=86323"},"modified":"2021-11-05T15:44:37","modified_gmt":"2021-11-05T15:44:37","slug":"en-tres-anos-adios-al-rezago-de-juicios-laborales-alcalde-lujan","status":"publish","type":"post","link":"https:\/\/quehacerpolitico.mx\/?p=86323","title":{"rendered":"En tres a\u00f1os, adi\u00f3s al rezago de juicios laborales: Alcalde Luj\u00e1n"},"content":{"rendered":"\n<p>Por Redacci\u00f3n QP<\/p>\n\n\n\n<p>El centro federal laboral ya asumi\u00f3 la funci\u00f3n registral de sindicatos y contratos colectivos en todo el pa\u00eds<\/p>\n\n\n\n<p>Tras comparar las funciones del Centro Federal de Conciliaci\u00f3n y Registro Laboral (CFCRL) con el Instituto Nacional Electoral (INE), dado que asume la totalidad de sus funciones, Luisa Mar\u00eda Alcalde Luj\u00e1n, secretaria de Trabajo y Previsi\u00f3n Social (STPS), expuso que&nbsp;<strong>la actual administraci\u00f3n tiene la meta de concluir con el rezago que existe en las juntas de conciliaci\u00f3n locales y especiales,<\/strong>respecto a los juicios laborales, a fin entrar de lleno al modelo laboral que ya empez\u00f3 a dar resultados.<\/p>\n\n\n\n<p>Este 3 de noviembre no s\u00f3lo entraron en funci\u00f3n 13 entidades federativas con el nuevo modelo laboral, sino que,&nbsp;<strong>el Centro Federal Laboral asumi\u00f3 la funci\u00f3n&nbsp;registral&nbsp;de sindicatos y contratos colectivos en todo el pa\u00eds.<\/strong><\/p>\n\n\n\n<p>\u201cPor primera vez tendremos un registro \u00fanico de sindicatos. Cualquier ciudadano podr\u00e1 acceder y conocer estatutos, directivas, vigencias, padrones, reglamentos interiores y todos los registros ser\u00e1n abiertos y a la luz de la ciudadan\u00eda. De igual manera, se tendr\u00e1 un registro \u00fanico de contratos colectivos de acceso universal\u201d, expres\u00f3.<\/p>\n\n\n\n<p>As\u00ed, el Centro Federal de Conciliaci\u00f3n y Registro Laboral \u201ctiene la funci\u00f3n de dar seguimiento a los procesos de democracia.&nbsp;<strong>Es una especie de&nbsp;INEen materia laboral, recibe denuncias, acude y verifica que los procesos se hayan realizado a trav\u00e9s del voto personal, libre, secreto y directo;<\/strong>que no haya ning\u00fan tipo de intimidaci\u00f3n y da seguimiento a las legitimaciones de contratos colectivos de trabajo\u201d, explic\u00f3 en breve entrevista.<\/p>\n\n\n\n<p>En las nueva oficinas del Centro Federal, la secretar\u00eda de Trabajo afirm\u00f3 que \u201ccon este nuevo andamiaje, estamos acabando con los interminables juicios laborales, no tendr\u00e1 cabida el formalismo excesivo el abuso procesal, la chicana, el coyotaje, ni las malas pr\u00e1cticas y vicios que colocaron la justicia en manos de una industria de litigio que se especializ\u00f3 en desgastar a las partes y retrasar acuerdos y saturar a las instituciones de gobierno\u201d.<\/p>\n\n\n\n<figure class=\"wp-block-embed is-type-rich is-provider-twitter wp-block-embed-twitter\"><div class=\"wp-block-embed__wrapper\">\n<blockquote class=\"twitter-tweet\" data-width=\"550\" data-dnt=\"true\"><p lang=\"es\" dir=\"ltr\">\u201cPor primera vez el Sindicato de Trabajadores Petroleros de la Rep\u00fablica Mexicana elegir\u00e1n a su secretario general por medio de elecciones\u201d dice la secretaria de Trabajo <a href=\"https:\/\/twitter.com\/LuisaAlcalde?ref_src=twsrc%5Etfw\">@LuisaAlcalde<\/a> <br><br>Ser\u00e1 por voto electr\u00f3nico el 31 de enero <br><br>Conoce las fechas clave del proceso  \ud83d\udc47 <a href=\"https:\/\/t.co\/E4IEwpTWVN\">pic.twitter.com\/E4IEwpTWVN<\/a><\/p>&mdash; Ruido en la Red (@RuidoEnLaRed) <a href=\"https:\/\/twitter.com\/RuidoEnLaRed\/status\/1456616562786508800?ref_src=twsrc%5Etfw\">November 5, 2021<\/a><\/blockquote><script async src=\"https:\/\/platform.twitter.com\/widgets.js\" charset=\"utf-8\"><\/script>\n<\/div><\/figure>\n\n\n\n<p>Ante la presencia de l\u00edderes sindicales de todas las corrientes, as\u00ed como el sector empresarial y organismos internacionales como la OIT, Alcalde Luj\u00e1n expuso algunos de los resultados que se tienen de la primera etapa de la implementaci\u00f3n de la reforma laboral en la que ya se encuentran ocho estados desde noviembre de 2020; entre estos,&nbsp;<strong>la resoluci\u00f3n de conflictos por la v\u00eda de la conciliaci\u00f3n es de 75%; mientras que 86% de ellos se realizan en la primera audiencia; y en caso de ir a juicio, se dicta sentencia en un promedio de 3.5 a 4.5 meses.<\/strong><\/p>\n\n\n\n<p><strong>El poder judicial<\/strong><\/p>\n\n\n\n<p>En cuando a la creaci\u00f3n de los Tribunales Laborales, dijo el ministro de la Suprema Corte de Justicia de la Naci\u00f3n, Fernando Franco Gonz\u00e1lez Salas, \u201cla implementaci\u00f3n de la reforma ha sido un desaf\u00edo sin precedentes, como compromiso de Estado, para todos los involucrados, pero en especial para el poder Judicial de la Federaci\u00f3n por las dimensiones de su responsabilidad\u201d.<\/p>\n\n\n\n<p>En ese sentido recalc\u00f3 que&nbsp;<strong>la duraci\u00f3n de los juicios en procedimientos ordinarios ha pasado de aproximadamente 4 a\u00f1os a un promedio de 4.5 meses; los juicios de conflictos individuales de seguridad social se est\u00e1n resolviendo en 4.3 meses; los procedimientos especiales individuales alrededor de 4.1 meses, y los procedimientos especiales colectivos en un lapso de 2.7 meses.<\/strong><\/p>\n\n\n\n<p>Reconoci\u00f3 que falta la tercera etapa y consecuentemente \u201chay que decirlo claramente, queda mucho trabajo por hacer todav\u00eda, seguramente concluiremos en mayo del pr\u00f3ximo a\u00f1o con la tercera y \u00faltima etapa, a fin de que el nuevo sistema de justicia laboral est\u00e9 funcionando en todo nuestro pa\u00eds a nivel federal y local\u201d.<\/p>\n","protected":false},"excerpt":{"rendered":"<p>Por Redacci\u00f3n QP El centro federal laboral ya asumi\u00f3 la funci\u00f3n registral de sindicatos y&#8230;<\/p>\n","protected":false},"author":2,"featured_media":86324,"comment_status":"open","ping_status":"open","sticky":false,"template":"","format":"standard","meta":{"_monsterinsights_skip_tracking":false,"_monsterinsights_sitenote_active":false,"_monsterinsights_sitenote_note":"","_monsterinsights_sitenote_category":0,"footnotes":""},"categories":[2],"tags":[],"class_list":["post-86323","post","type-post","status-publish","format-standard","has-post-thumbnail","hentry","category-noticias"],"yoast_head":"<!-- This site is optimized with the Yoast SEO plugin v27.3 - https:\/\/yoast.com\/product\/yoast-seo-wordpress\/ -->\n<title>En tres a\u00f1os, adi\u00f3s al rezago de juicios laborales: Alcalde Luj\u00e1n -<\/title>\n<meta name=\"robots\" content=\"index, follow, max-snippet:-1, max-image-preview:large, max-video-preview:-1\" \/>\n<link rel=\"canonical\" href=\"https:\/\/quehacerpolitico.mx\/?p=86323\" \/>\n<meta property=\"og:locale\" content=\"es_MX\" \/>\n<meta property=\"og:type\" content=\"article\" \/>\n<meta property=\"og:title\" content=\"En tres a\u00f1os, adi\u00f3s al rezago de juicios laborales: Alcalde Luj\u00e1n -\" \/>\n<meta property=\"og:description\" content=\"Por Redacci\u00f3n QP El centro federal laboral ya asumi\u00f3 la funci\u00f3n registral de sindicatos y...\" \/>\n<meta property=\"og:url\" content=\"https:\/\/quehacerpolitico.mx\/?p=86323\" \/>\n<meta property=\"article:published_time\" content=\"2021-11-05T15:44:35+00:00\" \/>\n<meta property=\"article:modified_time\" content=\"2021-11-05T15:44:37+00:00\" \/>\n<meta property=\"og:image\" content=\"https:\/\/quehacerpolitico.mx\/wp-content\/uploads\/2021\/11\/96858787-F7A1-4946-AD01-149C58B247DF.jpeg\" \/>\n\t<meta property=\"og:image:width\" content=\"1284\" \/>\n\t<meta property=\"og:image:height\" content=\"605\" \/>\n\t<meta property=\"og:image:type\" content=\"image\/jpeg\" \/>\n<meta name=\"author\" content=\"Redacci\u00f3n QP\" \/>\n<meta name=\"twitter:card\" content=\"summary_large_image\" \/>\n<meta name=\"twitter:label1\" content=\"Escrito por\" \/>\n\t<meta name=\"twitter:data1\" content=\"Redacci\u00f3n QP\" \/>\n\t<meta name=\"twitter:label2\" content=\"Tiempo de lectura\" \/>\n\t<meta name=\"twitter:data2\" content=\"3 minutos\" \/>\n<script type=\"application\/ld+json\" class=\"yoast-schema-graph\">{\"@context\":\"https:\\\/\\\/schema.org\",\"@graph\":[{\"@type\":\"Article\",\"@id\":\"https:\\\/\\\/quehacerpolitico.mx\\\/?p=86323#article\",\"isPartOf\":{\"@id\":\"https:\\\/\\\/quehacerpolitico.mx\\\/?p=86323\"},\"author\":{\"name\":\"Redacci\u00f3n QP\",\"@id\":\"https:\\\/\\\/quehacerpolitico.mx\\\/#\\\/schema\\\/person\\\/496d8ad2d1d3f8036101dca7ee39e585\"},\"headline\":\"En tres a\u00f1os, adi\u00f3s al rezago de juicios laborales: Alcalde Luj\u00e1n\",\"datePublished\":\"2021-11-05T15:44:35+00:00\",\"dateModified\":\"2021-11-05T15:44:37+00:00\",\"mainEntityOfPage\":{\"@id\":\"https:\\\/\\\/quehacerpolitico.mx\\\/?p=86323\"},\"wordCount\":655,\"commentCount\":0,\"image\":{\"@id\":\"https:\\\/\\\/quehacerpolitico.mx\\\/?p=86323#primaryimage\"},\"thumbnailUrl\":\"https:\\\/\\\/quehacerpolitico.mx\\\/wp-content\\\/uploads\\\/2021\\\/11\\\/96858787-F7A1-4946-AD01-149C58B247DF.jpeg\",\"articleSection\":[\"Noticias\"],\"inLanguage\":\"es\",\"potentialAction\":[{\"@type\":\"CommentAction\",\"name\":\"Comment\",\"target\":[\"https:\\\/\\\/quehacerpolitico.mx\\\/?p=86323#respond\"]}]},{\"@type\":\"WebPage\",\"@id\":\"https:\\\/\\\/quehacerpolitico.mx\\\/?p=86323\",\"url\":\"https:\\\/\\\/quehacerpolitico.mx\\\/?p=86323\",\"name\":\"En tres a\u00f1os, adi\u00f3s al rezago de juicios laborales: Alcalde Luj\u00e1n -\",\"isPartOf\":{\"@id\":\"https:\\\/\\\/quehacerpolitico.mx\\\/#website\"},\"primaryImageOfPage\":{\"@id\":\"https:\\\/\\\/quehacerpolitico.mx\\\/?p=86323#primaryimage\"},\"image\":{\"@id\":\"https:\\\/\\\/quehacerpolitico.mx\\\/?p=86323#primaryimage\"},\"thumbnailUrl\":\"https:\\\/\\\/quehacerpolitico.mx\\\/wp-content\\\/uploads\\\/2021\\\/11\\\/96858787-F7A1-4946-AD01-149C58B247DF.jpeg\",\"datePublished\":\"2021-11-05T15:44:35+00:00\",\"dateModified\":\"2021-11-05T15:44:37+00:00\",\"author\":{\"@id\":\"https:\\\/\\\/quehacerpolitico.mx\\\/#\\\/schema\\\/person\\\/496d8ad2d1d3f8036101dca7ee39e585\"},\"breadcrumb\":{\"@id\":\"https:\\\/\\\/quehacerpolitico.mx\\\/?p=86323#breadcrumb\"},\"inLanguage\":\"es\",\"potentialAction\":[{\"@type\":\"ReadAction\",\"target\":[\"https:\\\/\\\/quehacerpolitico.mx\\\/?p=86323\"]}]},{\"@type\":\"ImageObject\",\"inLanguage\":\"es\",\"@id\":\"https:\\\/\\\/quehacerpolitico.mx\\\/?p=86323#primaryimage\",\"url\":\"https:\\\/\\\/quehacerpolitico.mx\\\/wp-content\\\/uploads\\\/2021\\\/11\\\/96858787-F7A1-4946-AD01-149C58B247DF.jpeg\",\"contentUrl\":\"https:\\\/\\\/quehacerpolitico.mx\\\/wp-content\\\/uploads\\\/2021\\\/11\\\/96858787-F7A1-4946-AD01-149C58B247DF.jpeg\",\"width\":1284,\"height\":605},{\"@type\":\"BreadcrumbList\",\"@id\":\"https:\\\/\\\/quehacerpolitico.mx\\\/?p=86323#breadcrumb\",\"itemListElement\":[{\"@type\":\"ListItem\",\"position\":1,\"name\":\"Inicio\",\"item\":\"https:\\\/\\\/quehacerpolitico.mx\\\/\"},{\"@type\":\"ListItem\",\"position\":2,\"name\":\"En tres a\u00f1os, adi\u00f3s al rezago de juicios laborales: Alcalde Luj\u00e1n\"}]},{\"@type\":\"WebSite\",\"@id\":\"https:\\\/\\\/quehacerpolitico.mx\\\/#website\",\"url\":\"https:\\\/\\\/quehacerpolitico.mx\\\/\",\"name\":\"\",\"description\":\"\",\"potentialAction\":[{\"@type\":\"SearchAction\",\"target\":{\"@type\":\"EntryPoint\",\"urlTemplate\":\"https:\\\/\\\/quehacerpolitico.mx\\\/?s={search_term_string}\"},\"query-input\":{\"@type\":\"PropertyValueSpecification\",\"valueRequired\":true,\"valueName\":\"search_term_string\"}}],\"inLanguage\":\"es\"},{\"@type\":\"Person\",\"@id\":\"https:\\\/\\\/quehacerpolitico.mx\\\/#\\\/schema\\\/person\\\/496d8ad2d1d3f8036101dca7ee39e585\",\"name\":\"Redacci\u00f3n QP\",\"image\":{\"@type\":\"ImageObject\",\"inLanguage\":\"es\",\"@id\":\"https:\\\/\\\/secure.gravatar.com\\\/avatar\\\/c7164ed6fdec453195284ad24a5ae5b6e1eed2b848477fa2a4787ba9adf39a41?s=96&d=mm&r=g\",\"url\":\"https:\\\/\\\/secure.gravatar.com\\\/avatar\\\/c7164ed6fdec453195284ad24a5ae5b6e1eed2b848477fa2a4787ba9adf39a41?s=96&d=mm&r=g\",\"contentUrl\":\"https:\\\/\\\/secure.gravatar.com\\\/avatar\\\/c7164ed6fdec453195284ad24a5ae5b6e1eed2b848477fa2a4787ba9adf39a41?s=96&d=mm&r=g\",\"caption\":\"Redacci\u00f3n QP\"},\"url\":\"https:\\\/\\\/quehacerpolitico.mx\\\/?author=2\"}]}<\/script>\n<!-- \/ Yoast SEO plugin. -->","yoast_head_json":{"title":"En tres a\u00f1os, adi\u00f3s al rezago de juicios laborales: Alcalde Luj\u00e1n -","robots":{"index":"index","follow":"follow","max-snippet":"max-snippet:-1","max-image-preview":"max-image-preview:large","max-video-preview":"max-video-preview:-1"},"canonical":"https:\/\/quehacerpolitico.mx\/?p=86323","og_locale":"es_MX","og_type":"article","og_title":"En tres a\u00f1os, adi\u00f3s al rezago de juicios laborales: Alcalde Luj\u00e1n -","og_description":"Por Redacci\u00f3n QP El centro federal laboral ya asumi\u00f3 la funci\u00f3n registral de sindicatos y...","og_url":"https:\/\/quehacerpolitico.mx\/?p=86323","article_published_time":"2021-11-05T15:44:35+00:00","article_modified_time":"2021-11-05T15:44:37+00:00","og_image":[{"width":1284,"height":605,"url":"https:\/\/quehacerpolitico.mx\/wp-content\/uploads\/2021\/11\/96858787-F7A1-4946-AD01-149C58B247DF.jpeg","type":"image\/jpeg"}],"author":"Redacci\u00f3n QP","twitter_card":"summary_large_image","twitter_misc":{"Escrito por":"Redacci\u00f3n QP","Tiempo de lectura":"3 minutos"},"schema":{"@context":"https:\/\/schema.org","@graph":[{"@type":"Article","@id":"https:\/\/quehacerpolitico.mx\/?p=86323#article","isPartOf":{"@id":"https:\/\/quehacerpolitico.mx\/?p=86323"},"author":{"name":"Redacci\u00f3n QP","@id":"https:\/\/quehacerpolitico.mx\/#\/schema\/person\/496d8ad2d1d3f8036101dca7ee39e585"},"headline":"En tres a\u00f1os, adi\u00f3s al rezago de juicios laborales: Alcalde Luj\u00e1n","datePublished":"2021-11-05T15:44:35+00:00","dateModified":"2021-11-05T15:44:37+00:00","mainEntityOfPage":{"@id":"https:\/\/quehacerpolitico.mx\/?p=86323"},"wordCount":655,"commentCount":0,"image":{"@id":"https:\/\/quehacerpolitico.mx\/?p=86323#primaryimage"},"thumbnailUrl":"https:\/\/quehacerpolitico.mx\/wp-content\/uploads\/2021\/11\/96858787-F7A1-4946-AD01-149C58B247DF.jpeg","articleSection":["Noticias"],"inLanguage":"es","potentialAction":[{"@type":"CommentAction","name":"Comment","target":["https:\/\/quehacerpolitico.mx\/?p=86323#respond"]}]},{"@type":"WebPage","@id":"https:\/\/quehacerpolitico.mx\/?p=86323","url":"https:\/\/quehacerpolitico.mx\/?p=86323","name":"En tres a\u00f1os, adi\u00f3s al rezago de juicios laborales: Alcalde Luj\u00e1n -","isPartOf":{"@id":"https:\/\/quehacerpolitico.mx\/#website"},"primaryImageOfPage":{"@id":"https:\/\/quehacerpolitico.mx\/?p=86323#primaryimage"},"image":{"@id":"https:\/\/quehacerpolitico.mx\/?p=86323#primaryimage"},"thumbnailUrl":"https:\/\/quehacerpolitico.mx\/wp-content\/uploads\/2021\/11\/96858787-F7A1-4946-AD01-149C58B247DF.jpeg","datePublished":"2021-11-05T15:44:35+00:00","dateModified":"2021-11-05T15:44:37+00:00","author":{"@id":"https:\/\/quehacerpolitico.mx\/#\/schema\/person\/496d8ad2d1d3f8036101dca7ee39e585"},"breadcrumb":{"@id":"https:\/\/quehacerpolitico.mx\/?p=86323#breadcrumb"},"inLanguage":"es","potentialAction":[{"@type":"ReadAction","target":["https:\/\/quehacerpolitico.mx\/?p=86323"]}]},{"@type":"ImageObject","inLanguage":"es","@id":"https:\/\/quehacerpolitico.mx\/?p=86323#primaryimage","url":"https:\/\/quehacerpolitico.mx\/wp-content\/uploads\/2021\/11\/96858787-F7A1-4946-AD01-149C58B247DF.jpeg","contentUrl":"https:\/\/quehacerpolitico.mx\/wp-content\/uploads\/2021\/11\/96858787-F7A1-4946-AD01-149C58B247DF.jpeg","width":1284,"height":605},{"@type":"BreadcrumbList","@id":"https:\/\/quehacerpolitico.mx\/?p=86323#breadcrumb","itemListElement":[{"@type":"ListItem","position":1,"name":"Inicio","item":"https:\/\/quehacerpolitico.mx\/"},{"@type":"ListItem","position":2,"name":"En tres a\u00f1os, adi\u00f3s al rezago de juicios laborales: Alcalde Luj\u00e1n"}]},{"@type":"WebSite","@id":"https:\/\/quehacerpolitico.mx\/#website","url":"https:\/\/quehacerpolitico.mx\/","name":"","description":"","potentialAction":[{"@type":"SearchAction","target":{"@type":"EntryPoint","urlTemplate":"https:\/\/quehacerpolitico.mx\/?s={search_term_string}"},"query-input":{"@type":"PropertyValueSpecification","valueRequired":true,"valueName":"search_term_string"}}],"inLanguage":"es"},{"@type":"Person","@id":"https:\/\/quehacerpolitico.mx\/#\/schema\/person\/496d8ad2d1d3f8036101dca7ee39e585","name":"Redacci\u00f3n QP","image":{"@type":"ImageObject","inLanguage":"es","@id":"https:\/\/secure.gravatar.com\/avatar\/c7164ed6fdec453195284ad24a5ae5b6e1eed2b848477fa2a4787ba9adf39a41?s=96&d=mm&r=g","url":"https:\/\/secure.gravatar.com\/avatar\/c7164ed6fdec453195284ad24a5ae5b6e1eed2b848477fa2a4787ba9adf39a41?s=96&d=mm&r=g","contentUrl":"https:\/\/secure.gravatar.com\/avatar\/c7164ed6fdec453195284ad24a5ae5b6e1eed2b848477fa2a4787ba9adf39a41?s=96&d=mm&r=g","caption":"Redacci\u00f3n QP"},"url":"https:\/\/quehacerpolitico.mx\/?author=2"}]}},"featured_image_urls":{"full":["https:\/\/quehacerpolitico.mx\/wp-content\/uploads\/2021\/11\/96858787-F7A1-4946-AD01-149C58B247DF.jpeg",1284,605,false],"thumbnail":["https:\/\/quehacerpolitico.mx\/wp-content\/uploads\/2021\/11\/96858787-F7A1-4946-AD01-149C58B247DF-150x150.jpeg",150,150,true],"medium":["https:\/\/quehacerpolitico.mx\/wp-content\/uploads\/2021\/11\/96858787-F7A1-4946-AD01-149C58B247DF-300x141.jpeg",300,141,true],"medium_large":["https:\/\/quehacerpolitico.mx\/wp-content\/uploads\/2021\/11\/96858787-F7A1-4946-AD01-149C58B247DF-768x362.jpeg",640,302,true],"large":["https:\/\/quehacerpolitico.mx\/wp-content\/uploads\/2021\/11\/96858787-F7A1-4946-AD01-149C58B247DF-1024x482.jpeg",640,301,true],"1536x1536":["https:\/\/quehacerpolitico.mx\/wp-content\/uploads\/2021\/11\/96858787-F7A1-4946-AD01-149C58B247DF.jpeg",1284,605,false],"2048x2048":["https:\/\/quehacerpolitico.mx\/wp-content\/uploads\/2021\/11\/96858787-F7A1-4946-AD01-149C58B247DF.jpeg",1284,605,false],"covernews-featured":["https:\/\/quehacerpolitico.mx\/wp-content\/uploads\/2021\/11\/96858787-F7A1-4946-AD01-149C58B247DF.jpeg",1024,482,false],"covernews-medium":["https:\/\/quehacerpolitico.mx\/wp-content\/uploads\/2021\/11\/96858787-F7A1-4946-AD01-149C58B247DF.jpeg",540,254,false]},"author_info":{"display_name":"Redacci\u00f3n QP","author_link":"https:\/\/quehacerpolitico.mx\/?author=2"},"category_info":"<a href=\"https:\/\/quehacerpolitico.mx\/?cat=2\" rel=\"category\">Noticias<\/a>","tag_info":"Noticias","comment_count":"0","_links":{"self":[{"href":"https:\/\/quehacerpolitico.mx\/index.php?rest_route=\/wp\/v2\/posts\/86323","targetHints":{"allow":["GET"]}}],"collection":[{"href":"https:\/\/quehacerpolitico.mx\/index.php?rest_route=\/wp\/v2\/posts"}],"about":[{"href":"https:\/\/quehacerpolitico.mx\/index.php?rest_route=\/wp\/v2\/types\/post"}],"author":[{"embeddable":true,"href":"https:\/\/quehacerpolitico.mx\/index.php?rest_route=\/wp\/v2\/users\/2"}],"replies":[{"embeddable":true,"href":"https:\/\/quehacerpolitico.mx\/index.php?rest_route=%2Fwp%2Fv2%2Fcomments&post=86323"}],"version-history":[{"count":1,"href":"https:\/\/quehacerpolitico.mx\/index.php?rest_route=\/wp\/v2\/posts\/86323\/revisions"}],"predecessor-version":[{"id":86325,"href":"https:\/\/quehacerpolitico.mx\/index.php?rest_route=\/wp\/v2\/posts\/86323\/revisions\/86325"}],"wp:featuredmedia":[{"embeddable":true,"href":"https:\/\/quehacerpolitico.mx\/index.php?rest_route=\/wp\/v2\/media\/86324"}],"wp:attachment":[{"href":"https:\/\/quehacerpolitico.mx\/index.php?rest_route=%2Fwp%2Fv2%2Fmedia&parent=86323"}],"wp:term":[{"taxonomy":"category","embeddable":true,"href":"https:\/\/quehacerpolitico.mx\/index.php?rest_route=%2Fwp%2Fv2%2Fcategories&post=86323"},{"taxonomy":"post_tag","embeddable":true,"href":"https:\/\/quehacerpolitico.mx\/index.php?rest_route=%2Fwp%2Fv2%2Ftags&post=86323"}],"curies":[{"name":"wp","href":"https:\/\/api.w.org\/{rel}","templated":true}]}}