{"id":86314,"date":"2021-11-05T05:53:40","date_gmt":"2021-11-05T05:53:40","guid":{"rendered":"https:\/\/quehacerpolitico.mx\/?p=86314"},"modified":"2021-11-05T05:53:43","modified_gmt":"2021-11-05T05:53:43","slug":"sheinbaum-agradecida-con-la-formula-1-por-su-paciencia","status":"publish","type":"post","link":"https:\/\/quehacerpolitico.mx\/?p=86314","title":{"rendered":"Sheinbaum agradecida con la F\u00f3rmula 1 por su \u201cpaciencia\u201d"},"content":{"rendered":"\n<p>Por Redacci\u00f3n QP<\/p>\n\n\n\n<p>La Jefa de Gobierno\u00a0agradeci\u00f3 a la organizaci\u00f3n del Gran Premio de M\u00e9xico y a la F\u00f3rmula Uno por su paciencia para confirmar el evento en la ciudad<\/p>\n\n\n\n<p>La Jefa de Gobierno de la Ciudad de M\u00e9xico, Claudia Sheinbaum estuvo esta tarde en el Aut\u00f3dromo Hermanos Rodr\u00edguez para develar una placa para conmemorar que ese lugar sirvi\u00f3 durante la crisis de la pandemia para salvar vidas convirti\u00e9ndose en un centro de atenci\u00f3n para los enfermos.<\/p>\n\n\n\n<p><strong>Durante el evento, Sheinbaum agradeci\u00f3 a la organizaci\u00f3n del Gran Premio de M\u00e9xico y a la F\u00f3rmula Uno por su paciencia para confirmar el evento en la ciudad pues, asegura que no pod\u00edan confirmar el evento hasta no tener las vacunas necesarias.<\/strong><\/p>\n\n\n\n<figure class=\"wp-block-embed is-type-rich is-provider-twitter wp-block-embed-twitter\"><div class=\"wp-block-embed__wrapper\">\n<blockquote class=\"twitter-tweet\" data-width=\"550\" data-dnt=\"true\"><p lang=\"es\" dir=\"ltr\">Con el esfuerzo de todas y todos \ud83d\ude4b\u200d\u2640\ufe0f\ud83d\ude4b\u200d\u2642\ufe0f, en especial del <a href=\"https:\/\/twitter.com\/GobiernoMX?ref_src=twsrc%5Etfw\">@GobiernoMX<\/a> y de las instituciones de salud, se logr\u00f3 llegar a la meta de vacunaci\u00f3n \ud83d\udc4f y con ello, que la \ud83c\udfce\ufe0f <a href=\"https:\/\/twitter.com\/F1?ref_src=twsrc%5Etfw\">@F1<\/a> \ud83c\udfc1 se desarrollara conforme a lo planeado en este 2021. \ud83d\udc4d<a href=\"https:\/\/twitter.com\/hashtag\/GraciasPorHacerloPosible?src=hash&amp;ref_src=twsrc%5Etfw\">#GraciasPorHacerloPosible<\/a> <a href=\"https:\/\/t.co\/J22ypEbk5c\">pic.twitter.com\/J22ypEbk5c<\/a><\/p>&mdash; Gobierno de la Ciudad de M\u00e9xico (@GobCDMX) <a href=\"https:\/\/twitter.com\/GobCDMX\/status\/1456388283856928773?ref_src=twsrc%5Etfw\">November 4, 2021<\/a><\/blockquote><script async src=\"https:\/\/platform.twitter.com\/widgets.js\" charset=\"utf-8\"><\/script>\n<\/div><\/figure>\n\n\n\n<p>&#8220;Hace tres meses que me dijo Alejandro (Sober\u00f3n) que si iba a haber F\u00f3rmula Uno y le dije no s\u00e9, todav\u00eda no sabemos cu\u00e1ntas vacunas van a llegar. \u00c9l me dec\u00eda &#8216;ya tengo que decirle a F1&#8217; y le respond\u00eda que nos esperen una semana m\u00e1s y dos meses despu\u00e9s, otra vez, &#8216;\u00bfqu\u00e9 va a pasar?&#8217; y les pedimos que nos aguanten un poquito m\u00e1s hasta que llegaron m\u00e1s dosis de vacunas y pudimos decir que s\u00ed se hac\u00eda la F1 en la CDMX&#8221;.<\/p>\n\n\n\n<p><strong>Despu\u00e9s de relatar esto, Claudia dio las &#8220;gracias por esta paciencia de permitirnos y creer siempre en la Ciudad de M\u00e9xico&#8221;.<\/strong><\/p>\n\n\n\n<p>La Jefa de Gobierno asegur\u00f3 que, en el tema de COVID el contagio en este momento en la ciudad est\u00e1 en los niveles m\u00e1s bajos hist\u00f3ricamente y que aunque siguen &#8220;teniendo un ojo en la salud y estamos pendientes de lo que ocurra con la pandemia&#8221; la Ciudad de M\u00e9xico est\u00e1 en un proceso de reactivaci\u00f3n econ\u00f3mica, entonces queremos agradecer a la F1 a todas las escuder\u00edas por seguir creyendo en la Ciudad de M\u00e9xico.<\/p>\n","protected":false},"excerpt":{"rendered":"<p>Por Redacci\u00f3n QP La Jefa de Gobierno\u00a0agradeci\u00f3 a la organizaci\u00f3n del Gran Premio de M\u00e9xico&#8230;<\/p>\n","protected":false},"author":2,"featured_media":86316,"comment_status":"open","ping_status":"open","sticky":false,"template":"","format":"standard","meta":{"_monsterinsights_skip_tracking":false,"_monsterinsights_sitenote_active":false,"_monsterinsights_sitenote_note":"","_monsterinsights_sitenote_category":0,"footnotes":""},"categories":[55,54],"tags":[],"class_list":["post-86314","post","type-post","status-publish","format-standard","has-post-thumbnail","hentry","category-cdmx","category-deportes"],"yoast_head":"<!-- This site is optimized with the Yoast SEO plugin v27.3 - https:\/\/yoast.com\/product\/yoast-seo-wordpress\/ -->\n<title>Sheinbaum agradecida con la F\u00f3rmula 1 por su \u201cpaciencia\u201d -<\/title>\n<meta name=\"robots\" content=\"index, follow, max-snippet:-1, max-image-preview:large, max-video-preview:-1\" \/>\n<link rel=\"canonical\" href=\"https:\/\/quehacerpolitico.mx\/?p=86314\" \/>\n<meta property=\"og:locale\" content=\"es_MX\" \/>\n<meta property=\"og:type\" content=\"article\" \/>\n<meta property=\"og:title\" content=\"Sheinbaum agradecida con la F\u00f3rmula 1 por su \u201cpaciencia\u201d -\" \/>\n<meta property=\"og:description\" content=\"Por Redacci\u00f3n QP La Jefa de Gobierno\u00a0agradeci\u00f3 a la organizaci\u00f3n del Gran Premio de M\u00e9xico...\" \/>\n<meta property=\"og:url\" content=\"https:\/\/quehacerpolitico.mx\/?p=86314\" \/>\n<meta property=\"article:published_time\" content=\"2021-11-05T05:53:40+00:00\" \/>\n<meta property=\"article:modified_time\" content=\"2021-11-05T05:53:43+00:00\" \/>\n<meta property=\"og:image\" content=\"https:\/\/quehacerpolitico.mx\/wp-content\/uploads\/2021\/11\/98121E91-72EE-47F2-945E-0FE90F4EEC5B.jpeg\" \/>\n\t<meta property=\"og:image:width\" content=\"1269\" \/>\n\t<meta property=\"og:image:height\" content=\"710\" \/>\n\t<meta property=\"og:image:type\" content=\"image\/jpeg\" \/>\n<meta name=\"author\" content=\"Redacci\u00f3n QP\" \/>\n<meta name=\"twitter:card\" content=\"summary_large_image\" \/>\n<meta name=\"twitter:label1\" content=\"Escrito por\" \/>\n\t<meta name=\"twitter:data1\" content=\"Redacci\u00f3n QP\" \/>\n\t<meta name=\"twitter:label2\" content=\"Tiempo de lectura\" \/>\n\t<meta name=\"twitter:data2\" content=\"2 minutos\" \/>\n<script type=\"application\/ld+json\" class=\"yoast-schema-graph\">{\"@context\":\"https:\\\/\\\/schema.org\",\"@graph\":[{\"@type\":\"Article\",\"@id\":\"https:\\\/\\\/quehacerpolitico.mx\\\/?p=86314#article\",\"isPartOf\":{\"@id\":\"https:\\\/\\\/quehacerpolitico.mx\\\/?p=86314\"},\"author\":{\"name\":\"Redacci\u00f3n QP\",\"@id\":\"https:\\\/\\\/quehacerpolitico.mx\\\/#\\\/schema\\\/person\\\/496d8ad2d1d3f8036101dca7ee39e585\"},\"headline\":\"Sheinbaum agradecida con la F\u00f3rmula 1 por su \u201cpaciencia\u201d\",\"datePublished\":\"2021-11-05T05:53:40+00:00\",\"dateModified\":\"2021-11-05T05:53:43+00:00\",\"mainEntityOfPage\":{\"@id\":\"https:\\\/\\\/quehacerpolitico.mx\\\/?p=86314\"},\"wordCount\":348,\"commentCount\":0,\"image\":{\"@id\":\"https:\\\/\\\/quehacerpolitico.mx\\\/?p=86314#primaryimage\"},\"thumbnailUrl\":\"https:\\\/\\\/quehacerpolitico.mx\\\/wp-content\\\/uploads\\\/2021\\\/11\\\/98121E91-72EE-47F2-945E-0FE90F4EEC5B.jpeg\",\"articleSection\":[\"CDMX\",\"Deportes\"],\"inLanguage\":\"es\",\"potentialAction\":[{\"@type\":\"CommentAction\",\"name\":\"Comment\",\"target\":[\"https:\\\/\\\/quehacerpolitico.mx\\\/?p=86314#respond\"]}]},{\"@type\":\"WebPage\",\"@id\":\"https:\\\/\\\/quehacerpolitico.mx\\\/?p=86314\",\"url\":\"https:\\\/\\\/quehacerpolitico.mx\\\/?p=86314\",\"name\":\"Sheinbaum agradecida con la F\u00f3rmula 1 por su \u201cpaciencia\u201d -\",\"isPartOf\":{\"@id\":\"https:\\\/\\\/quehacerpolitico.mx\\\/#website\"},\"primaryImageOfPage\":{\"@id\":\"https:\\\/\\\/quehacerpolitico.mx\\\/?p=86314#primaryimage\"},\"image\":{\"@id\":\"https:\\\/\\\/quehacerpolitico.mx\\\/?p=86314#primaryimage\"},\"thumbnailUrl\":\"https:\\\/\\\/quehacerpolitico.mx\\\/wp-content\\\/uploads\\\/2021\\\/11\\\/98121E91-72EE-47F2-945E-0FE90F4EEC5B.jpeg\",\"datePublished\":\"2021-11-05T05:53:40+00:00\",\"dateModified\":\"2021-11-05T05:53:43+00:00\",\"author\":{\"@id\":\"https:\\\/\\\/quehacerpolitico.mx\\\/#\\\/schema\\\/person\\\/496d8ad2d1d3f8036101dca7ee39e585\"},\"breadcrumb\":{\"@id\":\"https:\\\/\\\/quehacerpolitico.mx\\\/?p=86314#breadcrumb\"},\"inLanguage\":\"es\",\"potentialAction\":[{\"@type\":\"ReadAction\",\"target\":[\"https:\\\/\\\/quehacerpolitico.mx\\\/?p=86314\"]}]},{\"@type\":\"ImageObject\",\"inLanguage\":\"es\",\"@id\":\"https:\\\/\\\/quehacerpolitico.mx\\\/?p=86314#primaryimage\",\"url\":\"https:\\\/\\\/quehacerpolitico.mx\\\/wp-content\\\/uploads\\\/2021\\\/11\\\/98121E91-72EE-47F2-945E-0FE90F4EEC5B.jpeg\",\"contentUrl\":\"https:\\\/\\\/quehacerpolitico.mx\\\/wp-content\\\/uploads\\\/2021\\\/11\\\/98121E91-72EE-47F2-945E-0FE90F4EEC5B.jpeg\",\"width\":1269,\"height\":710},{\"@type\":\"BreadcrumbList\",\"@id\":\"https:\\\/\\\/quehacerpolitico.mx\\\/?p=86314#breadcrumb\",\"itemListElement\":[{\"@type\":\"ListItem\",\"position\":1,\"name\":\"Inicio\",\"item\":\"https:\\\/\\\/quehacerpolitico.mx\\\/\"},{\"@type\":\"ListItem\",\"position\":2,\"name\":\"Sheinbaum agradecida con la F\u00f3rmula 1 por su \u201cpaciencia\u201d\"}]},{\"@type\":\"WebSite\",\"@id\":\"https:\\\/\\\/quehacerpolitico.mx\\\/#website\",\"url\":\"https:\\\/\\\/quehacerpolitico.mx\\\/\",\"name\":\"\",\"description\":\"\",\"potentialAction\":[{\"@type\":\"SearchAction\",\"target\":{\"@type\":\"EntryPoint\",\"urlTemplate\":\"https:\\\/\\\/quehacerpolitico.mx\\\/?s={search_term_string}\"},\"query-input\":{\"@type\":\"PropertyValueSpecification\",\"valueRequired\":true,\"valueName\":\"search_term_string\"}}],\"inLanguage\":\"es\"},{\"@type\":\"Person\",\"@id\":\"https:\\\/\\\/quehacerpolitico.mx\\\/#\\\/schema\\\/person\\\/496d8ad2d1d3f8036101dca7ee39e585\",\"name\":\"Redacci\u00f3n QP\",\"image\":{\"@type\":\"ImageObject\",\"inLanguage\":\"es\",\"@id\":\"https:\\\/\\\/secure.gravatar.com\\\/avatar\\\/c7164ed6fdec453195284ad24a5ae5b6e1eed2b848477fa2a4787ba9adf39a41?s=96&d=mm&r=g\",\"url\":\"https:\\\/\\\/secure.gravatar.com\\\/avatar\\\/c7164ed6fdec453195284ad24a5ae5b6e1eed2b848477fa2a4787ba9adf39a41?s=96&d=mm&r=g\",\"contentUrl\":\"https:\\\/\\\/secure.gravatar.com\\\/avatar\\\/c7164ed6fdec453195284ad24a5ae5b6e1eed2b848477fa2a4787ba9adf39a41?s=96&d=mm&r=g\",\"caption\":\"Redacci\u00f3n QP\"},\"url\":\"https:\\\/\\\/quehacerpolitico.mx\\\/?author=2\"}]}<\/script>\n<!-- \/ Yoast SEO plugin. -->","yoast_head_json":{"title":"Sheinbaum agradecida con la F\u00f3rmula 1 por su \u201cpaciencia\u201d -","robots":{"index":"index","follow":"follow","max-snippet":"max-snippet:-1","max-image-preview":"max-image-preview:large","max-video-preview":"max-video-preview:-1"},"canonical":"https:\/\/quehacerpolitico.mx\/?p=86314","og_locale":"es_MX","og_type":"article","og_title":"Sheinbaum agradecida con la F\u00f3rmula 1 por su \u201cpaciencia\u201d -","og_description":"Por Redacci\u00f3n QP La Jefa de Gobierno\u00a0agradeci\u00f3 a la organizaci\u00f3n del Gran Premio de M\u00e9xico...","og_url":"https:\/\/quehacerpolitico.mx\/?p=86314","article_published_time":"2021-11-05T05:53:40+00:00","article_modified_time":"2021-11-05T05:53:43+00:00","og_image":[{"width":1269,"height":710,"url":"https:\/\/quehacerpolitico.mx\/wp-content\/uploads\/2021\/11\/98121E91-72EE-47F2-945E-0FE90F4EEC5B.jpeg","type":"image\/jpeg"}],"author":"Redacci\u00f3n QP","twitter_card":"summary_large_image","twitter_misc":{"Escrito por":"Redacci\u00f3n QP","Tiempo de lectura":"2 minutos"},"schema":{"@context":"https:\/\/schema.org","@graph":[{"@type":"Article","@id":"https:\/\/quehacerpolitico.mx\/?p=86314#article","isPartOf":{"@id":"https:\/\/quehacerpolitico.mx\/?p=86314"},"author":{"name":"Redacci\u00f3n QP","@id":"https:\/\/quehacerpolitico.mx\/#\/schema\/person\/496d8ad2d1d3f8036101dca7ee39e585"},"headline":"Sheinbaum agradecida con la F\u00f3rmula 1 por su \u201cpaciencia\u201d","datePublished":"2021-11-05T05:53:40+00:00","dateModified":"2021-11-05T05:53:43+00:00","mainEntityOfPage":{"@id":"https:\/\/quehacerpolitico.mx\/?p=86314"},"wordCount":348,"commentCount":0,"image":{"@id":"https:\/\/quehacerpolitico.mx\/?p=86314#primaryimage"},"thumbnailUrl":"https:\/\/quehacerpolitico.mx\/wp-content\/uploads\/2021\/11\/98121E91-72EE-47F2-945E-0FE90F4EEC5B.jpeg","articleSection":["CDMX","Deportes"],"inLanguage":"es","potentialAction":[{"@type":"CommentAction","name":"Comment","target":["https:\/\/quehacerpolitico.mx\/?p=86314#respond"]}]},{"@type":"WebPage","@id":"https:\/\/quehacerpolitico.mx\/?p=86314","url":"https:\/\/quehacerpolitico.mx\/?p=86314","name":"Sheinbaum agradecida con la F\u00f3rmula 1 por su \u201cpaciencia\u201d -","isPartOf":{"@id":"https:\/\/quehacerpolitico.mx\/#website"},"primaryImageOfPage":{"@id":"https:\/\/quehacerpolitico.mx\/?p=86314#primaryimage"},"image":{"@id":"https:\/\/quehacerpolitico.mx\/?p=86314#primaryimage"},"thumbnailUrl":"https:\/\/quehacerpolitico.mx\/wp-content\/uploads\/2021\/11\/98121E91-72EE-47F2-945E-0FE90F4EEC5B.jpeg","datePublished":"2021-11-05T05:53:40+00:00","dateModified":"2021-11-05T05:53:43+00:00","author":{"@id":"https:\/\/quehacerpolitico.mx\/#\/schema\/person\/496d8ad2d1d3f8036101dca7ee39e585"},"breadcrumb":{"@id":"https:\/\/quehacerpolitico.mx\/?p=86314#breadcrumb"},"inLanguage":"es","potentialAction":[{"@type":"ReadAction","target":["https:\/\/quehacerpolitico.mx\/?p=86314"]}]},{"@type":"ImageObject","inLanguage":"es","@id":"https:\/\/quehacerpolitico.mx\/?p=86314#primaryimage","url":"https:\/\/quehacerpolitico.mx\/wp-content\/uploads\/2021\/11\/98121E91-72EE-47F2-945E-0FE90F4EEC5B.jpeg","contentUrl":"https:\/\/quehacerpolitico.mx\/wp-content\/uploads\/2021\/11\/98121E91-72EE-47F2-945E-0FE90F4EEC5B.jpeg","width":1269,"height":710},{"@type":"BreadcrumbList","@id":"https:\/\/quehacerpolitico.mx\/?p=86314#breadcrumb","itemListElement":[{"@type":"ListItem","position":1,"name":"Inicio","item":"https:\/\/quehacerpolitico.mx\/"},{"@type":"ListItem","position":2,"name":"Sheinbaum agradecida con la F\u00f3rmula 1 por su \u201cpaciencia\u201d"}]},{"@type":"WebSite","@id":"https:\/\/quehacerpolitico.mx\/#website","url":"https:\/\/quehacerpolitico.mx\/","name":"","description":"","potentialAction":[{"@type":"SearchAction","target":{"@type":"EntryPoint","urlTemplate":"https:\/\/quehacerpolitico.mx\/?s={search_term_string}"},"query-input":{"@type":"PropertyValueSpecification","valueRequired":true,"valueName":"search_term_string"}}],"inLanguage":"es"},{"@type":"Person","@id":"https:\/\/quehacerpolitico.mx\/#\/schema\/person\/496d8ad2d1d3f8036101dca7ee39e585","name":"Redacci\u00f3n QP","image":{"@type":"ImageObject","inLanguage":"es","@id":"https:\/\/secure.gravatar.com\/avatar\/c7164ed6fdec453195284ad24a5ae5b6e1eed2b848477fa2a4787ba9adf39a41?s=96&d=mm&r=g","url":"https:\/\/secure.gravatar.com\/avatar\/c7164ed6fdec453195284ad24a5ae5b6e1eed2b848477fa2a4787ba9adf39a41?s=96&d=mm&r=g","contentUrl":"https:\/\/secure.gravatar.com\/avatar\/c7164ed6fdec453195284ad24a5ae5b6e1eed2b848477fa2a4787ba9adf39a41?s=96&d=mm&r=g","caption":"Redacci\u00f3n QP"},"url":"https:\/\/quehacerpolitico.mx\/?author=2"}]}},"featured_image_urls":{"full":["https:\/\/quehacerpolitico.mx\/wp-content\/uploads\/2021\/11\/98121E91-72EE-47F2-945E-0FE90F4EEC5B.jpeg",1269,710,false],"thumbnail":["https:\/\/quehacerpolitico.mx\/wp-content\/uploads\/2021\/11\/98121E91-72EE-47F2-945E-0FE90F4EEC5B-150x150.jpeg",150,150,true],"medium":["https:\/\/quehacerpolitico.mx\/wp-content\/uploads\/2021\/11\/98121E91-72EE-47F2-945E-0FE90F4EEC5B-300x168.jpeg",300,168,true],"medium_large":["https:\/\/quehacerpolitico.mx\/wp-content\/uploads\/2021\/11\/98121E91-72EE-47F2-945E-0FE90F4EEC5B-768x430.jpeg",640,358,true],"large":["https:\/\/quehacerpolitico.mx\/wp-content\/uploads\/2021\/11\/98121E91-72EE-47F2-945E-0FE90F4EEC5B-1024x573.jpeg",640,358,true],"1536x1536":["https:\/\/quehacerpolitico.mx\/wp-content\/uploads\/2021\/11\/98121E91-72EE-47F2-945E-0FE90F4EEC5B.jpeg",1269,710,false],"2048x2048":["https:\/\/quehacerpolitico.mx\/wp-content\/uploads\/2021\/11\/98121E91-72EE-47F2-945E-0FE90F4EEC5B.jpeg",1269,710,false],"covernews-featured":["https:\/\/quehacerpolitico.mx\/wp-content\/uploads\/2021\/11\/98121E91-72EE-47F2-945E-0FE90F4EEC5B.jpeg",1024,573,false],"covernews-medium":["https:\/\/quehacerpolitico.mx\/wp-content\/uploads\/2021\/11\/98121E91-72EE-47F2-945E-0FE90F4EEC5B.jpeg",540,302,false]},"author_info":{"display_name":"Redacci\u00f3n QP","author_link":"https:\/\/quehacerpolitico.mx\/?author=2"},"category_info":"<a href=\"https:\/\/quehacerpolitico.mx\/?cat=55\" rel=\"category\">CDMX<\/a> <a href=\"https:\/\/quehacerpolitico.mx\/?cat=54\" rel=\"category\">Deportes<\/a>","tag_info":"Deportes","comment_count":"0","_links":{"self":[{"href":"https:\/\/quehacerpolitico.mx\/index.php?rest_route=\/wp\/v2\/posts\/86314","targetHints":{"allow":["GET"]}}],"collection":[{"href":"https:\/\/quehacerpolitico.mx\/index.php?rest_route=\/wp\/v2\/posts"}],"about":[{"href":"https:\/\/quehacerpolitico.mx\/index.php?rest_route=\/wp\/v2\/types\/post"}],"author":[{"embeddable":true,"href":"https:\/\/quehacerpolitico.mx\/index.php?rest_route=\/wp\/v2\/users\/2"}],"replies":[{"embeddable":true,"href":"https:\/\/quehacerpolitico.mx\/index.php?rest_route=%2Fwp%2Fv2%2Fcomments&post=86314"}],"version-history":[{"count":1,"href":"https:\/\/quehacerpolitico.mx\/index.php?rest_route=\/wp\/v2\/posts\/86314\/revisions"}],"predecessor-version":[{"id":86317,"href":"https:\/\/quehacerpolitico.mx\/index.php?rest_route=\/wp\/v2\/posts\/86314\/revisions\/86317"}],"wp:featuredmedia":[{"embeddable":true,"href":"https:\/\/quehacerpolitico.mx\/index.php?rest_route=\/wp\/v2\/media\/86316"}],"wp:attachment":[{"href":"https:\/\/quehacerpolitico.mx\/index.php?rest_route=%2Fwp%2Fv2%2Fmedia&parent=86314"}],"wp:term":[{"taxonomy":"category","embeddable":true,"href":"https:\/\/quehacerpolitico.mx\/index.php?rest_route=%2Fwp%2Fv2%2Fcategories&post=86314"},{"taxonomy":"post_tag","embeddable":true,"href":"https:\/\/quehacerpolitico.mx\/index.php?rest_route=%2Fwp%2Fv2%2Ftags&post=86314"}],"curies":[{"name":"wp","href":"https:\/\/api.w.org\/{rel}","templated":true}]}}