{"id":86303,"date":"2021-11-05T04:12:11","date_gmt":"2021-11-05T04:12:11","guid":{"rendered":"https:\/\/quehacerpolitico.mx\/?p=86303"},"modified":"2021-11-05T04:12:14","modified_gmt":"2021-11-05T04:12:14","slug":"reforma-electrica-a-morena-no-le-quedo-mas-que-posponer-discusion-dice-pan","status":"publish","type":"post","link":"https:\/\/quehacerpolitico.mx\/?p=86303","title":{"rendered":"Reforma el\u00e9ctrica: A Morena no le qued\u00f3 m\u00e1s que posponer discusi\u00f3n, dice PAN"},"content":{"rendered":"\n<p>Por Redacci\u00f3n QP<\/p>\n\n\n\n<p>El coordinador del PAN en la C\u00e1mara de Diputados est\u00e1 a favor de aplazar el debate para aprobar la reforma el\u00e9ctrica<\/p>\n\n\n\n<p>El coordinador del PAN en la C\u00e1mara de Diputados,\u00a0<strong>Jorge Romero, afirm\u00f3 que a Morena no le qued\u00f3 otra alternativa<\/strong>\u00a0que posponer la discusi\u00f3n de la iniciativa de reforma el\u00e9ctrica hasta 2022, debido a que se dieron cuenta que nos les alcanzan los n\u00fameros.<\/p>\n\n\n\n<p>&#8220;Creo que ellos sacaron un \u00e1baco,\u00a0<strong>contaron las bolitas y vieron que no les alcanzaba<\/strong>, por eso se va a debatir, finalmente la van a presentar y no hay plazo que no se cumpla&#8221;, declar\u00f3 el panista al interior del recinto legislativo de San L\u00e1zaro.<\/p>\n\n\n\n<p>Romero indic\u00f3 que ve con buenos ojos la propuesta del aplazamiento, toda vez que se requiere un amplio debate.<\/p>\n\n\n\n<p>&#8220;Los promoventes, el oficialismo, ya dejaron claro que lo quieren posponer, nosotros lo vemos bien porque s\u00ed se ocupa un debate amplio, verdaderamente escuchar todas las voces, y no solamente de los grupos parlamentarios, sino tambi\u00e9n de los&nbsp;<strong>especialistas<\/strong>, a ellos es a los que tenemos que escuchar para que lleguemos a la mejor de las conclusiones&#8221;, indic\u00f3.<\/p>\n\n\n\n<p>El diputado aclar\u00f3 que &#8220;desde el d\u00eda uno, para el PAN es imposible votar la reforma el\u00e9ctrica en sus t\u00e9rminos&#8221;.<\/p>\n\n\n\n<p>&#8220;Porque consideramos que<strong>&nbsp;atenta contra un modelo de pa\u00eds&nbsp;<\/strong>que pretende tener libre competitividad, y porque echa al suelo lo mucho o poco que hayamos avanzado en mediambientalismo como pa\u00eds. Por eso se requiere el debate amplio&#8221;, concluy\u00f3.<\/p>\n\n\n\n<h2 class=\"wp-block-heading\">Rechaza PRI que reforma el\u00e9ctrica se vaya a abril de 2022&nbsp;<\/h2>\n\n\n\n<p>El coordinador del PRI en la C\u00e1mara baja,<strong>\u00a0Rub\u00e9n Moreira<\/strong>, rechaz\u00f3 que la reforma el\u00e9ctrica se vaya a abril de 2022, pues record\u00f3 que chocar\u00eda con el proceso electoral para renovar seis gubernaturas.<\/p>\n\n\n\n<p>&#8220;No nos parece el mes de abril, el mes de abril no es el id\u00f3neo para ninguna discusi\u00f3n en materia constitucional y el motivo es muy sencillo, son dos meses antes de que se realicen las\u00a0<strong>elecciones en seis estados<\/strong>\u00a0del pa\u00eds, entonces un debate que debe ser por la naci\u00f3n se antojar\u00e1 que se convierta en un debate electoral&#8221;, expuso el diputado.<\/p>\n\n\n\n<p>En entrevista con medios, dijo que, en todo caso, deber\u00eda pasarse hasta agosto de 2022, cuando hayan terminado las elecciones.<\/p>\n\n\n\n<p>&#8220;Entonces, as\u00ed como dice la canci\u00f3n &#8216;para abril o para mayo&#8217;, pues nosotros lo que decimos es que sea &#8216;para abril o para agosto&#8217;, que se vaya hasta agosto o septiembre, tienen que&nbsp;<strong>pasar las elecciones<\/strong>&nbsp;y debe ver el suficiente tiempo para un debate&#8221;, indic\u00f3.<\/p>\n\n\n\n<p>Moreira Vald\u00e9s record\u00f3 que desde que se present\u00f3 la iniciativa presidencial, el PRI propuso un amplio debate en la materia; &#8220;no puede ser un fast track ni en afirmativo ni en negativo, ahora nos dan la raz\u00f3n y pasan para otro momento el debate&#8221;.<\/p>\n\n\n\n<p>Con Informaci\u00f3n de SUN <\/p>\n","protected":false},"excerpt":{"rendered":"<p>Por Redacci\u00f3n QP El coordinador del PAN en la C\u00e1mara de Diputados est\u00e1 a favor&#8230;<\/p>\n","protected":false},"author":2,"featured_media":86304,"comment_status":"open","ping_status":"open","sticky":false,"template":"","format":"standard","meta":{"_monsterinsights_skip_tracking":false,"_monsterinsights_sitenote_active":false,"_monsterinsights_sitenote_note":"","_monsterinsights_sitenote_category":0,"footnotes":""},"categories":[2],"tags":[],"class_list":["post-86303","post","type-post","status-publish","format-standard","has-post-thumbnail","hentry","category-noticias"],"yoast_head":"<!-- This site is optimized with the Yoast SEO plugin v27.3 - https:\/\/yoast.com\/product\/yoast-seo-wordpress\/ -->\n<title>Reforma el\u00e9ctrica: A Morena no le qued\u00f3 m\u00e1s que posponer discusi\u00f3n, dice PAN -<\/title>\n<meta name=\"robots\" content=\"index, follow, max-snippet:-1, max-image-preview:large, max-video-preview:-1\" \/>\n<link rel=\"canonical\" href=\"https:\/\/quehacerpolitico.mx\/?p=86303\" \/>\n<meta property=\"og:locale\" content=\"es_MX\" \/>\n<meta property=\"og:type\" content=\"article\" \/>\n<meta property=\"og:title\" content=\"Reforma el\u00e9ctrica: A Morena no le qued\u00f3 m\u00e1s que posponer discusi\u00f3n, dice PAN -\" \/>\n<meta property=\"og:description\" content=\"Por Redacci\u00f3n QP El coordinador del PAN en la C\u00e1mara de Diputados est\u00e1 a favor...\" \/>\n<meta property=\"og:url\" content=\"https:\/\/quehacerpolitico.mx\/?p=86303\" \/>\n<meta property=\"article:published_time\" content=\"2021-11-05T04:12:11+00:00\" \/>\n<meta property=\"article:modified_time\" content=\"2021-11-05T04:12:14+00:00\" \/>\n<meta property=\"og:image\" content=\"https:\/\/quehacerpolitico.mx\/wp-content\/uploads\/2021\/11\/68FF1B5C-422C-4048-BCA0-F53EC868586C.jpeg\" \/>\n\t<meta property=\"og:image:width\" content=\"1600\" \/>\n\t<meta property=\"og:image:height\" content=\"898\" \/>\n\t<meta property=\"og:image:type\" content=\"image\/jpeg\" \/>\n<meta name=\"author\" content=\"Redacci\u00f3n QP\" \/>\n<meta name=\"twitter:card\" content=\"summary_large_image\" \/>\n<meta name=\"twitter:label1\" content=\"Escrito por\" \/>\n\t<meta name=\"twitter:data1\" content=\"Redacci\u00f3n QP\" \/>\n\t<meta name=\"twitter:label2\" content=\"Tiempo de lectura\" \/>\n\t<meta name=\"twitter:data2\" content=\"2 minutos\" \/>\n<script type=\"application\/ld+json\" class=\"yoast-schema-graph\">{\"@context\":\"https:\\\/\\\/schema.org\",\"@graph\":[{\"@type\":\"Article\",\"@id\":\"https:\\\/\\\/quehacerpolitico.mx\\\/?p=86303#article\",\"isPartOf\":{\"@id\":\"https:\\\/\\\/quehacerpolitico.mx\\\/?p=86303\"},\"author\":{\"name\":\"Redacci\u00f3n QP\",\"@id\":\"https:\\\/\\\/quehacerpolitico.mx\\\/#\\\/schema\\\/person\\\/496d8ad2d1d3f8036101dca7ee39e585\"},\"headline\":\"Reforma el\u00e9ctrica: A Morena no le qued\u00f3 m\u00e1s que posponer discusi\u00f3n, dice PAN\",\"datePublished\":\"2021-11-05T04:12:11+00:00\",\"dateModified\":\"2021-11-05T04:12:14+00:00\",\"mainEntityOfPage\":{\"@id\":\"https:\\\/\\\/quehacerpolitico.mx\\\/?p=86303\"},\"wordCount\":515,\"commentCount\":0,\"image\":{\"@id\":\"https:\\\/\\\/quehacerpolitico.mx\\\/?p=86303#primaryimage\"},\"thumbnailUrl\":\"https:\\\/\\\/quehacerpolitico.mx\\\/wp-content\\\/uploads\\\/2021\\\/11\\\/68FF1B5C-422C-4048-BCA0-F53EC868586C.jpeg\",\"articleSection\":[\"Noticias\"],\"inLanguage\":\"es\",\"potentialAction\":[{\"@type\":\"CommentAction\",\"name\":\"Comment\",\"target\":[\"https:\\\/\\\/quehacerpolitico.mx\\\/?p=86303#respond\"]}]},{\"@type\":\"WebPage\",\"@id\":\"https:\\\/\\\/quehacerpolitico.mx\\\/?p=86303\",\"url\":\"https:\\\/\\\/quehacerpolitico.mx\\\/?p=86303\",\"name\":\"Reforma el\u00e9ctrica: A Morena no le qued\u00f3 m\u00e1s que posponer discusi\u00f3n, dice PAN -\",\"isPartOf\":{\"@id\":\"https:\\\/\\\/quehacerpolitico.mx\\\/#website\"},\"primaryImageOfPage\":{\"@id\":\"https:\\\/\\\/quehacerpolitico.mx\\\/?p=86303#primaryimage\"},\"image\":{\"@id\":\"https:\\\/\\\/quehacerpolitico.mx\\\/?p=86303#primaryimage\"},\"thumbnailUrl\":\"https:\\\/\\\/quehacerpolitico.mx\\\/wp-content\\\/uploads\\\/2021\\\/11\\\/68FF1B5C-422C-4048-BCA0-F53EC868586C.jpeg\",\"datePublished\":\"2021-11-05T04:12:11+00:00\",\"dateModified\":\"2021-11-05T04:12:14+00:00\",\"author\":{\"@id\":\"https:\\\/\\\/quehacerpolitico.mx\\\/#\\\/schema\\\/person\\\/496d8ad2d1d3f8036101dca7ee39e585\"},\"breadcrumb\":{\"@id\":\"https:\\\/\\\/quehacerpolitico.mx\\\/?p=86303#breadcrumb\"},\"inLanguage\":\"es\",\"potentialAction\":[{\"@type\":\"ReadAction\",\"target\":[\"https:\\\/\\\/quehacerpolitico.mx\\\/?p=86303\"]}]},{\"@type\":\"ImageObject\",\"inLanguage\":\"es\",\"@id\":\"https:\\\/\\\/quehacerpolitico.mx\\\/?p=86303#primaryimage\",\"url\":\"https:\\\/\\\/quehacerpolitico.mx\\\/wp-content\\\/uploads\\\/2021\\\/11\\\/68FF1B5C-422C-4048-BCA0-F53EC868586C.jpeg\",\"contentUrl\":\"https:\\\/\\\/quehacerpolitico.mx\\\/wp-content\\\/uploads\\\/2021\\\/11\\\/68FF1B5C-422C-4048-BCA0-F53EC868586C.jpeg\",\"width\":1600,\"height\":898},{\"@type\":\"BreadcrumbList\",\"@id\":\"https:\\\/\\\/quehacerpolitico.mx\\\/?p=86303#breadcrumb\",\"itemListElement\":[{\"@type\":\"ListItem\",\"position\":1,\"name\":\"Inicio\",\"item\":\"https:\\\/\\\/quehacerpolitico.mx\\\/\"},{\"@type\":\"ListItem\",\"position\":2,\"name\":\"Reforma el\u00e9ctrica: A Morena no le qued\u00f3 m\u00e1s que posponer discusi\u00f3n, dice PAN\"}]},{\"@type\":\"WebSite\",\"@id\":\"https:\\\/\\\/quehacerpolitico.mx\\\/#website\",\"url\":\"https:\\\/\\\/quehacerpolitico.mx\\\/\",\"name\":\"\",\"description\":\"\",\"potentialAction\":[{\"@type\":\"SearchAction\",\"target\":{\"@type\":\"EntryPoint\",\"urlTemplate\":\"https:\\\/\\\/quehacerpolitico.mx\\\/?s={search_term_string}\"},\"query-input\":{\"@type\":\"PropertyValueSpecification\",\"valueRequired\":true,\"valueName\":\"search_term_string\"}}],\"inLanguage\":\"es\"},{\"@type\":\"Person\",\"@id\":\"https:\\\/\\\/quehacerpolitico.mx\\\/#\\\/schema\\\/person\\\/496d8ad2d1d3f8036101dca7ee39e585\",\"name\":\"Redacci\u00f3n QP\",\"image\":{\"@type\":\"ImageObject\",\"inLanguage\":\"es\",\"@id\":\"https:\\\/\\\/secure.gravatar.com\\\/avatar\\\/c7164ed6fdec453195284ad24a5ae5b6e1eed2b848477fa2a4787ba9adf39a41?s=96&d=mm&r=g\",\"url\":\"https:\\\/\\\/secure.gravatar.com\\\/avatar\\\/c7164ed6fdec453195284ad24a5ae5b6e1eed2b848477fa2a4787ba9adf39a41?s=96&d=mm&r=g\",\"contentUrl\":\"https:\\\/\\\/secure.gravatar.com\\\/avatar\\\/c7164ed6fdec453195284ad24a5ae5b6e1eed2b848477fa2a4787ba9adf39a41?s=96&d=mm&r=g\",\"caption\":\"Redacci\u00f3n QP\"},\"url\":\"https:\\\/\\\/quehacerpolitico.mx\\\/?author=2\"}]}<\/script>\n<!-- \/ Yoast SEO plugin. -->","yoast_head_json":{"title":"Reforma el\u00e9ctrica: A Morena no le qued\u00f3 m\u00e1s que posponer discusi\u00f3n, dice PAN -","robots":{"index":"index","follow":"follow","max-snippet":"max-snippet:-1","max-image-preview":"max-image-preview:large","max-video-preview":"max-video-preview:-1"},"canonical":"https:\/\/quehacerpolitico.mx\/?p=86303","og_locale":"es_MX","og_type":"article","og_title":"Reforma el\u00e9ctrica: A Morena no le qued\u00f3 m\u00e1s que posponer discusi\u00f3n, dice PAN -","og_description":"Por Redacci\u00f3n QP El coordinador del PAN en la C\u00e1mara de Diputados est\u00e1 a favor...","og_url":"https:\/\/quehacerpolitico.mx\/?p=86303","article_published_time":"2021-11-05T04:12:11+00:00","article_modified_time":"2021-11-05T04:12:14+00:00","og_image":[{"width":1600,"height":898,"url":"https:\/\/quehacerpolitico.mx\/wp-content\/uploads\/2021\/11\/68FF1B5C-422C-4048-BCA0-F53EC868586C.jpeg","type":"image\/jpeg"}],"author":"Redacci\u00f3n QP","twitter_card":"summary_large_image","twitter_misc":{"Escrito por":"Redacci\u00f3n QP","Tiempo de lectura":"2 minutos"},"schema":{"@context":"https:\/\/schema.org","@graph":[{"@type":"Article","@id":"https:\/\/quehacerpolitico.mx\/?p=86303#article","isPartOf":{"@id":"https:\/\/quehacerpolitico.mx\/?p=86303"},"author":{"name":"Redacci\u00f3n QP","@id":"https:\/\/quehacerpolitico.mx\/#\/schema\/person\/496d8ad2d1d3f8036101dca7ee39e585"},"headline":"Reforma el\u00e9ctrica: A Morena no le qued\u00f3 m\u00e1s que posponer discusi\u00f3n, dice PAN","datePublished":"2021-11-05T04:12:11+00:00","dateModified":"2021-11-05T04:12:14+00:00","mainEntityOfPage":{"@id":"https:\/\/quehacerpolitico.mx\/?p=86303"},"wordCount":515,"commentCount":0,"image":{"@id":"https:\/\/quehacerpolitico.mx\/?p=86303#primaryimage"},"thumbnailUrl":"https:\/\/quehacerpolitico.mx\/wp-content\/uploads\/2021\/11\/68FF1B5C-422C-4048-BCA0-F53EC868586C.jpeg","articleSection":["Noticias"],"inLanguage":"es","potentialAction":[{"@type":"CommentAction","name":"Comment","target":["https:\/\/quehacerpolitico.mx\/?p=86303#respond"]}]},{"@type":"WebPage","@id":"https:\/\/quehacerpolitico.mx\/?p=86303","url":"https:\/\/quehacerpolitico.mx\/?p=86303","name":"Reforma el\u00e9ctrica: A Morena no le qued\u00f3 m\u00e1s que posponer discusi\u00f3n, dice PAN -","isPartOf":{"@id":"https:\/\/quehacerpolitico.mx\/#website"},"primaryImageOfPage":{"@id":"https:\/\/quehacerpolitico.mx\/?p=86303#primaryimage"},"image":{"@id":"https:\/\/quehacerpolitico.mx\/?p=86303#primaryimage"},"thumbnailUrl":"https:\/\/quehacerpolitico.mx\/wp-content\/uploads\/2021\/11\/68FF1B5C-422C-4048-BCA0-F53EC868586C.jpeg","datePublished":"2021-11-05T04:12:11+00:00","dateModified":"2021-11-05T04:12:14+00:00","author":{"@id":"https:\/\/quehacerpolitico.mx\/#\/schema\/person\/496d8ad2d1d3f8036101dca7ee39e585"},"breadcrumb":{"@id":"https:\/\/quehacerpolitico.mx\/?p=86303#breadcrumb"},"inLanguage":"es","potentialAction":[{"@type":"ReadAction","target":["https:\/\/quehacerpolitico.mx\/?p=86303"]}]},{"@type":"ImageObject","inLanguage":"es","@id":"https:\/\/quehacerpolitico.mx\/?p=86303#primaryimage","url":"https:\/\/quehacerpolitico.mx\/wp-content\/uploads\/2021\/11\/68FF1B5C-422C-4048-BCA0-F53EC868586C.jpeg","contentUrl":"https:\/\/quehacerpolitico.mx\/wp-content\/uploads\/2021\/11\/68FF1B5C-422C-4048-BCA0-F53EC868586C.jpeg","width":1600,"height":898},{"@type":"BreadcrumbList","@id":"https:\/\/quehacerpolitico.mx\/?p=86303#breadcrumb","itemListElement":[{"@type":"ListItem","position":1,"name":"Inicio","item":"https:\/\/quehacerpolitico.mx\/"},{"@type":"ListItem","position":2,"name":"Reforma el\u00e9ctrica: A Morena no le qued\u00f3 m\u00e1s que posponer discusi\u00f3n, dice PAN"}]},{"@type":"WebSite","@id":"https:\/\/quehacerpolitico.mx\/#website","url":"https:\/\/quehacerpolitico.mx\/","name":"","description":"","potentialAction":[{"@type":"SearchAction","target":{"@type":"EntryPoint","urlTemplate":"https:\/\/quehacerpolitico.mx\/?s={search_term_string}"},"query-input":{"@type":"PropertyValueSpecification","valueRequired":true,"valueName":"search_term_string"}}],"inLanguage":"es"},{"@type":"Person","@id":"https:\/\/quehacerpolitico.mx\/#\/schema\/person\/496d8ad2d1d3f8036101dca7ee39e585","name":"Redacci\u00f3n QP","image":{"@type":"ImageObject","inLanguage":"es","@id":"https:\/\/secure.gravatar.com\/avatar\/c7164ed6fdec453195284ad24a5ae5b6e1eed2b848477fa2a4787ba9adf39a41?s=96&d=mm&r=g","url":"https:\/\/secure.gravatar.com\/avatar\/c7164ed6fdec453195284ad24a5ae5b6e1eed2b848477fa2a4787ba9adf39a41?s=96&d=mm&r=g","contentUrl":"https:\/\/secure.gravatar.com\/avatar\/c7164ed6fdec453195284ad24a5ae5b6e1eed2b848477fa2a4787ba9adf39a41?s=96&d=mm&r=g","caption":"Redacci\u00f3n QP"},"url":"https:\/\/quehacerpolitico.mx\/?author=2"}]}},"featured_image_urls":{"full":["https:\/\/quehacerpolitico.mx\/wp-content\/uploads\/2021\/11\/68FF1B5C-422C-4048-BCA0-F53EC868586C.jpeg",1600,898,false],"thumbnail":["https:\/\/quehacerpolitico.mx\/wp-content\/uploads\/2021\/11\/68FF1B5C-422C-4048-BCA0-F53EC868586C-150x150.jpeg",150,150,true],"medium":["https:\/\/quehacerpolitico.mx\/wp-content\/uploads\/2021\/11\/68FF1B5C-422C-4048-BCA0-F53EC868586C-300x168.jpeg",300,168,true],"medium_large":["https:\/\/quehacerpolitico.mx\/wp-content\/uploads\/2021\/11\/68FF1B5C-422C-4048-BCA0-F53EC868586C-768x431.jpeg",640,359,true],"large":["https:\/\/quehacerpolitico.mx\/wp-content\/uploads\/2021\/11\/68FF1B5C-422C-4048-BCA0-F53EC868586C-1024x575.jpeg",640,359,true],"1536x1536":["https:\/\/quehacerpolitico.mx\/wp-content\/uploads\/2021\/11\/68FF1B5C-422C-4048-BCA0-F53EC868586C-1536x862.jpeg",1536,862,true],"2048x2048":["https:\/\/quehacerpolitico.mx\/wp-content\/uploads\/2021\/11\/68FF1B5C-422C-4048-BCA0-F53EC868586C.jpeg",1600,898,false],"covernews-featured":["https:\/\/quehacerpolitico.mx\/wp-content\/uploads\/2021\/11\/68FF1B5C-422C-4048-BCA0-F53EC868586C.jpeg",1024,575,false],"covernews-medium":["https:\/\/quehacerpolitico.mx\/wp-content\/uploads\/2021\/11\/68FF1B5C-422C-4048-BCA0-F53EC868586C.jpeg",540,303,false]},"author_info":{"display_name":"Redacci\u00f3n QP","author_link":"https:\/\/quehacerpolitico.mx\/?author=2"},"category_info":"<a href=\"https:\/\/quehacerpolitico.mx\/?cat=2\" rel=\"category\">Noticias<\/a>","tag_info":"Noticias","comment_count":"0","_links":{"self":[{"href":"https:\/\/quehacerpolitico.mx\/index.php?rest_route=\/wp\/v2\/posts\/86303","targetHints":{"allow":["GET"]}}],"collection":[{"href":"https:\/\/quehacerpolitico.mx\/index.php?rest_route=\/wp\/v2\/posts"}],"about":[{"href":"https:\/\/quehacerpolitico.mx\/index.php?rest_route=\/wp\/v2\/types\/post"}],"author":[{"embeddable":true,"href":"https:\/\/quehacerpolitico.mx\/index.php?rest_route=\/wp\/v2\/users\/2"}],"replies":[{"embeddable":true,"href":"https:\/\/quehacerpolitico.mx\/index.php?rest_route=%2Fwp%2Fv2%2Fcomments&post=86303"}],"version-history":[{"count":1,"href":"https:\/\/quehacerpolitico.mx\/index.php?rest_route=\/wp\/v2\/posts\/86303\/revisions"}],"predecessor-version":[{"id":86305,"href":"https:\/\/quehacerpolitico.mx\/index.php?rest_route=\/wp\/v2\/posts\/86303\/revisions\/86305"}],"wp:featuredmedia":[{"embeddable":true,"href":"https:\/\/quehacerpolitico.mx\/index.php?rest_route=\/wp\/v2\/media\/86304"}],"wp:attachment":[{"href":"https:\/\/quehacerpolitico.mx\/index.php?rest_route=%2Fwp%2Fv2%2Fmedia&parent=86303"}],"wp:term":[{"taxonomy":"category","embeddable":true,"href":"https:\/\/quehacerpolitico.mx\/index.php?rest_route=%2Fwp%2Fv2%2Fcategories&post=86303"},{"taxonomy":"post_tag","embeddable":true,"href":"https:\/\/quehacerpolitico.mx\/index.php?rest_route=%2Fwp%2Fv2%2Ftags&post=86303"}],"curies":[{"name":"wp","href":"https:\/\/api.w.org\/{rel}","templated":true}]}}