{"id":86287,"date":"2021-11-04T04:17:38","date_gmt":"2021-11-04T04:17:38","guid":{"rendered":"https:\/\/quehacerpolitico.mx\/?p=86287"},"modified":"2021-11-04T04:17:41","modified_gmt":"2021-11-04T04:17:41","slug":"imponen-prision-preventiva-a-emilio-lozoya-exdirector-de-pemex","status":"publish","type":"post","link":"https:\/\/quehacerpolitico.mx\/?p=86287","title":{"rendered":"Imponen prisi\u00f3n preventiva a Emilio Lozoya exdirector de Pemex"},"content":{"rendered":"\n<p>Por Redacci\u00f3n QP<\/p>\n\n\n\n<p>Juez acepta la solicitud de la Fiscal\u00eda General de la Rep\u00fablica<\/p>\n\n\n\n<p>Un juez impuso este mi\u00e9rcoles\u00a0<strong>prisi\u00f3n preventiva al exdirector de Pemex, Emilio Lozoya<\/strong>\u00a0(2012-2016), acusado de recibir sobornos de la constructora brasile\u00f1a Odebrecht, tras m\u00e1s de un a\u00f1o enfrentando el proceso judicial en libertad.<\/p>\n\n\n\n<figure class=\"wp-block-embed is-type-video is-provider-youtube wp-block-embed-youtube wp-embed-aspect-16-9 wp-has-aspect-ratio\"><div class=\"wp-block-embed__wrapper\">\n<iframe loading=\"lazy\" title=\"Del Hunan al Reclusorio Norte; estos son los nuevos &#039;vecinos&#039; de Emilio Lozoya\" width=\"640\" height=\"360\" src=\"https:\/\/www.youtube.com\/embed\/cy1BuFSN3ko?feature=oembed\" frameborder=\"0\" allow=\"accelerometer; autoplay; clipboard-write; encrypted-media; gyroscope; picture-in-picture; web-share\" referrerpolicy=\"strict-origin-when-cross-origin\" allowfullscreen><\/iframe>\n<\/div><\/figure>\n\n\n\n<p>El Consejo de la Judicatura Federal (CJF) inform\u00f3 que la Fiscal\u00eda General de la Rep\u00fablica pidi\u00f3 la medida cautelar porque Lozoya ya no cumple con el llamado criterio de oportunidad, el cual otorga beneficios procesales a cambio de colaborar con la Justicia.<\/p>\n\n\n\n<p>El exdirector de Pemex\u00a0<strong>se declar\u00f3 &#8220;inocente&#8221;\u00a0<\/strong>y propuso un &#8220;acuerdo para reparar el da\u00f1o&#8221;, pero el juez Artemio Z\u00fa\u00f1iga acept\u00f3 la prisi\u00f3n preventiva ante el riesgo de fuga del acusado.<\/p>\n\n\n\n<p>La medida fue apoyada por la Unidad de Inteligencia Financiera (UIF) del Gobierno federal y por la actual direcci\u00f3n de Pemex, que participan como acusaci\u00f3n en el caso.<\/p>\n\n\n\n<figure class=\"wp-block-embed is-type-rich is-provider-twitter wp-block-embed-twitter\"><div class=\"wp-block-embed__wrapper\">\n<blockquote class=\"twitter-tweet\" data-width=\"550\" data-dnt=\"true\"><p lang=\"es\" dir=\"ltr\">&quot;Sin comentarios&quot; <br><br>Dice personal de la <a href=\"https:\/\/twitter.com\/FGRMexico?ref_src=twsrc%5Etfw\">@FGRMexico<\/a>, luego de que un juez  le dict\u00f3 prisi\u00f3n preventiva justificada a Emilio Lozoya <a href=\"https:\/\/t.co\/COMkGqptv4\">pic.twitter.com\/COMkGqptv4<\/a><\/p>&mdash; Ruido en la Red (@RuidoEnLaRed) <a href=\"https:\/\/twitter.com\/RuidoEnLaRed\/status\/1456018683864748032?ref_src=twsrc%5Etfw\">November 3, 2021<\/a><\/blockquote><script async src=\"https:\/\/platform.twitter.com\/widgets.js\" charset=\"utf-8\"><\/script>\n<\/div><\/figure>\n\n\n\n<p>Lozoya, director de la petrolera durante el Gobierno de Enrique Pe\u00f1a Nieto, fue capturado el a\u00f1o pasado en Espa\u00f1a y extraditado a M\u00e9xico, donde cerr\u00f3 un acuerdo con la Fiscal\u00eda vigente hasta hoy por el cual inculp\u00f3 a otros pol\u00edticos a cambio de no pisar la c\u00e1rcel.<\/p>\n\n\n\n<p>M\u00e1s temprano este mi\u00e9rcoles, el juez pospuso un mes m\u00e1s la audiencia para cerrar la investigaci\u00f3n y decidir la fecha del juicio, la cual tendr\u00e1 lugar el 3 de diciembre.<\/p>\n\n\n\n<p>La defensa de Lozoya hab\u00eda pedido posponerla durante dos meses, mientras la Fiscal\u00eda quer\u00eda cerrar de una vez la investigaci\u00f3n e ir a juicio cuanto antes.<\/p>\n\n\n\n<h2 class=\"wp-block-heading\">Las acusaciones contra Emilio Lozoya<\/h2>\n\n\n\n<p>Las autoridades lo acusan de haber recibido cerca de&nbsp;<strong>10.5 millones de d\u00f3lares en sobornos<\/strong>&nbsp;de la constructora Oderecht a cambio de contratos p\u00fablicos de Pemex.<\/p>\n\n\n\n<p>Para librar la c\u00e1rcel, el exfuncionario hab\u00eda acusado a Pe\u00f1a Nieto y a su secretario de Hacienda, Luis Videgaray, de haber usado esos sobornos para la campa\u00f1a electoral de 2012 y para comprar a legisladores de la oposici\u00f3n para que aprobaran la reforma energ\u00e9tica de 2013.<\/p>\n\n\n\n<p>El cambio de parecer de la Fiscal\u00eda llega despu\u00e9s de que el mes pasado el exfuncionario fuera captado comiendo en un lujoso restaurante de la capital, lo que provoc\u00f3 enorme indignaci\u00f3n en el pa\u00eds e incluso fue condenado por el presidente Andr\u00e9s Manuel L\u00f3pez Obrador.<\/p>\n\n\n\n<p>Algunas personalidades del mundo de la pol\u00edtica celebraron la prisision preventiva impuesta a Lozoya Austin.<\/p>\n\n\n\n<figure class=\"wp-block-embed is-type-video is-provider-youtube wp-block-embed-youtube wp-embed-aspect-16-9 wp-has-aspect-ratio\"><div class=\"wp-block-embed__wrapper\">\n<iframe loading=\"lazy\" title=\"&quot;Positivo que la Fiscal\u00eda haya decidido acabar con este circo&quot;, dicen sobre caso Lozoya\" width=\"640\" height=\"360\" src=\"https:\/\/www.youtube.com\/embed\/bLHsc30kRXA?feature=oembed\" frameborder=\"0\" allow=\"accelerometer; autoplay; clipboard-write; encrypted-media; gyroscope; picture-in-picture; web-share\" referrerpolicy=\"strict-origin-when-cross-origin\" allowfullscreen><\/iframe>\n<\/div><\/figure>\n\n\n\n<p>Adem\u00e1s del caso Odebrecht, Lozoya est\u00e1 imputado por haber comprado a sobreprecio cuando era director de Pemex una planta de fertilizantes inservible a la empresa Altos Hornos de M\u00e9xico (AHMSA) a cambio de sobornos.<\/p>\n\n\n\n<figure class=\"wp-block-embed is-type-rich is-provider-twitter wp-block-embed-twitter\"><div class=\"wp-block-embed__wrapper\">\n<blockquote class=\"twitter-tweet\" data-width=\"550\" data-dnt=\"true\"><p lang=\"es\" dir=\"ltr\">Comunicado 2\/2021 de la defensa de la Familia Lozoya Austin: <a href=\"https:\/\/t.co\/imD1F1DQxp\">pic.twitter.com\/imD1F1DQxp<\/a><\/p>&mdash; Miguel Ontiveros (@OntiverosAlonso) <a href=\"https:\/\/twitter.com\/OntiverosAlonso\/status\/1456027850922938373?ref_src=twsrc%5Etfw\">November 3, 2021<\/a><\/blockquote><script async src=\"https:\/\/platform.twitter.com\/widgets.js\" charset=\"utf-8\"><\/script>\n<\/div><\/figure>\n\n\n\n<p>Con Informaci\u00f3n de EFE<\/p>\n","protected":false},"excerpt":{"rendered":"<p>Por Redacci\u00f3n QP Juez acepta la solicitud de la Fiscal\u00eda General de la Rep\u00fablica Un&#8230;<\/p>\n","protected":false},"author":2,"featured_media":86288,"comment_status":"open","ping_status":"open","sticky":false,"template":"","format":"standard","meta":{"_monsterinsights_skip_tracking":false,"_monsterinsights_sitenote_active":false,"_monsterinsights_sitenote_note":"","_monsterinsights_sitenote_category":0,"footnotes":""},"categories":[2],"tags":[],"class_list":["post-86287","post","type-post","status-publish","format-standard","has-post-thumbnail","hentry","category-noticias"],"yoast_head":"<!-- This site is optimized with the Yoast SEO plugin v27.3 - https:\/\/yoast.com\/product\/yoast-seo-wordpress\/ -->\n<title>Imponen prisi\u00f3n preventiva a Emilio Lozoya exdirector de Pemex -<\/title>\n<meta name=\"robots\" content=\"index, follow, max-snippet:-1, max-image-preview:large, max-video-preview:-1\" \/>\n<link rel=\"canonical\" href=\"https:\/\/quehacerpolitico.mx\/?p=86287\" \/>\n<meta property=\"og:locale\" content=\"es_MX\" \/>\n<meta property=\"og:type\" content=\"article\" \/>\n<meta property=\"og:title\" content=\"Imponen prisi\u00f3n preventiva a Emilio Lozoya exdirector de Pemex -\" \/>\n<meta property=\"og:description\" content=\"Por Redacci\u00f3n QP Juez acepta la solicitud de la Fiscal\u00eda General de la Rep\u00fablica Un...\" \/>\n<meta property=\"og:url\" content=\"https:\/\/quehacerpolitico.mx\/?p=86287\" \/>\n<meta property=\"article:published_time\" content=\"2021-11-04T04:17:38+00:00\" \/>\n<meta property=\"article:modified_time\" content=\"2021-11-04T04:17:41+00:00\" \/>\n<meta property=\"og:image\" content=\"https:\/\/quehacerpolitico.mx\/wp-content\/uploads\/2021\/11\/007BBC35-958B-4F5D-B937-78B55D615D44.jpeg\" \/>\n\t<meta property=\"og:image:width\" content=\"953\" \/>\n\t<meta property=\"og:image:height\" content=\"714\" \/>\n\t<meta property=\"og:image:type\" content=\"image\/jpeg\" \/>\n<meta name=\"author\" content=\"Redacci\u00f3n QP\" \/>\n<meta name=\"twitter:card\" content=\"summary_large_image\" \/>\n<meta name=\"twitter:label1\" content=\"Escrito por\" \/>\n\t<meta name=\"twitter:data1\" content=\"Redacci\u00f3n QP\" \/>\n\t<meta name=\"twitter:label2\" content=\"Tiempo de lectura\" \/>\n\t<meta name=\"twitter:data2\" content=\"2 minutos\" \/>\n<script type=\"application\/ld+json\" class=\"yoast-schema-graph\">{\"@context\":\"https:\\\/\\\/schema.org\",\"@graph\":[{\"@type\":\"Article\",\"@id\":\"https:\\\/\\\/quehacerpolitico.mx\\\/?p=86287#article\",\"isPartOf\":{\"@id\":\"https:\\\/\\\/quehacerpolitico.mx\\\/?p=86287\"},\"author\":{\"name\":\"Redacci\u00f3n QP\",\"@id\":\"https:\\\/\\\/quehacerpolitico.mx\\\/#\\\/schema\\\/person\\\/496d8ad2d1d3f8036101dca7ee39e585\"},\"headline\":\"Imponen prisi\u00f3n preventiva a Emilio Lozoya exdirector de Pemex\",\"datePublished\":\"2021-11-04T04:17:38+00:00\",\"dateModified\":\"2021-11-04T04:17:41+00:00\",\"mainEntityOfPage\":{\"@id\":\"https:\\\/\\\/quehacerpolitico.mx\\\/?p=86287\"},\"wordCount\":506,\"commentCount\":0,\"image\":{\"@id\":\"https:\\\/\\\/quehacerpolitico.mx\\\/?p=86287#primaryimage\"},\"thumbnailUrl\":\"https:\\\/\\\/quehacerpolitico.mx\\\/wp-content\\\/uploads\\\/2021\\\/11\\\/007BBC35-958B-4F5D-B937-78B55D615D44.jpeg\",\"articleSection\":[\"Noticias\"],\"inLanguage\":\"es\",\"potentialAction\":[{\"@type\":\"CommentAction\",\"name\":\"Comment\",\"target\":[\"https:\\\/\\\/quehacerpolitico.mx\\\/?p=86287#respond\"]}]},{\"@type\":\"WebPage\",\"@id\":\"https:\\\/\\\/quehacerpolitico.mx\\\/?p=86287\",\"url\":\"https:\\\/\\\/quehacerpolitico.mx\\\/?p=86287\",\"name\":\"Imponen prisi\u00f3n preventiva a Emilio Lozoya exdirector de Pemex -\",\"isPartOf\":{\"@id\":\"https:\\\/\\\/quehacerpolitico.mx\\\/#website\"},\"primaryImageOfPage\":{\"@id\":\"https:\\\/\\\/quehacerpolitico.mx\\\/?p=86287#primaryimage\"},\"image\":{\"@id\":\"https:\\\/\\\/quehacerpolitico.mx\\\/?p=86287#primaryimage\"},\"thumbnailUrl\":\"https:\\\/\\\/quehacerpolitico.mx\\\/wp-content\\\/uploads\\\/2021\\\/11\\\/007BBC35-958B-4F5D-B937-78B55D615D44.jpeg\",\"datePublished\":\"2021-11-04T04:17:38+00:00\",\"dateModified\":\"2021-11-04T04:17:41+00:00\",\"author\":{\"@id\":\"https:\\\/\\\/quehacerpolitico.mx\\\/#\\\/schema\\\/person\\\/496d8ad2d1d3f8036101dca7ee39e585\"},\"breadcrumb\":{\"@id\":\"https:\\\/\\\/quehacerpolitico.mx\\\/?p=86287#breadcrumb\"},\"inLanguage\":\"es\",\"potentialAction\":[{\"@type\":\"ReadAction\",\"target\":[\"https:\\\/\\\/quehacerpolitico.mx\\\/?p=86287\"]}]},{\"@type\":\"ImageObject\",\"inLanguage\":\"es\",\"@id\":\"https:\\\/\\\/quehacerpolitico.mx\\\/?p=86287#primaryimage\",\"url\":\"https:\\\/\\\/quehacerpolitico.mx\\\/wp-content\\\/uploads\\\/2021\\\/11\\\/007BBC35-958B-4F5D-B937-78B55D615D44.jpeg\",\"contentUrl\":\"https:\\\/\\\/quehacerpolitico.mx\\\/wp-content\\\/uploads\\\/2021\\\/11\\\/007BBC35-958B-4F5D-B937-78B55D615D44.jpeg\",\"width\":953,\"height\":714},{\"@type\":\"BreadcrumbList\",\"@id\":\"https:\\\/\\\/quehacerpolitico.mx\\\/?p=86287#breadcrumb\",\"itemListElement\":[{\"@type\":\"ListItem\",\"position\":1,\"name\":\"Inicio\",\"item\":\"https:\\\/\\\/quehacerpolitico.mx\\\/\"},{\"@type\":\"ListItem\",\"position\":2,\"name\":\"Imponen prisi\u00f3n preventiva a Emilio Lozoya exdirector de Pemex\"}]},{\"@type\":\"WebSite\",\"@id\":\"https:\\\/\\\/quehacerpolitico.mx\\\/#website\",\"url\":\"https:\\\/\\\/quehacerpolitico.mx\\\/\",\"name\":\"\",\"description\":\"\",\"potentialAction\":[{\"@type\":\"SearchAction\",\"target\":{\"@type\":\"EntryPoint\",\"urlTemplate\":\"https:\\\/\\\/quehacerpolitico.mx\\\/?s={search_term_string}\"},\"query-input\":{\"@type\":\"PropertyValueSpecification\",\"valueRequired\":true,\"valueName\":\"search_term_string\"}}],\"inLanguage\":\"es\"},{\"@type\":\"Person\",\"@id\":\"https:\\\/\\\/quehacerpolitico.mx\\\/#\\\/schema\\\/person\\\/496d8ad2d1d3f8036101dca7ee39e585\",\"name\":\"Redacci\u00f3n QP\",\"image\":{\"@type\":\"ImageObject\",\"inLanguage\":\"es\",\"@id\":\"https:\\\/\\\/secure.gravatar.com\\\/avatar\\\/c7164ed6fdec453195284ad24a5ae5b6e1eed2b848477fa2a4787ba9adf39a41?s=96&d=mm&r=g\",\"url\":\"https:\\\/\\\/secure.gravatar.com\\\/avatar\\\/c7164ed6fdec453195284ad24a5ae5b6e1eed2b848477fa2a4787ba9adf39a41?s=96&d=mm&r=g\",\"contentUrl\":\"https:\\\/\\\/secure.gravatar.com\\\/avatar\\\/c7164ed6fdec453195284ad24a5ae5b6e1eed2b848477fa2a4787ba9adf39a41?s=96&d=mm&r=g\",\"caption\":\"Redacci\u00f3n QP\"},\"url\":\"https:\\\/\\\/quehacerpolitico.mx\\\/?author=2\"}]}<\/script>\n<!-- \/ Yoast SEO plugin. -->","yoast_head_json":{"title":"Imponen prisi\u00f3n preventiva a Emilio Lozoya exdirector de Pemex -","robots":{"index":"index","follow":"follow","max-snippet":"max-snippet:-1","max-image-preview":"max-image-preview:large","max-video-preview":"max-video-preview:-1"},"canonical":"https:\/\/quehacerpolitico.mx\/?p=86287","og_locale":"es_MX","og_type":"article","og_title":"Imponen prisi\u00f3n preventiva a Emilio Lozoya exdirector de Pemex -","og_description":"Por Redacci\u00f3n QP Juez acepta la solicitud de la Fiscal\u00eda General de la Rep\u00fablica Un...","og_url":"https:\/\/quehacerpolitico.mx\/?p=86287","article_published_time":"2021-11-04T04:17:38+00:00","article_modified_time":"2021-11-04T04:17:41+00:00","og_image":[{"width":953,"height":714,"url":"https:\/\/quehacerpolitico.mx\/wp-content\/uploads\/2021\/11\/007BBC35-958B-4F5D-B937-78B55D615D44.jpeg","type":"image\/jpeg"}],"author":"Redacci\u00f3n QP","twitter_card":"summary_large_image","twitter_misc":{"Escrito por":"Redacci\u00f3n QP","Tiempo de lectura":"2 minutos"},"schema":{"@context":"https:\/\/schema.org","@graph":[{"@type":"Article","@id":"https:\/\/quehacerpolitico.mx\/?p=86287#article","isPartOf":{"@id":"https:\/\/quehacerpolitico.mx\/?p=86287"},"author":{"name":"Redacci\u00f3n QP","@id":"https:\/\/quehacerpolitico.mx\/#\/schema\/person\/496d8ad2d1d3f8036101dca7ee39e585"},"headline":"Imponen prisi\u00f3n preventiva a Emilio Lozoya exdirector de Pemex","datePublished":"2021-11-04T04:17:38+00:00","dateModified":"2021-11-04T04:17:41+00:00","mainEntityOfPage":{"@id":"https:\/\/quehacerpolitico.mx\/?p=86287"},"wordCount":506,"commentCount":0,"image":{"@id":"https:\/\/quehacerpolitico.mx\/?p=86287#primaryimage"},"thumbnailUrl":"https:\/\/quehacerpolitico.mx\/wp-content\/uploads\/2021\/11\/007BBC35-958B-4F5D-B937-78B55D615D44.jpeg","articleSection":["Noticias"],"inLanguage":"es","potentialAction":[{"@type":"CommentAction","name":"Comment","target":["https:\/\/quehacerpolitico.mx\/?p=86287#respond"]}]},{"@type":"WebPage","@id":"https:\/\/quehacerpolitico.mx\/?p=86287","url":"https:\/\/quehacerpolitico.mx\/?p=86287","name":"Imponen prisi\u00f3n preventiva a Emilio Lozoya exdirector de Pemex -","isPartOf":{"@id":"https:\/\/quehacerpolitico.mx\/#website"},"primaryImageOfPage":{"@id":"https:\/\/quehacerpolitico.mx\/?p=86287#primaryimage"},"image":{"@id":"https:\/\/quehacerpolitico.mx\/?p=86287#primaryimage"},"thumbnailUrl":"https:\/\/quehacerpolitico.mx\/wp-content\/uploads\/2021\/11\/007BBC35-958B-4F5D-B937-78B55D615D44.jpeg","datePublished":"2021-11-04T04:17:38+00:00","dateModified":"2021-11-04T04:17:41+00:00","author":{"@id":"https:\/\/quehacerpolitico.mx\/#\/schema\/person\/496d8ad2d1d3f8036101dca7ee39e585"},"breadcrumb":{"@id":"https:\/\/quehacerpolitico.mx\/?p=86287#breadcrumb"},"inLanguage":"es","potentialAction":[{"@type":"ReadAction","target":["https:\/\/quehacerpolitico.mx\/?p=86287"]}]},{"@type":"ImageObject","inLanguage":"es","@id":"https:\/\/quehacerpolitico.mx\/?p=86287#primaryimage","url":"https:\/\/quehacerpolitico.mx\/wp-content\/uploads\/2021\/11\/007BBC35-958B-4F5D-B937-78B55D615D44.jpeg","contentUrl":"https:\/\/quehacerpolitico.mx\/wp-content\/uploads\/2021\/11\/007BBC35-958B-4F5D-B937-78B55D615D44.jpeg","width":953,"height":714},{"@type":"BreadcrumbList","@id":"https:\/\/quehacerpolitico.mx\/?p=86287#breadcrumb","itemListElement":[{"@type":"ListItem","position":1,"name":"Inicio","item":"https:\/\/quehacerpolitico.mx\/"},{"@type":"ListItem","position":2,"name":"Imponen prisi\u00f3n preventiva a Emilio Lozoya exdirector de Pemex"}]},{"@type":"WebSite","@id":"https:\/\/quehacerpolitico.mx\/#website","url":"https:\/\/quehacerpolitico.mx\/","name":"","description":"","potentialAction":[{"@type":"SearchAction","target":{"@type":"EntryPoint","urlTemplate":"https:\/\/quehacerpolitico.mx\/?s={search_term_string}"},"query-input":{"@type":"PropertyValueSpecification","valueRequired":true,"valueName":"search_term_string"}}],"inLanguage":"es"},{"@type":"Person","@id":"https:\/\/quehacerpolitico.mx\/#\/schema\/person\/496d8ad2d1d3f8036101dca7ee39e585","name":"Redacci\u00f3n QP","image":{"@type":"ImageObject","inLanguage":"es","@id":"https:\/\/secure.gravatar.com\/avatar\/c7164ed6fdec453195284ad24a5ae5b6e1eed2b848477fa2a4787ba9adf39a41?s=96&d=mm&r=g","url":"https:\/\/secure.gravatar.com\/avatar\/c7164ed6fdec453195284ad24a5ae5b6e1eed2b848477fa2a4787ba9adf39a41?s=96&d=mm&r=g","contentUrl":"https:\/\/secure.gravatar.com\/avatar\/c7164ed6fdec453195284ad24a5ae5b6e1eed2b848477fa2a4787ba9adf39a41?s=96&d=mm&r=g","caption":"Redacci\u00f3n QP"},"url":"https:\/\/quehacerpolitico.mx\/?author=2"}]}},"featured_image_urls":{"full":["https:\/\/quehacerpolitico.mx\/wp-content\/uploads\/2021\/11\/007BBC35-958B-4F5D-B937-78B55D615D44.jpeg",953,714,false],"thumbnail":["https:\/\/quehacerpolitico.mx\/wp-content\/uploads\/2021\/11\/007BBC35-958B-4F5D-B937-78B55D615D44-150x150.jpeg",150,150,true],"medium":["https:\/\/quehacerpolitico.mx\/wp-content\/uploads\/2021\/11\/007BBC35-958B-4F5D-B937-78B55D615D44-300x225.jpeg",300,225,true],"medium_large":["https:\/\/quehacerpolitico.mx\/wp-content\/uploads\/2021\/11\/007BBC35-958B-4F5D-B937-78B55D615D44-768x575.jpeg",640,479,true],"large":["https:\/\/quehacerpolitico.mx\/wp-content\/uploads\/2021\/11\/007BBC35-958B-4F5D-B937-78B55D615D44.jpeg",640,479,false],"1536x1536":["https:\/\/quehacerpolitico.mx\/wp-content\/uploads\/2021\/11\/007BBC35-958B-4F5D-B937-78B55D615D44.jpeg",953,714,false],"2048x2048":["https:\/\/quehacerpolitico.mx\/wp-content\/uploads\/2021\/11\/007BBC35-958B-4F5D-B937-78B55D615D44.jpeg",953,714,false],"covernews-featured":["https:\/\/quehacerpolitico.mx\/wp-content\/uploads\/2021\/11\/007BBC35-958B-4F5D-B937-78B55D615D44.jpeg",953,714,false],"covernews-medium":["https:\/\/quehacerpolitico.mx\/wp-content\/uploads\/2021\/11\/007BBC35-958B-4F5D-B937-78B55D615D44.jpeg",454,340,false]},"author_info":{"display_name":"Redacci\u00f3n QP","author_link":"https:\/\/quehacerpolitico.mx\/?author=2"},"category_info":"<a href=\"https:\/\/quehacerpolitico.mx\/?cat=2\" rel=\"category\">Noticias<\/a>","tag_info":"Noticias","comment_count":"0","_links":{"self":[{"href":"https:\/\/quehacerpolitico.mx\/index.php?rest_route=\/wp\/v2\/posts\/86287","targetHints":{"allow":["GET"]}}],"collection":[{"href":"https:\/\/quehacerpolitico.mx\/index.php?rest_route=\/wp\/v2\/posts"}],"about":[{"href":"https:\/\/quehacerpolitico.mx\/index.php?rest_route=\/wp\/v2\/types\/post"}],"author":[{"embeddable":true,"href":"https:\/\/quehacerpolitico.mx\/index.php?rest_route=\/wp\/v2\/users\/2"}],"replies":[{"embeddable":true,"href":"https:\/\/quehacerpolitico.mx\/index.php?rest_route=%2Fwp%2Fv2%2Fcomments&post=86287"}],"version-history":[{"count":1,"href":"https:\/\/quehacerpolitico.mx\/index.php?rest_route=\/wp\/v2\/posts\/86287\/revisions"}],"predecessor-version":[{"id":86289,"href":"https:\/\/quehacerpolitico.mx\/index.php?rest_route=\/wp\/v2\/posts\/86287\/revisions\/86289"}],"wp:featuredmedia":[{"embeddable":true,"href":"https:\/\/quehacerpolitico.mx\/index.php?rest_route=\/wp\/v2\/media\/86288"}],"wp:attachment":[{"href":"https:\/\/quehacerpolitico.mx\/index.php?rest_route=%2Fwp%2Fv2%2Fmedia&parent=86287"}],"wp:term":[{"taxonomy":"category","embeddable":true,"href":"https:\/\/quehacerpolitico.mx\/index.php?rest_route=%2Fwp%2Fv2%2Fcategories&post=86287"},{"taxonomy":"post_tag","embeddable":true,"href":"https:\/\/quehacerpolitico.mx\/index.php?rest_route=%2Fwp%2Fv2%2Ftags&post=86287"}],"curies":[{"name":"wp","href":"https:\/\/api.w.org\/{rel}","templated":true}]}}