{"id":86284,"date":"2021-11-03T20:35:46","date_gmt":"2021-11-03T20:35:46","guid":{"rendered":"https:\/\/quehacerpolitico.mx\/?p=86284"},"modified":"2021-11-03T20:35:50","modified_gmt":"2021-11-03T20:35:50","slug":"autorizan-regreso-a-viviendas-en-zona-de-explosion-en-puebla","status":"publish","type":"post","link":"https:\/\/quehacerpolitico.mx\/?p=86284","title":{"rendered":"Autorizan regreso a viviendas en zona de explosi\u00f3n en Puebla"},"content":{"rendered":"\n<p>Por Redacci\u00f3n QP<\/p>\n\n\n\n<p>Explican\u00a0que de las 262 viviendas asentadas en la zona del accidente,\u00a0lograron revisar estructuralmente 255 y en siete no tuvieron acceso<\/p>\n\n\n\n<p>Autoridades estatales autorizaron el regreso y la ocupaci\u00f3n de 191 viviendas que se encontraban en la zona de la explosi\u00f3n de un ducto de gas, ocurrida el domingo pasado en el municipio de Puebla.<\/p>\n\n\n\n<p>El secretario de Infraestructura del Gobierno del Estado, Juan Daniel G\u00e1mez Murillo, inform\u00f3 que tras un diagn\u00f3stico estructural de las casas habitaci\u00f3n, se podr\u00e1n ocupar de manera inmediata.<\/p>\n\n\n\n<p>En conferencia de prensa, el funcionario estatal explic\u00f3 que de las 262 viviendas asentadas en la zona del accidente de la Junta Auxiliar de San Pablo Xochimehuacan, lograron revisar estructuralmente 255 y en siete no tuvieron acceso.<\/p>\n\n\n\n<figure class=\"wp-block-embed is-type-rich is-provider-twitter wp-block-embed-twitter\"><div class=\"wp-block-embed__wrapper\">\n<blockquote class=\"twitter-tweet\" data-width=\"550\" data-dnt=\"true\"><p lang=\"es\" dir=\"ltr\"><a href=\"https:\/\/twitter.com\/hashtag\/InfraInforma?src=hash&amp;ref_src=twsrc%5Etfw\">#InfraInforma<\/a> | El secretario Juan Daniel G\u00e1mez Murillo, participa en la conferencia de prensa con el gobernador <a href=\"https:\/\/twitter.com\/MBarbosaMX?ref_src=twsrc%5Etfw\">@MBarbosaMX<\/a> para dar seguimiento al siniestro en la junta auxiliar San Pablo <a href=\"https:\/\/twitter.com\/hashtag\/Xochimehuacan?src=hash&amp;ref_src=twsrc%5Etfw\">#Xochimehuacan<\/a> en el municipio de Puebla. <br>\ud83d\udd34EN VIVO | <a href=\"https:\/\/t.co\/B6w5G9QYFJ\">https:\/\/t.co\/B6w5G9QYFJ<\/a><\/p>&mdash; Secretar\u00eda de Infraestructura (@InfraGobPue) <a href=\"https:\/\/twitter.com\/InfraGobPue\/status\/1455908421308321795?ref_src=twsrc%5Etfw\">November 3, 2021<\/a><\/blockquote><script async src=\"https:\/\/platform.twitter.com\/widgets.js\" charset=\"utf-8\"><\/script>\n<\/div><\/figure>\n\n\n\n<p><strong>De las 255 casas habitaciones revisadas, en 115 se encontraron da\u00f1os menores, como vidrios rotos; y en 77 da\u00f1os moderados. La autoridad determin\u00f3 el regreso en 191 viviendas.<\/strong><\/p>\n\n\n\n<p>En tanto, se report\u00f3 que 64 tienen da\u00f1os totales, da\u00f1os estructurales graves que est\u00e1n colapsadas o que necesitan ser demolidas.<\/p>\n\n\n\n<p>Por su parte, el presidente municipal de Puebla, Eduardo Rivera P\u00e9rez, anunci\u00f3 que su administraci\u00f3n condonar\u00e1 el pago predial del presente a\u00f1o a 128 viviendas con registro catastral.<\/p>\n\n\n\n<h2 class=\"wp-block-heading\">Siguen hospitalizadas 14 personas graves por explosi\u00f3n en Puebla<\/h2>\n\n\n\n<p>En diversos hospitales del Sector Salud de Puebla, contin\u00faan hospitalizadas 14 personas que resultaron heridas durante la explosi\u00f3n en la Junta Auxiliar de San Pablo Xochimehuacan en la capital del estado.<\/p>\n\n\n\n<p>El secretario de Salud estatal, Jos\u00e9 Antonio Mart\u00ednez, explic\u00f3 que fue dada de alta una menor de tres a\u00f1os, por lo que hay\u00a0<strong>14 pacientes hospitalizados muy graves y delicados debido a que sufrieron quemaduras de segundo y tercer grado.<\/strong><\/p>\n\n\n\n<figure class=\"wp-block-embed is-type-video is-provider-youtube wp-block-embed-youtube wp-embed-aspect-16-9 wp-has-aspect-ratio\"><div class=\"wp-block-embed__wrapper\">\n<iframe loading=\"lazy\" title=\"Explota toma clandestina; hay un muerto y 11 heridos\" width=\"640\" height=\"360\" src=\"https:\/\/www.youtube.com\/embed\/je7m_yBZ93M?feature=oembed\" frameborder=\"0\" allow=\"accelerometer; autoplay; clipboard-write; encrypted-media; gyroscope; picture-in-picture; web-share\" referrerpolicy=\"strict-origin-when-cross-origin\" allowfullscreen><\/iframe>\n<\/div><\/figure>\n\n\n\n<p>En conferencia de prensa, detall\u00f3 que ocho v\u00edctimas se encuentran graves, de las cuales cinco est\u00e1n intubadas con diagn\u00f3stico del gran quemado; y seis pacientes m\u00e1s son declarados como delicados.<\/p>\n\n\n\n<p>Hasta ayer, seis menores de edad, pertenecientes a una sola familia, se encontraban hospitalizados tras la explosi\u00f3n de un ducto de gas en el municipio de Puebla, tres se encuentran graves.<\/p>\n\n\n\n<p>El domingo pasado, a consecuencia de una toma clandestina explot\u00f3 un ducto de gas que dej\u00f3 un muerto, m\u00e1s de dos mil personas evacuadas de sus hogares y 262 viviendas con alg\u00fan tipo de afectaci\u00f3n.<\/p>\n\n\n\n<p>Con Informaci\u00f3n de SUN <\/p>\n","protected":false},"excerpt":{"rendered":"<p>Por Redacci\u00f3n QP Explican\u00a0que de las 262 viviendas asentadas en la zona del accidente,\u00a0lograron revisar&#8230;<\/p>\n","protected":false},"author":2,"featured_media":86285,"comment_status":"open","ping_status":"open","sticky":false,"template":"","format":"standard","meta":{"_monsterinsights_skip_tracking":false,"_monsterinsights_sitenote_active":false,"_monsterinsights_sitenote_note":"","_monsterinsights_sitenote_category":0,"footnotes":""},"categories":[2],"tags":[],"class_list":["post-86284","post","type-post","status-publish","format-standard","has-post-thumbnail","hentry","category-noticias"],"yoast_head":"<!-- This site is optimized with the Yoast SEO plugin v27.3 - https:\/\/yoast.com\/product\/yoast-seo-wordpress\/ -->\n<title>Autorizan regreso a viviendas en zona de explosi\u00f3n en Puebla -<\/title>\n<meta name=\"robots\" content=\"index, follow, max-snippet:-1, max-image-preview:large, max-video-preview:-1\" \/>\n<link rel=\"canonical\" href=\"https:\/\/quehacerpolitico.mx\/?p=86284\" \/>\n<meta property=\"og:locale\" content=\"es_MX\" \/>\n<meta property=\"og:type\" content=\"article\" \/>\n<meta property=\"og:title\" content=\"Autorizan regreso a viviendas en zona de explosi\u00f3n en Puebla -\" \/>\n<meta property=\"og:description\" content=\"Por Redacci\u00f3n QP Explican\u00a0que de las 262 viviendas asentadas en la zona del accidente,\u00a0lograron revisar...\" \/>\n<meta property=\"og:url\" content=\"https:\/\/quehacerpolitico.mx\/?p=86284\" \/>\n<meta property=\"article:published_time\" content=\"2021-11-03T20:35:46+00:00\" \/>\n<meta property=\"article:modified_time\" content=\"2021-11-03T20:35:50+00:00\" \/>\n<meta property=\"og:image\" content=\"https:\/\/quehacerpolitico.mx\/wp-content\/uploads\/2021\/11\/9E86233A-2781-4B44-AFE1-7E48C35A5CC8.jpeg\" \/>\n\t<meta property=\"og:image:width\" content=\"1090\" \/>\n\t<meta property=\"og:image:height\" content=\"694\" \/>\n\t<meta property=\"og:image:type\" content=\"image\/jpeg\" \/>\n<meta name=\"author\" content=\"Redacci\u00f3n QP\" \/>\n<meta name=\"twitter:card\" content=\"summary_large_image\" \/>\n<meta name=\"twitter:label1\" content=\"Escrito por\" \/>\n\t<meta name=\"twitter:data1\" content=\"Redacci\u00f3n QP\" \/>\n\t<meta name=\"twitter:label2\" content=\"Tiempo de lectura\" \/>\n\t<meta name=\"twitter:data2\" content=\"2 minutos\" \/>\n<script type=\"application\/ld+json\" class=\"yoast-schema-graph\">{\"@context\":\"https:\\\/\\\/schema.org\",\"@graph\":[{\"@type\":\"Article\",\"@id\":\"https:\\\/\\\/quehacerpolitico.mx\\\/?p=86284#article\",\"isPartOf\":{\"@id\":\"https:\\\/\\\/quehacerpolitico.mx\\\/?p=86284\"},\"author\":{\"name\":\"Redacci\u00f3n QP\",\"@id\":\"https:\\\/\\\/quehacerpolitico.mx\\\/#\\\/schema\\\/person\\\/496d8ad2d1d3f8036101dca7ee39e585\"},\"headline\":\"Autorizan regreso a viviendas en zona de explosi\u00f3n en Puebla\",\"datePublished\":\"2021-11-03T20:35:46+00:00\",\"dateModified\":\"2021-11-03T20:35:50+00:00\",\"mainEntityOfPage\":{\"@id\":\"https:\\\/\\\/quehacerpolitico.mx\\\/?p=86284\"},\"wordCount\":418,\"commentCount\":0,\"image\":{\"@id\":\"https:\\\/\\\/quehacerpolitico.mx\\\/?p=86284#primaryimage\"},\"thumbnailUrl\":\"https:\\\/\\\/quehacerpolitico.mx\\\/wp-content\\\/uploads\\\/2021\\\/11\\\/9E86233A-2781-4B44-AFE1-7E48C35A5CC8.jpeg\",\"articleSection\":[\"Noticias\"],\"inLanguage\":\"es\",\"potentialAction\":[{\"@type\":\"CommentAction\",\"name\":\"Comment\",\"target\":[\"https:\\\/\\\/quehacerpolitico.mx\\\/?p=86284#respond\"]}]},{\"@type\":\"WebPage\",\"@id\":\"https:\\\/\\\/quehacerpolitico.mx\\\/?p=86284\",\"url\":\"https:\\\/\\\/quehacerpolitico.mx\\\/?p=86284\",\"name\":\"Autorizan regreso a viviendas en zona de explosi\u00f3n en Puebla -\",\"isPartOf\":{\"@id\":\"https:\\\/\\\/quehacerpolitico.mx\\\/#website\"},\"primaryImageOfPage\":{\"@id\":\"https:\\\/\\\/quehacerpolitico.mx\\\/?p=86284#primaryimage\"},\"image\":{\"@id\":\"https:\\\/\\\/quehacerpolitico.mx\\\/?p=86284#primaryimage\"},\"thumbnailUrl\":\"https:\\\/\\\/quehacerpolitico.mx\\\/wp-content\\\/uploads\\\/2021\\\/11\\\/9E86233A-2781-4B44-AFE1-7E48C35A5CC8.jpeg\",\"datePublished\":\"2021-11-03T20:35:46+00:00\",\"dateModified\":\"2021-11-03T20:35:50+00:00\",\"author\":{\"@id\":\"https:\\\/\\\/quehacerpolitico.mx\\\/#\\\/schema\\\/person\\\/496d8ad2d1d3f8036101dca7ee39e585\"},\"breadcrumb\":{\"@id\":\"https:\\\/\\\/quehacerpolitico.mx\\\/?p=86284#breadcrumb\"},\"inLanguage\":\"es\",\"potentialAction\":[{\"@type\":\"ReadAction\",\"target\":[\"https:\\\/\\\/quehacerpolitico.mx\\\/?p=86284\"]}]},{\"@type\":\"ImageObject\",\"inLanguage\":\"es\",\"@id\":\"https:\\\/\\\/quehacerpolitico.mx\\\/?p=86284#primaryimage\",\"url\":\"https:\\\/\\\/quehacerpolitico.mx\\\/wp-content\\\/uploads\\\/2021\\\/11\\\/9E86233A-2781-4B44-AFE1-7E48C35A5CC8.jpeg\",\"contentUrl\":\"https:\\\/\\\/quehacerpolitico.mx\\\/wp-content\\\/uploads\\\/2021\\\/11\\\/9E86233A-2781-4B44-AFE1-7E48C35A5CC8.jpeg\",\"width\":1090,\"height\":694},{\"@type\":\"BreadcrumbList\",\"@id\":\"https:\\\/\\\/quehacerpolitico.mx\\\/?p=86284#breadcrumb\",\"itemListElement\":[{\"@type\":\"ListItem\",\"position\":1,\"name\":\"Inicio\",\"item\":\"https:\\\/\\\/quehacerpolitico.mx\\\/\"},{\"@type\":\"ListItem\",\"position\":2,\"name\":\"Autorizan regreso a viviendas en zona de explosi\u00f3n en Puebla\"}]},{\"@type\":\"WebSite\",\"@id\":\"https:\\\/\\\/quehacerpolitico.mx\\\/#website\",\"url\":\"https:\\\/\\\/quehacerpolitico.mx\\\/\",\"name\":\"\",\"description\":\"\",\"potentialAction\":[{\"@type\":\"SearchAction\",\"target\":{\"@type\":\"EntryPoint\",\"urlTemplate\":\"https:\\\/\\\/quehacerpolitico.mx\\\/?s={search_term_string}\"},\"query-input\":{\"@type\":\"PropertyValueSpecification\",\"valueRequired\":true,\"valueName\":\"search_term_string\"}}],\"inLanguage\":\"es\"},{\"@type\":\"Person\",\"@id\":\"https:\\\/\\\/quehacerpolitico.mx\\\/#\\\/schema\\\/person\\\/496d8ad2d1d3f8036101dca7ee39e585\",\"name\":\"Redacci\u00f3n QP\",\"image\":{\"@type\":\"ImageObject\",\"inLanguage\":\"es\",\"@id\":\"https:\\\/\\\/secure.gravatar.com\\\/avatar\\\/c7164ed6fdec453195284ad24a5ae5b6e1eed2b848477fa2a4787ba9adf39a41?s=96&d=mm&r=g\",\"url\":\"https:\\\/\\\/secure.gravatar.com\\\/avatar\\\/c7164ed6fdec453195284ad24a5ae5b6e1eed2b848477fa2a4787ba9adf39a41?s=96&d=mm&r=g\",\"contentUrl\":\"https:\\\/\\\/secure.gravatar.com\\\/avatar\\\/c7164ed6fdec453195284ad24a5ae5b6e1eed2b848477fa2a4787ba9adf39a41?s=96&d=mm&r=g\",\"caption\":\"Redacci\u00f3n QP\"},\"url\":\"https:\\\/\\\/quehacerpolitico.mx\\\/?author=2\"}]}<\/script>\n<!-- \/ Yoast SEO plugin. -->","yoast_head_json":{"title":"Autorizan regreso a viviendas en zona de explosi\u00f3n en Puebla -","robots":{"index":"index","follow":"follow","max-snippet":"max-snippet:-1","max-image-preview":"max-image-preview:large","max-video-preview":"max-video-preview:-1"},"canonical":"https:\/\/quehacerpolitico.mx\/?p=86284","og_locale":"es_MX","og_type":"article","og_title":"Autorizan regreso a viviendas en zona de explosi\u00f3n en Puebla -","og_description":"Por Redacci\u00f3n QP Explican\u00a0que de las 262 viviendas asentadas en la zona del accidente,\u00a0lograron revisar...","og_url":"https:\/\/quehacerpolitico.mx\/?p=86284","article_published_time":"2021-11-03T20:35:46+00:00","article_modified_time":"2021-11-03T20:35:50+00:00","og_image":[{"width":1090,"height":694,"url":"https:\/\/quehacerpolitico.mx\/wp-content\/uploads\/2021\/11\/9E86233A-2781-4B44-AFE1-7E48C35A5CC8.jpeg","type":"image\/jpeg"}],"author":"Redacci\u00f3n QP","twitter_card":"summary_large_image","twitter_misc":{"Escrito por":"Redacci\u00f3n QP","Tiempo de lectura":"2 minutos"},"schema":{"@context":"https:\/\/schema.org","@graph":[{"@type":"Article","@id":"https:\/\/quehacerpolitico.mx\/?p=86284#article","isPartOf":{"@id":"https:\/\/quehacerpolitico.mx\/?p=86284"},"author":{"name":"Redacci\u00f3n QP","@id":"https:\/\/quehacerpolitico.mx\/#\/schema\/person\/496d8ad2d1d3f8036101dca7ee39e585"},"headline":"Autorizan regreso a viviendas en zona de explosi\u00f3n en Puebla","datePublished":"2021-11-03T20:35:46+00:00","dateModified":"2021-11-03T20:35:50+00:00","mainEntityOfPage":{"@id":"https:\/\/quehacerpolitico.mx\/?p=86284"},"wordCount":418,"commentCount":0,"image":{"@id":"https:\/\/quehacerpolitico.mx\/?p=86284#primaryimage"},"thumbnailUrl":"https:\/\/quehacerpolitico.mx\/wp-content\/uploads\/2021\/11\/9E86233A-2781-4B44-AFE1-7E48C35A5CC8.jpeg","articleSection":["Noticias"],"inLanguage":"es","potentialAction":[{"@type":"CommentAction","name":"Comment","target":["https:\/\/quehacerpolitico.mx\/?p=86284#respond"]}]},{"@type":"WebPage","@id":"https:\/\/quehacerpolitico.mx\/?p=86284","url":"https:\/\/quehacerpolitico.mx\/?p=86284","name":"Autorizan regreso a viviendas en zona de explosi\u00f3n en Puebla -","isPartOf":{"@id":"https:\/\/quehacerpolitico.mx\/#website"},"primaryImageOfPage":{"@id":"https:\/\/quehacerpolitico.mx\/?p=86284#primaryimage"},"image":{"@id":"https:\/\/quehacerpolitico.mx\/?p=86284#primaryimage"},"thumbnailUrl":"https:\/\/quehacerpolitico.mx\/wp-content\/uploads\/2021\/11\/9E86233A-2781-4B44-AFE1-7E48C35A5CC8.jpeg","datePublished":"2021-11-03T20:35:46+00:00","dateModified":"2021-11-03T20:35:50+00:00","author":{"@id":"https:\/\/quehacerpolitico.mx\/#\/schema\/person\/496d8ad2d1d3f8036101dca7ee39e585"},"breadcrumb":{"@id":"https:\/\/quehacerpolitico.mx\/?p=86284#breadcrumb"},"inLanguage":"es","potentialAction":[{"@type":"ReadAction","target":["https:\/\/quehacerpolitico.mx\/?p=86284"]}]},{"@type":"ImageObject","inLanguage":"es","@id":"https:\/\/quehacerpolitico.mx\/?p=86284#primaryimage","url":"https:\/\/quehacerpolitico.mx\/wp-content\/uploads\/2021\/11\/9E86233A-2781-4B44-AFE1-7E48C35A5CC8.jpeg","contentUrl":"https:\/\/quehacerpolitico.mx\/wp-content\/uploads\/2021\/11\/9E86233A-2781-4B44-AFE1-7E48C35A5CC8.jpeg","width":1090,"height":694},{"@type":"BreadcrumbList","@id":"https:\/\/quehacerpolitico.mx\/?p=86284#breadcrumb","itemListElement":[{"@type":"ListItem","position":1,"name":"Inicio","item":"https:\/\/quehacerpolitico.mx\/"},{"@type":"ListItem","position":2,"name":"Autorizan regreso a viviendas en zona de explosi\u00f3n en Puebla"}]},{"@type":"WebSite","@id":"https:\/\/quehacerpolitico.mx\/#website","url":"https:\/\/quehacerpolitico.mx\/","name":"","description":"","potentialAction":[{"@type":"SearchAction","target":{"@type":"EntryPoint","urlTemplate":"https:\/\/quehacerpolitico.mx\/?s={search_term_string}"},"query-input":{"@type":"PropertyValueSpecification","valueRequired":true,"valueName":"search_term_string"}}],"inLanguage":"es"},{"@type":"Person","@id":"https:\/\/quehacerpolitico.mx\/#\/schema\/person\/496d8ad2d1d3f8036101dca7ee39e585","name":"Redacci\u00f3n QP","image":{"@type":"ImageObject","inLanguage":"es","@id":"https:\/\/secure.gravatar.com\/avatar\/c7164ed6fdec453195284ad24a5ae5b6e1eed2b848477fa2a4787ba9adf39a41?s=96&d=mm&r=g","url":"https:\/\/secure.gravatar.com\/avatar\/c7164ed6fdec453195284ad24a5ae5b6e1eed2b848477fa2a4787ba9adf39a41?s=96&d=mm&r=g","contentUrl":"https:\/\/secure.gravatar.com\/avatar\/c7164ed6fdec453195284ad24a5ae5b6e1eed2b848477fa2a4787ba9adf39a41?s=96&d=mm&r=g","caption":"Redacci\u00f3n QP"},"url":"https:\/\/quehacerpolitico.mx\/?author=2"}]}},"featured_image_urls":{"full":["https:\/\/quehacerpolitico.mx\/wp-content\/uploads\/2021\/11\/9E86233A-2781-4B44-AFE1-7E48C35A5CC8.jpeg",1090,694,false],"thumbnail":["https:\/\/quehacerpolitico.mx\/wp-content\/uploads\/2021\/11\/9E86233A-2781-4B44-AFE1-7E48C35A5CC8-150x150.jpeg",150,150,true],"medium":["https:\/\/quehacerpolitico.mx\/wp-content\/uploads\/2021\/11\/9E86233A-2781-4B44-AFE1-7E48C35A5CC8-300x191.jpeg",300,191,true],"medium_large":["https:\/\/quehacerpolitico.mx\/wp-content\/uploads\/2021\/11\/9E86233A-2781-4B44-AFE1-7E48C35A5CC8-768x489.jpeg",640,408,true],"large":["https:\/\/quehacerpolitico.mx\/wp-content\/uploads\/2021\/11\/9E86233A-2781-4B44-AFE1-7E48C35A5CC8-1024x652.jpeg",640,408,true],"1536x1536":["https:\/\/quehacerpolitico.mx\/wp-content\/uploads\/2021\/11\/9E86233A-2781-4B44-AFE1-7E48C35A5CC8.jpeg",1090,694,false],"2048x2048":["https:\/\/quehacerpolitico.mx\/wp-content\/uploads\/2021\/11\/9E86233A-2781-4B44-AFE1-7E48C35A5CC8.jpeg",1090,694,false],"covernews-featured":["https:\/\/quehacerpolitico.mx\/wp-content\/uploads\/2021\/11\/9E86233A-2781-4B44-AFE1-7E48C35A5CC8.jpeg",1024,652,false],"covernews-medium":["https:\/\/quehacerpolitico.mx\/wp-content\/uploads\/2021\/11\/9E86233A-2781-4B44-AFE1-7E48C35A5CC8.jpeg",534,340,false]},"author_info":{"display_name":"Redacci\u00f3n QP","author_link":"https:\/\/quehacerpolitico.mx\/?author=2"},"category_info":"<a href=\"https:\/\/quehacerpolitico.mx\/?cat=2\" rel=\"category\">Noticias<\/a>","tag_info":"Noticias","comment_count":"0","_links":{"self":[{"href":"https:\/\/quehacerpolitico.mx\/index.php?rest_route=\/wp\/v2\/posts\/86284","targetHints":{"allow":["GET"]}}],"collection":[{"href":"https:\/\/quehacerpolitico.mx\/index.php?rest_route=\/wp\/v2\/posts"}],"about":[{"href":"https:\/\/quehacerpolitico.mx\/index.php?rest_route=\/wp\/v2\/types\/post"}],"author":[{"embeddable":true,"href":"https:\/\/quehacerpolitico.mx\/index.php?rest_route=\/wp\/v2\/users\/2"}],"replies":[{"embeddable":true,"href":"https:\/\/quehacerpolitico.mx\/index.php?rest_route=%2Fwp%2Fv2%2Fcomments&post=86284"}],"version-history":[{"count":1,"href":"https:\/\/quehacerpolitico.mx\/index.php?rest_route=\/wp\/v2\/posts\/86284\/revisions"}],"predecessor-version":[{"id":86286,"href":"https:\/\/quehacerpolitico.mx\/index.php?rest_route=\/wp\/v2\/posts\/86284\/revisions\/86286"}],"wp:featuredmedia":[{"embeddable":true,"href":"https:\/\/quehacerpolitico.mx\/index.php?rest_route=\/wp\/v2\/media\/86285"}],"wp:attachment":[{"href":"https:\/\/quehacerpolitico.mx\/index.php?rest_route=%2Fwp%2Fv2%2Fmedia&parent=86284"}],"wp:term":[{"taxonomy":"category","embeddable":true,"href":"https:\/\/quehacerpolitico.mx\/index.php?rest_route=%2Fwp%2Fv2%2Fcategories&post=86284"},{"taxonomy":"post_tag","embeddable":true,"href":"https:\/\/quehacerpolitico.mx\/index.php?rest_route=%2Fwp%2Fv2%2Ftags&post=86284"}],"curies":[{"name":"wp","href":"https:\/\/api.w.org\/{rel}","templated":true}]}}