{"id":86281,"date":"2021-11-03T19:51:14","date_gmt":"2021-11-03T19:51:14","guid":{"rendered":"https:\/\/quehacerpolitico.mx\/?p=86281"},"modified":"2021-11-03T19:51:17","modified_gmt":"2021-11-03T19:51:17","slug":"inicia-la-campana-nacional-de-vacunacion-contra-influenza-2021","status":"publish","type":"post","link":"https:\/\/quehacerpolitico.mx\/?p=86281","title":{"rendered":"Inicia la campa\u00f1a nacional de vacunaci\u00f3n contra influenza 2021"},"content":{"rendered":"\n<p>Por Redacci\u00f3n QP<\/p>\n\n\n\n<p>Est\u00e1 dirigida principalmente a grupos vulnerables y mujeres embarazadas; te explicamos si te la puedes aplicar al mismo tiempo que la vacuna anti COVID-19<\/p>\n\n\n\n<p>Este martes, la\u00a0<strong>Secretar\u00eda de Salud<\/strong>\u00a0puso en marcha la\u00a0<strong>campa\u00f1a nacional de vacunaci\u00f3n contra la influenza 2021<\/strong>\u00a0(estacional)\u00a0<strong>dirigida principalmente a grupos vulnerables y mujeres embarazadas<\/strong>\u00a0en la cual se aplicar\u00e1n 32 millones 328 mil 200 dosis.<\/p>\n\n\n\n<figure class=\"wp-block-embed is-type-rich is-provider-twitter wp-block-embed-twitter\"><div class=\"wp-block-embed__wrapper\">\n<blockquote class=\"twitter-tweet\" data-width=\"550\" data-dnt=\"true\"><p lang=\"es\" dir=\"ltr\">Esta ma\u00f1ana arranc\u00f3 en Palacio Nacional la Campa\u00f1a Nacional de <a href=\"https:\/\/twitter.com\/hashtag\/Vacunaci%C3%B3n?src=hash&amp;ref_src=twsrc%5Etfw\">#Vacunaci\u00f3n<\/a> contra <a href=\"https:\/\/twitter.com\/hashtag\/Influenza?src=hash&amp;ref_src=twsrc%5Etfw\">#Influenza<\/a> estacional 2021-2022. La meta es cubrir al menos a 70 por ciento de la poblaci\u00f3n objetivo antes del 31 de diciembre, y a la totalidad de este sector para el 31 de marzo del 2022. <a href=\"https:\/\/t.co\/IJ3FjNmknD\">pic.twitter.com\/IJ3FjNmknD<\/a><\/p>&mdash; SALUD M\u00e9xico (@SSalud_mx) <a href=\"https:\/\/twitter.com\/SSalud_mx\/status\/1455953962943881218?ref_src=twsrc%5Etfw\">November 3, 2021<\/a><\/blockquote><script async src=\"https:\/\/platform.twitter.com\/widgets.js\" charset=\"utf-8\"><\/script>\n<\/div><\/figure>\n\n\n\n<p>En conferencia prensa en Palacio Nacional, el subsecretario de Salud, Hugo L\u00f3pez-Gatell explic\u00f3 que la vacuna contra la influenza es segura y que\u00a0<strong>puede aplicarse incluso al mismo tiempo que la vacuna contra el COVID-19.<\/strong><\/p>\n\n\n\n<p>&#8220;Si se pueden, enfatizo, si se pueden poner las dos vacunas, la de influenza y la de COVID al mismo tiempo y a la misma persona, por mismo tiempo me refiero que\u00a0<strong>pueden ser pocos d\u00edas de diferencia o incluso en el mismo momento&#8221;<\/strong>.<\/p>\n\n\n\n<p>L\u00f3pez-Gatell se\u00f1al\u00f3 que la vacuna contra la influenza se aplica para las personas que tienen el mayor riesgo de complicaciones en primer lugar los extremos edad: en el caso de influenza&nbsp;<strong>las personas de 60 a\u00f1os y m\u00e1s, pero tambi\u00e9n la poblaci\u00f3n menor de seis meses a cinco a\u00f1os.<\/strong><\/p>\n\n\n\n<p>Se considera como\u00a0<strong>poblaci\u00f3n prioritaria\u00a0<\/strong>aquellos que tiene comorbilidades como enfermedades cardiacas o pulmonares, cong\u00e9nitas o cr\u00f3nicas, diabetes mellitus, obesidad m\u00f3rbida, enfermedad pulmonar cr\u00f3nica como enfisema, bronquitis cr\u00f3nica y asma, insuficiencia renal cr\u00f3nica, c\u00e1ncer, inmunosupresi\u00f3n adquirida, personas con VIH-Sida.<\/p>\n\n\n\n<figure class=\"wp-block-embed is-type-video is-provider-youtube wp-block-embed-youtube wp-embed-aspect-16-9 wp-has-aspect-ratio\"><div class=\"wp-block-embed__wrapper\">\n<iframe loading=\"lazy\" title=\"Campa\u00f1a Nacional de #Vacunaci\u00f3n contra la #Influenza\" width=\"640\" height=\"360\" src=\"https:\/\/www.youtube.com\/embed\/oQfS-_ujiUI?feature=oembed\" frameborder=\"0\" allow=\"accelerometer; autoplay; clipboard-write; encrypted-media; gyroscope; picture-in-picture; web-share\" referrerpolicy=\"strict-origin-when-cross-origin\" allowfullscreen><\/iframe>\n<\/div><\/figure>\n\n\n\n<p>Con Informaci\u00f3n de SUN <\/p>\n","protected":false},"excerpt":{"rendered":"<p>Por Redacci\u00f3n QP Est\u00e1 dirigida principalmente a grupos vulnerables y mujeres embarazadas; te explicamos si&#8230;<\/p>\n","protected":false},"author":2,"featured_media":86282,"comment_status":"open","ping_status":"open","sticky":false,"template":"","format":"standard","meta":{"_monsterinsights_skip_tracking":false,"_monsterinsights_sitenote_active":false,"_monsterinsights_sitenote_note":"","_monsterinsights_sitenote_category":0,"footnotes":""},"categories":[2],"tags":[],"class_list":["post-86281","post","type-post","status-publish","format-standard","has-post-thumbnail","hentry","category-noticias"],"yoast_head":"<!-- This site is optimized with the Yoast SEO plugin v27.3 - https:\/\/yoast.com\/product\/yoast-seo-wordpress\/ -->\n<title>Inicia la campa\u00f1a nacional de vacunaci\u00f3n contra influenza 2021 -<\/title>\n<meta name=\"robots\" content=\"index, follow, max-snippet:-1, max-image-preview:large, max-video-preview:-1\" \/>\n<link rel=\"canonical\" href=\"https:\/\/quehacerpolitico.mx\/?p=86281\" \/>\n<meta property=\"og:locale\" content=\"es_MX\" \/>\n<meta property=\"og:type\" content=\"article\" \/>\n<meta property=\"og:title\" content=\"Inicia la campa\u00f1a nacional de vacunaci\u00f3n contra influenza 2021 -\" \/>\n<meta property=\"og:description\" content=\"Por Redacci\u00f3n QP Est\u00e1 dirigida principalmente a grupos vulnerables y mujeres embarazadas; te explicamos si...\" \/>\n<meta property=\"og:url\" content=\"https:\/\/quehacerpolitico.mx\/?p=86281\" \/>\n<meta property=\"article:published_time\" content=\"2021-11-03T19:51:14+00:00\" \/>\n<meta property=\"article:modified_time\" content=\"2021-11-03T19:51:17+00:00\" \/>\n<meta property=\"og:image\" content=\"https:\/\/quehacerpolitico.mx\/wp-content\/uploads\/2021\/11\/C4C40F3C-B17A-48A6-AB7B-0909312E9721.jpeg\" \/>\n\t<meta property=\"og:image:width\" content=\"1280\" \/>\n\t<meta property=\"og:image:height\" content=\"853\" \/>\n\t<meta property=\"og:image:type\" content=\"image\/jpeg\" \/>\n<meta name=\"author\" content=\"Redacci\u00f3n QP\" \/>\n<meta name=\"twitter:card\" content=\"summary_large_image\" \/>\n<meta name=\"twitter:label1\" content=\"Escrito por\" \/>\n\t<meta name=\"twitter:data1\" content=\"Redacci\u00f3n QP\" \/>\n\t<meta name=\"twitter:label2\" content=\"Tiempo de lectura\" \/>\n\t<meta name=\"twitter:data2\" content=\"1 minuto\" \/>\n<script type=\"application\/ld+json\" class=\"yoast-schema-graph\">{\"@context\":\"https:\\\/\\\/schema.org\",\"@graph\":[{\"@type\":\"Article\",\"@id\":\"https:\\\/\\\/quehacerpolitico.mx\\\/?p=86281#article\",\"isPartOf\":{\"@id\":\"https:\\\/\\\/quehacerpolitico.mx\\\/?p=86281\"},\"author\":{\"name\":\"Redacci\u00f3n QP\",\"@id\":\"https:\\\/\\\/quehacerpolitico.mx\\\/#\\\/schema\\\/person\\\/496d8ad2d1d3f8036101dca7ee39e585\"},\"headline\":\"Inicia la campa\u00f1a nacional de vacunaci\u00f3n contra influenza 2021\",\"datePublished\":\"2021-11-03T19:51:14+00:00\",\"dateModified\":\"2021-11-03T19:51:17+00:00\",\"mainEntityOfPage\":{\"@id\":\"https:\\\/\\\/quehacerpolitico.mx\\\/?p=86281\"},\"wordCount\":278,\"commentCount\":0,\"image\":{\"@id\":\"https:\\\/\\\/quehacerpolitico.mx\\\/?p=86281#primaryimage\"},\"thumbnailUrl\":\"https:\\\/\\\/quehacerpolitico.mx\\\/wp-content\\\/uploads\\\/2021\\\/11\\\/C4C40F3C-B17A-48A6-AB7B-0909312E9721.jpeg\",\"articleSection\":[\"Noticias\"],\"inLanguage\":\"es\",\"potentialAction\":[{\"@type\":\"CommentAction\",\"name\":\"Comment\",\"target\":[\"https:\\\/\\\/quehacerpolitico.mx\\\/?p=86281#respond\"]}]},{\"@type\":\"WebPage\",\"@id\":\"https:\\\/\\\/quehacerpolitico.mx\\\/?p=86281\",\"url\":\"https:\\\/\\\/quehacerpolitico.mx\\\/?p=86281\",\"name\":\"Inicia la campa\u00f1a nacional de vacunaci\u00f3n contra influenza 2021 -\",\"isPartOf\":{\"@id\":\"https:\\\/\\\/quehacerpolitico.mx\\\/#website\"},\"primaryImageOfPage\":{\"@id\":\"https:\\\/\\\/quehacerpolitico.mx\\\/?p=86281#primaryimage\"},\"image\":{\"@id\":\"https:\\\/\\\/quehacerpolitico.mx\\\/?p=86281#primaryimage\"},\"thumbnailUrl\":\"https:\\\/\\\/quehacerpolitico.mx\\\/wp-content\\\/uploads\\\/2021\\\/11\\\/C4C40F3C-B17A-48A6-AB7B-0909312E9721.jpeg\",\"datePublished\":\"2021-11-03T19:51:14+00:00\",\"dateModified\":\"2021-11-03T19:51:17+00:00\",\"author\":{\"@id\":\"https:\\\/\\\/quehacerpolitico.mx\\\/#\\\/schema\\\/person\\\/496d8ad2d1d3f8036101dca7ee39e585\"},\"breadcrumb\":{\"@id\":\"https:\\\/\\\/quehacerpolitico.mx\\\/?p=86281#breadcrumb\"},\"inLanguage\":\"es\",\"potentialAction\":[{\"@type\":\"ReadAction\",\"target\":[\"https:\\\/\\\/quehacerpolitico.mx\\\/?p=86281\"]}]},{\"@type\":\"ImageObject\",\"inLanguage\":\"es\",\"@id\":\"https:\\\/\\\/quehacerpolitico.mx\\\/?p=86281#primaryimage\",\"url\":\"https:\\\/\\\/quehacerpolitico.mx\\\/wp-content\\\/uploads\\\/2021\\\/11\\\/C4C40F3C-B17A-48A6-AB7B-0909312E9721.jpeg\",\"contentUrl\":\"https:\\\/\\\/quehacerpolitico.mx\\\/wp-content\\\/uploads\\\/2021\\\/11\\\/C4C40F3C-B17A-48A6-AB7B-0909312E9721.jpeg\",\"width\":1280,\"height\":853},{\"@type\":\"BreadcrumbList\",\"@id\":\"https:\\\/\\\/quehacerpolitico.mx\\\/?p=86281#breadcrumb\",\"itemListElement\":[{\"@type\":\"ListItem\",\"position\":1,\"name\":\"Inicio\",\"item\":\"https:\\\/\\\/quehacerpolitico.mx\\\/\"},{\"@type\":\"ListItem\",\"position\":2,\"name\":\"Inicia la campa\u00f1a nacional de vacunaci\u00f3n contra influenza 2021\"}]},{\"@type\":\"WebSite\",\"@id\":\"https:\\\/\\\/quehacerpolitico.mx\\\/#website\",\"url\":\"https:\\\/\\\/quehacerpolitico.mx\\\/\",\"name\":\"\",\"description\":\"\",\"potentialAction\":[{\"@type\":\"SearchAction\",\"target\":{\"@type\":\"EntryPoint\",\"urlTemplate\":\"https:\\\/\\\/quehacerpolitico.mx\\\/?s={search_term_string}\"},\"query-input\":{\"@type\":\"PropertyValueSpecification\",\"valueRequired\":true,\"valueName\":\"search_term_string\"}}],\"inLanguage\":\"es\"},{\"@type\":\"Person\",\"@id\":\"https:\\\/\\\/quehacerpolitico.mx\\\/#\\\/schema\\\/person\\\/496d8ad2d1d3f8036101dca7ee39e585\",\"name\":\"Redacci\u00f3n QP\",\"image\":{\"@type\":\"ImageObject\",\"inLanguage\":\"es\",\"@id\":\"https:\\\/\\\/secure.gravatar.com\\\/avatar\\\/c7164ed6fdec453195284ad24a5ae5b6e1eed2b848477fa2a4787ba9adf39a41?s=96&d=mm&r=g\",\"url\":\"https:\\\/\\\/secure.gravatar.com\\\/avatar\\\/c7164ed6fdec453195284ad24a5ae5b6e1eed2b848477fa2a4787ba9adf39a41?s=96&d=mm&r=g\",\"contentUrl\":\"https:\\\/\\\/secure.gravatar.com\\\/avatar\\\/c7164ed6fdec453195284ad24a5ae5b6e1eed2b848477fa2a4787ba9adf39a41?s=96&d=mm&r=g\",\"caption\":\"Redacci\u00f3n QP\"},\"url\":\"https:\\\/\\\/quehacerpolitico.mx\\\/?author=2\"}]}<\/script>\n<!-- \/ Yoast SEO plugin. -->","yoast_head_json":{"title":"Inicia la campa\u00f1a nacional de vacunaci\u00f3n contra influenza 2021 -","robots":{"index":"index","follow":"follow","max-snippet":"max-snippet:-1","max-image-preview":"max-image-preview:large","max-video-preview":"max-video-preview:-1"},"canonical":"https:\/\/quehacerpolitico.mx\/?p=86281","og_locale":"es_MX","og_type":"article","og_title":"Inicia la campa\u00f1a nacional de vacunaci\u00f3n contra influenza 2021 -","og_description":"Por Redacci\u00f3n QP Est\u00e1 dirigida principalmente a grupos vulnerables y mujeres embarazadas; te explicamos si...","og_url":"https:\/\/quehacerpolitico.mx\/?p=86281","article_published_time":"2021-11-03T19:51:14+00:00","article_modified_time":"2021-11-03T19:51:17+00:00","og_image":[{"width":1280,"height":853,"url":"https:\/\/quehacerpolitico.mx\/wp-content\/uploads\/2021\/11\/C4C40F3C-B17A-48A6-AB7B-0909312E9721.jpeg","type":"image\/jpeg"}],"author":"Redacci\u00f3n QP","twitter_card":"summary_large_image","twitter_misc":{"Escrito por":"Redacci\u00f3n QP","Tiempo de lectura":"1 minuto"},"schema":{"@context":"https:\/\/schema.org","@graph":[{"@type":"Article","@id":"https:\/\/quehacerpolitico.mx\/?p=86281#article","isPartOf":{"@id":"https:\/\/quehacerpolitico.mx\/?p=86281"},"author":{"name":"Redacci\u00f3n QP","@id":"https:\/\/quehacerpolitico.mx\/#\/schema\/person\/496d8ad2d1d3f8036101dca7ee39e585"},"headline":"Inicia la campa\u00f1a nacional de vacunaci\u00f3n contra influenza 2021","datePublished":"2021-11-03T19:51:14+00:00","dateModified":"2021-11-03T19:51:17+00:00","mainEntityOfPage":{"@id":"https:\/\/quehacerpolitico.mx\/?p=86281"},"wordCount":278,"commentCount":0,"image":{"@id":"https:\/\/quehacerpolitico.mx\/?p=86281#primaryimage"},"thumbnailUrl":"https:\/\/quehacerpolitico.mx\/wp-content\/uploads\/2021\/11\/C4C40F3C-B17A-48A6-AB7B-0909312E9721.jpeg","articleSection":["Noticias"],"inLanguage":"es","potentialAction":[{"@type":"CommentAction","name":"Comment","target":["https:\/\/quehacerpolitico.mx\/?p=86281#respond"]}]},{"@type":"WebPage","@id":"https:\/\/quehacerpolitico.mx\/?p=86281","url":"https:\/\/quehacerpolitico.mx\/?p=86281","name":"Inicia la campa\u00f1a nacional de vacunaci\u00f3n contra influenza 2021 -","isPartOf":{"@id":"https:\/\/quehacerpolitico.mx\/#website"},"primaryImageOfPage":{"@id":"https:\/\/quehacerpolitico.mx\/?p=86281#primaryimage"},"image":{"@id":"https:\/\/quehacerpolitico.mx\/?p=86281#primaryimage"},"thumbnailUrl":"https:\/\/quehacerpolitico.mx\/wp-content\/uploads\/2021\/11\/C4C40F3C-B17A-48A6-AB7B-0909312E9721.jpeg","datePublished":"2021-11-03T19:51:14+00:00","dateModified":"2021-11-03T19:51:17+00:00","author":{"@id":"https:\/\/quehacerpolitico.mx\/#\/schema\/person\/496d8ad2d1d3f8036101dca7ee39e585"},"breadcrumb":{"@id":"https:\/\/quehacerpolitico.mx\/?p=86281#breadcrumb"},"inLanguage":"es","potentialAction":[{"@type":"ReadAction","target":["https:\/\/quehacerpolitico.mx\/?p=86281"]}]},{"@type":"ImageObject","inLanguage":"es","@id":"https:\/\/quehacerpolitico.mx\/?p=86281#primaryimage","url":"https:\/\/quehacerpolitico.mx\/wp-content\/uploads\/2021\/11\/C4C40F3C-B17A-48A6-AB7B-0909312E9721.jpeg","contentUrl":"https:\/\/quehacerpolitico.mx\/wp-content\/uploads\/2021\/11\/C4C40F3C-B17A-48A6-AB7B-0909312E9721.jpeg","width":1280,"height":853},{"@type":"BreadcrumbList","@id":"https:\/\/quehacerpolitico.mx\/?p=86281#breadcrumb","itemListElement":[{"@type":"ListItem","position":1,"name":"Inicio","item":"https:\/\/quehacerpolitico.mx\/"},{"@type":"ListItem","position":2,"name":"Inicia la campa\u00f1a nacional de vacunaci\u00f3n contra influenza 2021"}]},{"@type":"WebSite","@id":"https:\/\/quehacerpolitico.mx\/#website","url":"https:\/\/quehacerpolitico.mx\/","name":"","description":"","potentialAction":[{"@type":"SearchAction","target":{"@type":"EntryPoint","urlTemplate":"https:\/\/quehacerpolitico.mx\/?s={search_term_string}"},"query-input":{"@type":"PropertyValueSpecification","valueRequired":true,"valueName":"search_term_string"}}],"inLanguage":"es"},{"@type":"Person","@id":"https:\/\/quehacerpolitico.mx\/#\/schema\/person\/496d8ad2d1d3f8036101dca7ee39e585","name":"Redacci\u00f3n QP","image":{"@type":"ImageObject","inLanguage":"es","@id":"https:\/\/secure.gravatar.com\/avatar\/c7164ed6fdec453195284ad24a5ae5b6e1eed2b848477fa2a4787ba9adf39a41?s=96&d=mm&r=g","url":"https:\/\/secure.gravatar.com\/avatar\/c7164ed6fdec453195284ad24a5ae5b6e1eed2b848477fa2a4787ba9adf39a41?s=96&d=mm&r=g","contentUrl":"https:\/\/secure.gravatar.com\/avatar\/c7164ed6fdec453195284ad24a5ae5b6e1eed2b848477fa2a4787ba9adf39a41?s=96&d=mm&r=g","caption":"Redacci\u00f3n QP"},"url":"https:\/\/quehacerpolitico.mx\/?author=2"}]}},"featured_image_urls":{"full":["https:\/\/quehacerpolitico.mx\/wp-content\/uploads\/2021\/11\/C4C40F3C-B17A-48A6-AB7B-0909312E9721.jpeg",1280,853,false],"thumbnail":["https:\/\/quehacerpolitico.mx\/wp-content\/uploads\/2021\/11\/C4C40F3C-B17A-48A6-AB7B-0909312E9721-150x150.jpeg",150,150,true],"medium":["https:\/\/quehacerpolitico.mx\/wp-content\/uploads\/2021\/11\/C4C40F3C-B17A-48A6-AB7B-0909312E9721-300x200.jpeg",300,200,true],"medium_large":["https:\/\/quehacerpolitico.mx\/wp-content\/uploads\/2021\/11\/C4C40F3C-B17A-48A6-AB7B-0909312E9721-768x512.jpeg",640,427,true],"large":["https:\/\/quehacerpolitico.mx\/wp-content\/uploads\/2021\/11\/C4C40F3C-B17A-48A6-AB7B-0909312E9721-1024x682.jpeg",640,426,true],"1536x1536":["https:\/\/quehacerpolitico.mx\/wp-content\/uploads\/2021\/11\/C4C40F3C-B17A-48A6-AB7B-0909312E9721.jpeg",1280,853,false],"2048x2048":["https:\/\/quehacerpolitico.mx\/wp-content\/uploads\/2021\/11\/C4C40F3C-B17A-48A6-AB7B-0909312E9721.jpeg",1280,853,false],"covernews-featured":["https:\/\/quehacerpolitico.mx\/wp-content\/uploads\/2021\/11\/C4C40F3C-B17A-48A6-AB7B-0909312E9721.jpeg",1024,682,false],"covernews-medium":["https:\/\/quehacerpolitico.mx\/wp-content\/uploads\/2021\/11\/C4C40F3C-B17A-48A6-AB7B-0909312E9721.jpeg",510,340,false]},"author_info":{"display_name":"Redacci\u00f3n QP","author_link":"https:\/\/quehacerpolitico.mx\/?author=2"},"category_info":"<a href=\"https:\/\/quehacerpolitico.mx\/?cat=2\" rel=\"category\">Noticias<\/a>","tag_info":"Noticias","comment_count":"0","_links":{"self":[{"href":"https:\/\/quehacerpolitico.mx\/index.php?rest_route=\/wp\/v2\/posts\/86281","targetHints":{"allow":["GET"]}}],"collection":[{"href":"https:\/\/quehacerpolitico.mx\/index.php?rest_route=\/wp\/v2\/posts"}],"about":[{"href":"https:\/\/quehacerpolitico.mx\/index.php?rest_route=\/wp\/v2\/types\/post"}],"author":[{"embeddable":true,"href":"https:\/\/quehacerpolitico.mx\/index.php?rest_route=\/wp\/v2\/users\/2"}],"replies":[{"embeddable":true,"href":"https:\/\/quehacerpolitico.mx\/index.php?rest_route=%2Fwp%2Fv2%2Fcomments&post=86281"}],"version-history":[{"count":1,"href":"https:\/\/quehacerpolitico.mx\/index.php?rest_route=\/wp\/v2\/posts\/86281\/revisions"}],"predecessor-version":[{"id":86283,"href":"https:\/\/quehacerpolitico.mx\/index.php?rest_route=\/wp\/v2\/posts\/86281\/revisions\/86283"}],"wp:featuredmedia":[{"embeddable":true,"href":"https:\/\/quehacerpolitico.mx\/index.php?rest_route=\/wp\/v2\/media\/86282"}],"wp:attachment":[{"href":"https:\/\/quehacerpolitico.mx\/index.php?rest_route=%2Fwp%2Fv2%2Fmedia&parent=86281"}],"wp:term":[{"taxonomy":"category","embeddable":true,"href":"https:\/\/quehacerpolitico.mx\/index.php?rest_route=%2Fwp%2Fv2%2Fcategories&post=86281"},{"taxonomy":"post_tag","embeddable":true,"href":"https:\/\/quehacerpolitico.mx\/index.php?rest_route=%2Fwp%2Fv2%2Ftags&post=86281"}],"curies":[{"name":"wp","href":"https:\/\/api.w.org\/{rel}","templated":true}]}}