{"id":86274,"date":"2021-11-03T18:56:41","date_gmt":"2021-11-03T18:56:41","guid":{"rendered":"https:\/\/quehacerpolitico.mx\/?p=86274"},"modified":"2021-11-03T18:56:47","modified_gmt":"2021-11-03T18:56:47","slug":"emilio-lozoya-la-fgr-pide-a-juez-sujetar-a-prision-preventiva-al-exdirector-de-pemex","status":"publish","type":"post","link":"https:\/\/quehacerpolitico.mx\/?p=86274","title":{"rendered":"Emilio Lozoya: La FGR pide a juez sujetar a prisi\u00f3n preventiva al exdirector de Pemex"},"content":{"rendered":"\n<p>Por Redacci\u00f3n QP<\/p>\n\n\n\n<p>Debido a que existen nuevos datos de que Lozoya tiene acceso al menos a dos millones de d\u00f3lares, seg\u00fan la Fiscal\u00eda General de la Rep\u00fablica<\/p>\n\n\n\n<p>La Fiscal\u00eda General de la Rep\u00fablica (FGR) solicit\u00f3, de manera sorpresiva,&nbsp;modificar la medida cautelar de libertad condicional que tiene el exdirector de Petr\u00f3leos Mexicanos (Pemex), Emilio Lozoya y&nbsp;<strong>sujetarlo a prisi\u00f3n preventiva tica justificada<\/strong>.<\/p>\n\n\n\n<p>El juzgador inici\u00f3 el debate sobre el cambio de medida cautelar, durante la audiencia en la que el juez de control resolvi\u00f3 sobre la petici\u00f3n de Lozoya de tener m\u00e1s tiempo para conseguir pruebas a su favor en el caso Odebrecht.<\/p>\n\n\n\n<p>La solicitud fue presentada por la FGR de \u00faltimo minuto y durante la diligencia los fiscales afirmaron que solicitan sujetar a prisi\u00f3n preventiva a Lozoya\u00a0<strong>debido a que existen nuevos datos de que tiene acceso al menos a dos millones de d\u00f3lares y a que en todo este tiempo no ha manifestado intenciones de reparar el da\u00f1o ocasionado en el caso Odebrecht<\/strong>\u00a0que se calcula en por lo menos siete millones de d\u00f3lares.<\/p>\n\n\n\n<figure class=\"wp-block-embed is-type-rich is-provider-twitter wp-block-embed-twitter\"><div class=\"wp-block-embed__wrapper\">\n<blockquote class=\"twitter-tweet\" data-width=\"550\" data-dnt=\"true\"><p lang=\"es\" dir=\"ltr\">La <a href=\"https:\/\/twitter.com\/hashtag\/UIF?src=hash&amp;ref_src=twsrc%5Etfw\">#UIF<\/a> participa en la audiencia del caso Odebrecht. Hemos argumentado a favor de la postura de la <a href=\"https:\/\/twitter.com\/FGRMexico?ref_src=twsrc%5Etfw\">@FGRMexico<\/a> de revocar la medida cautelar a Emilio L y sustituirla por prisi\u00f3n preventiva.<\/p>&mdash; Santiago Nieto (@SNietoCastillo) <a href=\"https:\/\/twitter.com\/SNietoCastillo\/status\/1455962050451083274?ref_src=twsrc%5Etfw\">November 3, 2021<\/a><\/blockquote><script async src=\"https:\/\/platform.twitter.com\/widgets.js\" charset=\"utf-8\"><\/script>\n<\/div><\/figure>\n\n\n\n<p>El juez a\u00fan no resuelve la petici\u00f3n, pero otro de los argumentos vertidos por la FGR fue la cena en la que Lozoya fue exhibido en redes sociales en un lujoso restaurante de las Lomas de Chapultepec que demostrar\u00eda que\u00a0<strong>tiene recursos y acceso a una red de contactos que le pueden ayudar a evadirse de la justicia<\/strong>.<\/p>\n\n\n\n<p>Con Informaci\u00f3n de SUN <\/p>\n","protected":false},"excerpt":{"rendered":"<p>Por Redacci\u00f3n QP Debido a que existen nuevos datos de que Lozoya tiene acceso al&#8230;<\/p>\n","protected":false},"author":2,"featured_media":86275,"comment_status":"open","ping_status":"open","sticky":false,"template":"","format":"standard","meta":{"_monsterinsights_skip_tracking":false,"_monsterinsights_sitenote_active":false,"_monsterinsights_sitenote_note":"","_monsterinsights_sitenote_category":0,"footnotes":""},"categories":[2],"tags":[],"class_list":["post-86274","post","type-post","status-publish","format-standard","has-post-thumbnail","hentry","category-noticias"],"yoast_head":"<!-- This site is optimized with the Yoast SEO plugin v27.3 - https:\/\/yoast.com\/product\/yoast-seo-wordpress\/ -->\n<title>Emilio Lozoya: La FGR pide a juez sujetar a prisi\u00f3n preventiva al exdirector de Pemex -<\/title>\n<meta name=\"robots\" content=\"index, follow, max-snippet:-1, max-image-preview:large, max-video-preview:-1\" \/>\n<link rel=\"canonical\" href=\"https:\/\/quehacerpolitico.mx\/?p=86274\" \/>\n<meta property=\"og:locale\" content=\"es_MX\" \/>\n<meta property=\"og:type\" content=\"article\" \/>\n<meta property=\"og:title\" content=\"Emilio Lozoya: La FGR pide a juez sujetar a prisi\u00f3n preventiva al exdirector de Pemex -\" \/>\n<meta property=\"og:description\" content=\"Por Redacci\u00f3n QP Debido a que existen nuevos datos de que Lozoya tiene acceso al...\" \/>\n<meta property=\"og:url\" content=\"https:\/\/quehacerpolitico.mx\/?p=86274\" \/>\n<meta property=\"article:published_time\" content=\"2021-11-03T18:56:41+00:00\" \/>\n<meta property=\"article:modified_time\" content=\"2021-11-03T18:56:47+00:00\" \/>\n<meta property=\"og:image\" content=\"https:\/\/quehacerpolitico.mx\/wp-content\/uploads\/2021\/11\/DD8FE25B-37F7-4BD6-999B-F210805977DA.jpeg\" \/>\n\t<meta property=\"og:image:width\" content=\"1536\" \/>\n\t<meta property=\"og:image:height\" content=\"2048\" \/>\n\t<meta property=\"og:image:type\" content=\"image\/jpeg\" \/>\n<meta name=\"author\" content=\"Redacci\u00f3n QP\" \/>\n<meta name=\"twitter:card\" content=\"summary_large_image\" \/>\n<meta name=\"twitter:label1\" content=\"Escrito por\" \/>\n\t<meta name=\"twitter:data1\" content=\"Redacci\u00f3n QP\" \/>\n\t<meta name=\"twitter:label2\" content=\"Tiempo de lectura\" \/>\n\t<meta name=\"twitter:data2\" content=\"1 minuto\" \/>\n<script type=\"application\/ld+json\" class=\"yoast-schema-graph\">{\"@context\":\"https:\\\/\\\/schema.org\",\"@graph\":[{\"@type\":\"Article\",\"@id\":\"https:\\\/\\\/quehacerpolitico.mx\\\/?p=86274#article\",\"isPartOf\":{\"@id\":\"https:\\\/\\\/quehacerpolitico.mx\\\/?p=86274\"},\"author\":{\"name\":\"Redacci\u00f3n QP\",\"@id\":\"https:\\\/\\\/quehacerpolitico.mx\\\/#\\\/schema\\\/person\\\/496d8ad2d1d3f8036101dca7ee39e585\"},\"headline\":\"Emilio Lozoya: La FGR pide a juez sujetar a prisi\u00f3n preventiva al exdirector de Pemex\",\"datePublished\":\"2021-11-03T18:56:41+00:00\",\"dateModified\":\"2021-11-03T18:56:47+00:00\",\"mainEntityOfPage\":{\"@id\":\"https:\\\/\\\/quehacerpolitico.mx\\\/?p=86274\"},\"wordCount\":282,\"commentCount\":0,\"image\":{\"@id\":\"https:\\\/\\\/quehacerpolitico.mx\\\/?p=86274#primaryimage\"},\"thumbnailUrl\":\"https:\\\/\\\/quehacerpolitico.mx\\\/wp-content\\\/uploads\\\/2021\\\/11\\\/DD8FE25B-37F7-4BD6-999B-F210805977DA.jpeg\",\"articleSection\":[\"Noticias\"],\"inLanguage\":\"es\",\"potentialAction\":[{\"@type\":\"CommentAction\",\"name\":\"Comment\",\"target\":[\"https:\\\/\\\/quehacerpolitico.mx\\\/?p=86274#respond\"]}]},{\"@type\":\"WebPage\",\"@id\":\"https:\\\/\\\/quehacerpolitico.mx\\\/?p=86274\",\"url\":\"https:\\\/\\\/quehacerpolitico.mx\\\/?p=86274\",\"name\":\"Emilio Lozoya: La FGR pide a juez sujetar a prisi\u00f3n preventiva al exdirector de Pemex -\",\"isPartOf\":{\"@id\":\"https:\\\/\\\/quehacerpolitico.mx\\\/#website\"},\"primaryImageOfPage\":{\"@id\":\"https:\\\/\\\/quehacerpolitico.mx\\\/?p=86274#primaryimage\"},\"image\":{\"@id\":\"https:\\\/\\\/quehacerpolitico.mx\\\/?p=86274#primaryimage\"},\"thumbnailUrl\":\"https:\\\/\\\/quehacerpolitico.mx\\\/wp-content\\\/uploads\\\/2021\\\/11\\\/DD8FE25B-37F7-4BD6-999B-F210805977DA.jpeg\",\"datePublished\":\"2021-11-03T18:56:41+00:00\",\"dateModified\":\"2021-11-03T18:56:47+00:00\",\"author\":{\"@id\":\"https:\\\/\\\/quehacerpolitico.mx\\\/#\\\/schema\\\/person\\\/496d8ad2d1d3f8036101dca7ee39e585\"},\"breadcrumb\":{\"@id\":\"https:\\\/\\\/quehacerpolitico.mx\\\/?p=86274#breadcrumb\"},\"inLanguage\":\"es\",\"potentialAction\":[{\"@type\":\"ReadAction\",\"target\":[\"https:\\\/\\\/quehacerpolitico.mx\\\/?p=86274\"]}]},{\"@type\":\"ImageObject\",\"inLanguage\":\"es\",\"@id\":\"https:\\\/\\\/quehacerpolitico.mx\\\/?p=86274#primaryimage\",\"url\":\"https:\\\/\\\/quehacerpolitico.mx\\\/wp-content\\\/uploads\\\/2021\\\/11\\\/DD8FE25B-37F7-4BD6-999B-F210805977DA.jpeg\",\"contentUrl\":\"https:\\\/\\\/quehacerpolitico.mx\\\/wp-content\\\/uploads\\\/2021\\\/11\\\/DD8FE25B-37F7-4BD6-999B-F210805977DA.jpeg\",\"width\":1536,\"height\":2048},{\"@type\":\"BreadcrumbList\",\"@id\":\"https:\\\/\\\/quehacerpolitico.mx\\\/?p=86274#breadcrumb\",\"itemListElement\":[{\"@type\":\"ListItem\",\"position\":1,\"name\":\"Inicio\",\"item\":\"https:\\\/\\\/quehacerpolitico.mx\\\/\"},{\"@type\":\"ListItem\",\"position\":2,\"name\":\"Emilio Lozoya: La FGR pide a juez sujetar a prisi\u00f3n preventiva al exdirector de Pemex\"}]},{\"@type\":\"WebSite\",\"@id\":\"https:\\\/\\\/quehacerpolitico.mx\\\/#website\",\"url\":\"https:\\\/\\\/quehacerpolitico.mx\\\/\",\"name\":\"\",\"description\":\"\",\"potentialAction\":[{\"@type\":\"SearchAction\",\"target\":{\"@type\":\"EntryPoint\",\"urlTemplate\":\"https:\\\/\\\/quehacerpolitico.mx\\\/?s={search_term_string}\"},\"query-input\":{\"@type\":\"PropertyValueSpecification\",\"valueRequired\":true,\"valueName\":\"search_term_string\"}}],\"inLanguage\":\"es\"},{\"@type\":\"Person\",\"@id\":\"https:\\\/\\\/quehacerpolitico.mx\\\/#\\\/schema\\\/person\\\/496d8ad2d1d3f8036101dca7ee39e585\",\"name\":\"Redacci\u00f3n QP\",\"image\":{\"@type\":\"ImageObject\",\"inLanguage\":\"es\",\"@id\":\"https:\\\/\\\/secure.gravatar.com\\\/avatar\\\/c7164ed6fdec453195284ad24a5ae5b6e1eed2b848477fa2a4787ba9adf39a41?s=96&d=mm&r=g\",\"url\":\"https:\\\/\\\/secure.gravatar.com\\\/avatar\\\/c7164ed6fdec453195284ad24a5ae5b6e1eed2b848477fa2a4787ba9adf39a41?s=96&d=mm&r=g\",\"contentUrl\":\"https:\\\/\\\/secure.gravatar.com\\\/avatar\\\/c7164ed6fdec453195284ad24a5ae5b6e1eed2b848477fa2a4787ba9adf39a41?s=96&d=mm&r=g\",\"caption\":\"Redacci\u00f3n QP\"},\"url\":\"https:\\\/\\\/quehacerpolitico.mx\\\/?author=2\"}]}<\/script>\n<!-- \/ Yoast SEO plugin. -->","yoast_head_json":{"title":"Emilio Lozoya: La FGR pide a juez sujetar a prisi\u00f3n preventiva al exdirector de Pemex -","robots":{"index":"index","follow":"follow","max-snippet":"max-snippet:-1","max-image-preview":"max-image-preview:large","max-video-preview":"max-video-preview:-1"},"canonical":"https:\/\/quehacerpolitico.mx\/?p=86274","og_locale":"es_MX","og_type":"article","og_title":"Emilio Lozoya: La FGR pide a juez sujetar a prisi\u00f3n preventiva al exdirector de Pemex -","og_description":"Por Redacci\u00f3n QP Debido a que existen nuevos datos de que Lozoya tiene acceso al...","og_url":"https:\/\/quehacerpolitico.mx\/?p=86274","article_published_time":"2021-11-03T18:56:41+00:00","article_modified_time":"2021-11-03T18:56:47+00:00","og_image":[{"width":1536,"height":2048,"url":"https:\/\/quehacerpolitico.mx\/wp-content\/uploads\/2021\/11\/DD8FE25B-37F7-4BD6-999B-F210805977DA.jpeg","type":"image\/jpeg"}],"author":"Redacci\u00f3n QP","twitter_card":"summary_large_image","twitter_misc":{"Escrito por":"Redacci\u00f3n QP","Tiempo de lectura":"1 minuto"},"schema":{"@context":"https:\/\/schema.org","@graph":[{"@type":"Article","@id":"https:\/\/quehacerpolitico.mx\/?p=86274#article","isPartOf":{"@id":"https:\/\/quehacerpolitico.mx\/?p=86274"},"author":{"name":"Redacci\u00f3n QP","@id":"https:\/\/quehacerpolitico.mx\/#\/schema\/person\/496d8ad2d1d3f8036101dca7ee39e585"},"headline":"Emilio Lozoya: La FGR pide a juez sujetar a prisi\u00f3n preventiva al exdirector de Pemex","datePublished":"2021-11-03T18:56:41+00:00","dateModified":"2021-11-03T18:56:47+00:00","mainEntityOfPage":{"@id":"https:\/\/quehacerpolitico.mx\/?p=86274"},"wordCount":282,"commentCount":0,"image":{"@id":"https:\/\/quehacerpolitico.mx\/?p=86274#primaryimage"},"thumbnailUrl":"https:\/\/quehacerpolitico.mx\/wp-content\/uploads\/2021\/11\/DD8FE25B-37F7-4BD6-999B-F210805977DA.jpeg","articleSection":["Noticias"],"inLanguage":"es","potentialAction":[{"@type":"CommentAction","name":"Comment","target":["https:\/\/quehacerpolitico.mx\/?p=86274#respond"]}]},{"@type":"WebPage","@id":"https:\/\/quehacerpolitico.mx\/?p=86274","url":"https:\/\/quehacerpolitico.mx\/?p=86274","name":"Emilio Lozoya: La FGR pide a juez sujetar a prisi\u00f3n preventiva al exdirector de Pemex -","isPartOf":{"@id":"https:\/\/quehacerpolitico.mx\/#website"},"primaryImageOfPage":{"@id":"https:\/\/quehacerpolitico.mx\/?p=86274#primaryimage"},"image":{"@id":"https:\/\/quehacerpolitico.mx\/?p=86274#primaryimage"},"thumbnailUrl":"https:\/\/quehacerpolitico.mx\/wp-content\/uploads\/2021\/11\/DD8FE25B-37F7-4BD6-999B-F210805977DA.jpeg","datePublished":"2021-11-03T18:56:41+00:00","dateModified":"2021-11-03T18:56:47+00:00","author":{"@id":"https:\/\/quehacerpolitico.mx\/#\/schema\/person\/496d8ad2d1d3f8036101dca7ee39e585"},"breadcrumb":{"@id":"https:\/\/quehacerpolitico.mx\/?p=86274#breadcrumb"},"inLanguage":"es","potentialAction":[{"@type":"ReadAction","target":["https:\/\/quehacerpolitico.mx\/?p=86274"]}]},{"@type":"ImageObject","inLanguage":"es","@id":"https:\/\/quehacerpolitico.mx\/?p=86274#primaryimage","url":"https:\/\/quehacerpolitico.mx\/wp-content\/uploads\/2021\/11\/DD8FE25B-37F7-4BD6-999B-F210805977DA.jpeg","contentUrl":"https:\/\/quehacerpolitico.mx\/wp-content\/uploads\/2021\/11\/DD8FE25B-37F7-4BD6-999B-F210805977DA.jpeg","width":1536,"height":2048},{"@type":"BreadcrumbList","@id":"https:\/\/quehacerpolitico.mx\/?p=86274#breadcrumb","itemListElement":[{"@type":"ListItem","position":1,"name":"Inicio","item":"https:\/\/quehacerpolitico.mx\/"},{"@type":"ListItem","position":2,"name":"Emilio Lozoya: La FGR pide a juez sujetar a prisi\u00f3n preventiva al exdirector de Pemex"}]},{"@type":"WebSite","@id":"https:\/\/quehacerpolitico.mx\/#website","url":"https:\/\/quehacerpolitico.mx\/","name":"","description":"","potentialAction":[{"@type":"SearchAction","target":{"@type":"EntryPoint","urlTemplate":"https:\/\/quehacerpolitico.mx\/?s={search_term_string}"},"query-input":{"@type":"PropertyValueSpecification","valueRequired":true,"valueName":"search_term_string"}}],"inLanguage":"es"},{"@type":"Person","@id":"https:\/\/quehacerpolitico.mx\/#\/schema\/person\/496d8ad2d1d3f8036101dca7ee39e585","name":"Redacci\u00f3n QP","image":{"@type":"ImageObject","inLanguage":"es","@id":"https:\/\/secure.gravatar.com\/avatar\/c7164ed6fdec453195284ad24a5ae5b6e1eed2b848477fa2a4787ba9adf39a41?s=96&d=mm&r=g","url":"https:\/\/secure.gravatar.com\/avatar\/c7164ed6fdec453195284ad24a5ae5b6e1eed2b848477fa2a4787ba9adf39a41?s=96&d=mm&r=g","contentUrl":"https:\/\/secure.gravatar.com\/avatar\/c7164ed6fdec453195284ad24a5ae5b6e1eed2b848477fa2a4787ba9adf39a41?s=96&d=mm&r=g","caption":"Redacci\u00f3n QP"},"url":"https:\/\/quehacerpolitico.mx\/?author=2"}]}},"featured_image_urls":{"full":["https:\/\/quehacerpolitico.mx\/wp-content\/uploads\/2021\/11\/DD8FE25B-37F7-4BD6-999B-F210805977DA.jpeg",1536,2048,false],"thumbnail":["https:\/\/quehacerpolitico.mx\/wp-content\/uploads\/2021\/11\/DD8FE25B-37F7-4BD6-999B-F210805977DA-150x150.jpeg",150,150,true],"medium":["https:\/\/quehacerpolitico.mx\/wp-content\/uploads\/2021\/11\/DD8FE25B-37F7-4BD6-999B-F210805977DA-225x300.jpeg",225,300,true],"medium_large":["https:\/\/quehacerpolitico.mx\/wp-content\/uploads\/2021\/11\/DD8FE25B-37F7-4BD6-999B-F210805977DA-768x1024.jpeg",640,853,true],"large":["https:\/\/quehacerpolitico.mx\/wp-content\/uploads\/2021\/11\/DD8FE25B-37F7-4BD6-999B-F210805977DA-768x1024.jpeg",640,853,true],"1536x1536":["https:\/\/quehacerpolitico.mx\/wp-content\/uploads\/2021\/11\/DD8FE25B-37F7-4BD6-999B-F210805977DA-1152x1536.jpeg",1152,1536,true],"2048x2048":["https:\/\/quehacerpolitico.mx\/wp-content\/uploads\/2021\/11\/DD8FE25B-37F7-4BD6-999B-F210805977DA.jpeg",1536,2048,false],"covernews-featured":["https:\/\/quehacerpolitico.mx\/wp-content\/uploads\/2021\/11\/DD8FE25B-37F7-4BD6-999B-F210805977DA.jpeg",1024,1365,false],"covernews-medium":["https:\/\/quehacerpolitico.mx\/wp-content\/uploads\/2021\/11\/DD8FE25B-37F7-4BD6-999B-F210805977DA.jpeg",255,340,false]},"author_info":{"display_name":"Redacci\u00f3n QP","author_link":"https:\/\/quehacerpolitico.mx\/?author=2"},"category_info":"<a href=\"https:\/\/quehacerpolitico.mx\/?cat=2\" rel=\"category\">Noticias<\/a>","tag_info":"Noticias","comment_count":"0","_links":{"self":[{"href":"https:\/\/quehacerpolitico.mx\/index.php?rest_route=\/wp\/v2\/posts\/86274","targetHints":{"allow":["GET"]}}],"collection":[{"href":"https:\/\/quehacerpolitico.mx\/index.php?rest_route=\/wp\/v2\/posts"}],"about":[{"href":"https:\/\/quehacerpolitico.mx\/index.php?rest_route=\/wp\/v2\/types\/post"}],"author":[{"embeddable":true,"href":"https:\/\/quehacerpolitico.mx\/index.php?rest_route=\/wp\/v2\/users\/2"}],"replies":[{"embeddable":true,"href":"https:\/\/quehacerpolitico.mx\/index.php?rest_route=%2Fwp%2Fv2%2Fcomments&post=86274"}],"version-history":[{"count":1,"href":"https:\/\/quehacerpolitico.mx\/index.php?rest_route=\/wp\/v2\/posts\/86274\/revisions"}],"predecessor-version":[{"id":86276,"href":"https:\/\/quehacerpolitico.mx\/index.php?rest_route=\/wp\/v2\/posts\/86274\/revisions\/86276"}],"wp:featuredmedia":[{"embeddable":true,"href":"https:\/\/quehacerpolitico.mx\/index.php?rest_route=\/wp\/v2\/media\/86275"}],"wp:attachment":[{"href":"https:\/\/quehacerpolitico.mx\/index.php?rest_route=%2Fwp%2Fv2%2Fmedia&parent=86274"}],"wp:term":[{"taxonomy":"category","embeddable":true,"href":"https:\/\/quehacerpolitico.mx\/index.php?rest_route=%2Fwp%2Fv2%2Fcategories&post=86274"},{"taxonomy":"post_tag","embeddable":true,"href":"https:\/\/quehacerpolitico.mx\/index.php?rest_route=%2Fwp%2Fv2%2Ftags&post=86274"}],"curies":[{"name":"wp","href":"https:\/\/api.w.org\/{rel}","templated":true}]}}