{"id":8627,"date":"2018-11-06T20:53:40","date_gmt":"2018-11-06T20:53:40","guid":{"rendered":"http:\/\/quehacerpolitico.mx\/proximo-gobierno-no-comprara-mas-armas-durazo-aplazan-presentacion-del-plan-de-seguridad\/"},"modified":"2018-11-06T20:53:40","modified_gmt":"2018-11-06T20:53:40","slug":"proximo-gobierno-no-comprara-mas-armas-durazo-aplazan-presentacion-del-plan-de-seguridad","status":"publish","type":"post","link":"https:\/\/quehacerpolitico.mx\/?p=8627","title":{"rendered":"Pr\u00f3ximo Gobierno no comprar\u00e1 m\u00e1s armas: Durazo; aplazan presentaci\u00f3n del plan de seguridad"},"content":{"rendered":"<h1>Pr\u00f3ximo Gobierno no comprar\u00e1 m\u00e1s armas: Durazo; aplazan presentaci\u00f3n del plan de seguridad<\/h1>\n<p>Por Redacci\u00f3n QP<\/p>\n<p>El futuro titular de la Secretar\u00eda de Seguridad P\u00fablica (<strong>SSP<\/strong>), <strong>Alfonso Durazo<\/strong>, anunci\u00f3 que el <strong>plan de seguridad<\/strong> del futuro <strong>Gobierno<\/strong>, a cargo de <strong>Andr\u00e9s Manuel L\u00f3pez Obrador<\/strong>, se presentar\u00e1<strong> el pr\u00f3ximo 14 de noviembre<\/strong>. Destac\u00f3 que a\u00fan se est\u00e1n afinando \u201ccontenidos\u201d.<\/p>\n<blockquote>\n<p>\u201cNo se est\u00e1 atorando absolutamente nada, es un proceso de afinamiento de los contenidos, de los planteamientos y en esa etapa estamos. Y no vamos a precipitar la presentaci\u00f3n a riesgo de incurrir en alg\u00fan error, se va a presentar el 14 de noviembre, que es el mi\u00e9rcoles si no me equivoco de la pr\u00f3xima semana\u201d, dijo a medios luego de una reuni\u00f3n con el Presidente electo.<\/p>\n<\/blockquote>\n<p>L\u00f3pez Obrador, se reuni\u00f3 hoy con integrantes de su futuro Gabinete de seguridad, entre ellos, Durazo; as\u00ed como los futuros titulares de las Secretar\u00eda de la Defensa Nacional (<strong>Sedena<\/strong>), Luis Cresencio Sandoval; el de la <strong>Marina<\/strong>, Jos\u00e9 Rafael Ojeda; y la pr\u00f3xima Secretaria de Gobernaci\u00f3n, Olga S\u00e1nchez Cordero.<\/p>\n<p>Se ten\u00eda previsto que esta semana se presentara el plan de seguridad. Sin embargo, Durazo detall\u00f3 que continuar\u00e1n trabajando con el Presidente electo en los detalles.<\/p>\n<blockquote>\n<p>\u201cSomos un equipo extraordinariamente bien integrado de trabajo y cada uno de los titulares de los futuros secretarios, estamos haciendo nuestra aportaci\u00f3n poniendo sobre la mesa nuestra visi\u00f3n, nuestras propuestas, nuestros argumentos y finalmente hay un posicionamiento colectivo\u201d, dijo.<\/p>\n<\/blockquote>\n<p>Previo al encuentro, a su arribo a la casa de transici\u00f3n, Durazo destac\u00f3 que el presupuesto para seguridad en 2019 ser\u00e1 pr\u00e1cticamente el mismo que el de este a\u00f1o. Asegur\u00f3 tambi\u00e9n que se prev\u00e9 no adquirir m\u00e1s armamento, dijo que se tiene ya suficiente y que se planea fortalecer la capacitaci\u00f3n de los elementos de seguridad.<\/p>\n<blockquote>\n<p>\u201cYa la prioridad, el estado mexicano cuenta con la suficiente capacidad tecnol\u00f3gica y con la suficiente capacidad de armamento, as\u00ed es que no habr\u00e1 compras (\u2026) Las prioridades presupuestales estar\u00e1n orientadas en otros rubros\u201d, dijo.<\/p>\n<\/blockquote>\n<p>\u201cEl tema de prevenci\u00f3n ser\u00e1 fundamental, el tema tecnol\u00f3gico es fundamental, el tema de la capacitaci\u00f3n y el tema del mejoramiento de las condiciones econ\u00f3micas de las y los polic\u00edas\u201d, destac\u00f3.<\/p>\n","protected":false},"excerpt":{"rendered":"<p>Pr\u00f3ximo Gobierno no comprar\u00e1 m\u00e1s armas: Durazo; aplazan presentaci\u00f3n del plan de seguridad<br \/>\nPor Redacci\u00f3n QP<\/p>\n","protected":false},"author":2,"featured_media":8626,"comment_status":"open","ping_status":"open","sticky":false,"template":"","format":"standard","meta":{"_monsterinsights_skip_tracking":false,"_monsterinsights_sitenote_active":false,"_monsterinsights_sitenote_note":"","_monsterinsights_sitenote_category":0,"footnotes":""},"categories":[2],"tags":[],"class_list":["post-8627","post","type-post","status-publish","format-standard","has-post-thumbnail","hentry","category-noticias"],"yoast_head":"<!-- This site is optimized with the Yoast SEO plugin v27.3 - https:\/\/yoast.com\/product\/yoast-seo-wordpress\/ -->\n<title>Pr\u00f3ximo Gobierno no comprar\u00e1 m\u00e1s armas: Durazo; aplazan presentaci\u00f3n del plan de seguridad -<\/title>\n<meta name=\"robots\" content=\"index, follow, max-snippet:-1, max-image-preview:large, max-video-preview:-1\" \/>\n<link rel=\"canonical\" href=\"https:\/\/quehacerpolitico.mx\/?p=8627\" \/>\n<meta property=\"og:locale\" content=\"es_MX\" \/>\n<meta property=\"og:type\" content=\"article\" \/>\n<meta property=\"og:title\" content=\"Pr\u00f3ximo Gobierno no comprar\u00e1 m\u00e1s armas: Durazo; aplazan presentaci\u00f3n del plan de seguridad -\" \/>\n<meta property=\"og:description\" content=\"Pr\u00f3ximo Gobierno no comprar\u00e1 m\u00e1s armas: Durazo; aplazan presentaci\u00f3n del plan de seguridad Por Redacci\u00f3n QP\" \/>\n<meta property=\"og:url\" content=\"https:\/\/quehacerpolitico.mx\/?p=8627\" \/>\n<meta property=\"article:published_time\" content=\"2018-11-06T20:53:40+00:00\" \/>\n<meta name=\"author\" content=\"Redacci\u00f3n QP\" \/>\n<meta name=\"twitter:card\" content=\"summary_large_image\" \/>\n<meta name=\"twitter:label1\" content=\"Escrito por\" \/>\n\t<meta name=\"twitter:data1\" content=\"Redacci\u00f3n QP\" \/>\n\t<meta name=\"twitter:label2\" content=\"Tiempo de lectura\" \/>\n\t<meta name=\"twitter:data2\" content=\"2 minutos\" \/>\n<script type=\"application\/ld+json\" class=\"yoast-schema-graph\">{\"@context\":\"https:\\\/\\\/schema.org\",\"@graph\":[{\"@type\":\"Article\",\"@id\":\"https:\\\/\\\/quehacerpolitico.mx\\\/?p=8627#article\",\"isPartOf\":{\"@id\":\"https:\\\/\\\/quehacerpolitico.mx\\\/?p=8627\"},\"author\":{\"name\":\"Redacci\u00f3n QP\",\"@id\":\"https:\\\/\\\/quehacerpolitico.mx\\\/#\\\/schema\\\/person\\\/496d8ad2d1d3f8036101dca7ee39e585\"},\"headline\":\"Pr\u00f3ximo Gobierno no comprar\u00e1 m\u00e1s armas: Durazo; aplazan presentaci\u00f3n del plan de seguridad\",\"datePublished\":\"2018-11-06T20:53:40+00:00\",\"mainEntityOfPage\":{\"@id\":\"https:\\\/\\\/quehacerpolitico.mx\\\/?p=8627\"},\"wordCount\":410,\"commentCount\":0,\"image\":{\"@id\":\"https:\\\/\\\/quehacerpolitico.mx\\\/?p=8627#primaryimage\"},\"thumbnailUrl\":\"\",\"articleSection\":[\"Noticias\"],\"inLanguage\":\"es\",\"potentialAction\":[{\"@type\":\"CommentAction\",\"name\":\"Comment\",\"target\":[\"https:\\\/\\\/quehacerpolitico.mx\\\/?p=8627#respond\"]}]},{\"@type\":\"WebPage\",\"@id\":\"https:\\\/\\\/quehacerpolitico.mx\\\/?p=8627\",\"url\":\"https:\\\/\\\/quehacerpolitico.mx\\\/?p=8627\",\"name\":\"Pr\u00f3ximo Gobierno no comprar\u00e1 m\u00e1s armas: Durazo; aplazan presentaci\u00f3n del plan de seguridad -\",\"isPartOf\":{\"@id\":\"https:\\\/\\\/quehacerpolitico.mx\\\/#website\"},\"primaryImageOfPage\":{\"@id\":\"https:\\\/\\\/quehacerpolitico.mx\\\/?p=8627#primaryimage\"},\"image\":{\"@id\":\"https:\\\/\\\/quehacerpolitico.mx\\\/?p=8627#primaryimage\"},\"thumbnailUrl\":\"\",\"datePublished\":\"2018-11-06T20:53:40+00:00\",\"author\":{\"@id\":\"https:\\\/\\\/quehacerpolitico.mx\\\/#\\\/schema\\\/person\\\/496d8ad2d1d3f8036101dca7ee39e585\"},\"breadcrumb\":{\"@id\":\"https:\\\/\\\/quehacerpolitico.mx\\\/?p=8627#breadcrumb\"},\"inLanguage\":\"es\",\"potentialAction\":[{\"@type\":\"ReadAction\",\"target\":[\"https:\\\/\\\/quehacerpolitico.mx\\\/?p=8627\"]}]},{\"@type\":\"ImageObject\",\"inLanguage\":\"es\",\"@id\":\"https:\\\/\\\/quehacerpolitico.mx\\\/?p=8627#primaryimage\",\"url\":\"\",\"contentUrl\":\"\"},{\"@type\":\"BreadcrumbList\",\"@id\":\"https:\\\/\\\/quehacerpolitico.mx\\\/?p=8627#breadcrumb\",\"itemListElement\":[{\"@type\":\"ListItem\",\"position\":1,\"name\":\"Inicio\",\"item\":\"https:\\\/\\\/quehacerpolitico.mx\\\/\"},{\"@type\":\"ListItem\",\"position\":2,\"name\":\"Pr\u00f3ximo Gobierno no comprar\u00e1 m\u00e1s armas: Durazo; aplazan presentaci\u00f3n del plan de seguridad\"}]},{\"@type\":\"WebSite\",\"@id\":\"https:\\\/\\\/quehacerpolitico.mx\\\/#website\",\"url\":\"https:\\\/\\\/quehacerpolitico.mx\\\/\",\"name\":\"\",\"description\":\"\",\"potentialAction\":[{\"@type\":\"SearchAction\",\"target\":{\"@type\":\"EntryPoint\",\"urlTemplate\":\"https:\\\/\\\/quehacerpolitico.mx\\\/?s={search_term_string}\"},\"query-input\":{\"@type\":\"PropertyValueSpecification\",\"valueRequired\":true,\"valueName\":\"search_term_string\"}}],\"inLanguage\":\"es\"},{\"@type\":\"Person\",\"@id\":\"https:\\\/\\\/quehacerpolitico.mx\\\/#\\\/schema\\\/person\\\/496d8ad2d1d3f8036101dca7ee39e585\",\"name\":\"Redacci\u00f3n QP\",\"image\":{\"@type\":\"ImageObject\",\"inLanguage\":\"es\",\"@id\":\"https:\\\/\\\/secure.gravatar.com\\\/avatar\\\/c7164ed6fdec453195284ad24a5ae5b6e1eed2b848477fa2a4787ba9adf39a41?s=96&d=mm&r=g\",\"url\":\"https:\\\/\\\/secure.gravatar.com\\\/avatar\\\/c7164ed6fdec453195284ad24a5ae5b6e1eed2b848477fa2a4787ba9adf39a41?s=96&d=mm&r=g\",\"contentUrl\":\"https:\\\/\\\/secure.gravatar.com\\\/avatar\\\/c7164ed6fdec453195284ad24a5ae5b6e1eed2b848477fa2a4787ba9adf39a41?s=96&d=mm&r=g\",\"caption\":\"Redacci\u00f3n QP\"},\"url\":\"https:\\\/\\\/quehacerpolitico.mx\\\/?author=2\"}]}<\/script>\n<!-- \/ Yoast SEO plugin. -->","yoast_head_json":{"title":"Pr\u00f3ximo Gobierno no comprar\u00e1 m\u00e1s armas: Durazo; aplazan presentaci\u00f3n del plan de seguridad -","robots":{"index":"index","follow":"follow","max-snippet":"max-snippet:-1","max-image-preview":"max-image-preview:large","max-video-preview":"max-video-preview:-1"},"canonical":"https:\/\/quehacerpolitico.mx\/?p=8627","og_locale":"es_MX","og_type":"article","og_title":"Pr\u00f3ximo Gobierno no comprar\u00e1 m\u00e1s armas: Durazo; aplazan presentaci\u00f3n del plan de seguridad -","og_description":"Pr\u00f3ximo Gobierno no comprar\u00e1 m\u00e1s armas: Durazo; aplazan presentaci\u00f3n del plan de seguridad Por Redacci\u00f3n QP","og_url":"https:\/\/quehacerpolitico.mx\/?p=8627","article_published_time":"2018-11-06T20:53:40+00:00","author":"Redacci\u00f3n QP","twitter_card":"summary_large_image","twitter_misc":{"Escrito por":"Redacci\u00f3n QP","Tiempo de lectura":"2 minutos"},"schema":{"@context":"https:\/\/schema.org","@graph":[{"@type":"Article","@id":"https:\/\/quehacerpolitico.mx\/?p=8627#article","isPartOf":{"@id":"https:\/\/quehacerpolitico.mx\/?p=8627"},"author":{"name":"Redacci\u00f3n QP","@id":"https:\/\/quehacerpolitico.mx\/#\/schema\/person\/496d8ad2d1d3f8036101dca7ee39e585"},"headline":"Pr\u00f3ximo Gobierno no comprar\u00e1 m\u00e1s armas: Durazo; aplazan presentaci\u00f3n del plan de seguridad","datePublished":"2018-11-06T20:53:40+00:00","mainEntityOfPage":{"@id":"https:\/\/quehacerpolitico.mx\/?p=8627"},"wordCount":410,"commentCount":0,"image":{"@id":"https:\/\/quehacerpolitico.mx\/?p=8627#primaryimage"},"thumbnailUrl":"","articleSection":["Noticias"],"inLanguage":"es","potentialAction":[{"@type":"CommentAction","name":"Comment","target":["https:\/\/quehacerpolitico.mx\/?p=8627#respond"]}]},{"@type":"WebPage","@id":"https:\/\/quehacerpolitico.mx\/?p=8627","url":"https:\/\/quehacerpolitico.mx\/?p=8627","name":"Pr\u00f3ximo Gobierno no comprar\u00e1 m\u00e1s armas: Durazo; aplazan presentaci\u00f3n del plan de seguridad -","isPartOf":{"@id":"https:\/\/quehacerpolitico.mx\/#website"},"primaryImageOfPage":{"@id":"https:\/\/quehacerpolitico.mx\/?p=8627#primaryimage"},"image":{"@id":"https:\/\/quehacerpolitico.mx\/?p=8627#primaryimage"},"thumbnailUrl":"","datePublished":"2018-11-06T20:53:40+00:00","author":{"@id":"https:\/\/quehacerpolitico.mx\/#\/schema\/person\/496d8ad2d1d3f8036101dca7ee39e585"},"breadcrumb":{"@id":"https:\/\/quehacerpolitico.mx\/?p=8627#breadcrumb"},"inLanguage":"es","potentialAction":[{"@type":"ReadAction","target":["https:\/\/quehacerpolitico.mx\/?p=8627"]}]},{"@type":"ImageObject","inLanguage":"es","@id":"https:\/\/quehacerpolitico.mx\/?p=8627#primaryimage","url":"","contentUrl":""},{"@type":"BreadcrumbList","@id":"https:\/\/quehacerpolitico.mx\/?p=8627#breadcrumb","itemListElement":[{"@type":"ListItem","position":1,"name":"Inicio","item":"https:\/\/quehacerpolitico.mx\/"},{"@type":"ListItem","position":2,"name":"Pr\u00f3ximo Gobierno no comprar\u00e1 m\u00e1s armas: Durazo; aplazan presentaci\u00f3n del plan de seguridad"}]},{"@type":"WebSite","@id":"https:\/\/quehacerpolitico.mx\/#website","url":"https:\/\/quehacerpolitico.mx\/","name":"","description":"","potentialAction":[{"@type":"SearchAction","target":{"@type":"EntryPoint","urlTemplate":"https:\/\/quehacerpolitico.mx\/?s={search_term_string}"},"query-input":{"@type":"PropertyValueSpecification","valueRequired":true,"valueName":"search_term_string"}}],"inLanguage":"es"},{"@type":"Person","@id":"https:\/\/quehacerpolitico.mx\/#\/schema\/person\/496d8ad2d1d3f8036101dca7ee39e585","name":"Redacci\u00f3n QP","image":{"@type":"ImageObject","inLanguage":"es","@id":"https:\/\/secure.gravatar.com\/avatar\/c7164ed6fdec453195284ad24a5ae5b6e1eed2b848477fa2a4787ba9adf39a41?s=96&d=mm&r=g","url":"https:\/\/secure.gravatar.com\/avatar\/c7164ed6fdec453195284ad24a5ae5b6e1eed2b848477fa2a4787ba9adf39a41?s=96&d=mm&r=g","contentUrl":"https:\/\/secure.gravatar.com\/avatar\/c7164ed6fdec453195284ad24a5ae5b6e1eed2b848477fa2a4787ba9adf39a41?s=96&d=mm&r=g","caption":"Redacci\u00f3n QP"},"url":"https:\/\/quehacerpolitico.mx\/?author=2"}]}},"featured_image_urls":{"full":"","thumbnail":"","medium":"","medium_large":"","large":"","1536x1536":"","2048x2048":"","covernews-featured":"","covernews-medium":""},"author_info":{"display_name":"Redacci\u00f3n QP","author_link":"https:\/\/quehacerpolitico.mx\/?author=2"},"category_info":"<a href=\"https:\/\/quehacerpolitico.mx\/?cat=2\" rel=\"category\">Noticias<\/a>","tag_info":"Noticias","comment_count":"0","_links":{"self":[{"href":"https:\/\/quehacerpolitico.mx\/index.php?rest_route=\/wp\/v2\/posts\/8627","targetHints":{"allow":["GET"]}}],"collection":[{"href":"https:\/\/quehacerpolitico.mx\/index.php?rest_route=\/wp\/v2\/posts"}],"about":[{"href":"https:\/\/quehacerpolitico.mx\/index.php?rest_route=\/wp\/v2\/types\/post"}],"author":[{"embeddable":true,"href":"https:\/\/quehacerpolitico.mx\/index.php?rest_route=\/wp\/v2\/users\/2"}],"replies":[{"embeddable":true,"href":"https:\/\/quehacerpolitico.mx\/index.php?rest_route=%2Fwp%2Fv2%2Fcomments&post=8627"}],"version-history":[{"count":0,"href":"https:\/\/quehacerpolitico.mx\/index.php?rest_route=\/wp\/v2\/posts\/8627\/revisions"}],"wp:featuredmedia":[{"embeddable":true,"href":"https:\/\/quehacerpolitico.mx\/index.php?rest_route=\/"}],"wp:attachment":[{"href":"https:\/\/quehacerpolitico.mx\/index.php?rest_route=%2Fwp%2Fv2%2Fmedia&parent=8627"}],"wp:term":[{"taxonomy":"category","embeddable":true,"href":"https:\/\/quehacerpolitico.mx\/index.php?rest_route=%2Fwp%2Fv2%2Fcategories&post=8627"},{"taxonomy":"post_tag","embeddable":true,"href":"https:\/\/quehacerpolitico.mx\/index.php?rest_route=%2Fwp%2Fv2%2Ftags&post=8627"}],"curies":[{"name":"wp","href":"https:\/\/api.w.org\/{rel}","templated":true}]}}