{"id":86268,"date":"2021-11-03T18:17:13","date_gmt":"2021-11-03T18:17:13","guid":{"rendered":"https:\/\/quehacerpolitico.mx\/?p=86268"},"modified":"2021-11-03T18:17:16","modified_gmt":"2021-11-03T18:17:16","slug":"aaron-rodgers-dio-positivo-a-covid-19-y-otra-vez-no-habra-duelo-con-mahomes","status":"publish","type":"post","link":"https:\/\/quehacerpolitico.mx\/?p=86268","title":{"rendered":"Aaron Rodgers dio positivo a COVID-19 y otra vez no habr\u00e1 duelo con Mahomes"},"content":{"rendered":"\n<p>Por Redacci\u00f3n QP<\/p>\n\n\n\n<p>Reportes en Estados Unidos indican que el mariscal de Green Bay no est\u00e1 vacunado contra el coronavirus.<\/p>\n\n\n\n<p>Aunque mucha gente esperaba ver el duelo entre Aaron Rodgers y Patrick Mahomes en la Semana 9 de la temporada de la NFL, finalmente tendr\u00e1n que esperar, ya que el quaterback de los Green Bay Packers dio positivo por coronavirus. Seg\u00fan reportes de Ian Rapoport, insider de NFL Networf, Rodgers sali\u00f3 positivo la ma\u00f1ana de este mi\u00e9rcoles 3 de noviembre y no podr\u00e1 estar el fin de semana aunque d\u00e9 negativo en el trascurso de la semana.<\/p>\n\n\n\n<figure class=\"wp-block-embed is-type-rich is-provider-twitter wp-block-embed-twitter\"><div class=\"wp-block-embed__wrapper\">\n<blockquote class=\"twitter-tweet\" data-width=\"550\" data-dnt=\"true\"><p lang=\"en\" dir=\"ltr\">From <a href=\"https:\/\/twitter.com\/nflnetwork?ref_src=twsrc%5Etfw\">@NFLNetwork<\/a>: <a href=\"https:\/\/twitter.com\/hashtag\/Packers?src=hash&amp;ref_src=twsrc%5Etfw\">#Packers<\/a> QB Aaron Rodgers is out for Sunday after testing positive for COVID-19. <a href=\"https:\/\/t.co\/xrzEbSxIvi\">pic.twitter.com\/xrzEbSxIvi<\/a><\/p>&mdash; Ian Rapoport (@RapSheet) <a href=\"https:\/\/twitter.com\/RapSheet\/status\/1455919365233205255?ref_src=twsrc%5Etfw\">November 3, 2021<\/a><\/blockquote><script async src=\"https:\/\/platform.twitter.com\/widgets.js\" charset=\"utf-8\"><\/script>\n<\/div><\/figure>\n\n\n\n<p>Esto se debe a que Aaron no est\u00e1 vacunado contra la COVID-19 pese a que en agosto asegur\u00f3 que ya se hab\u00eda inmunizado y por m\u00ednimo deber\u00e1 estar fuera 10 d\u00edas. \u201cS\u00ed, ya estoy vacunado. Hay mucha conversaci\u00f3n acerca del tema, de la Liga, y hay compa\u00f1eros en el equipo que no est\u00e1n vacunados. Es una decisi\u00f3n personal, no los juzgar\u00e9. Es un tema interesante. Hay compa\u00f1eros que se vacunaron y han contra\u00eddo coronavirus\u201d, coment\u00f3 en agosto. Jordan Love ser\u00e1 el quaterback titular contra los Kansas City Chiefs de Patrick Mahomes, cuando se esperaba que se enfrentara por primera vez con Rodgers, pero se le volvi\u00f3 a negar la oportunidad luego de estar programado en 2019. Aquel a\u00f1o fue porque Mahomes se disloc\u00f3 la rodilla la semana previa y no pudo estar ante Green Bay y en 2020 ambos llegaron a la Final de conferencia, pero los Packers fallaron en llegar al Super Bowl. Love tendr\u00e1 su primera titularidad con Green Bay luego de ser elegido en la primera ronda del Draft de 2020.<\/p>\n","protected":false},"excerpt":{"rendered":"<p>Por Redacci\u00f3n QP Reportes en Estados Unidos indican que el mariscal de Green Bay no&#8230;<\/p>\n","protected":false},"author":2,"featured_media":86269,"comment_status":"open","ping_status":"open","sticky":false,"template":"","format":"standard","meta":{"_monsterinsights_skip_tracking":false,"_monsterinsights_sitenote_active":false,"_monsterinsights_sitenote_note":"","_monsterinsights_sitenote_category":0,"footnotes":""},"categories":[54],"tags":[],"class_list":["post-86268","post","type-post","status-publish","format-standard","has-post-thumbnail","hentry","category-deportes"],"yoast_head":"<!-- This site is optimized with the Yoast SEO plugin v27.3 - https:\/\/yoast.com\/product\/yoast-seo-wordpress\/ -->\n<title>Aaron Rodgers dio positivo a COVID-19 y otra vez no habr\u00e1 duelo con Mahomes -<\/title>\n<meta name=\"robots\" content=\"index, follow, max-snippet:-1, max-image-preview:large, max-video-preview:-1\" \/>\n<link rel=\"canonical\" href=\"https:\/\/quehacerpolitico.mx\/?p=86268\" \/>\n<meta property=\"og:locale\" content=\"es_MX\" \/>\n<meta property=\"og:type\" content=\"article\" \/>\n<meta property=\"og:title\" content=\"Aaron Rodgers dio positivo a COVID-19 y otra vez no habr\u00e1 duelo con Mahomes -\" \/>\n<meta property=\"og:description\" content=\"Por Redacci\u00f3n QP Reportes en Estados Unidos indican que el mariscal de Green Bay no...\" \/>\n<meta property=\"og:url\" content=\"https:\/\/quehacerpolitico.mx\/?p=86268\" \/>\n<meta property=\"article:published_time\" content=\"2021-11-03T18:17:13+00:00\" \/>\n<meta property=\"article:modified_time\" content=\"2021-11-03T18:17:16+00:00\" \/>\n<meta property=\"og:image\" content=\"https:\/\/quehacerpolitico.mx\/wp-content\/uploads\/2021\/11\/BC085792-5E2B-43AE-8A5B-54578452BFA3.jpeg\" \/>\n\t<meta property=\"og:image:width\" content=\"739\" \/>\n\t<meta property=\"og:image:height\" content=\"415\" \/>\n\t<meta property=\"og:image:type\" content=\"image\/jpeg\" \/>\n<meta name=\"author\" content=\"Redacci\u00f3n QP\" \/>\n<meta name=\"twitter:card\" content=\"summary_large_image\" \/>\n<meta name=\"twitter:label1\" content=\"Escrito por\" \/>\n\t<meta name=\"twitter:data1\" content=\"Redacci\u00f3n QP\" \/>\n\t<meta name=\"twitter:label2\" content=\"Tiempo de lectura\" \/>\n\t<meta name=\"twitter:data2\" content=\"1 minuto\" \/>\n<script type=\"application\/ld+json\" class=\"yoast-schema-graph\">{\"@context\":\"https:\\\/\\\/schema.org\",\"@graph\":[{\"@type\":\"Article\",\"@id\":\"https:\\\/\\\/quehacerpolitico.mx\\\/?p=86268#article\",\"isPartOf\":{\"@id\":\"https:\\\/\\\/quehacerpolitico.mx\\\/?p=86268\"},\"author\":{\"name\":\"Redacci\u00f3n QP\",\"@id\":\"https:\\\/\\\/quehacerpolitico.mx\\\/#\\\/schema\\\/person\\\/496d8ad2d1d3f8036101dca7ee39e585\"},\"headline\":\"Aaron Rodgers dio positivo a COVID-19 y otra vez no habr\u00e1 duelo con Mahomes\",\"datePublished\":\"2021-11-03T18:17:13+00:00\",\"dateModified\":\"2021-11-03T18:17:16+00:00\",\"mainEntityOfPage\":{\"@id\":\"https:\\\/\\\/quehacerpolitico.mx\\\/?p=86268\"},\"wordCount\":300,\"commentCount\":0,\"image\":{\"@id\":\"https:\\\/\\\/quehacerpolitico.mx\\\/?p=86268#primaryimage\"},\"thumbnailUrl\":\"https:\\\/\\\/quehacerpolitico.mx\\\/wp-content\\\/uploads\\\/2021\\\/11\\\/BC085792-5E2B-43AE-8A5B-54578452BFA3.jpeg\",\"articleSection\":[\"Deportes\"],\"inLanguage\":\"es\",\"potentialAction\":[{\"@type\":\"CommentAction\",\"name\":\"Comment\",\"target\":[\"https:\\\/\\\/quehacerpolitico.mx\\\/?p=86268#respond\"]}]},{\"@type\":\"WebPage\",\"@id\":\"https:\\\/\\\/quehacerpolitico.mx\\\/?p=86268\",\"url\":\"https:\\\/\\\/quehacerpolitico.mx\\\/?p=86268\",\"name\":\"Aaron Rodgers dio positivo a COVID-19 y otra vez no habr\u00e1 duelo con Mahomes -\",\"isPartOf\":{\"@id\":\"https:\\\/\\\/quehacerpolitico.mx\\\/#website\"},\"primaryImageOfPage\":{\"@id\":\"https:\\\/\\\/quehacerpolitico.mx\\\/?p=86268#primaryimage\"},\"image\":{\"@id\":\"https:\\\/\\\/quehacerpolitico.mx\\\/?p=86268#primaryimage\"},\"thumbnailUrl\":\"https:\\\/\\\/quehacerpolitico.mx\\\/wp-content\\\/uploads\\\/2021\\\/11\\\/BC085792-5E2B-43AE-8A5B-54578452BFA3.jpeg\",\"datePublished\":\"2021-11-03T18:17:13+00:00\",\"dateModified\":\"2021-11-03T18:17:16+00:00\",\"author\":{\"@id\":\"https:\\\/\\\/quehacerpolitico.mx\\\/#\\\/schema\\\/person\\\/496d8ad2d1d3f8036101dca7ee39e585\"},\"breadcrumb\":{\"@id\":\"https:\\\/\\\/quehacerpolitico.mx\\\/?p=86268#breadcrumb\"},\"inLanguage\":\"es\",\"potentialAction\":[{\"@type\":\"ReadAction\",\"target\":[\"https:\\\/\\\/quehacerpolitico.mx\\\/?p=86268\"]}]},{\"@type\":\"ImageObject\",\"inLanguage\":\"es\",\"@id\":\"https:\\\/\\\/quehacerpolitico.mx\\\/?p=86268#primaryimage\",\"url\":\"https:\\\/\\\/quehacerpolitico.mx\\\/wp-content\\\/uploads\\\/2021\\\/11\\\/BC085792-5E2B-43AE-8A5B-54578452BFA3.jpeg\",\"contentUrl\":\"https:\\\/\\\/quehacerpolitico.mx\\\/wp-content\\\/uploads\\\/2021\\\/11\\\/BC085792-5E2B-43AE-8A5B-54578452BFA3.jpeg\",\"width\":739,\"height\":415},{\"@type\":\"BreadcrumbList\",\"@id\":\"https:\\\/\\\/quehacerpolitico.mx\\\/?p=86268#breadcrumb\",\"itemListElement\":[{\"@type\":\"ListItem\",\"position\":1,\"name\":\"Inicio\",\"item\":\"https:\\\/\\\/quehacerpolitico.mx\\\/\"},{\"@type\":\"ListItem\",\"position\":2,\"name\":\"Aaron Rodgers dio positivo a COVID-19 y otra vez no habr\u00e1 duelo con Mahomes\"}]},{\"@type\":\"WebSite\",\"@id\":\"https:\\\/\\\/quehacerpolitico.mx\\\/#website\",\"url\":\"https:\\\/\\\/quehacerpolitico.mx\\\/\",\"name\":\"\",\"description\":\"\",\"potentialAction\":[{\"@type\":\"SearchAction\",\"target\":{\"@type\":\"EntryPoint\",\"urlTemplate\":\"https:\\\/\\\/quehacerpolitico.mx\\\/?s={search_term_string}\"},\"query-input\":{\"@type\":\"PropertyValueSpecification\",\"valueRequired\":true,\"valueName\":\"search_term_string\"}}],\"inLanguage\":\"es\"},{\"@type\":\"Person\",\"@id\":\"https:\\\/\\\/quehacerpolitico.mx\\\/#\\\/schema\\\/person\\\/496d8ad2d1d3f8036101dca7ee39e585\",\"name\":\"Redacci\u00f3n QP\",\"image\":{\"@type\":\"ImageObject\",\"inLanguage\":\"es\",\"@id\":\"https:\\\/\\\/secure.gravatar.com\\\/avatar\\\/c7164ed6fdec453195284ad24a5ae5b6e1eed2b848477fa2a4787ba9adf39a41?s=96&d=mm&r=g\",\"url\":\"https:\\\/\\\/secure.gravatar.com\\\/avatar\\\/c7164ed6fdec453195284ad24a5ae5b6e1eed2b848477fa2a4787ba9adf39a41?s=96&d=mm&r=g\",\"contentUrl\":\"https:\\\/\\\/secure.gravatar.com\\\/avatar\\\/c7164ed6fdec453195284ad24a5ae5b6e1eed2b848477fa2a4787ba9adf39a41?s=96&d=mm&r=g\",\"caption\":\"Redacci\u00f3n QP\"},\"url\":\"https:\\\/\\\/quehacerpolitico.mx\\\/?author=2\"}]}<\/script>\n<!-- \/ Yoast SEO plugin. -->","yoast_head_json":{"title":"Aaron Rodgers dio positivo a COVID-19 y otra vez no habr\u00e1 duelo con Mahomes -","robots":{"index":"index","follow":"follow","max-snippet":"max-snippet:-1","max-image-preview":"max-image-preview:large","max-video-preview":"max-video-preview:-1"},"canonical":"https:\/\/quehacerpolitico.mx\/?p=86268","og_locale":"es_MX","og_type":"article","og_title":"Aaron Rodgers dio positivo a COVID-19 y otra vez no habr\u00e1 duelo con Mahomes -","og_description":"Por Redacci\u00f3n QP Reportes en Estados Unidos indican que el mariscal de Green Bay no...","og_url":"https:\/\/quehacerpolitico.mx\/?p=86268","article_published_time":"2021-11-03T18:17:13+00:00","article_modified_time":"2021-11-03T18:17:16+00:00","og_image":[{"width":739,"height":415,"url":"https:\/\/quehacerpolitico.mx\/wp-content\/uploads\/2021\/11\/BC085792-5E2B-43AE-8A5B-54578452BFA3.jpeg","type":"image\/jpeg"}],"author":"Redacci\u00f3n QP","twitter_card":"summary_large_image","twitter_misc":{"Escrito por":"Redacci\u00f3n QP","Tiempo de lectura":"1 minuto"},"schema":{"@context":"https:\/\/schema.org","@graph":[{"@type":"Article","@id":"https:\/\/quehacerpolitico.mx\/?p=86268#article","isPartOf":{"@id":"https:\/\/quehacerpolitico.mx\/?p=86268"},"author":{"name":"Redacci\u00f3n QP","@id":"https:\/\/quehacerpolitico.mx\/#\/schema\/person\/496d8ad2d1d3f8036101dca7ee39e585"},"headline":"Aaron Rodgers dio positivo a COVID-19 y otra vez no habr\u00e1 duelo con Mahomes","datePublished":"2021-11-03T18:17:13+00:00","dateModified":"2021-11-03T18:17:16+00:00","mainEntityOfPage":{"@id":"https:\/\/quehacerpolitico.mx\/?p=86268"},"wordCount":300,"commentCount":0,"image":{"@id":"https:\/\/quehacerpolitico.mx\/?p=86268#primaryimage"},"thumbnailUrl":"https:\/\/quehacerpolitico.mx\/wp-content\/uploads\/2021\/11\/BC085792-5E2B-43AE-8A5B-54578452BFA3.jpeg","articleSection":["Deportes"],"inLanguage":"es","potentialAction":[{"@type":"CommentAction","name":"Comment","target":["https:\/\/quehacerpolitico.mx\/?p=86268#respond"]}]},{"@type":"WebPage","@id":"https:\/\/quehacerpolitico.mx\/?p=86268","url":"https:\/\/quehacerpolitico.mx\/?p=86268","name":"Aaron Rodgers dio positivo a COVID-19 y otra vez no habr\u00e1 duelo con Mahomes -","isPartOf":{"@id":"https:\/\/quehacerpolitico.mx\/#website"},"primaryImageOfPage":{"@id":"https:\/\/quehacerpolitico.mx\/?p=86268#primaryimage"},"image":{"@id":"https:\/\/quehacerpolitico.mx\/?p=86268#primaryimage"},"thumbnailUrl":"https:\/\/quehacerpolitico.mx\/wp-content\/uploads\/2021\/11\/BC085792-5E2B-43AE-8A5B-54578452BFA3.jpeg","datePublished":"2021-11-03T18:17:13+00:00","dateModified":"2021-11-03T18:17:16+00:00","author":{"@id":"https:\/\/quehacerpolitico.mx\/#\/schema\/person\/496d8ad2d1d3f8036101dca7ee39e585"},"breadcrumb":{"@id":"https:\/\/quehacerpolitico.mx\/?p=86268#breadcrumb"},"inLanguage":"es","potentialAction":[{"@type":"ReadAction","target":["https:\/\/quehacerpolitico.mx\/?p=86268"]}]},{"@type":"ImageObject","inLanguage":"es","@id":"https:\/\/quehacerpolitico.mx\/?p=86268#primaryimage","url":"https:\/\/quehacerpolitico.mx\/wp-content\/uploads\/2021\/11\/BC085792-5E2B-43AE-8A5B-54578452BFA3.jpeg","contentUrl":"https:\/\/quehacerpolitico.mx\/wp-content\/uploads\/2021\/11\/BC085792-5E2B-43AE-8A5B-54578452BFA3.jpeg","width":739,"height":415},{"@type":"BreadcrumbList","@id":"https:\/\/quehacerpolitico.mx\/?p=86268#breadcrumb","itemListElement":[{"@type":"ListItem","position":1,"name":"Inicio","item":"https:\/\/quehacerpolitico.mx\/"},{"@type":"ListItem","position":2,"name":"Aaron Rodgers dio positivo a COVID-19 y otra vez no habr\u00e1 duelo con Mahomes"}]},{"@type":"WebSite","@id":"https:\/\/quehacerpolitico.mx\/#website","url":"https:\/\/quehacerpolitico.mx\/","name":"","description":"","potentialAction":[{"@type":"SearchAction","target":{"@type":"EntryPoint","urlTemplate":"https:\/\/quehacerpolitico.mx\/?s={search_term_string}"},"query-input":{"@type":"PropertyValueSpecification","valueRequired":true,"valueName":"search_term_string"}}],"inLanguage":"es"},{"@type":"Person","@id":"https:\/\/quehacerpolitico.mx\/#\/schema\/person\/496d8ad2d1d3f8036101dca7ee39e585","name":"Redacci\u00f3n QP","image":{"@type":"ImageObject","inLanguage":"es","@id":"https:\/\/secure.gravatar.com\/avatar\/c7164ed6fdec453195284ad24a5ae5b6e1eed2b848477fa2a4787ba9adf39a41?s=96&d=mm&r=g","url":"https:\/\/secure.gravatar.com\/avatar\/c7164ed6fdec453195284ad24a5ae5b6e1eed2b848477fa2a4787ba9adf39a41?s=96&d=mm&r=g","contentUrl":"https:\/\/secure.gravatar.com\/avatar\/c7164ed6fdec453195284ad24a5ae5b6e1eed2b848477fa2a4787ba9adf39a41?s=96&d=mm&r=g","caption":"Redacci\u00f3n QP"},"url":"https:\/\/quehacerpolitico.mx\/?author=2"}]}},"featured_image_urls":{"full":["https:\/\/quehacerpolitico.mx\/wp-content\/uploads\/2021\/11\/BC085792-5E2B-43AE-8A5B-54578452BFA3.jpeg",739,415,false],"thumbnail":["https:\/\/quehacerpolitico.mx\/wp-content\/uploads\/2021\/11\/BC085792-5E2B-43AE-8A5B-54578452BFA3-150x150.jpeg",150,150,true],"medium":["https:\/\/quehacerpolitico.mx\/wp-content\/uploads\/2021\/11\/BC085792-5E2B-43AE-8A5B-54578452BFA3-300x168.jpeg",300,168,true],"medium_large":["https:\/\/quehacerpolitico.mx\/wp-content\/uploads\/2021\/11\/BC085792-5E2B-43AE-8A5B-54578452BFA3.jpeg",640,359,false],"large":["https:\/\/quehacerpolitico.mx\/wp-content\/uploads\/2021\/11\/BC085792-5E2B-43AE-8A5B-54578452BFA3.jpeg",640,359,false],"1536x1536":["https:\/\/quehacerpolitico.mx\/wp-content\/uploads\/2021\/11\/BC085792-5E2B-43AE-8A5B-54578452BFA3.jpeg",739,415,false],"2048x2048":["https:\/\/quehacerpolitico.mx\/wp-content\/uploads\/2021\/11\/BC085792-5E2B-43AE-8A5B-54578452BFA3.jpeg",739,415,false],"covernews-featured":["https:\/\/quehacerpolitico.mx\/wp-content\/uploads\/2021\/11\/BC085792-5E2B-43AE-8A5B-54578452BFA3.jpeg",739,415,false],"covernews-medium":["https:\/\/quehacerpolitico.mx\/wp-content\/uploads\/2021\/11\/BC085792-5E2B-43AE-8A5B-54578452BFA3.jpeg",540,303,false]},"author_info":{"display_name":"Redacci\u00f3n QP","author_link":"https:\/\/quehacerpolitico.mx\/?author=2"},"category_info":"<a href=\"https:\/\/quehacerpolitico.mx\/?cat=54\" rel=\"category\">Deportes<\/a>","tag_info":"Deportes","comment_count":"0","_links":{"self":[{"href":"https:\/\/quehacerpolitico.mx\/index.php?rest_route=\/wp\/v2\/posts\/86268","targetHints":{"allow":["GET"]}}],"collection":[{"href":"https:\/\/quehacerpolitico.mx\/index.php?rest_route=\/wp\/v2\/posts"}],"about":[{"href":"https:\/\/quehacerpolitico.mx\/index.php?rest_route=\/wp\/v2\/types\/post"}],"author":[{"embeddable":true,"href":"https:\/\/quehacerpolitico.mx\/index.php?rest_route=\/wp\/v2\/users\/2"}],"replies":[{"embeddable":true,"href":"https:\/\/quehacerpolitico.mx\/index.php?rest_route=%2Fwp%2Fv2%2Fcomments&post=86268"}],"version-history":[{"count":1,"href":"https:\/\/quehacerpolitico.mx\/index.php?rest_route=\/wp\/v2\/posts\/86268\/revisions"}],"predecessor-version":[{"id":86270,"href":"https:\/\/quehacerpolitico.mx\/index.php?rest_route=\/wp\/v2\/posts\/86268\/revisions\/86270"}],"wp:featuredmedia":[{"embeddable":true,"href":"https:\/\/quehacerpolitico.mx\/index.php?rest_route=\/wp\/v2\/media\/86269"}],"wp:attachment":[{"href":"https:\/\/quehacerpolitico.mx\/index.php?rest_route=%2Fwp%2Fv2%2Fmedia&parent=86268"}],"wp:term":[{"taxonomy":"category","embeddable":true,"href":"https:\/\/quehacerpolitico.mx\/index.php?rest_route=%2Fwp%2Fv2%2Fcategories&post=86268"},{"taxonomy":"post_tag","embeddable":true,"href":"https:\/\/quehacerpolitico.mx\/index.php?rest_route=%2Fwp%2Fv2%2Ftags&post=86268"}],"curies":[{"name":"wp","href":"https:\/\/api.w.org\/{rel}","templated":true}]}}