{"id":86256,"date":"2021-11-03T16:02:17","date_gmt":"2021-11-03T16:02:17","guid":{"rendered":"https:\/\/quehacerpolitico.mx\/?p=86256"},"modified":"2021-11-03T16:02:21","modified_gmt":"2021-11-03T16:02:21","slug":"las-marchas-bloqueos-y-manifestaciones-hoy-en-cdmx-83","status":"publish","type":"post","link":"https:\/\/quehacerpolitico.mx\/?p=86256","title":{"rendered":"Las marchas, bloqueos y manifestaciones hoy en CDMX"},"content":{"rendered":"\n<p>Por Redacci\u00f3n QP<\/p>\n\n\n\n<p>Autoridades de la\u00a0<strong>Ciudad de M\u00e9xico (CDMX)<\/strong>informaron que hoy, 3 de noviembre de 2021, habr\u00e1 nueve\u00a0marchas \u00a0en la capital del pa\u00eds; aqu\u00ed te damos todos los detalles donde se realizar\u00e1n las manifestaciones.<\/p>\n\n\n\n<figure class=\"wp-block-embed is-type-rich is-provider-twitter wp-block-embed-twitter\"><div class=\"wp-block-embed__wrapper\">\n<blockquote class=\"twitter-tweet\" data-width=\"550\" data-dnt=\"true\"><p lang=\"es\" dir=\"ltr\">\u26a0\ufe0f\ud83d\udce2Te compartimos las movilizaciones sociales previstas para este d\u00eda en la CDMX. <a href=\"https:\/\/twitter.com\/hashtag\/MovilidadCDMX?src=hash&amp;ref_src=twsrc%5Etfw\">#MovilidadCDMX<\/a> <a href=\"https:\/\/twitter.com\/hashtag\/C5?src=hash&amp;ref_src=twsrc%5Etfw\">#C5<\/a> <a href=\"https:\/\/t.co\/mTuoCBnDCR\">pic.twitter.com\/mTuoCBnDCR<\/a><\/p>&mdash; C5 CDMX (@C5_CDMX) <a href=\"https:\/\/twitter.com\/C5_CDMX\/status\/1455878291819307015?ref_src=twsrc%5Etfw\">November 3, 2021<\/a><\/blockquote><script async src=\"https:\/\/platform.twitter.com\/widgets.js\" charset=\"utf-8\"><\/script>\n<\/div><\/figure>\n\n\n\n<h2 class=\"wp-block-heading\"><strong>Cierran circulaci\u00f3n en Reforma entre&nbsp;<\/strong>Lieja y Glorieta de la Palma por evento deportivo<\/h2>\n\n\n\n<p>La circulaci\u00f3n en carriles centrales de avenida Paseo de la Reforma se encuentra cerrada en ambos sentidos entre Lieja y Glorieta de la Palma, por un evento deportivo.<\/p>\n\n\n\n<figure class=\"wp-block-embed is-type-rich is-provider-twitter wp-block-embed-twitter\"><div class=\"wp-block-embed__wrapper\">\n<blockquote class=\"twitter-tweet\" data-width=\"550\" data-dnt=\"true\"><p lang=\"es\" dir=\"ltr\"><a href=\"https:\/\/twitter.com\/hashtag\/Precauci%C3%B3nVial?src=hash&amp;ref_src=twsrc%5Etfw\">#Precauci\u00f3nVial<\/a> | Cerrada la circulaci\u00f3n en carriles centrales de Paseo de la Reforma, en ambos sentidos entre Lieja y Glorieta de la Palma, por evento deportivo. Aqu\u00ed <a href=\"https:\/\/twitter.com\/hashtag\/AlternativaVial?src=hash&amp;ref_src=twsrc%5Etfw\">#AlternativaVial<\/a> <a href=\"https:\/\/twitter.com\/hashtag\/MovilidadCDMX?src=hash&amp;ref_src=twsrc%5Etfw\">#MovilidadCDMX<\/a> <a href=\"https:\/\/t.co\/PwN9VAmkkN\">pic.twitter.com\/PwN9VAmkkN<\/a><\/p>&mdash; OVIAL_SSCCDMX (@OVIALCDMX) <a href=\"https:\/\/twitter.com\/OVIALCDMX\/status\/1455770752821641219?ref_src=twsrc%5Etfw\">November 3, 2021<\/a><\/blockquote><script async src=\"https:\/\/platform.twitter.com\/widgets.js\" charset=\"utf-8\"><\/script>\n<\/div><\/figure>\n\n\n\n<h2 class=\"wp-block-heading\">Alcald\u00eda Cuauht\u00e9moc<\/h2>\n\n\n\n<p>A las&nbsp;<strong>9:00 horas<\/strong>&nbsp;habr\u00e1 una concentraci\u00f3n de Vanguardia Mexicana de Trabajadores y Extrabajadores de Seguridad P\u00fablica en:<\/p>\n\n\n\n<ul class=\"wp-block-list\"><li>Plaza de la Rep\u00fablica sin n\u00famero, colonia Tabacalera<\/li><\/ul>\n\n\n\n<p>A las<strong>&nbsp;10:00 horas<\/strong>&nbsp;habr\u00e1 una concentraci\u00f3n de Voces de la Ausencia Verdad, Justicia y Reparaci\u00f3n en avenida Plaza de la Constituci\u00f3n sin n\u00famero, colonia Centro Hist\u00f3rico, para realizar una marcha rumbo a avenida Paseo de la Reforma sin n\u00famero y C. James Sullivan, colonia Tabacalera, con posible ruta:<\/p>\n\n\n\n<ul class=\"wp-block-list\"><li>Plaza de la Constituci\u00f3n<\/li><li>5 de Mayo<\/li><li>Eje Central L\u00e1zaro C\u00e1rdenas<\/li><li>Avenida Ju\u00e1rez<\/li><li>Paseo de la Reforma<\/li><\/ul>\n\n\n\n<p>A las&nbsp;<strong>10:00 horas<\/strong>&nbsp;habr\u00e1 una concentraci\u00f3n de Colectivo TOFFANA en:<\/p>\n\n\n\n<ul class=\"wp-block-list\"><li>Dr. Lavista 114, colonia Doctores<\/li><\/ul>\n\n\n\n<p>A las&nbsp;<strong>10:30 horas<\/strong>&nbsp;habr\u00e1 una concentraci\u00f3n de Colectiva Mar Violeta-Mujeres Autogestivas Revolucionarias en:<\/p>\n\n\n\n<ul class=\"wp-block-list\"><li>Dr. Lavista 114, colonia Doctores<\/li><\/ul>\n\n\n\n<p><strong>Durante el d\u00eda<\/strong>&nbsp;habr\u00e1 una concentraci\u00f3n de Frente Estatal de Directores Encargados del Estado de Guerrero (FEDEEG) en:<\/p>\n\n\n\n<ul class=\"wp-block-list\"><li>Avenida Plaza de la Constituci\u00f3n sin n\u00famero, colonia Centro Hist\u00f3rico<\/li><\/ul>\n\n\n\n<p><strong>Durante el d\u00eda<\/strong>&nbsp;habr\u00e1 una concentraci\u00f3n de Extrabajadores de la Extinta Ruta 100 en:<\/p>\n\n\n\n<ul class=\"wp-block-list\"><li>Avenida Ni\u00f1os H\u00e9roes 119, colonia Doctores<\/li><\/ul>\n\n\n\n<h2 class=\"wp-block-heading\">Alcald\u00eda Iztapalapa<\/h2>\n\n\n\n<p>A las&nbsp;<strong>10:00 horas<\/strong>&nbsp;habr\u00e1 una concentraci\u00f3n de Colectiva Destrucci\u00f3n Violeta en:<\/p>\n\n\n\n<ul class=\"wp-block-list\"><li>Avenida Reforma 100, colonia Lomas de San Lorenzo<\/li><\/ul>\n\n\n\n<h2 class=\"wp-block-heading\">Alcald\u00eda Coyoac\u00e1n<\/h2>\n\n\n\n<p>A las<strong>&nbsp;12:00 horas<\/strong>&nbsp;habr\u00e1 una concentraci\u00f3n de Cadetes del Servicio de Protecci\u00f3n en:<\/p>\n\n\n\n<ul class=\"wp-block-list\"><li>Avenida Miguel \u00c1ngel de Quevedo 915, colonia El Rosedal<\/li><\/ul>\n\n\n\n<h2 class=\"wp-block-heading\">Alcald\u00eda Miguel Hidalgo<\/h2>\n\n\n\n<p>A las<strong>&nbsp;18:00 horas<\/strong>&nbsp;habr\u00e1 una concentraci\u00f3n de Ni un Repartidor Menos en Lieja 270, colonia Bosques de Chapultepec 1\u00aa Secci\u00f3n, para realizar una rodada rumbo a avenida Plaza de la Constituci\u00f3n sin n\u00famero, colonia Centro Hist\u00f3rico, alcald\u00eda Cuauht\u00e9moc, con posible ruta:<\/p>\n\n\n\n<ul class=\"wp-block-list\"><li>Lieja<\/li><li>Avenida Paseo de la Reforma<\/li><li>Avenida Ju\u00e1rez<\/li><li>Eje Central L\u00e1zaro C\u00e1rdenas<\/li><li>5 de Mayo<\/li><li>Plaza de la Constituci\u00f3n<\/li><\/ul>\n\n\n\n<p><em>Con informaci\u00f3n del Centro de Comando, Control, C\u00f3mputo, Comunicaciones y Contacto Ciudadano<\/em><\/p>\n","protected":false},"excerpt":{"rendered":"<p>Por Redacci\u00f3n QP Autoridades de la\u00a0Ciudad de M\u00e9xico (CDMX)informaron que hoy, 3 de noviembre de&#8230;<\/p>\n","protected":false},"author":2,"featured_media":86257,"comment_status":"open","ping_status":"open","sticky":false,"template":"","format":"standard","meta":{"_monsterinsights_skip_tracking":false,"_monsterinsights_sitenote_active":false,"_monsterinsights_sitenote_note":"","_monsterinsights_sitenote_category":0,"footnotes":""},"categories":[2],"tags":[],"class_list":["post-86256","post","type-post","status-publish","format-standard","has-post-thumbnail","hentry","category-noticias"],"yoast_head":"<!-- This site is optimized with the Yoast SEO plugin v27.3 - https:\/\/yoast.com\/product\/yoast-seo-wordpress\/ -->\n<title>Las marchas, bloqueos y manifestaciones hoy en CDMX -<\/title>\n<meta name=\"robots\" content=\"index, follow, max-snippet:-1, max-image-preview:large, max-video-preview:-1\" \/>\n<link rel=\"canonical\" href=\"https:\/\/quehacerpolitico.mx\/?p=86256\" \/>\n<meta property=\"og:locale\" content=\"es_MX\" \/>\n<meta property=\"og:type\" content=\"article\" \/>\n<meta property=\"og:title\" content=\"Las marchas, bloqueos y manifestaciones hoy en CDMX -\" \/>\n<meta property=\"og:description\" content=\"Por Redacci\u00f3n QP Autoridades de la\u00a0Ciudad de M\u00e9xico (CDMX)informaron que hoy, 3 de noviembre de...\" \/>\n<meta property=\"og:url\" content=\"https:\/\/quehacerpolitico.mx\/?p=86256\" \/>\n<meta property=\"article:published_time\" content=\"2021-11-03T16:02:17+00:00\" \/>\n<meta property=\"article:modified_time\" content=\"2021-11-03T16:02:21+00:00\" \/>\n<meta property=\"og:image\" content=\"https:\/\/quehacerpolitico.mx\/wp-content\/uploads\/2021\/11\/49DD5832-7FFE-499C-B7E9-534AC6E4D371.jpeg\" \/>\n\t<meta property=\"og:image:width\" content=\"480\" \/>\n\t<meta property=\"og:image:height\" content=\"282\" \/>\n\t<meta property=\"og:image:type\" content=\"image\/jpeg\" \/>\n<meta name=\"author\" content=\"Redacci\u00f3n QP\" \/>\n<meta name=\"twitter:card\" content=\"summary_large_image\" \/>\n<meta name=\"twitter:label1\" content=\"Escrito por\" \/>\n\t<meta name=\"twitter:data1\" content=\"Redacci\u00f3n QP\" \/>\n\t<meta name=\"twitter:label2\" content=\"Tiempo de lectura\" \/>\n\t<meta name=\"twitter:data2\" content=\"2 minutos\" \/>\n<script type=\"application\/ld+json\" class=\"yoast-schema-graph\">{\"@context\":\"https:\\\/\\\/schema.org\",\"@graph\":[{\"@type\":\"Article\",\"@id\":\"https:\\\/\\\/quehacerpolitico.mx\\\/?p=86256#article\",\"isPartOf\":{\"@id\":\"https:\\\/\\\/quehacerpolitico.mx\\\/?p=86256\"},\"author\":{\"name\":\"Redacci\u00f3n QP\",\"@id\":\"https:\\\/\\\/quehacerpolitico.mx\\\/#\\\/schema\\\/person\\\/496d8ad2d1d3f8036101dca7ee39e585\"},\"headline\":\"Las marchas, bloqueos y manifestaciones hoy en CDMX\",\"datePublished\":\"2021-11-03T16:02:17+00:00\",\"dateModified\":\"2021-11-03T16:02:21+00:00\",\"mainEntityOfPage\":{\"@id\":\"https:\\\/\\\/quehacerpolitico.mx\\\/?p=86256\"},\"wordCount\":452,\"commentCount\":0,\"image\":{\"@id\":\"https:\\\/\\\/quehacerpolitico.mx\\\/?p=86256#primaryimage\"},\"thumbnailUrl\":\"https:\\\/\\\/quehacerpolitico.mx\\\/wp-content\\\/uploads\\\/2021\\\/11\\\/49DD5832-7FFE-499C-B7E9-534AC6E4D371.jpeg\",\"articleSection\":[\"Noticias\"],\"inLanguage\":\"es\",\"potentialAction\":[{\"@type\":\"CommentAction\",\"name\":\"Comment\",\"target\":[\"https:\\\/\\\/quehacerpolitico.mx\\\/?p=86256#respond\"]}]},{\"@type\":\"WebPage\",\"@id\":\"https:\\\/\\\/quehacerpolitico.mx\\\/?p=86256\",\"url\":\"https:\\\/\\\/quehacerpolitico.mx\\\/?p=86256\",\"name\":\"Las marchas, bloqueos y manifestaciones hoy en CDMX -\",\"isPartOf\":{\"@id\":\"https:\\\/\\\/quehacerpolitico.mx\\\/#website\"},\"primaryImageOfPage\":{\"@id\":\"https:\\\/\\\/quehacerpolitico.mx\\\/?p=86256#primaryimage\"},\"image\":{\"@id\":\"https:\\\/\\\/quehacerpolitico.mx\\\/?p=86256#primaryimage\"},\"thumbnailUrl\":\"https:\\\/\\\/quehacerpolitico.mx\\\/wp-content\\\/uploads\\\/2021\\\/11\\\/49DD5832-7FFE-499C-B7E9-534AC6E4D371.jpeg\",\"datePublished\":\"2021-11-03T16:02:17+00:00\",\"dateModified\":\"2021-11-03T16:02:21+00:00\",\"author\":{\"@id\":\"https:\\\/\\\/quehacerpolitico.mx\\\/#\\\/schema\\\/person\\\/496d8ad2d1d3f8036101dca7ee39e585\"},\"breadcrumb\":{\"@id\":\"https:\\\/\\\/quehacerpolitico.mx\\\/?p=86256#breadcrumb\"},\"inLanguage\":\"es\",\"potentialAction\":[{\"@type\":\"ReadAction\",\"target\":[\"https:\\\/\\\/quehacerpolitico.mx\\\/?p=86256\"]}]},{\"@type\":\"ImageObject\",\"inLanguage\":\"es\",\"@id\":\"https:\\\/\\\/quehacerpolitico.mx\\\/?p=86256#primaryimage\",\"url\":\"https:\\\/\\\/quehacerpolitico.mx\\\/wp-content\\\/uploads\\\/2021\\\/11\\\/49DD5832-7FFE-499C-B7E9-534AC6E4D371.jpeg\",\"contentUrl\":\"https:\\\/\\\/quehacerpolitico.mx\\\/wp-content\\\/uploads\\\/2021\\\/11\\\/49DD5832-7FFE-499C-B7E9-534AC6E4D371.jpeg\",\"width\":480,\"height\":282},{\"@type\":\"BreadcrumbList\",\"@id\":\"https:\\\/\\\/quehacerpolitico.mx\\\/?p=86256#breadcrumb\",\"itemListElement\":[{\"@type\":\"ListItem\",\"position\":1,\"name\":\"Inicio\",\"item\":\"https:\\\/\\\/quehacerpolitico.mx\\\/\"},{\"@type\":\"ListItem\",\"position\":2,\"name\":\"Las marchas, bloqueos y manifestaciones hoy en CDMX\"}]},{\"@type\":\"WebSite\",\"@id\":\"https:\\\/\\\/quehacerpolitico.mx\\\/#website\",\"url\":\"https:\\\/\\\/quehacerpolitico.mx\\\/\",\"name\":\"\",\"description\":\"\",\"potentialAction\":[{\"@type\":\"SearchAction\",\"target\":{\"@type\":\"EntryPoint\",\"urlTemplate\":\"https:\\\/\\\/quehacerpolitico.mx\\\/?s={search_term_string}\"},\"query-input\":{\"@type\":\"PropertyValueSpecification\",\"valueRequired\":true,\"valueName\":\"search_term_string\"}}],\"inLanguage\":\"es\"},{\"@type\":\"Person\",\"@id\":\"https:\\\/\\\/quehacerpolitico.mx\\\/#\\\/schema\\\/person\\\/496d8ad2d1d3f8036101dca7ee39e585\",\"name\":\"Redacci\u00f3n QP\",\"image\":{\"@type\":\"ImageObject\",\"inLanguage\":\"es\",\"@id\":\"https:\\\/\\\/secure.gravatar.com\\\/avatar\\\/c7164ed6fdec453195284ad24a5ae5b6e1eed2b848477fa2a4787ba9adf39a41?s=96&d=mm&r=g\",\"url\":\"https:\\\/\\\/secure.gravatar.com\\\/avatar\\\/c7164ed6fdec453195284ad24a5ae5b6e1eed2b848477fa2a4787ba9adf39a41?s=96&d=mm&r=g\",\"contentUrl\":\"https:\\\/\\\/secure.gravatar.com\\\/avatar\\\/c7164ed6fdec453195284ad24a5ae5b6e1eed2b848477fa2a4787ba9adf39a41?s=96&d=mm&r=g\",\"caption\":\"Redacci\u00f3n QP\"},\"url\":\"https:\\\/\\\/quehacerpolitico.mx\\\/?author=2\"}]}<\/script>\n<!-- \/ Yoast SEO plugin. -->","yoast_head_json":{"title":"Las marchas, bloqueos y manifestaciones hoy en CDMX -","robots":{"index":"index","follow":"follow","max-snippet":"max-snippet:-1","max-image-preview":"max-image-preview:large","max-video-preview":"max-video-preview:-1"},"canonical":"https:\/\/quehacerpolitico.mx\/?p=86256","og_locale":"es_MX","og_type":"article","og_title":"Las marchas, bloqueos y manifestaciones hoy en CDMX -","og_description":"Por Redacci\u00f3n QP Autoridades de la\u00a0Ciudad de M\u00e9xico (CDMX)informaron que hoy, 3 de noviembre de...","og_url":"https:\/\/quehacerpolitico.mx\/?p=86256","article_published_time":"2021-11-03T16:02:17+00:00","article_modified_time":"2021-11-03T16:02:21+00:00","og_image":[{"width":480,"height":282,"url":"https:\/\/quehacerpolitico.mx\/wp-content\/uploads\/2021\/11\/49DD5832-7FFE-499C-B7E9-534AC6E4D371.jpeg","type":"image\/jpeg"}],"author":"Redacci\u00f3n QP","twitter_card":"summary_large_image","twitter_misc":{"Escrito por":"Redacci\u00f3n QP","Tiempo de lectura":"2 minutos"},"schema":{"@context":"https:\/\/schema.org","@graph":[{"@type":"Article","@id":"https:\/\/quehacerpolitico.mx\/?p=86256#article","isPartOf":{"@id":"https:\/\/quehacerpolitico.mx\/?p=86256"},"author":{"name":"Redacci\u00f3n QP","@id":"https:\/\/quehacerpolitico.mx\/#\/schema\/person\/496d8ad2d1d3f8036101dca7ee39e585"},"headline":"Las marchas, bloqueos y manifestaciones hoy en CDMX","datePublished":"2021-11-03T16:02:17+00:00","dateModified":"2021-11-03T16:02:21+00:00","mainEntityOfPage":{"@id":"https:\/\/quehacerpolitico.mx\/?p=86256"},"wordCount":452,"commentCount":0,"image":{"@id":"https:\/\/quehacerpolitico.mx\/?p=86256#primaryimage"},"thumbnailUrl":"https:\/\/quehacerpolitico.mx\/wp-content\/uploads\/2021\/11\/49DD5832-7FFE-499C-B7E9-534AC6E4D371.jpeg","articleSection":["Noticias"],"inLanguage":"es","potentialAction":[{"@type":"CommentAction","name":"Comment","target":["https:\/\/quehacerpolitico.mx\/?p=86256#respond"]}]},{"@type":"WebPage","@id":"https:\/\/quehacerpolitico.mx\/?p=86256","url":"https:\/\/quehacerpolitico.mx\/?p=86256","name":"Las marchas, bloqueos y manifestaciones hoy en CDMX -","isPartOf":{"@id":"https:\/\/quehacerpolitico.mx\/#website"},"primaryImageOfPage":{"@id":"https:\/\/quehacerpolitico.mx\/?p=86256#primaryimage"},"image":{"@id":"https:\/\/quehacerpolitico.mx\/?p=86256#primaryimage"},"thumbnailUrl":"https:\/\/quehacerpolitico.mx\/wp-content\/uploads\/2021\/11\/49DD5832-7FFE-499C-B7E9-534AC6E4D371.jpeg","datePublished":"2021-11-03T16:02:17+00:00","dateModified":"2021-11-03T16:02:21+00:00","author":{"@id":"https:\/\/quehacerpolitico.mx\/#\/schema\/person\/496d8ad2d1d3f8036101dca7ee39e585"},"breadcrumb":{"@id":"https:\/\/quehacerpolitico.mx\/?p=86256#breadcrumb"},"inLanguage":"es","potentialAction":[{"@type":"ReadAction","target":["https:\/\/quehacerpolitico.mx\/?p=86256"]}]},{"@type":"ImageObject","inLanguage":"es","@id":"https:\/\/quehacerpolitico.mx\/?p=86256#primaryimage","url":"https:\/\/quehacerpolitico.mx\/wp-content\/uploads\/2021\/11\/49DD5832-7FFE-499C-B7E9-534AC6E4D371.jpeg","contentUrl":"https:\/\/quehacerpolitico.mx\/wp-content\/uploads\/2021\/11\/49DD5832-7FFE-499C-B7E9-534AC6E4D371.jpeg","width":480,"height":282},{"@type":"BreadcrumbList","@id":"https:\/\/quehacerpolitico.mx\/?p=86256#breadcrumb","itemListElement":[{"@type":"ListItem","position":1,"name":"Inicio","item":"https:\/\/quehacerpolitico.mx\/"},{"@type":"ListItem","position":2,"name":"Las marchas, bloqueos y manifestaciones hoy en CDMX"}]},{"@type":"WebSite","@id":"https:\/\/quehacerpolitico.mx\/#website","url":"https:\/\/quehacerpolitico.mx\/","name":"","description":"","potentialAction":[{"@type":"SearchAction","target":{"@type":"EntryPoint","urlTemplate":"https:\/\/quehacerpolitico.mx\/?s={search_term_string}"},"query-input":{"@type":"PropertyValueSpecification","valueRequired":true,"valueName":"search_term_string"}}],"inLanguage":"es"},{"@type":"Person","@id":"https:\/\/quehacerpolitico.mx\/#\/schema\/person\/496d8ad2d1d3f8036101dca7ee39e585","name":"Redacci\u00f3n QP","image":{"@type":"ImageObject","inLanguage":"es","@id":"https:\/\/secure.gravatar.com\/avatar\/c7164ed6fdec453195284ad24a5ae5b6e1eed2b848477fa2a4787ba9adf39a41?s=96&d=mm&r=g","url":"https:\/\/secure.gravatar.com\/avatar\/c7164ed6fdec453195284ad24a5ae5b6e1eed2b848477fa2a4787ba9adf39a41?s=96&d=mm&r=g","contentUrl":"https:\/\/secure.gravatar.com\/avatar\/c7164ed6fdec453195284ad24a5ae5b6e1eed2b848477fa2a4787ba9adf39a41?s=96&d=mm&r=g","caption":"Redacci\u00f3n QP"},"url":"https:\/\/quehacerpolitico.mx\/?author=2"}]}},"featured_image_urls":{"full":["https:\/\/quehacerpolitico.mx\/wp-content\/uploads\/2021\/11\/49DD5832-7FFE-499C-B7E9-534AC6E4D371.jpeg",480,282,false],"thumbnail":["https:\/\/quehacerpolitico.mx\/wp-content\/uploads\/2021\/11\/49DD5832-7FFE-499C-B7E9-534AC6E4D371-150x150.jpeg",150,150,true],"medium":["https:\/\/quehacerpolitico.mx\/wp-content\/uploads\/2021\/11\/49DD5832-7FFE-499C-B7E9-534AC6E4D371-300x176.jpeg",300,176,true],"medium_large":["https:\/\/quehacerpolitico.mx\/wp-content\/uploads\/2021\/11\/49DD5832-7FFE-499C-B7E9-534AC6E4D371.jpeg",480,282,false],"large":["https:\/\/quehacerpolitico.mx\/wp-content\/uploads\/2021\/11\/49DD5832-7FFE-499C-B7E9-534AC6E4D371.jpeg",480,282,false],"1536x1536":["https:\/\/quehacerpolitico.mx\/wp-content\/uploads\/2021\/11\/49DD5832-7FFE-499C-B7E9-534AC6E4D371.jpeg",480,282,false],"2048x2048":["https:\/\/quehacerpolitico.mx\/wp-content\/uploads\/2021\/11\/49DD5832-7FFE-499C-B7E9-534AC6E4D371.jpeg",480,282,false],"covernews-featured":["https:\/\/quehacerpolitico.mx\/wp-content\/uploads\/2021\/11\/49DD5832-7FFE-499C-B7E9-534AC6E4D371.jpeg",480,282,false],"covernews-medium":["https:\/\/quehacerpolitico.mx\/wp-content\/uploads\/2021\/11\/49DD5832-7FFE-499C-B7E9-534AC6E4D371.jpeg",480,282,false]},"author_info":{"display_name":"Redacci\u00f3n QP","author_link":"https:\/\/quehacerpolitico.mx\/?author=2"},"category_info":"<a href=\"https:\/\/quehacerpolitico.mx\/?cat=2\" rel=\"category\">Noticias<\/a>","tag_info":"Noticias","comment_count":"0","_links":{"self":[{"href":"https:\/\/quehacerpolitico.mx\/index.php?rest_route=\/wp\/v2\/posts\/86256","targetHints":{"allow":["GET"]}}],"collection":[{"href":"https:\/\/quehacerpolitico.mx\/index.php?rest_route=\/wp\/v2\/posts"}],"about":[{"href":"https:\/\/quehacerpolitico.mx\/index.php?rest_route=\/wp\/v2\/types\/post"}],"author":[{"embeddable":true,"href":"https:\/\/quehacerpolitico.mx\/index.php?rest_route=\/wp\/v2\/users\/2"}],"replies":[{"embeddable":true,"href":"https:\/\/quehacerpolitico.mx\/index.php?rest_route=%2Fwp%2Fv2%2Fcomments&post=86256"}],"version-history":[{"count":1,"href":"https:\/\/quehacerpolitico.mx\/index.php?rest_route=\/wp\/v2\/posts\/86256\/revisions"}],"predecessor-version":[{"id":86258,"href":"https:\/\/quehacerpolitico.mx\/index.php?rest_route=\/wp\/v2\/posts\/86256\/revisions\/86258"}],"wp:featuredmedia":[{"embeddable":true,"href":"https:\/\/quehacerpolitico.mx\/index.php?rest_route=\/wp\/v2\/media\/86257"}],"wp:attachment":[{"href":"https:\/\/quehacerpolitico.mx\/index.php?rest_route=%2Fwp%2Fv2%2Fmedia&parent=86256"}],"wp:term":[{"taxonomy":"category","embeddable":true,"href":"https:\/\/quehacerpolitico.mx\/index.php?rest_route=%2Fwp%2Fv2%2Fcategories&post=86256"},{"taxonomy":"post_tag","embeddable":true,"href":"https:\/\/quehacerpolitico.mx\/index.php?rest_route=%2Fwp%2Fv2%2Ftags&post=86256"}],"curies":[{"name":"wp","href":"https:\/\/api.w.org\/{rel}","templated":true}]}}