{"id":86250,"date":"2021-11-03T15:35:39","date_gmt":"2021-11-03T15:35:39","guid":{"rendered":"https:\/\/quehacerpolitico.mx\/?p=86250"},"modified":"2021-11-03T15:44:09","modified_gmt":"2021-11-03T15:44:09","slug":"llega-emilio-lozoya-al-reclusorio-norte-para-su-audiencia-por-el-caso-odebrecht","status":"publish","type":"post","link":"https:\/\/quehacerpolitico.mx\/?p=86250","title":{"rendered":"Llega Emilio Lozoya al Reclusorio Norte para su audiencia por el caso Odebrecht"},"content":{"rendered":"\n<p>Por Redacci\u00f3n QP<\/p>\n\n\n\n<p>Es la primera vez que Emilio Lozoya acude al Reclusorio Norte desde que fue extraditado a M\u00e9xico desde Espa\u00f1a<\/p>\n\n\n\n<ul class=\"wp-block-list\"><li>Lozoya est\u00e1 acusado de lavado de dinero, cohecho y asociaci\u00f3n delictuosa por el caso Odebrecht<\/li><\/ul>\n\n\n\n<p>Emilio Lozoya exdirector de Petr\u00f3leos Mexicanos&nbsp;<strong>(Pemex),<\/strong>&nbsp;lleg\u00f3 al&nbsp;Reclusorio Norte para presentarse a una audiencia a la que fue citado por un juez por el&nbsp;caso odebrecht y que dar\u00e1 inicio a las 09:30 horas.<\/p>\n\n\n\n<p>Es la primera vez que&nbsp;<strong>Lozoya<\/strong>&nbsp;acude al&nbsp;<strong>Reclusorio Norte<\/strong>&nbsp;desde que fue extraditado a M\u00e9xico desde Espa\u00f1a.<\/p>\n\n\n\n<figure class=\"wp-block-embed is-type-rich is-provider-twitter wp-block-embed-twitter\"><div class=\"wp-block-embed__wrapper\">\n<blockquote class=\"twitter-tweet\" data-width=\"550\" data-dnt=\"true\"><p lang=\"es\" dir=\"ltr\"><a href=\"https:\/\/twitter.com\/hashtag\/De%C3%9AltimaHora?src=hash&amp;ref_src=twsrc%5Etfw\">#De\u00daltimaHora<\/a> | Ingresa a pie Emilio Lozoya acompa\u00f1ado de su abogado al Reclusorio Norte para su audiencia. <br><br>Entre los empujones, ped\u00edan permitir el acceso al lugar. <br><br>\ud83d\udcf7 Iv\u00e1n Aldama @drakovich005<a href=\"https:\/\/twitter.com\/hashtag\/Tr%C3%A1ficoRVial?src=hash&amp;ref_src=twsrc%5Etfw\">#Tr\u00e1ficoRVial<\/a> <a href=\"https:\/\/t.co\/41HzRPwNDX\">pic.twitter.com\/41HzRPwNDX<\/a><\/p>&mdash; Red Vial (@RedVialRC) <a href=\"https:\/\/twitter.com\/RedVialRC\/status\/1455917290629832711?ref_src=twsrc%5Etfw\">November 3, 2021<\/a><\/blockquote><script async src=\"https:\/\/platform.twitter.com\/widgets.js\" charset=\"utf-8\"><\/script>\n<\/div><\/figure>\n\n\n\n<p>Por sexta ocasi\u00f3n, la defensa de\u00a0<strong>Lozoya<\/strong>solicit\u00f3 ante el juez de Control del Reclusorio Norte\u00a0una pr\u00f3rroga del plazo de investigaci\u00f3n, como parte su estrategia legal en el proceso penal por el que est\u00e1 acusado de los delitos de operaciones de recursos de procedencia il\u00edcita, asociaci\u00f3n delictuosa y cohecho, por el caso\u00a0<strong>Odebrecht.<\/strong><\/p>\n\n\n\n<figure class=\"wp-block-embed is-type-rich is-provider-twitter wp-block-embed-twitter\"><div class=\"wp-block-embed__wrapper\">\n<blockquote class=\"twitter-tweet\" data-width=\"550\" data-dnt=\"true\"><p lang=\"es\" dir=\"ltr\">Se\u00f1ooooora \ud83e\udd2d<br><br> <a href=\"https:\/\/t.co\/G5QxDJVFRk\">pic.twitter.com\/G5QxDJVFRk<\/a><\/p>&mdash; Risco (@jrisco) <a href=\"https:\/\/twitter.com\/jrisco\/status\/1455922647175475201?ref_src=twsrc%5Etfw\">November 3, 2021<\/a><\/blockquote><script async src=\"https:\/\/platform.twitter.com\/widgets.js\" charset=\"utf-8\"><\/script>\n<\/div><\/figure>\n\n\n\n<figure class=\"wp-block-embed is-type-rich is-provider-twitter wp-block-embed-twitter\"><div class=\"wp-block-embed__wrapper\">\n<blockquote class=\"twitter-tweet\" data-width=\"550\" data-dnt=\"true\"><p lang=\"es\" dir=\"ltr\"><a href=\"https:\/\/twitter.com\/hashtag\/De%C3%9AltimoMinuto?src=hash&amp;ref_src=twsrc%5Etfw\">#De\u00daltimoMinuto<\/a> | Arriba al Reclusorio norte Artemio Z\u00fa\u00f1iga, juez de control para la audiencia de Emilio Lozoya, la cual est\u00e1 programada para iniciar a las 9 am.<br><br>\ud83d\udcf7 Iv\u00e1n Aldama @drakovich005<a href=\"https:\/\/twitter.com\/hashtag\/Tr%C3%A1ficoRVial?src=hash&amp;ref_src=twsrc%5Etfw\">#Tr\u00e1ficoRVial<\/a> <a href=\"https:\/\/t.co\/tAzsGruqgR\">pic.twitter.com\/tAzsGruqgR<\/a><\/p>&mdash; Red Vial (@RedVialRC) <a href=\"https:\/\/twitter.com\/RedVialRC\/status\/1455905989996199941?ref_src=twsrc%5Etfw\">November 3, 2021<\/a><\/blockquote><script async src=\"https:\/\/platform.twitter.com\/widgets.js\" charset=\"utf-8\"><\/script>\n<\/div><\/figure>\n\n\n\n<p>Sin embargo, la Fiscal\u00eda General de la Rep\u00fablica (FGR) adelant\u00f3 que se opondr\u00e1 a que le aprueben la nueva pr\u00f3rroga.<\/p>\n\n\n\n<figure class=\"wp-block-image size-large\"><img loading=\"lazy\" decoding=\"async\" width=\"768\" height=\"1024\" src=\"https:\/\/quehacerpolitico.mx\/wp-content\/uploads\/2021\/11\/image-4-768x1024.jpeg\" alt=\"\" class=\"wp-image-86253\" srcset=\"https:\/\/quehacerpolitico.mx\/wp-content\/uploads\/2021\/11\/image-4-768x1024.jpeg 768w, https:\/\/quehacerpolitico.mx\/wp-content\/uploads\/2021\/11\/image-4-225x300.jpeg 225w, https:\/\/quehacerpolitico.mx\/wp-content\/uploads\/2021\/11\/image-4-1152x1536.jpeg 1152w, https:\/\/quehacerpolitico.mx\/wp-content\/uploads\/2021\/11\/image-4-110x146.jpeg 110w, https:\/\/quehacerpolitico.mx\/wp-content\/uploads\/2021\/11\/image-4-38x50.jpeg 38w, https:\/\/quehacerpolitico.mx\/wp-content\/uploads\/2021\/11\/image-4-56x75.jpeg 56w, https:\/\/quehacerpolitico.mx\/wp-content\/uploads\/2021\/11\/image-4.jpeg 1536w\" sizes=\"auto, (max-width: 768px) 100vw, 768px\" \/><\/figure>\n","protected":false},"excerpt":{"rendered":"<p>Por Redacci\u00f3n QP Es la primera vez que Emilio Lozoya acude al Reclusorio Norte desde&#8230;<\/p>\n","protected":false},"author":2,"featured_media":86251,"comment_status":"open","ping_status":"open","sticky":false,"template":"","format":"standard","meta":{"_monsterinsights_skip_tracking":false,"_monsterinsights_sitenote_active":false,"_monsterinsights_sitenote_note":"","_monsterinsights_sitenote_category":0,"footnotes":""},"categories":[2],"tags":[],"class_list":["post-86250","post","type-post","status-publish","format-standard","has-post-thumbnail","hentry","category-noticias"],"yoast_head":"<!-- This site is optimized with the Yoast SEO plugin v27.3 - https:\/\/yoast.com\/product\/yoast-seo-wordpress\/ -->\n<title>Llega Emilio Lozoya al Reclusorio Norte para su audiencia por el caso Odebrecht -<\/title>\n<meta name=\"robots\" content=\"index, follow, max-snippet:-1, max-image-preview:large, max-video-preview:-1\" \/>\n<link rel=\"canonical\" href=\"https:\/\/quehacerpolitico.mx\/?p=86250\" \/>\n<meta property=\"og:locale\" content=\"es_MX\" \/>\n<meta property=\"og:type\" content=\"article\" \/>\n<meta property=\"og:title\" content=\"Llega Emilio Lozoya al Reclusorio Norte para su audiencia por el caso Odebrecht -\" \/>\n<meta property=\"og:description\" content=\"Por Redacci\u00f3n QP Es la primera vez que Emilio Lozoya acude al Reclusorio Norte desde...\" \/>\n<meta property=\"og:url\" content=\"https:\/\/quehacerpolitico.mx\/?p=86250\" \/>\n<meta property=\"article:published_time\" content=\"2021-11-03T15:35:39+00:00\" \/>\n<meta property=\"article:modified_time\" content=\"2021-11-03T15:44:09+00:00\" \/>\n<meta property=\"og:image\" content=\"https:\/\/quehacerpolitico.mx\/wp-content\/uploads\/2021\/11\/81B7F5CE-C0CB-4B7E-9245-E1E511417227.jpeg\" \/>\n\t<meta property=\"og:image:width\" content=\"953\" \/>\n\t<meta property=\"og:image:height\" content=\"714\" \/>\n\t<meta property=\"og:image:type\" content=\"image\/jpeg\" \/>\n<meta name=\"author\" content=\"Redacci\u00f3n QP\" \/>\n<meta name=\"twitter:card\" content=\"summary_large_image\" \/>\n<meta name=\"twitter:label1\" content=\"Escrito por\" \/>\n\t<meta name=\"twitter:data1\" content=\"Redacci\u00f3n QP\" \/>\n\t<meta name=\"twitter:label2\" content=\"Tiempo de lectura\" \/>\n\t<meta name=\"twitter:data2\" content=\"1 minuto\" \/>\n<script type=\"application\/ld+json\" class=\"yoast-schema-graph\">{\"@context\":\"https:\\\/\\\/schema.org\",\"@graph\":[{\"@type\":\"Article\",\"@id\":\"https:\\\/\\\/quehacerpolitico.mx\\\/?p=86250#article\",\"isPartOf\":{\"@id\":\"https:\\\/\\\/quehacerpolitico.mx\\\/?p=86250\"},\"author\":{\"name\":\"Redacci\u00f3n QP\",\"@id\":\"https:\\\/\\\/quehacerpolitico.mx\\\/#\\\/schema\\\/person\\\/496d8ad2d1d3f8036101dca7ee39e585\"},\"headline\":\"Llega Emilio Lozoya al Reclusorio Norte para su audiencia por el caso Odebrecht\",\"datePublished\":\"2021-11-03T15:35:39+00:00\",\"dateModified\":\"2021-11-03T15:44:09+00:00\",\"mainEntityOfPage\":{\"@id\":\"https:\\\/\\\/quehacerpolitico.mx\\\/?p=86250\"},\"wordCount\":217,\"commentCount\":0,\"image\":{\"@id\":\"https:\\\/\\\/quehacerpolitico.mx\\\/?p=86250#primaryimage\"},\"thumbnailUrl\":\"https:\\\/\\\/quehacerpolitico.mx\\\/wp-content\\\/uploads\\\/2021\\\/11\\\/81B7F5CE-C0CB-4B7E-9245-E1E511417227.jpeg\",\"articleSection\":[\"Noticias\"],\"inLanguage\":\"es\",\"potentialAction\":[{\"@type\":\"CommentAction\",\"name\":\"Comment\",\"target\":[\"https:\\\/\\\/quehacerpolitico.mx\\\/?p=86250#respond\"]}]},{\"@type\":\"WebPage\",\"@id\":\"https:\\\/\\\/quehacerpolitico.mx\\\/?p=86250\",\"url\":\"https:\\\/\\\/quehacerpolitico.mx\\\/?p=86250\",\"name\":\"Llega Emilio Lozoya al Reclusorio Norte para su audiencia por el caso Odebrecht -\",\"isPartOf\":{\"@id\":\"https:\\\/\\\/quehacerpolitico.mx\\\/#website\"},\"primaryImageOfPage\":{\"@id\":\"https:\\\/\\\/quehacerpolitico.mx\\\/?p=86250#primaryimage\"},\"image\":{\"@id\":\"https:\\\/\\\/quehacerpolitico.mx\\\/?p=86250#primaryimage\"},\"thumbnailUrl\":\"https:\\\/\\\/quehacerpolitico.mx\\\/wp-content\\\/uploads\\\/2021\\\/11\\\/81B7F5CE-C0CB-4B7E-9245-E1E511417227.jpeg\",\"datePublished\":\"2021-11-03T15:35:39+00:00\",\"dateModified\":\"2021-11-03T15:44:09+00:00\",\"author\":{\"@id\":\"https:\\\/\\\/quehacerpolitico.mx\\\/#\\\/schema\\\/person\\\/496d8ad2d1d3f8036101dca7ee39e585\"},\"breadcrumb\":{\"@id\":\"https:\\\/\\\/quehacerpolitico.mx\\\/?p=86250#breadcrumb\"},\"inLanguage\":\"es\",\"potentialAction\":[{\"@type\":\"ReadAction\",\"target\":[\"https:\\\/\\\/quehacerpolitico.mx\\\/?p=86250\"]}]},{\"@type\":\"ImageObject\",\"inLanguage\":\"es\",\"@id\":\"https:\\\/\\\/quehacerpolitico.mx\\\/?p=86250#primaryimage\",\"url\":\"https:\\\/\\\/quehacerpolitico.mx\\\/wp-content\\\/uploads\\\/2021\\\/11\\\/81B7F5CE-C0CB-4B7E-9245-E1E511417227.jpeg\",\"contentUrl\":\"https:\\\/\\\/quehacerpolitico.mx\\\/wp-content\\\/uploads\\\/2021\\\/11\\\/81B7F5CE-C0CB-4B7E-9245-E1E511417227.jpeg\",\"width\":953,\"height\":714},{\"@type\":\"BreadcrumbList\",\"@id\":\"https:\\\/\\\/quehacerpolitico.mx\\\/?p=86250#breadcrumb\",\"itemListElement\":[{\"@type\":\"ListItem\",\"position\":1,\"name\":\"Inicio\",\"item\":\"https:\\\/\\\/quehacerpolitico.mx\\\/\"},{\"@type\":\"ListItem\",\"position\":2,\"name\":\"Llega Emilio Lozoya al Reclusorio Norte para su audiencia por el caso Odebrecht\"}]},{\"@type\":\"WebSite\",\"@id\":\"https:\\\/\\\/quehacerpolitico.mx\\\/#website\",\"url\":\"https:\\\/\\\/quehacerpolitico.mx\\\/\",\"name\":\"\",\"description\":\"\",\"potentialAction\":[{\"@type\":\"SearchAction\",\"target\":{\"@type\":\"EntryPoint\",\"urlTemplate\":\"https:\\\/\\\/quehacerpolitico.mx\\\/?s={search_term_string}\"},\"query-input\":{\"@type\":\"PropertyValueSpecification\",\"valueRequired\":true,\"valueName\":\"search_term_string\"}}],\"inLanguage\":\"es\"},{\"@type\":\"Person\",\"@id\":\"https:\\\/\\\/quehacerpolitico.mx\\\/#\\\/schema\\\/person\\\/496d8ad2d1d3f8036101dca7ee39e585\",\"name\":\"Redacci\u00f3n QP\",\"image\":{\"@type\":\"ImageObject\",\"inLanguage\":\"es\",\"@id\":\"https:\\\/\\\/secure.gravatar.com\\\/avatar\\\/c7164ed6fdec453195284ad24a5ae5b6e1eed2b848477fa2a4787ba9adf39a41?s=96&d=mm&r=g\",\"url\":\"https:\\\/\\\/secure.gravatar.com\\\/avatar\\\/c7164ed6fdec453195284ad24a5ae5b6e1eed2b848477fa2a4787ba9adf39a41?s=96&d=mm&r=g\",\"contentUrl\":\"https:\\\/\\\/secure.gravatar.com\\\/avatar\\\/c7164ed6fdec453195284ad24a5ae5b6e1eed2b848477fa2a4787ba9adf39a41?s=96&d=mm&r=g\",\"caption\":\"Redacci\u00f3n QP\"},\"url\":\"https:\\\/\\\/quehacerpolitico.mx\\\/?author=2\"}]}<\/script>\n<!-- \/ Yoast SEO plugin. -->","yoast_head_json":{"title":"Llega Emilio Lozoya al Reclusorio Norte para su audiencia por el caso Odebrecht -","robots":{"index":"index","follow":"follow","max-snippet":"max-snippet:-1","max-image-preview":"max-image-preview:large","max-video-preview":"max-video-preview:-1"},"canonical":"https:\/\/quehacerpolitico.mx\/?p=86250","og_locale":"es_MX","og_type":"article","og_title":"Llega Emilio Lozoya al Reclusorio Norte para su audiencia por el caso Odebrecht -","og_description":"Por Redacci\u00f3n QP Es la primera vez que Emilio Lozoya acude al Reclusorio Norte desde...","og_url":"https:\/\/quehacerpolitico.mx\/?p=86250","article_published_time":"2021-11-03T15:35:39+00:00","article_modified_time":"2021-11-03T15:44:09+00:00","og_image":[{"width":953,"height":714,"url":"https:\/\/quehacerpolitico.mx\/wp-content\/uploads\/2021\/11\/81B7F5CE-C0CB-4B7E-9245-E1E511417227.jpeg","type":"image\/jpeg"}],"author":"Redacci\u00f3n QP","twitter_card":"summary_large_image","twitter_misc":{"Escrito por":"Redacci\u00f3n QP","Tiempo de lectura":"1 minuto"},"schema":{"@context":"https:\/\/schema.org","@graph":[{"@type":"Article","@id":"https:\/\/quehacerpolitico.mx\/?p=86250#article","isPartOf":{"@id":"https:\/\/quehacerpolitico.mx\/?p=86250"},"author":{"name":"Redacci\u00f3n QP","@id":"https:\/\/quehacerpolitico.mx\/#\/schema\/person\/496d8ad2d1d3f8036101dca7ee39e585"},"headline":"Llega Emilio Lozoya al Reclusorio Norte para su audiencia por el caso Odebrecht","datePublished":"2021-11-03T15:35:39+00:00","dateModified":"2021-11-03T15:44:09+00:00","mainEntityOfPage":{"@id":"https:\/\/quehacerpolitico.mx\/?p=86250"},"wordCount":217,"commentCount":0,"image":{"@id":"https:\/\/quehacerpolitico.mx\/?p=86250#primaryimage"},"thumbnailUrl":"https:\/\/quehacerpolitico.mx\/wp-content\/uploads\/2021\/11\/81B7F5CE-C0CB-4B7E-9245-E1E511417227.jpeg","articleSection":["Noticias"],"inLanguage":"es","potentialAction":[{"@type":"CommentAction","name":"Comment","target":["https:\/\/quehacerpolitico.mx\/?p=86250#respond"]}]},{"@type":"WebPage","@id":"https:\/\/quehacerpolitico.mx\/?p=86250","url":"https:\/\/quehacerpolitico.mx\/?p=86250","name":"Llega Emilio Lozoya al Reclusorio Norte para su audiencia por el caso Odebrecht -","isPartOf":{"@id":"https:\/\/quehacerpolitico.mx\/#website"},"primaryImageOfPage":{"@id":"https:\/\/quehacerpolitico.mx\/?p=86250#primaryimage"},"image":{"@id":"https:\/\/quehacerpolitico.mx\/?p=86250#primaryimage"},"thumbnailUrl":"https:\/\/quehacerpolitico.mx\/wp-content\/uploads\/2021\/11\/81B7F5CE-C0CB-4B7E-9245-E1E511417227.jpeg","datePublished":"2021-11-03T15:35:39+00:00","dateModified":"2021-11-03T15:44:09+00:00","author":{"@id":"https:\/\/quehacerpolitico.mx\/#\/schema\/person\/496d8ad2d1d3f8036101dca7ee39e585"},"breadcrumb":{"@id":"https:\/\/quehacerpolitico.mx\/?p=86250#breadcrumb"},"inLanguage":"es","potentialAction":[{"@type":"ReadAction","target":["https:\/\/quehacerpolitico.mx\/?p=86250"]}]},{"@type":"ImageObject","inLanguage":"es","@id":"https:\/\/quehacerpolitico.mx\/?p=86250#primaryimage","url":"https:\/\/quehacerpolitico.mx\/wp-content\/uploads\/2021\/11\/81B7F5CE-C0CB-4B7E-9245-E1E511417227.jpeg","contentUrl":"https:\/\/quehacerpolitico.mx\/wp-content\/uploads\/2021\/11\/81B7F5CE-C0CB-4B7E-9245-E1E511417227.jpeg","width":953,"height":714},{"@type":"BreadcrumbList","@id":"https:\/\/quehacerpolitico.mx\/?p=86250#breadcrumb","itemListElement":[{"@type":"ListItem","position":1,"name":"Inicio","item":"https:\/\/quehacerpolitico.mx\/"},{"@type":"ListItem","position":2,"name":"Llega Emilio Lozoya al Reclusorio Norte para su audiencia por el caso Odebrecht"}]},{"@type":"WebSite","@id":"https:\/\/quehacerpolitico.mx\/#website","url":"https:\/\/quehacerpolitico.mx\/","name":"","description":"","potentialAction":[{"@type":"SearchAction","target":{"@type":"EntryPoint","urlTemplate":"https:\/\/quehacerpolitico.mx\/?s={search_term_string}"},"query-input":{"@type":"PropertyValueSpecification","valueRequired":true,"valueName":"search_term_string"}}],"inLanguage":"es"},{"@type":"Person","@id":"https:\/\/quehacerpolitico.mx\/#\/schema\/person\/496d8ad2d1d3f8036101dca7ee39e585","name":"Redacci\u00f3n QP","image":{"@type":"ImageObject","inLanguage":"es","@id":"https:\/\/secure.gravatar.com\/avatar\/c7164ed6fdec453195284ad24a5ae5b6e1eed2b848477fa2a4787ba9adf39a41?s=96&d=mm&r=g","url":"https:\/\/secure.gravatar.com\/avatar\/c7164ed6fdec453195284ad24a5ae5b6e1eed2b848477fa2a4787ba9adf39a41?s=96&d=mm&r=g","contentUrl":"https:\/\/secure.gravatar.com\/avatar\/c7164ed6fdec453195284ad24a5ae5b6e1eed2b848477fa2a4787ba9adf39a41?s=96&d=mm&r=g","caption":"Redacci\u00f3n QP"},"url":"https:\/\/quehacerpolitico.mx\/?author=2"}]}},"featured_image_urls":{"full":["https:\/\/quehacerpolitico.mx\/wp-content\/uploads\/2021\/11\/81B7F5CE-C0CB-4B7E-9245-E1E511417227.jpeg",953,714,false],"thumbnail":["https:\/\/quehacerpolitico.mx\/wp-content\/uploads\/2021\/11\/81B7F5CE-C0CB-4B7E-9245-E1E511417227-150x150.jpeg",150,150,true],"medium":["https:\/\/quehacerpolitico.mx\/wp-content\/uploads\/2021\/11\/81B7F5CE-C0CB-4B7E-9245-E1E511417227-300x225.jpeg",300,225,true],"medium_large":["https:\/\/quehacerpolitico.mx\/wp-content\/uploads\/2021\/11\/81B7F5CE-C0CB-4B7E-9245-E1E511417227-768x575.jpeg",640,479,true],"large":["https:\/\/quehacerpolitico.mx\/wp-content\/uploads\/2021\/11\/81B7F5CE-C0CB-4B7E-9245-E1E511417227.jpeg",640,479,false],"1536x1536":["https:\/\/quehacerpolitico.mx\/wp-content\/uploads\/2021\/11\/81B7F5CE-C0CB-4B7E-9245-E1E511417227.jpeg",953,714,false],"2048x2048":["https:\/\/quehacerpolitico.mx\/wp-content\/uploads\/2021\/11\/81B7F5CE-C0CB-4B7E-9245-E1E511417227.jpeg",953,714,false],"covernews-featured":["https:\/\/quehacerpolitico.mx\/wp-content\/uploads\/2021\/11\/81B7F5CE-C0CB-4B7E-9245-E1E511417227.jpeg",953,714,false],"covernews-medium":["https:\/\/quehacerpolitico.mx\/wp-content\/uploads\/2021\/11\/81B7F5CE-C0CB-4B7E-9245-E1E511417227.jpeg",454,340,false]},"author_info":{"display_name":"Redacci\u00f3n QP","author_link":"https:\/\/quehacerpolitico.mx\/?author=2"},"category_info":"<a href=\"https:\/\/quehacerpolitico.mx\/?cat=2\" rel=\"category\">Noticias<\/a>","tag_info":"Noticias","comment_count":"0","_links":{"self":[{"href":"https:\/\/quehacerpolitico.mx\/index.php?rest_route=\/wp\/v2\/posts\/86250","targetHints":{"allow":["GET"]}}],"collection":[{"href":"https:\/\/quehacerpolitico.mx\/index.php?rest_route=\/wp\/v2\/posts"}],"about":[{"href":"https:\/\/quehacerpolitico.mx\/index.php?rest_route=\/wp\/v2\/types\/post"}],"author":[{"embeddable":true,"href":"https:\/\/quehacerpolitico.mx\/index.php?rest_route=\/wp\/v2\/users\/2"}],"replies":[{"embeddable":true,"href":"https:\/\/quehacerpolitico.mx\/index.php?rest_route=%2Fwp%2Fv2%2Fcomments&post=86250"}],"version-history":[{"count":2,"href":"https:\/\/quehacerpolitico.mx\/index.php?rest_route=\/wp\/v2\/posts\/86250\/revisions"}],"predecessor-version":[{"id":86255,"href":"https:\/\/quehacerpolitico.mx\/index.php?rest_route=\/wp\/v2\/posts\/86250\/revisions\/86255"}],"wp:featuredmedia":[{"embeddable":true,"href":"https:\/\/quehacerpolitico.mx\/index.php?rest_route=\/wp\/v2\/media\/86251"}],"wp:attachment":[{"href":"https:\/\/quehacerpolitico.mx\/index.php?rest_route=%2Fwp%2Fv2%2Fmedia&parent=86250"}],"wp:term":[{"taxonomy":"category","embeddable":true,"href":"https:\/\/quehacerpolitico.mx\/index.php?rest_route=%2Fwp%2Fv2%2Fcategories&post=86250"},{"taxonomy":"post_tag","embeddable":true,"href":"https:\/\/quehacerpolitico.mx\/index.php?rest_route=%2Fwp%2Fv2%2Ftags&post=86250"}],"curies":[{"name":"wp","href":"https:\/\/api.w.org\/{rel}","templated":true}]}}