{"id":86247,"date":"2021-11-03T15:04:34","date_gmt":"2021-11-03T15:04:34","guid":{"rendered":"https:\/\/quehacerpolitico.mx\/?p=86247"},"modified":"2021-11-03T15:04:37","modified_gmt":"2021-11-03T15:04:37","slug":"internacionales-carolina-alonso-romei-el-republicano-glenn-youngkin-gana-elecciones-para-gobernar-virginia-un-reves-para-biden","status":"publish","type":"post","link":"https:\/\/quehacerpolitico.mx\/?p=86247","title":{"rendered":"Internacionales\/\/\/Carolina Alonso Romei\/\/\/El republicano Glenn Youngkin gana elecciones para gobernar Virginia; un rev\u00e9s para Biden"},"content":{"rendered":"\n<p>Por Carolina Alonso Romei<\/p>\n\n\n\n<p>Internacionalista <\/p>\n\n\n\n<p>Estas elecciones suponen el primer test en las urnas de Biden desde que lleg\u00f3 a la Casa Blanca hace un a\u00f1o y, adem\u00e1s, son un primer medidor de la actitud de los estadounidenses de cara a las elecciones legislativas de 2022.<\/p>\n\n\n\n<ul class=\"wp-block-list\"><li>Donald Trump celebr\u00f3 la victoria de Youngkin<\/li><\/ul>\n\n\n\n<p>Gleen Youngkin gan\u00f3 la elecci\u00f3n para\u00a0gobernar\u00a0<strong>Virginia<\/strong>,\u00a0con lo que el\u00a0<strong>Partido Republicano de Estados Unidos<\/strong>, recupera el estado en un rev\u00e9s para el presidente estadounidense,<strong>\u00a0Joe Biden<\/strong>, que hace casi un a\u00f1o se lo gan\u00f3 a su predecesor,\u00a0<strong>Donald Trump<\/strong>, por diez puntos porcentuales, seg\u00fan las proyecciones de los principales medios.<\/p>\n\n\n\n<p>Las cadenas&nbsp;<strong>CNN, ABC, CBS, FOX y NBC<\/strong>&nbsp;dan como ganador al republicano Glenn Youngkin, un empresario sin experiencia pol\u00edtica que ha hecho de la influencia de los padres en las escuelas un tema central de su campa\u00f1a y que se enfrentaba al dem\u00f3crata Terry McAuliffe, quien ya gobern\u00f3 el estado entre 2014 y 2018.<\/p>\n\n\n\n<p><strong>Estas elecciones suponen el primer test en las urnas de Biden desde que lleg\u00f3 a la Casa Blanca<\/strong>&nbsp;hace un a\u00f1o y, adem\u00e1s,&nbsp;<strong>son un primer medidor de la actitud de los estadounidenses de cara a las elecciones legislativas de 2022<\/strong>, en las que los dem\u00f3cratas temen perder sus mayor\u00edas en el Congreso.<\/p>\n\n\n\n<p>Con el 95% escrutado, Youngkin sumaba un 51% con m\u00e1s de un mill\u00f3n 655 mil votos, mientras que McAuliffe le segu\u00eda con un 48.3 % (un mill\u00f3n 570 mil votos), de acuerdo a The New York Times.<\/p>\n\n\n\n<p>Enseguida, el expresidente\u00a0<strong>Donald Trump celebr\u00f3 la victoria de Youngkin<\/strong>, un \u201cverdadero patriota\u201d de \u201cEE.UU. primero\u201d, el que fuera su lema de campa\u00f1a para las elecciones presidenciales que gan\u00f3 en 2016.<\/p>\n\n\n\n<figure class=\"wp-block-embed is-type-rich is-provider-twitter wp-block-embed-twitter\"><div class=\"wp-block-embed__wrapper\">\n<blockquote class=\"twitter-tweet\" data-width=\"550\" data-dnt=\"true\"><p lang=\"en\" dir=\"ltr\">The 74th Governor of the Commonwealth of Virginia\u2026<a href=\"https:\/\/twitter.com\/GlennYoungkin?ref_src=twsrc%5Etfw\">@GlennYoungkin<\/a>!!! <a href=\"https:\/\/twitter.com\/hashtag\/WonWithGlenn?src=hash&amp;ref_src=twsrc%5Etfw\">#WonWithGlenn<\/a> <a href=\"https:\/\/t.co\/rd29Q4ybMA\">pic.twitter.com\/rd29Q4ybMA<\/a><\/p>&mdash; Christian Martinez (@C_RMartinez) <a href=\"https:\/\/twitter.com\/C_RMartinez\/status\/1455765388608909312?ref_src=twsrc%5Etfw\">November 3, 2021<\/a><\/blockquote><script async src=\"https:\/\/platform.twitter.com\/widgets.js\" charset=\"utf-8\"><\/script>\n<\/div><\/figure>\n\n\n\n<p><strong>Trump autom\u00e1ticamente dio cr\u00e9dito a su base electoral por haber \u201csalido a votar con fuerza\u201d<\/strong>\u00a0y haber convertido a Youngkin en gobernador de Virginia durante los pr\u00f3ximos cuatro a\u00f1os.<\/p>\n\n\n\n<p>Youngkin, sin embargo, ha tratado de mantener cierta distancia con Trump para movilizar a sus seguidores, pero sin asustar a los votantes republicanos tradicionales que se concentran en las zonas residenciales adineradas de los suburbios.<\/p>\n\n\n\n<p>McAuliffe, una figura centrista que lleva d\u00e9cadas en el Partido Dem\u00f3crata, todav\u00eda no ha reconocido la derrota.<\/p>\n\n\n\n<p>Antes de que los medios hicieran sus proyecciones y cuando se hab\u00eda escrutado el 90% del voto, McAuliffe intervino ante sus seguidores para pedir que se siguieran contando las papeletas porque \u201ccada uno de los virginianos merece que su voz sea escuchada\u201d.<\/p>\n\n\n\n<p>El descalabro de los dem\u00f3cratas no se qued\u00f3 en la p\u00e9rdida de la oficina del gobernador, sino que tambi\u00e9n les fueron arrebatadas la del vicegobernador, ganada por la republicana Winsome Sears, y la del fiscal general, en la que se impuso Jason Miyares.<\/p>\n\n\n\n<p>Los dem\u00f3cratas, sin embargo, parecen haber evitado el desastre total gracias a la C\u00e1mara Baja del Legislativo, donde el recuento a\u00fan sin finalizar parece arrojar un empate a 50 asientos, sin que exista un mecanismo para el desempate.<\/p>\n\n\n\n<p>Horas antes, en una rueda de prensa en Glasgow (Escocia), Biden predijo una victoria dem\u00f3crata en Virginia y Nueva Jersey, donde a\u00fan no se conoce un ganador, pero las cosas pintan peor para los dem\u00f3cratas de lo anticipado por las encuestas.<\/p>\n\n\n\n<p>Con informaci\u00f3n de EFE.<\/p>\n","protected":false},"excerpt":{"rendered":"<p>Por Carolina Alonso Romei Internacionalista Estas elecciones suponen el primer test en las urnas de&#8230;<\/p>\n","protected":false},"author":2,"featured_media":86248,"comment_status":"open","ping_status":"open","sticky":false,"template":"","format":"standard","meta":{"_monsterinsights_skip_tracking":false,"_monsterinsights_sitenote_active":false,"_monsterinsights_sitenote_note":"","_monsterinsights_sitenote_category":0,"footnotes":""},"categories":[1],"tags":[],"class_list":["post-86247","post","type-post","status-publish","format-standard","has-post-thumbnail","hentry","category-sin-categoria"],"yoast_head":"<!-- This site is optimized with the Yoast SEO plugin v27.3 - https:\/\/yoast.com\/product\/yoast-seo-wordpress\/ -->\n<title>Internacionales\/\/\/Carolina Alonso Romei\/\/\/El republicano Glenn Youngkin gana elecciones para gobernar Virginia; un rev\u00e9s para Biden -<\/title>\n<meta name=\"robots\" content=\"index, follow, max-snippet:-1, max-image-preview:large, max-video-preview:-1\" \/>\n<link rel=\"canonical\" href=\"https:\/\/quehacerpolitico.mx\/?p=86247\" \/>\n<meta property=\"og:locale\" content=\"es_MX\" \/>\n<meta property=\"og:type\" content=\"article\" \/>\n<meta property=\"og:title\" content=\"Internacionales\/\/\/Carolina Alonso Romei\/\/\/El republicano Glenn Youngkin gana elecciones para gobernar Virginia; un rev\u00e9s para Biden -\" \/>\n<meta property=\"og:description\" content=\"Por Carolina Alonso Romei Internacionalista Estas elecciones suponen el primer test en las urnas de...\" \/>\n<meta property=\"og:url\" content=\"https:\/\/quehacerpolitico.mx\/?p=86247\" \/>\n<meta property=\"article:published_time\" content=\"2021-11-03T15:04:34+00:00\" \/>\n<meta property=\"article:modified_time\" content=\"2021-11-03T15:04:37+00:00\" \/>\n<meta property=\"og:image\" content=\"https:\/\/quehacerpolitico.mx\/wp-content\/uploads\/2021\/11\/EC09C973-D958-4405-9B57-9F936D6B1FC3.jpeg\" \/>\n\t<meta property=\"og:image:width\" content=\"976\" \/>\n\t<meta property=\"og:image:height\" content=\"549\" \/>\n\t<meta property=\"og:image:type\" content=\"image\/jpeg\" \/>\n<meta name=\"author\" content=\"Redacci\u00f3n QP\" \/>\n<meta name=\"twitter:card\" content=\"summary_large_image\" \/>\n<meta name=\"twitter:label1\" content=\"Escrito por\" \/>\n\t<meta name=\"twitter:data1\" content=\"Redacci\u00f3n QP\" \/>\n\t<meta name=\"twitter:label2\" content=\"Tiempo de lectura\" \/>\n\t<meta name=\"twitter:data2\" content=\"3 minutos\" \/>\n<script type=\"application\/ld+json\" class=\"yoast-schema-graph\">{\"@context\":\"https:\\\/\\\/schema.org\",\"@graph\":[{\"@type\":\"Article\",\"@id\":\"https:\\\/\\\/quehacerpolitico.mx\\\/?p=86247#article\",\"isPartOf\":{\"@id\":\"https:\\\/\\\/quehacerpolitico.mx\\\/?p=86247\"},\"author\":{\"name\":\"Redacci\u00f3n QP\",\"@id\":\"https:\\\/\\\/quehacerpolitico.mx\\\/#\\\/schema\\\/person\\\/496d8ad2d1d3f8036101dca7ee39e585\"},\"headline\":\"Internacionales\\\/\\\/\\\/Carolina Alonso Romei\\\/\\\/\\\/El republicano Glenn Youngkin gana elecciones para gobernar Virginia; un rev\u00e9s para Biden\",\"datePublished\":\"2021-11-03T15:04:34+00:00\",\"dateModified\":\"2021-11-03T15:04:37+00:00\",\"mainEntityOfPage\":{\"@id\":\"https:\\\/\\\/quehacerpolitico.mx\\\/?p=86247\"},\"wordCount\":584,\"commentCount\":0,\"image\":{\"@id\":\"https:\\\/\\\/quehacerpolitico.mx\\\/?p=86247#primaryimage\"},\"thumbnailUrl\":\"https:\\\/\\\/quehacerpolitico.mx\\\/wp-content\\\/uploads\\\/2021\\\/11\\\/EC09C973-D958-4405-9B57-9F936D6B1FC3.jpeg\",\"articleSection\":[\"Internacionales\"],\"inLanguage\":\"es\",\"potentialAction\":[{\"@type\":\"CommentAction\",\"name\":\"Comment\",\"target\":[\"https:\\\/\\\/quehacerpolitico.mx\\\/?p=86247#respond\"]}]},{\"@type\":\"WebPage\",\"@id\":\"https:\\\/\\\/quehacerpolitico.mx\\\/?p=86247\",\"url\":\"https:\\\/\\\/quehacerpolitico.mx\\\/?p=86247\",\"name\":\"Internacionales\\\/\\\/\\\/Carolina Alonso Romei\\\/\\\/\\\/El republicano Glenn Youngkin gana elecciones para gobernar Virginia; un rev\u00e9s para Biden -\",\"isPartOf\":{\"@id\":\"https:\\\/\\\/quehacerpolitico.mx\\\/#website\"},\"primaryImageOfPage\":{\"@id\":\"https:\\\/\\\/quehacerpolitico.mx\\\/?p=86247#primaryimage\"},\"image\":{\"@id\":\"https:\\\/\\\/quehacerpolitico.mx\\\/?p=86247#primaryimage\"},\"thumbnailUrl\":\"https:\\\/\\\/quehacerpolitico.mx\\\/wp-content\\\/uploads\\\/2021\\\/11\\\/EC09C973-D958-4405-9B57-9F936D6B1FC3.jpeg\",\"datePublished\":\"2021-11-03T15:04:34+00:00\",\"dateModified\":\"2021-11-03T15:04:37+00:00\",\"author\":{\"@id\":\"https:\\\/\\\/quehacerpolitico.mx\\\/#\\\/schema\\\/person\\\/496d8ad2d1d3f8036101dca7ee39e585\"},\"breadcrumb\":{\"@id\":\"https:\\\/\\\/quehacerpolitico.mx\\\/?p=86247#breadcrumb\"},\"inLanguage\":\"es\",\"potentialAction\":[{\"@type\":\"ReadAction\",\"target\":[\"https:\\\/\\\/quehacerpolitico.mx\\\/?p=86247\"]}]},{\"@type\":\"ImageObject\",\"inLanguage\":\"es\",\"@id\":\"https:\\\/\\\/quehacerpolitico.mx\\\/?p=86247#primaryimage\",\"url\":\"https:\\\/\\\/quehacerpolitico.mx\\\/wp-content\\\/uploads\\\/2021\\\/11\\\/EC09C973-D958-4405-9B57-9F936D6B1FC3.jpeg\",\"contentUrl\":\"https:\\\/\\\/quehacerpolitico.mx\\\/wp-content\\\/uploads\\\/2021\\\/11\\\/EC09C973-D958-4405-9B57-9F936D6B1FC3.jpeg\",\"width\":976,\"height\":549},{\"@type\":\"BreadcrumbList\",\"@id\":\"https:\\\/\\\/quehacerpolitico.mx\\\/?p=86247#breadcrumb\",\"itemListElement\":[{\"@type\":\"ListItem\",\"position\":1,\"name\":\"Inicio\",\"item\":\"https:\\\/\\\/quehacerpolitico.mx\\\/\"},{\"@type\":\"ListItem\",\"position\":2,\"name\":\"Internacionales\\\/\\\/\\\/Carolina Alonso Romei\\\/\\\/\\\/El republicano Glenn Youngkin gana elecciones para gobernar Virginia; un rev\u00e9s para Biden\"}]},{\"@type\":\"WebSite\",\"@id\":\"https:\\\/\\\/quehacerpolitico.mx\\\/#website\",\"url\":\"https:\\\/\\\/quehacerpolitico.mx\\\/\",\"name\":\"\",\"description\":\"\",\"potentialAction\":[{\"@type\":\"SearchAction\",\"target\":{\"@type\":\"EntryPoint\",\"urlTemplate\":\"https:\\\/\\\/quehacerpolitico.mx\\\/?s={search_term_string}\"},\"query-input\":{\"@type\":\"PropertyValueSpecification\",\"valueRequired\":true,\"valueName\":\"search_term_string\"}}],\"inLanguage\":\"es\"},{\"@type\":\"Person\",\"@id\":\"https:\\\/\\\/quehacerpolitico.mx\\\/#\\\/schema\\\/person\\\/496d8ad2d1d3f8036101dca7ee39e585\",\"name\":\"Redacci\u00f3n QP\",\"image\":{\"@type\":\"ImageObject\",\"inLanguage\":\"es\",\"@id\":\"https:\\\/\\\/secure.gravatar.com\\\/avatar\\\/c7164ed6fdec453195284ad24a5ae5b6e1eed2b848477fa2a4787ba9adf39a41?s=96&d=mm&r=g\",\"url\":\"https:\\\/\\\/secure.gravatar.com\\\/avatar\\\/c7164ed6fdec453195284ad24a5ae5b6e1eed2b848477fa2a4787ba9adf39a41?s=96&d=mm&r=g\",\"contentUrl\":\"https:\\\/\\\/secure.gravatar.com\\\/avatar\\\/c7164ed6fdec453195284ad24a5ae5b6e1eed2b848477fa2a4787ba9adf39a41?s=96&d=mm&r=g\",\"caption\":\"Redacci\u00f3n QP\"},\"url\":\"https:\\\/\\\/quehacerpolitico.mx\\\/?author=2\"}]}<\/script>\n<!-- \/ Yoast SEO plugin. -->","yoast_head_json":{"title":"Internacionales\/\/\/Carolina Alonso Romei\/\/\/El republicano Glenn Youngkin gana elecciones para gobernar Virginia; un rev\u00e9s para Biden -","robots":{"index":"index","follow":"follow","max-snippet":"max-snippet:-1","max-image-preview":"max-image-preview:large","max-video-preview":"max-video-preview:-1"},"canonical":"https:\/\/quehacerpolitico.mx\/?p=86247","og_locale":"es_MX","og_type":"article","og_title":"Internacionales\/\/\/Carolina Alonso Romei\/\/\/El republicano Glenn Youngkin gana elecciones para gobernar Virginia; un rev\u00e9s para Biden -","og_description":"Por Carolina Alonso Romei Internacionalista Estas elecciones suponen el primer test en las urnas de...","og_url":"https:\/\/quehacerpolitico.mx\/?p=86247","article_published_time":"2021-11-03T15:04:34+00:00","article_modified_time":"2021-11-03T15:04:37+00:00","og_image":[{"width":976,"height":549,"url":"https:\/\/quehacerpolitico.mx\/wp-content\/uploads\/2021\/11\/EC09C973-D958-4405-9B57-9F936D6B1FC3.jpeg","type":"image\/jpeg"}],"author":"Redacci\u00f3n QP","twitter_card":"summary_large_image","twitter_misc":{"Escrito por":"Redacci\u00f3n QP","Tiempo de lectura":"3 minutos"},"schema":{"@context":"https:\/\/schema.org","@graph":[{"@type":"Article","@id":"https:\/\/quehacerpolitico.mx\/?p=86247#article","isPartOf":{"@id":"https:\/\/quehacerpolitico.mx\/?p=86247"},"author":{"name":"Redacci\u00f3n QP","@id":"https:\/\/quehacerpolitico.mx\/#\/schema\/person\/496d8ad2d1d3f8036101dca7ee39e585"},"headline":"Internacionales\/\/\/Carolina Alonso Romei\/\/\/El republicano Glenn Youngkin gana elecciones para gobernar Virginia; un rev\u00e9s para Biden","datePublished":"2021-11-03T15:04:34+00:00","dateModified":"2021-11-03T15:04:37+00:00","mainEntityOfPage":{"@id":"https:\/\/quehacerpolitico.mx\/?p=86247"},"wordCount":584,"commentCount":0,"image":{"@id":"https:\/\/quehacerpolitico.mx\/?p=86247#primaryimage"},"thumbnailUrl":"https:\/\/quehacerpolitico.mx\/wp-content\/uploads\/2021\/11\/EC09C973-D958-4405-9B57-9F936D6B1FC3.jpeg","articleSection":["Internacionales"],"inLanguage":"es","potentialAction":[{"@type":"CommentAction","name":"Comment","target":["https:\/\/quehacerpolitico.mx\/?p=86247#respond"]}]},{"@type":"WebPage","@id":"https:\/\/quehacerpolitico.mx\/?p=86247","url":"https:\/\/quehacerpolitico.mx\/?p=86247","name":"Internacionales\/\/\/Carolina Alonso Romei\/\/\/El republicano Glenn Youngkin gana elecciones para gobernar Virginia; un rev\u00e9s para Biden -","isPartOf":{"@id":"https:\/\/quehacerpolitico.mx\/#website"},"primaryImageOfPage":{"@id":"https:\/\/quehacerpolitico.mx\/?p=86247#primaryimage"},"image":{"@id":"https:\/\/quehacerpolitico.mx\/?p=86247#primaryimage"},"thumbnailUrl":"https:\/\/quehacerpolitico.mx\/wp-content\/uploads\/2021\/11\/EC09C973-D958-4405-9B57-9F936D6B1FC3.jpeg","datePublished":"2021-11-03T15:04:34+00:00","dateModified":"2021-11-03T15:04:37+00:00","author":{"@id":"https:\/\/quehacerpolitico.mx\/#\/schema\/person\/496d8ad2d1d3f8036101dca7ee39e585"},"breadcrumb":{"@id":"https:\/\/quehacerpolitico.mx\/?p=86247#breadcrumb"},"inLanguage":"es","potentialAction":[{"@type":"ReadAction","target":["https:\/\/quehacerpolitico.mx\/?p=86247"]}]},{"@type":"ImageObject","inLanguage":"es","@id":"https:\/\/quehacerpolitico.mx\/?p=86247#primaryimage","url":"https:\/\/quehacerpolitico.mx\/wp-content\/uploads\/2021\/11\/EC09C973-D958-4405-9B57-9F936D6B1FC3.jpeg","contentUrl":"https:\/\/quehacerpolitico.mx\/wp-content\/uploads\/2021\/11\/EC09C973-D958-4405-9B57-9F936D6B1FC3.jpeg","width":976,"height":549},{"@type":"BreadcrumbList","@id":"https:\/\/quehacerpolitico.mx\/?p=86247#breadcrumb","itemListElement":[{"@type":"ListItem","position":1,"name":"Inicio","item":"https:\/\/quehacerpolitico.mx\/"},{"@type":"ListItem","position":2,"name":"Internacionales\/\/\/Carolina Alonso Romei\/\/\/El republicano Glenn Youngkin gana elecciones para gobernar Virginia; un rev\u00e9s para Biden"}]},{"@type":"WebSite","@id":"https:\/\/quehacerpolitico.mx\/#website","url":"https:\/\/quehacerpolitico.mx\/","name":"","description":"","potentialAction":[{"@type":"SearchAction","target":{"@type":"EntryPoint","urlTemplate":"https:\/\/quehacerpolitico.mx\/?s={search_term_string}"},"query-input":{"@type":"PropertyValueSpecification","valueRequired":true,"valueName":"search_term_string"}}],"inLanguage":"es"},{"@type":"Person","@id":"https:\/\/quehacerpolitico.mx\/#\/schema\/person\/496d8ad2d1d3f8036101dca7ee39e585","name":"Redacci\u00f3n QP","image":{"@type":"ImageObject","inLanguage":"es","@id":"https:\/\/secure.gravatar.com\/avatar\/c7164ed6fdec453195284ad24a5ae5b6e1eed2b848477fa2a4787ba9adf39a41?s=96&d=mm&r=g","url":"https:\/\/secure.gravatar.com\/avatar\/c7164ed6fdec453195284ad24a5ae5b6e1eed2b848477fa2a4787ba9adf39a41?s=96&d=mm&r=g","contentUrl":"https:\/\/secure.gravatar.com\/avatar\/c7164ed6fdec453195284ad24a5ae5b6e1eed2b848477fa2a4787ba9adf39a41?s=96&d=mm&r=g","caption":"Redacci\u00f3n QP"},"url":"https:\/\/quehacerpolitico.mx\/?author=2"}]}},"featured_image_urls":{"full":["https:\/\/quehacerpolitico.mx\/wp-content\/uploads\/2021\/11\/EC09C973-D958-4405-9B57-9F936D6B1FC3.jpeg",976,549,false],"thumbnail":["https:\/\/quehacerpolitico.mx\/wp-content\/uploads\/2021\/11\/EC09C973-D958-4405-9B57-9F936D6B1FC3-150x150.jpeg",150,150,true],"medium":["https:\/\/quehacerpolitico.mx\/wp-content\/uploads\/2021\/11\/EC09C973-D958-4405-9B57-9F936D6B1FC3-300x169.jpeg",300,169,true],"medium_large":["https:\/\/quehacerpolitico.mx\/wp-content\/uploads\/2021\/11\/EC09C973-D958-4405-9B57-9F936D6B1FC3-768x432.jpeg",640,360,true],"large":["https:\/\/quehacerpolitico.mx\/wp-content\/uploads\/2021\/11\/EC09C973-D958-4405-9B57-9F936D6B1FC3.jpeg",640,360,false],"1536x1536":["https:\/\/quehacerpolitico.mx\/wp-content\/uploads\/2021\/11\/EC09C973-D958-4405-9B57-9F936D6B1FC3.jpeg",976,549,false],"2048x2048":["https:\/\/quehacerpolitico.mx\/wp-content\/uploads\/2021\/11\/EC09C973-D958-4405-9B57-9F936D6B1FC3.jpeg",976,549,false],"covernews-featured":["https:\/\/quehacerpolitico.mx\/wp-content\/uploads\/2021\/11\/EC09C973-D958-4405-9B57-9F936D6B1FC3.jpeg",976,549,false],"covernews-medium":["https:\/\/quehacerpolitico.mx\/wp-content\/uploads\/2021\/11\/EC09C973-D958-4405-9B57-9F936D6B1FC3.jpeg",540,304,false]},"author_info":{"display_name":"Redacci\u00f3n QP","author_link":"https:\/\/quehacerpolitico.mx\/?author=2"},"category_info":"<a href=\"https:\/\/quehacerpolitico.mx\/?cat=1\" rel=\"category\">Internacionales<\/a>","tag_info":"Internacionales","comment_count":"0","_links":{"self":[{"href":"https:\/\/quehacerpolitico.mx\/index.php?rest_route=\/wp\/v2\/posts\/86247","targetHints":{"allow":["GET"]}}],"collection":[{"href":"https:\/\/quehacerpolitico.mx\/index.php?rest_route=\/wp\/v2\/posts"}],"about":[{"href":"https:\/\/quehacerpolitico.mx\/index.php?rest_route=\/wp\/v2\/types\/post"}],"author":[{"embeddable":true,"href":"https:\/\/quehacerpolitico.mx\/index.php?rest_route=\/wp\/v2\/users\/2"}],"replies":[{"embeddable":true,"href":"https:\/\/quehacerpolitico.mx\/index.php?rest_route=%2Fwp%2Fv2%2Fcomments&post=86247"}],"version-history":[{"count":1,"href":"https:\/\/quehacerpolitico.mx\/index.php?rest_route=\/wp\/v2\/posts\/86247\/revisions"}],"predecessor-version":[{"id":86249,"href":"https:\/\/quehacerpolitico.mx\/index.php?rest_route=\/wp\/v2\/posts\/86247\/revisions\/86249"}],"wp:featuredmedia":[{"embeddable":true,"href":"https:\/\/quehacerpolitico.mx\/index.php?rest_route=\/wp\/v2\/media\/86248"}],"wp:attachment":[{"href":"https:\/\/quehacerpolitico.mx\/index.php?rest_route=%2Fwp%2Fv2%2Fmedia&parent=86247"}],"wp:term":[{"taxonomy":"category","embeddable":true,"href":"https:\/\/quehacerpolitico.mx\/index.php?rest_route=%2Fwp%2Fv2%2Fcategories&post=86247"},{"taxonomy":"post_tag","embeddable":true,"href":"https:\/\/quehacerpolitico.mx\/index.php?rest_route=%2Fwp%2Fv2%2Ftags&post=86247"}],"curies":[{"name":"wp","href":"https:\/\/api.w.org\/{rel}","templated":true}]}}