{"id":86242,"date":"2021-11-02T17:28:30","date_gmt":"2021-11-02T17:28:30","guid":{"rendered":"https:\/\/quehacerpolitico.mx\/?p=86242"},"modified":"2021-11-02T17:31:30","modified_gmt":"2021-11-02T17:31:30","slug":"por-miedo-a-rapina-damnificados-por-explosion-en-puebla-duermen-en-la-calle","status":"publish","type":"post","link":"https:\/\/quehacerpolitico.mx\/?p=86242","title":{"rendered":"Por miedo a rapi\u00f1a, damnificados por explosi\u00f3n en Puebla duermen en la calle"},"content":{"rendered":"\n<p>Por Redacci\u00f3n QP<\/p>\n\n\n\n<p>Aunque las autoridades habilitaron albergues tras la explosi\u00f3n del ducto de gas LP a consecuencia de una toma clandestina, algunas personas prefieren pernoctar afuera de sus casas<\/p>\n\n\n\n<p>Luego de la explosi\u00f3n del ducto de gas LP a consecuencia de una toma clandestina en San Pablo Xochimehuac\u00e1n de la capital de<strong>&nbsp;<\/strong>Puebla,<strong>&nbsp;las autoridades habilitaron albergues, pero&nbsp;algunas personas prefieren pernoctar afuera de sus casas por miedo a los robos<\/strong>.<\/p>\n\n\n\n<p>Los vecinos se\u00f1alaron que&nbsp;no quieren ser v\u00edctimas de&nbsp;la rapi\u00f1a que cometen los delincuentes que viven en la demarcaci\u00f3n.<\/p>\n\n\n\n<blockquote class=\"wp-block-quote is-layout-flow wp-block-quote-is-layout-flow\"><p>&#8220;D\u00f3nde est\u00e1 el gobernador, San Pablo est\u00e1 olvidado&#8221;<\/p><\/blockquote>\n\n\n\n<p><strong>&#8220;Aqu\u00ed est\u00e1n saqueando las casas, aqu\u00ed, la verdad, San Pablo ya est\u00e1 horrible. Vea usted, ni el propio presidente (auxiliar) de San Pablo que se supone hizo sus campa\u00f1as para que vot\u00e1ramos por \u00e9l, d\u00f3nde est\u00e1. D\u00f3nde est\u00e1 el gobernador, San Pablo est\u00e1 olvidado&#8221;<\/strong>, expres\u00f3 una pobladora.<\/p>\n\n\n\n<p>Don Agust\u00edn se\u00f1al\u00f3 que \u00fanicamente fue a comprar un poco de comida y regres\u00f3 para seguir cuidando su vivienda.<\/p>\n\n\n\n<h2 class=\"wp-block-heading\">&#8220;Dime t\u00fa qu\u00e9 necesidad, dime t\u00fa, qu\u00e9 hago&#8221;<\/h2>\n\n\n\n<p>&#8220;Me fui un rato, me fui a echar un taco, le dije al soldado que me diera chance ir a mi casa. Hoy (lunes) nom\u00e1s fui a comprar alimento para mi animalito, ni modo que lo fuera a dejar sin comer&#8221;, se\u00f1al\u00f3.<\/p>\n\n\n\n<p>Comparti\u00f3 que\u00a0<strong>desde la madrugada de ayer domingo 31 de octubre ha permanecido afuera de su casa que result\u00f3 da\u00f1ada.<\/strong><\/p>\n\n\n\n<figure class=\"wp-block-embed is-type-video is-provider-youtube wp-block-embed-youtube wp-embed-aspect-16-9 wp-has-aspect-ratio\"><div class=\"wp-block-embed__wrapper\">\n<iframe loading=\"lazy\" title=\"Pobladores de San Pablo duermen en la calle para evitar los saqueos\" width=\"640\" height=\"360\" src=\"https:\/\/www.youtube.com\/embed\/GW1YlT6G2i4?feature=oembed\" frameborder=\"0\" allow=\"accelerometer; autoplay; clipboard-write; encrypted-media; gyroscope; picture-in-picture; web-share\" referrerpolicy=\"strict-origin-when-cross-origin\" allowfullscreen><\/iframe>\n<\/div><\/figure>\n\n\n\n<p>&#8220;No dicen nada (las autoridades), no te dicen \u2018tal d\u00eda, esp\u00e9rese o pasen a su casa\u2019. Yo estoy desde antier (domingo)&nbsp;<strong>viendo pa\u2019 que la rapi\u00f1a no entre a mi casa&#8221;<\/strong>, insisti\u00f3.<\/p>\n\n\n\n<p>Gaby Ruiz, quien se traslad\u00f3 desde el municipio de Tehuac\u00e1n tras enterarse de la explosi\u00f3n, dijo que tampoco ha acudido a ning\u00fan albergue porque no quiere que los delincuentes roben las pocas cosas a sus familiares.<\/p>\n\n\n\n<p><strong>&#8220;Yo dorm\u00ed, aqu\u00ed, en la esquina. Dime t\u00fa qu\u00e9 necesidad, dime t\u00fa, qu\u00e9 hago&#8221;<\/strong>, lament\u00f3.<\/p>\n\n\n\n<p>Entre l\u00e1grimas, exigi\u00f3 la ayuda de los gobiernos para que los habitantes salgan adelante.<\/p>\n\n\n\n<p>&#8220;Mis familiares est\u00e1n totalmente destrozados y eso duele much\u00edsimo porque son cosas que ni a ti ni a nadie, ni a la gente, se lo deseo. D\u00f3nde est\u00e1 el gobierno, d\u00f3nde est\u00e1 la sociedad, d\u00f3nde est\u00e1 la gente que te apoya. Aqu\u00ed, la gente est\u00e1 durmiendo afuera&#8221;, expres\u00f3 Gaby.<\/p>\n\n\n\n<p>En la zona, personal del Ej\u00e9rcito realiza la remoci\u00f3n de escombros con maquinaria mientras las autoridades confirman si las casas da\u00f1adas ser\u00e1n reconstruidas en el mismo lugar o ser\u00e1n reubicadas.<\/p>\n\n\n\n<h2 class=\"wp-block-heading\">Dos d\u00edas de duelo<\/h2>\n\n\n\n<p>El gobernador de Puebla, Luis Miguel Barbosa Huerta&nbsp;decreto dos d\u00edas de duelo por la explosi\u00f3n de un ducto de gas que&nbsp;<strong>dej\u00f3 un muerto y 17 heridos, cinco de ellos de gravedad<\/strong>.<\/p>\n\n\n\n<p>En un decreto adem\u00e1s se orden\u00f3 el izamiento a media asta, por dos d\u00edas, de la bandera nacional en se\u00f1al de luto y la colocaci\u00f3n de mo\u00f1os negros en dependencias estatales por un mes.<\/p>\n\n\n\n<p>&#8220;Tom\u00e9 la decisi\u00f3n que tengamos en el gobierno dos d\u00edas de luto por esta tragedia y mo\u00f1os negros en todas las oficinas de gobierno por el mes de noviembre y un gran repudio a la delincuencia, al crimen organizado, a este desorden que nos est\u00e1 llevando a condiciones muy complicadas como sociedad&#8221;, anunci\u00f3 Barbosa.<\/p>\n\n\n\n<h2 class=\"wp-block-heading\">14 personas siguen hospitalizadas<\/h2>\n\n\n\n<p>El saldo final de la explosi\u00f3n de un ducto de gas en el municipio de Puebla fue de un muerto,&nbsp;17 heridos- de los cuales 14 siguen hospitalizados-, 184 viviendas con da\u00f1os y la evacuaci\u00f3n de m\u00e1s de dos mil afectados.<\/p>\n\n\n\n<p>En la zona afectada operaron mil 160 efectivos policiales, federales y del Ej\u00e9rcito mexicano y trabajaron nueve binomios especializados en b\u00fasqueda y rescate.<\/p>\n\n\n\n<p>Con Informaci\u00f3n de SUN <\/p>\n","protected":false},"excerpt":{"rendered":"<p>Por Redacci\u00f3n QP Aunque las autoridades habilitaron albergues tras la explosi\u00f3n del ducto de gas&#8230;<\/p>\n","protected":false},"author":2,"featured_media":86243,"comment_status":"open","ping_status":"open","sticky":false,"template":"","format":"standard","meta":{"_monsterinsights_skip_tracking":false,"_monsterinsights_sitenote_active":false,"_monsterinsights_sitenote_note":"","_monsterinsights_sitenote_category":0,"footnotes":""},"categories":[2],"tags":[],"class_list":["post-86242","post","type-post","status-publish","format-standard","has-post-thumbnail","hentry","category-noticias"],"yoast_head":"<!-- This site is optimized with the Yoast SEO plugin v27.3 - https:\/\/yoast.com\/product\/yoast-seo-wordpress\/ -->\n<title>Por miedo a rapi\u00f1a, damnificados por explosi\u00f3n en Puebla duermen en la calle -<\/title>\n<meta name=\"robots\" content=\"index, follow, max-snippet:-1, max-image-preview:large, max-video-preview:-1\" \/>\n<link rel=\"canonical\" href=\"https:\/\/quehacerpolitico.mx\/?p=86242\" \/>\n<meta property=\"og:locale\" content=\"es_MX\" \/>\n<meta property=\"og:type\" content=\"article\" \/>\n<meta property=\"og:title\" content=\"Por miedo a rapi\u00f1a, damnificados por explosi\u00f3n en Puebla duermen en la calle -\" \/>\n<meta property=\"og:description\" content=\"Por Redacci\u00f3n QP Aunque las autoridades habilitaron albergues tras la explosi\u00f3n del ducto de gas...\" \/>\n<meta property=\"og:url\" content=\"https:\/\/quehacerpolitico.mx\/?p=86242\" \/>\n<meta property=\"article:published_time\" content=\"2021-11-02T17:28:30+00:00\" \/>\n<meta property=\"article:modified_time\" content=\"2021-11-02T17:31:30+00:00\" \/>\n<meta property=\"og:image\" content=\"https:\/\/quehacerpolitico.mx\/wp-content\/uploads\/2021\/11\/724C2F77-AD91-4132-8C0E-233B62355CF9.jpeg\" \/>\n\t<meta property=\"og:image:width\" content=\"1005\" \/>\n\t<meta property=\"og:image:height\" content=\"710\" \/>\n\t<meta property=\"og:image:type\" content=\"image\/jpeg\" \/>\n<meta name=\"author\" content=\"Redacci\u00f3n QP\" \/>\n<meta name=\"twitter:card\" content=\"summary_large_image\" \/>\n<meta name=\"twitter:label1\" content=\"Escrito por\" \/>\n\t<meta name=\"twitter:data1\" content=\"Redacci\u00f3n QP\" \/>\n\t<meta name=\"twitter:label2\" content=\"Tiempo de lectura\" \/>\n\t<meta name=\"twitter:data2\" content=\"3 minutos\" \/>\n<script type=\"application\/ld+json\" class=\"yoast-schema-graph\">{\"@context\":\"https:\\\/\\\/schema.org\",\"@graph\":[{\"@type\":\"Article\",\"@id\":\"https:\\\/\\\/quehacerpolitico.mx\\\/?p=86242#article\",\"isPartOf\":{\"@id\":\"https:\\\/\\\/quehacerpolitico.mx\\\/?p=86242\"},\"author\":{\"name\":\"Redacci\u00f3n QP\",\"@id\":\"https:\\\/\\\/quehacerpolitico.mx\\\/#\\\/schema\\\/person\\\/496d8ad2d1d3f8036101dca7ee39e585\"},\"headline\":\"Por miedo a rapi\u00f1a, damnificados por explosi\u00f3n en Puebla duermen en la calle\",\"datePublished\":\"2021-11-02T17:28:30+00:00\",\"dateModified\":\"2021-11-02T17:31:30+00:00\",\"mainEntityOfPage\":{\"@id\":\"https:\\\/\\\/quehacerpolitico.mx\\\/?p=86242\"},\"wordCount\":687,\"commentCount\":0,\"image\":{\"@id\":\"https:\\\/\\\/quehacerpolitico.mx\\\/?p=86242#primaryimage\"},\"thumbnailUrl\":\"https:\\\/\\\/quehacerpolitico.mx\\\/wp-content\\\/uploads\\\/2021\\\/11\\\/724C2F77-AD91-4132-8C0E-233B62355CF9.jpeg\",\"articleSection\":[\"Noticias\"],\"inLanguage\":\"es\",\"potentialAction\":[{\"@type\":\"CommentAction\",\"name\":\"Comment\",\"target\":[\"https:\\\/\\\/quehacerpolitico.mx\\\/?p=86242#respond\"]}]},{\"@type\":\"WebPage\",\"@id\":\"https:\\\/\\\/quehacerpolitico.mx\\\/?p=86242\",\"url\":\"https:\\\/\\\/quehacerpolitico.mx\\\/?p=86242\",\"name\":\"Por miedo a rapi\u00f1a, damnificados por explosi\u00f3n en Puebla duermen en la calle -\",\"isPartOf\":{\"@id\":\"https:\\\/\\\/quehacerpolitico.mx\\\/#website\"},\"primaryImageOfPage\":{\"@id\":\"https:\\\/\\\/quehacerpolitico.mx\\\/?p=86242#primaryimage\"},\"image\":{\"@id\":\"https:\\\/\\\/quehacerpolitico.mx\\\/?p=86242#primaryimage\"},\"thumbnailUrl\":\"https:\\\/\\\/quehacerpolitico.mx\\\/wp-content\\\/uploads\\\/2021\\\/11\\\/724C2F77-AD91-4132-8C0E-233B62355CF9.jpeg\",\"datePublished\":\"2021-11-02T17:28:30+00:00\",\"dateModified\":\"2021-11-02T17:31:30+00:00\",\"author\":{\"@id\":\"https:\\\/\\\/quehacerpolitico.mx\\\/#\\\/schema\\\/person\\\/496d8ad2d1d3f8036101dca7ee39e585\"},\"breadcrumb\":{\"@id\":\"https:\\\/\\\/quehacerpolitico.mx\\\/?p=86242#breadcrumb\"},\"inLanguage\":\"es\",\"potentialAction\":[{\"@type\":\"ReadAction\",\"target\":[\"https:\\\/\\\/quehacerpolitico.mx\\\/?p=86242\"]}]},{\"@type\":\"ImageObject\",\"inLanguage\":\"es\",\"@id\":\"https:\\\/\\\/quehacerpolitico.mx\\\/?p=86242#primaryimage\",\"url\":\"https:\\\/\\\/quehacerpolitico.mx\\\/wp-content\\\/uploads\\\/2021\\\/11\\\/724C2F77-AD91-4132-8C0E-233B62355CF9.jpeg\",\"contentUrl\":\"https:\\\/\\\/quehacerpolitico.mx\\\/wp-content\\\/uploads\\\/2021\\\/11\\\/724C2F77-AD91-4132-8C0E-233B62355CF9.jpeg\",\"width\":1005,\"height\":710},{\"@type\":\"BreadcrumbList\",\"@id\":\"https:\\\/\\\/quehacerpolitico.mx\\\/?p=86242#breadcrumb\",\"itemListElement\":[{\"@type\":\"ListItem\",\"position\":1,\"name\":\"Inicio\",\"item\":\"https:\\\/\\\/quehacerpolitico.mx\\\/\"},{\"@type\":\"ListItem\",\"position\":2,\"name\":\"Por miedo a rapi\u00f1a, damnificados por explosi\u00f3n en Puebla duermen en la calle\"}]},{\"@type\":\"WebSite\",\"@id\":\"https:\\\/\\\/quehacerpolitico.mx\\\/#website\",\"url\":\"https:\\\/\\\/quehacerpolitico.mx\\\/\",\"name\":\"\",\"description\":\"\",\"potentialAction\":[{\"@type\":\"SearchAction\",\"target\":{\"@type\":\"EntryPoint\",\"urlTemplate\":\"https:\\\/\\\/quehacerpolitico.mx\\\/?s={search_term_string}\"},\"query-input\":{\"@type\":\"PropertyValueSpecification\",\"valueRequired\":true,\"valueName\":\"search_term_string\"}}],\"inLanguage\":\"es\"},{\"@type\":\"Person\",\"@id\":\"https:\\\/\\\/quehacerpolitico.mx\\\/#\\\/schema\\\/person\\\/496d8ad2d1d3f8036101dca7ee39e585\",\"name\":\"Redacci\u00f3n QP\",\"image\":{\"@type\":\"ImageObject\",\"inLanguage\":\"es\",\"@id\":\"https:\\\/\\\/secure.gravatar.com\\\/avatar\\\/c7164ed6fdec453195284ad24a5ae5b6e1eed2b848477fa2a4787ba9adf39a41?s=96&d=mm&r=g\",\"url\":\"https:\\\/\\\/secure.gravatar.com\\\/avatar\\\/c7164ed6fdec453195284ad24a5ae5b6e1eed2b848477fa2a4787ba9adf39a41?s=96&d=mm&r=g\",\"contentUrl\":\"https:\\\/\\\/secure.gravatar.com\\\/avatar\\\/c7164ed6fdec453195284ad24a5ae5b6e1eed2b848477fa2a4787ba9adf39a41?s=96&d=mm&r=g\",\"caption\":\"Redacci\u00f3n QP\"},\"url\":\"https:\\\/\\\/quehacerpolitico.mx\\\/?author=2\"}]}<\/script>\n<!-- \/ Yoast SEO plugin. -->","yoast_head_json":{"title":"Por miedo a rapi\u00f1a, damnificados por explosi\u00f3n en Puebla duermen en la calle -","robots":{"index":"index","follow":"follow","max-snippet":"max-snippet:-1","max-image-preview":"max-image-preview:large","max-video-preview":"max-video-preview:-1"},"canonical":"https:\/\/quehacerpolitico.mx\/?p=86242","og_locale":"es_MX","og_type":"article","og_title":"Por miedo a rapi\u00f1a, damnificados por explosi\u00f3n en Puebla duermen en la calle -","og_description":"Por Redacci\u00f3n QP Aunque las autoridades habilitaron albergues tras la explosi\u00f3n del ducto de gas...","og_url":"https:\/\/quehacerpolitico.mx\/?p=86242","article_published_time":"2021-11-02T17:28:30+00:00","article_modified_time":"2021-11-02T17:31:30+00:00","og_image":[{"width":1005,"height":710,"url":"https:\/\/quehacerpolitico.mx\/wp-content\/uploads\/2021\/11\/724C2F77-AD91-4132-8C0E-233B62355CF9.jpeg","type":"image\/jpeg"}],"author":"Redacci\u00f3n QP","twitter_card":"summary_large_image","twitter_misc":{"Escrito por":"Redacci\u00f3n QP","Tiempo de lectura":"3 minutos"},"schema":{"@context":"https:\/\/schema.org","@graph":[{"@type":"Article","@id":"https:\/\/quehacerpolitico.mx\/?p=86242#article","isPartOf":{"@id":"https:\/\/quehacerpolitico.mx\/?p=86242"},"author":{"name":"Redacci\u00f3n QP","@id":"https:\/\/quehacerpolitico.mx\/#\/schema\/person\/496d8ad2d1d3f8036101dca7ee39e585"},"headline":"Por miedo a rapi\u00f1a, damnificados por explosi\u00f3n en Puebla duermen en la calle","datePublished":"2021-11-02T17:28:30+00:00","dateModified":"2021-11-02T17:31:30+00:00","mainEntityOfPage":{"@id":"https:\/\/quehacerpolitico.mx\/?p=86242"},"wordCount":687,"commentCount":0,"image":{"@id":"https:\/\/quehacerpolitico.mx\/?p=86242#primaryimage"},"thumbnailUrl":"https:\/\/quehacerpolitico.mx\/wp-content\/uploads\/2021\/11\/724C2F77-AD91-4132-8C0E-233B62355CF9.jpeg","articleSection":["Noticias"],"inLanguage":"es","potentialAction":[{"@type":"CommentAction","name":"Comment","target":["https:\/\/quehacerpolitico.mx\/?p=86242#respond"]}]},{"@type":"WebPage","@id":"https:\/\/quehacerpolitico.mx\/?p=86242","url":"https:\/\/quehacerpolitico.mx\/?p=86242","name":"Por miedo a rapi\u00f1a, damnificados por explosi\u00f3n en Puebla duermen en la calle -","isPartOf":{"@id":"https:\/\/quehacerpolitico.mx\/#website"},"primaryImageOfPage":{"@id":"https:\/\/quehacerpolitico.mx\/?p=86242#primaryimage"},"image":{"@id":"https:\/\/quehacerpolitico.mx\/?p=86242#primaryimage"},"thumbnailUrl":"https:\/\/quehacerpolitico.mx\/wp-content\/uploads\/2021\/11\/724C2F77-AD91-4132-8C0E-233B62355CF9.jpeg","datePublished":"2021-11-02T17:28:30+00:00","dateModified":"2021-11-02T17:31:30+00:00","author":{"@id":"https:\/\/quehacerpolitico.mx\/#\/schema\/person\/496d8ad2d1d3f8036101dca7ee39e585"},"breadcrumb":{"@id":"https:\/\/quehacerpolitico.mx\/?p=86242#breadcrumb"},"inLanguage":"es","potentialAction":[{"@type":"ReadAction","target":["https:\/\/quehacerpolitico.mx\/?p=86242"]}]},{"@type":"ImageObject","inLanguage":"es","@id":"https:\/\/quehacerpolitico.mx\/?p=86242#primaryimage","url":"https:\/\/quehacerpolitico.mx\/wp-content\/uploads\/2021\/11\/724C2F77-AD91-4132-8C0E-233B62355CF9.jpeg","contentUrl":"https:\/\/quehacerpolitico.mx\/wp-content\/uploads\/2021\/11\/724C2F77-AD91-4132-8C0E-233B62355CF9.jpeg","width":1005,"height":710},{"@type":"BreadcrumbList","@id":"https:\/\/quehacerpolitico.mx\/?p=86242#breadcrumb","itemListElement":[{"@type":"ListItem","position":1,"name":"Inicio","item":"https:\/\/quehacerpolitico.mx\/"},{"@type":"ListItem","position":2,"name":"Por miedo a rapi\u00f1a, damnificados por explosi\u00f3n en Puebla duermen en la calle"}]},{"@type":"WebSite","@id":"https:\/\/quehacerpolitico.mx\/#website","url":"https:\/\/quehacerpolitico.mx\/","name":"","description":"","potentialAction":[{"@type":"SearchAction","target":{"@type":"EntryPoint","urlTemplate":"https:\/\/quehacerpolitico.mx\/?s={search_term_string}"},"query-input":{"@type":"PropertyValueSpecification","valueRequired":true,"valueName":"search_term_string"}}],"inLanguage":"es"},{"@type":"Person","@id":"https:\/\/quehacerpolitico.mx\/#\/schema\/person\/496d8ad2d1d3f8036101dca7ee39e585","name":"Redacci\u00f3n QP","image":{"@type":"ImageObject","inLanguage":"es","@id":"https:\/\/secure.gravatar.com\/avatar\/c7164ed6fdec453195284ad24a5ae5b6e1eed2b848477fa2a4787ba9adf39a41?s=96&d=mm&r=g","url":"https:\/\/secure.gravatar.com\/avatar\/c7164ed6fdec453195284ad24a5ae5b6e1eed2b848477fa2a4787ba9adf39a41?s=96&d=mm&r=g","contentUrl":"https:\/\/secure.gravatar.com\/avatar\/c7164ed6fdec453195284ad24a5ae5b6e1eed2b848477fa2a4787ba9adf39a41?s=96&d=mm&r=g","caption":"Redacci\u00f3n QP"},"url":"https:\/\/quehacerpolitico.mx\/?author=2"}]}},"featured_image_urls":{"full":["https:\/\/quehacerpolitico.mx\/wp-content\/uploads\/2021\/11\/724C2F77-AD91-4132-8C0E-233B62355CF9.jpeg",1005,710,false],"thumbnail":["https:\/\/quehacerpolitico.mx\/wp-content\/uploads\/2021\/11\/724C2F77-AD91-4132-8C0E-233B62355CF9-150x150.jpeg",150,150,true],"medium":["https:\/\/quehacerpolitico.mx\/wp-content\/uploads\/2021\/11\/724C2F77-AD91-4132-8C0E-233B62355CF9-300x212.jpeg",300,212,true],"medium_large":["https:\/\/quehacerpolitico.mx\/wp-content\/uploads\/2021\/11\/724C2F77-AD91-4132-8C0E-233B62355CF9-768x543.jpeg",640,453,true],"large":["https:\/\/quehacerpolitico.mx\/wp-content\/uploads\/2021\/11\/724C2F77-AD91-4132-8C0E-233B62355CF9.jpeg",640,452,false],"1536x1536":["https:\/\/quehacerpolitico.mx\/wp-content\/uploads\/2021\/11\/724C2F77-AD91-4132-8C0E-233B62355CF9.jpeg",1005,710,false],"2048x2048":["https:\/\/quehacerpolitico.mx\/wp-content\/uploads\/2021\/11\/724C2F77-AD91-4132-8C0E-233B62355CF9.jpeg",1005,710,false],"covernews-featured":["https:\/\/quehacerpolitico.mx\/wp-content\/uploads\/2021\/11\/724C2F77-AD91-4132-8C0E-233B62355CF9.jpeg",1005,710,false],"covernews-medium":["https:\/\/quehacerpolitico.mx\/wp-content\/uploads\/2021\/11\/724C2F77-AD91-4132-8C0E-233B62355CF9.jpeg",481,340,false]},"author_info":{"display_name":"Redacci\u00f3n QP","author_link":"https:\/\/quehacerpolitico.mx\/?author=2"},"category_info":"<a href=\"https:\/\/quehacerpolitico.mx\/?cat=2\" rel=\"category\">Noticias<\/a>","tag_info":"Noticias","comment_count":"0","_links":{"self":[{"href":"https:\/\/quehacerpolitico.mx\/index.php?rest_route=\/wp\/v2\/posts\/86242","targetHints":{"allow":["GET"]}}],"collection":[{"href":"https:\/\/quehacerpolitico.mx\/index.php?rest_route=\/wp\/v2\/posts"}],"about":[{"href":"https:\/\/quehacerpolitico.mx\/index.php?rest_route=\/wp\/v2\/types\/post"}],"author":[{"embeddable":true,"href":"https:\/\/quehacerpolitico.mx\/index.php?rest_route=\/wp\/v2\/users\/2"}],"replies":[{"embeddable":true,"href":"https:\/\/quehacerpolitico.mx\/index.php?rest_route=%2Fwp%2Fv2%2Fcomments&post=86242"}],"version-history":[{"count":3,"href":"https:\/\/quehacerpolitico.mx\/index.php?rest_route=\/wp\/v2\/posts\/86242\/revisions"}],"predecessor-version":[{"id":86246,"href":"https:\/\/quehacerpolitico.mx\/index.php?rest_route=\/wp\/v2\/posts\/86242\/revisions\/86246"}],"wp:featuredmedia":[{"embeddable":true,"href":"https:\/\/quehacerpolitico.mx\/index.php?rest_route=\/wp\/v2\/media\/86243"}],"wp:attachment":[{"href":"https:\/\/quehacerpolitico.mx\/index.php?rest_route=%2Fwp%2Fv2%2Fmedia&parent=86242"}],"wp:term":[{"taxonomy":"category","embeddable":true,"href":"https:\/\/quehacerpolitico.mx\/index.php?rest_route=%2Fwp%2Fv2%2Fcategories&post=86242"},{"taxonomy":"post_tag","embeddable":true,"href":"https:\/\/quehacerpolitico.mx\/index.php?rest_route=%2Fwp%2Fv2%2Ftags&post=86242"}],"curies":[{"name":"wp","href":"https:\/\/api.w.org\/{rel}","templated":true}]}}