{"id":86232,"date":"2021-11-02T16:20:11","date_gmt":"2021-11-02T16:20:11","guid":{"rendered":"https:\/\/quehacerpolitico.mx\/?p=86232"},"modified":"2021-11-02T16:20:29","modified_gmt":"2021-11-02T16:20:29","slug":"asesinan-a-once-hombres-en-region-indigena-de-michoacan","status":"publish","type":"post","link":"https:\/\/quehacerpolitico.mx\/?p=86232","title":{"rendered":"Asesinan a once hombres en regi\u00f3n ind\u00edgena de Michoac\u00e1n"},"content":{"rendered":"\n<p>Por Redacci\u00f3n QP<\/p>\n\n\n\n<p>Los once hombres presentaban impactos de bala en diversas partes del cuerpo, as\u00ed como el &#8220;tiro de gracia&#8221; en la cabeza<\/p>\n\n\n\n<p>Once hombres fueron asesinados a balazos en una zona ind\u00edgena del municipio de Tangamandapio, en el estado de Michoac\u00e1n, seg\u00fan informaron este martes fuentes oficiales.<\/p>\n\n\n\n<p>La Secretar\u00eda de Seguridad P\u00fablica (SSP) estatal confirm\u00f3 que el m\u00faltiple crimen fue descubierto alrededor de las 08:00 horas de ayer lunes, a trav\u00e9s de una llamada an\u00f3nima al servicio telef\u00f3nico de emergencias.<\/p>\n\n\n\n<p><strong>Los cad\u00e1veres fueron encontrados separados entre s\u00ed con escasos cent\u00edmetros y acostados en un predio rural<\/strong>\u00a0ubicado a orillas de la carretera estatal que une los poblados ind\u00edgenas pur\u00e9pechas denominados como Tarecuato y Los \u00dacares.<\/p>\n\n\n\n<p>De acuerdo con las primeras investigaciones de la Fiscal\u00eda General del Estado (FGE) de Michoac\u00e1n, los once varones presentan impactos de bala en diversas partes del cuerpo, as\u00ed como el &#8220;tiro de gracia&#8221; en la cabeza.<\/p>\n\n\n\n<p>En la escena del crimen, y a unos metros de los cad\u00e1veres, tambi\u00e9n estaban abandonadas una camioneta y tres motocicletas sin placas (matr\u00edculas).<\/p>\n\n\n\n<p><strong>La FGE revel\u00f3 que las once v\u00edctimas todav\u00eda no han sido identificadas<\/strong>, por lo que los cad\u00e1veres fueron enviados al Servicio M\u00e9dico Forense (Semefo).<\/p>\n\n\n\n<p>Peritos en criminal\u00edstica encontraron y embalaron los proyectiles de armas de fuego, as\u00ed como otros indicios que ya fueron integrados a la carpeta de investigaci\u00f3n.<\/p>\n\n\n\n<p>Michoac\u00e1n es un estado que enfrenta una grave ola de violencia generada por la lucha que mantienen entre s\u00ed los c\u00e1rteles Nueva Generaci\u00f3n (CNG), de la Nueva Familia Michoacana y de Los Caballeros Templarios (CT).<\/p>\n\n\n\n<p><strong>Tan solo durante el lunes, autoridades reportaron que en Michoac\u00e1n fueron asesinadas a balazos un total de 19 personas<\/strong>, incluyendo los once hombres de Tangamandapio.<\/p>\n\n\n\n<p>M\u00e9xico ha registrado los dos a\u00f1os m\u00e1s violentos de su historia en los primeros dos a\u00f1os de mandato del Presidente Andr\u00e9s Manuel L\u00f3pez Obrador, con 34 mil 689 v\u00edctimas de asesinato en 2019 y 34 mil 558 en 2020.<\/p>\n\n\n\n<p>El pa\u00eds sum\u00f3 entre enero y septiembre del presente a\u00f1o 25 mil 392 homicidios dolosos.<\/p>\n\n\n\n<p>Con Informaci\u00f3n de EFE<\/p>\n","protected":false},"excerpt":{"rendered":"<p>Por Redacci\u00f3n QP Los once hombres presentaban impactos de bala en diversas partes del cuerpo,&#8230;<\/p>\n","protected":false},"author":2,"featured_media":86233,"comment_status":"open","ping_status":"open","sticky":false,"template":"","format":"standard","meta":{"_monsterinsights_skip_tracking":false,"_monsterinsights_sitenote_active":false,"_monsterinsights_sitenote_note":"","_monsterinsights_sitenote_category":0,"footnotes":""},"categories":[2],"tags":[],"class_list":["post-86232","post","type-post","status-publish","format-standard","has-post-thumbnail","hentry","category-noticias"],"yoast_head":"<!-- This site is optimized with the Yoast SEO plugin v27.3 - https:\/\/yoast.com\/product\/yoast-seo-wordpress\/ -->\n<title>Asesinan a once hombres en regi\u00f3n ind\u00edgena de Michoac\u00e1n -<\/title>\n<meta name=\"robots\" content=\"index, follow, max-snippet:-1, max-image-preview:large, max-video-preview:-1\" \/>\n<link rel=\"canonical\" href=\"https:\/\/quehacerpolitico.mx\/?p=86232\" \/>\n<meta property=\"og:locale\" content=\"es_MX\" \/>\n<meta property=\"og:type\" content=\"article\" \/>\n<meta property=\"og:title\" content=\"Asesinan a once hombres en regi\u00f3n ind\u00edgena de Michoac\u00e1n -\" \/>\n<meta property=\"og:description\" content=\"Por Redacci\u00f3n QP Los once hombres presentaban impactos de bala en diversas partes del cuerpo,...\" \/>\n<meta property=\"og:url\" content=\"https:\/\/quehacerpolitico.mx\/?p=86232\" \/>\n<meta property=\"article:published_time\" content=\"2021-11-02T16:20:11+00:00\" \/>\n<meta property=\"article:modified_time\" content=\"2021-11-02T16:20:29+00:00\" \/>\n<meta property=\"og:image\" content=\"https:\/\/quehacerpolitico.mx\/wp-content\/uploads\/2021\/11\/BBD4A50F-C4CE-46F8-94A2-98DF24CAEA57.jpeg\" \/>\n\t<meta property=\"og:image:width\" content=\"1160\" \/>\n\t<meta property=\"og:image:height\" content=\"700\" \/>\n\t<meta property=\"og:image:type\" content=\"image\/jpeg\" \/>\n<meta name=\"author\" content=\"Redacci\u00f3n QP\" \/>\n<meta name=\"twitter:card\" content=\"summary_large_image\" \/>\n<meta name=\"twitter:label1\" content=\"Escrito por\" \/>\n\t<meta name=\"twitter:data1\" content=\"Redacci\u00f3n QP\" \/>\n\t<meta name=\"twitter:label2\" content=\"Tiempo de lectura\" \/>\n\t<meta name=\"twitter:data2\" content=\"2 minutos\" \/>\n<script type=\"application\/ld+json\" class=\"yoast-schema-graph\">{\"@context\":\"https:\\\/\\\/schema.org\",\"@graph\":[{\"@type\":\"Article\",\"@id\":\"https:\\\/\\\/quehacerpolitico.mx\\\/?p=86232#article\",\"isPartOf\":{\"@id\":\"https:\\\/\\\/quehacerpolitico.mx\\\/?p=86232\"},\"author\":{\"name\":\"Redacci\u00f3n QP\",\"@id\":\"https:\\\/\\\/quehacerpolitico.mx\\\/#\\\/schema\\\/person\\\/496d8ad2d1d3f8036101dca7ee39e585\"},\"headline\":\"Asesinan a once hombres en regi\u00f3n ind\u00edgena de Michoac\u00e1n\",\"datePublished\":\"2021-11-02T16:20:11+00:00\",\"dateModified\":\"2021-11-02T16:20:29+00:00\",\"mainEntityOfPage\":{\"@id\":\"https:\\\/\\\/quehacerpolitico.mx\\\/?p=86232\"},\"wordCount\":384,\"commentCount\":0,\"image\":{\"@id\":\"https:\\\/\\\/quehacerpolitico.mx\\\/?p=86232#primaryimage\"},\"thumbnailUrl\":\"https:\\\/\\\/quehacerpolitico.mx\\\/wp-content\\\/uploads\\\/2021\\\/11\\\/BBD4A50F-C4CE-46F8-94A2-98DF24CAEA57.jpeg\",\"articleSection\":[\"Noticias\"],\"inLanguage\":\"es\",\"potentialAction\":[{\"@type\":\"CommentAction\",\"name\":\"Comment\",\"target\":[\"https:\\\/\\\/quehacerpolitico.mx\\\/?p=86232#respond\"]}]},{\"@type\":\"WebPage\",\"@id\":\"https:\\\/\\\/quehacerpolitico.mx\\\/?p=86232\",\"url\":\"https:\\\/\\\/quehacerpolitico.mx\\\/?p=86232\",\"name\":\"Asesinan a once hombres en regi\u00f3n ind\u00edgena de Michoac\u00e1n -\",\"isPartOf\":{\"@id\":\"https:\\\/\\\/quehacerpolitico.mx\\\/#website\"},\"primaryImageOfPage\":{\"@id\":\"https:\\\/\\\/quehacerpolitico.mx\\\/?p=86232#primaryimage\"},\"image\":{\"@id\":\"https:\\\/\\\/quehacerpolitico.mx\\\/?p=86232#primaryimage\"},\"thumbnailUrl\":\"https:\\\/\\\/quehacerpolitico.mx\\\/wp-content\\\/uploads\\\/2021\\\/11\\\/BBD4A50F-C4CE-46F8-94A2-98DF24CAEA57.jpeg\",\"datePublished\":\"2021-11-02T16:20:11+00:00\",\"dateModified\":\"2021-11-02T16:20:29+00:00\",\"author\":{\"@id\":\"https:\\\/\\\/quehacerpolitico.mx\\\/#\\\/schema\\\/person\\\/496d8ad2d1d3f8036101dca7ee39e585\"},\"breadcrumb\":{\"@id\":\"https:\\\/\\\/quehacerpolitico.mx\\\/?p=86232#breadcrumb\"},\"inLanguage\":\"es\",\"potentialAction\":[{\"@type\":\"ReadAction\",\"target\":[\"https:\\\/\\\/quehacerpolitico.mx\\\/?p=86232\"]}]},{\"@type\":\"ImageObject\",\"inLanguage\":\"es\",\"@id\":\"https:\\\/\\\/quehacerpolitico.mx\\\/?p=86232#primaryimage\",\"url\":\"https:\\\/\\\/quehacerpolitico.mx\\\/wp-content\\\/uploads\\\/2021\\\/11\\\/BBD4A50F-C4CE-46F8-94A2-98DF24CAEA57.jpeg\",\"contentUrl\":\"https:\\\/\\\/quehacerpolitico.mx\\\/wp-content\\\/uploads\\\/2021\\\/11\\\/BBD4A50F-C4CE-46F8-94A2-98DF24CAEA57.jpeg\",\"width\":1160,\"height\":700},{\"@type\":\"BreadcrumbList\",\"@id\":\"https:\\\/\\\/quehacerpolitico.mx\\\/?p=86232#breadcrumb\",\"itemListElement\":[{\"@type\":\"ListItem\",\"position\":1,\"name\":\"Inicio\",\"item\":\"https:\\\/\\\/quehacerpolitico.mx\\\/\"},{\"@type\":\"ListItem\",\"position\":2,\"name\":\"Asesinan a once hombres en regi\u00f3n ind\u00edgena de Michoac\u00e1n\"}]},{\"@type\":\"WebSite\",\"@id\":\"https:\\\/\\\/quehacerpolitico.mx\\\/#website\",\"url\":\"https:\\\/\\\/quehacerpolitico.mx\\\/\",\"name\":\"\",\"description\":\"\",\"potentialAction\":[{\"@type\":\"SearchAction\",\"target\":{\"@type\":\"EntryPoint\",\"urlTemplate\":\"https:\\\/\\\/quehacerpolitico.mx\\\/?s={search_term_string}\"},\"query-input\":{\"@type\":\"PropertyValueSpecification\",\"valueRequired\":true,\"valueName\":\"search_term_string\"}}],\"inLanguage\":\"es\"},{\"@type\":\"Person\",\"@id\":\"https:\\\/\\\/quehacerpolitico.mx\\\/#\\\/schema\\\/person\\\/496d8ad2d1d3f8036101dca7ee39e585\",\"name\":\"Redacci\u00f3n QP\",\"image\":{\"@type\":\"ImageObject\",\"inLanguage\":\"es\",\"@id\":\"https:\\\/\\\/secure.gravatar.com\\\/avatar\\\/c7164ed6fdec453195284ad24a5ae5b6e1eed2b848477fa2a4787ba9adf39a41?s=96&d=mm&r=g\",\"url\":\"https:\\\/\\\/secure.gravatar.com\\\/avatar\\\/c7164ed6fdec453195284ad24a5ae5b6e1eed2b848477fa2a4787ba9adf39a41?s=96&d=mm&r=g\",\"contentUrl\":\"https:\\\/\\\/secure.gravatar.com\\\/avatar\\\/c7164ed6fdec453195284ad24a5ae5b6e1eed2b848477fa2a4787ba9adf39a41?s=96&d=mm&r=g\",\"caption\":\"Redacci\u00f3n QP\"},\"url\":\"https:\\\/\\\/quehacerpolitico.mx\\\/?author=2\"}]}<\/script>\n<!-- \/ Yoast SEO plugin. -->","yoast_head_json":{"title":"Asesinan a once hombres en regi\u00f3n ind\u00edgena de Michoac\u00e1n -","robots":{"index":"index","follow":"follow","max-snippet":"max-snippet:-1","max-image-preview":"max-image-preview:large","max-video-preview":"max-video-preview:-1"},"canonical":"https:\/\/quehacerpolitico.mx\/?p=86232","og_locale":"es_MX","og_type":"article","og_title":"Asesinan a once hombres en regi\u00f3n ind\u00edgena de Michoac\u00e1n -","og_description":"Por Redacci\u00f3n QP Los once hombres presentaban impactos de bala en diversas partes del cuerpo,...","og_url":"https:\/\/quehacerpolitico.mx\/?p=86232","article_published_time":"2021-11-02T16:20:11+00:00","article_modified_time":"2021-11-02T16:20:29+00:00","og_image":[{"width":1160,"height":700,"url":"https:\/\/quehacerpolitico.mx\/wp-content\/uploads\/2021\/11\/BBD4A50F-C4CE-46F8-94A2-98DF24CAEA57.jpeg","type":"image\/jpeg"}],"author":"Redacci\u00f3n QP","twitter_card":"summary_large_image","twitter_misc":{"Escrito por":"Redacci\u00f3n QP","Tiempo de lectura":"2 minutos"},"schema":{"@context":"https:\/\/schema.org","@graph":[{"@type":"Article","@id":"https:\/\/quehacerpolitico.mx\/?p=86232#article","isPartOf":{"@id":"https:\/\/quehacerpolitico.mx\/?p=86232"},"author":{"name":"Redacci\u00f3n QP","@id":"https:\/\/quehacerpolitico.mx\/#\/schema\/person\/496d8ad2d1d3f8036101dca7ee39e585"},"headline":"Asesinan a once hombres en regi\u00f3n ind\u00edgena de Michoac\u00e1n","datePublished":"2021-11-02T16:20:11+00:00","dateModified":"2021-11-02T16:20:29+00:00","mainEntityOfPage":{"@id":"https:\/\/quehacerpolitico.mx\/?p=86232"},"wordCount":384,"commentCount":0,"image":{"@id":"https:\/\/quehacerpolitico.mx\/?p=86232#primaryimage"},"thumbnailUrl":"https:\/\/quehacerpolitico.mx\/wp-content\/uploads\/2021\/11\/BBD4A50F-C4CE-46F8-94A2-98DF24CAEA57.jpeg","articleSection":["Noticias"],"inLanguage":"es","potentialAction":[{"@type":"CommentAction","name":"Comment","target":["https:\/\/quehacerpolitico.mx\/?p=86232#respond"]}]},{"@type":"WebPage","@id":"https:\/\/quehacerpolitico.mx\/?p=86232","url":"https:\/\/quehacerpolitico.mx\/?p=86232","name":"Asesinan a once hombres en regi\u00f3n ind\u00edgena de Michoac\u00e1n -","isPartOf":{"@id":"https:\/\/quehacerpolitico.mx\/#website"},"primaryImageOfPage":{"@id":"https:\/\/quehacerpolitico.mx\/?p=86232#primaryimage"},"image":{"@id":"https:\/\/quehacerpolitico.mx\/?p=86232#primaryimage"},"thumbnailUrl":"https:\/\/quehacerpolitico.mx\/wp-content\/uploads\/2021\/11\/BBD4A50F-C4CE-46F8-94A2-98DF24CAEA57.jpeg","datePublished":"2021-11-02T16:20:11+00:00","dateModified":"2021-11-02T16:20:29+00:00","author":{"@id":"https:\/\/quehacerpolitico.mx\/#\/schema\/person\/496d8ad2d1d3f8036101dca7ee39e585"},"breadcrumb":{"@id":"https:\/\/quehacerpolitico.mx\/?p=86232#breadcrumb"},"inLanguage":"es","potentialAction":[{"@type":"ReadAction","target":["https:\/\/quehacerpolitico.mx\/?p=86232"]}]},{"@type":"ImageObject","inLanguage":"es","@id":"https:\/\/quehacerpolitico.mx\/?p=86232#primaryimage","url":"https:\/\/quehacerpolitico.mx\/wp-content\/uploads\/2021\/11\/BBD4A50F-C4CE-46F8-94A2-98DF24CAEA57.jpeg","contentUrl":"https:\/\/quehacerpolitico.mx\/wp-content\/uploads\/2021\/11\/BBD4A50F-C4CE-46F8-94A2-98DF24CAEA57.jpeg","width":1160,"height":700},{"@type":"BreadcrumbList","@id":"https:\/\/quehacerpolitico.mx\/?p=86232#breadcrumb","itemListElement":[{"@type":"ListItem","position":1,"name":"Inicio","item":"https:\/\/quehacerpolitico.mx\/"},{"@type":"ListItem","position":2,"name":"Asesinan a once hombres en regi\u00f3n ind\u00edgena de Michoac\u00e1n"}]},{"@type":"WebSite","@id":"https:\/\/quehacerpolitico.mx\/#website","url":"https:\/\/quehacerpolitico.mx\/","name":"","description":"","potentialAction":[{"@type":"SearchAction","target":{"@type":"EntryPoint","urlTemplate":"https:\/\/quehacerpolitico.mx\/?s={search_term_string}"},"query-input":{"@type":"PropertyValueSpecification","valueRequired":true,"valueName":"search_term_string"}}],"inLanguage":"es"},{"@type":"Person","@id":"https:\/\/quehacerpolitico.mx\/#\/schema\/person\/496d8ad2d1d3f8036101dca7ee39e585","name":"Redacci\u00f3n QP","image":{"@type":"ImageObject","inLanguage":"es","@id":"https:\/\/secure.gravatar.com\/avatar\/c7164ed6fdec453195284ad24a5ae5b6e1eed2b848477fa2a4787ba9adf39a41?s=96&d=mm&r=g","url":"https:\/\/secure.gravatar.com\/avatar\/c7164ed6fdec453195284ad24a5ae5b6e1eed2b848477fa2a4787ba9adf39a41?s=96&d=mm&r=g","contentUrl":"https:\/\/secure.gravatar.com\/avatar\/c7164ed6fdec453195284ad24a5ae5b6e1eed2b848477fa2a4787ba9adf39a41?s=96&d=mm&r=g","caption":"Redacci\u00f3n QP"},"url":"https:\/\/quehacerpolitico.mx\/?author=2"}]}},"featured_image_urls":{"full":["https:\/\/quehacerpolitico.mx\/wp-content\/uploads\/2021\/11\/BBD4A50F-C4CE-46F8-94A2-98DF24CAEA57.jpeg",1160,700,false],"thumbnail":["https:\/\/quehacerpolitico.mx\/wp-content\/uploads\/2021\/11\/BBD4A50F-C4CE-46F8-94A2-98DF24CAEA57-150x150.jpeg",150,150,true],"medium":["https:\/\/quehacerpolitico.mx\/wp-content\/uploads\/2021\/11\/BBD4A50F-C4CE-46F8-94A2-98DF24CAEA57-300x181.jpeg",300,181,true],"medium_large":["https:\/\/quehacerpolitico.mx\/wp-content\/uploads\/2021\/11\/BBD4A50F-C4CE-46F8-94A2-98DF24CAEA57-768x463.jpeg",640,386,true],"large":["https:\/\/quehacerpolitico.mx\/wp-content\/uploads\/2021\/11\/BBD4A50F-C4CE-46F8-94A2-98DF24CAEA57-1024x618.jpeg",640,386,true],"1536x1536":["https:\/\/quehacerpolitico.mx\/wp-content\/uploads\/2021\/11\/BBD4A50F-C4CE-46F8-94A2-98DF24CAEA57.jpeg",1160,700,false],"2048x2048":["https:\/\/quehacerpolitico.mx\/wp-content\/uploads\/2021\/11\/BBD4A50F-C4CE-46F8-94A2-98DF24CAEA57.jpeg",1160,700,false],"covernews-featured":["https:\/\/quehacerpolitico.mx\/wp-content\/uploads\/2021\/11\/BBD4A50F-C4CE-46F8-94A2-98DF24CAEA57.jpeg",1024,618,false],"covernews-medium":["https:\/\/quehacerpolitico.mx\/wp-content\/uploads\/2021\/11\/BBD4A50F-C4CE-46F8-94A2-98DF24CAEA57.jpeg",540,326,false]},"author_info":{"display_name":"Redacci\u00f3n QP","author_link":"https:\/\/quehacerpolitico.mx\/?author=2"},"category_info":"<a href=\"https:\/\/quehacerpolitico.mx\/?cat=2\" rel=\"category\">Noticias<\/a>","tag_info":"Noticias","comment_count":"0","_links":{"self":[{"href":"https:\/\/quehacerpolitico.mx\/index.php?rest_route=\/wp\/v2\/posts\/86232","targetHints":{"allow":["GET"]}}],"collection":[{"href":"https:\/\/quehacerpolitico.mx\/index.php?rest_route=\/wp\/v2\/posts"}],"about":[{"href":"https:\/\/quehacerpolitico.mx\/index.php?rest_route=\/wp\/v2\/types\/post"}],"author":[{"embeddable":true,"href":"https:\/\/quehacerpolitico.mx\/index.php?rest_route=\/wp\/v2\/users\/2"}],"replies":[{"embeddable":true,"href":"https:\/\/quehacerpolitico.mx\/index.php?rest_route=%2Fwp%2Fv2%2Fcomments&post=86232"}],"version-history":[{"count":1,"href":"https:\/\/quehacerpolitico.mx\/index.php?rest_route=\/wp\/v2\/posts\/86232\/revisions"}],"predecessor-version":[{"id":86234,"href":"https:\/\/quehacerpolitico.mx\/index.php?rest_route=\/wp\/v2\/posts\/86232\/revisions\/86234"}],"wp:featuredmedia":[{"embeddable":true,"href":"https:\/\/quehacerpolitico.mx\/index.php?rest_route=\/wp\/v2\/media\/86233"}],"wp:attachment":[{"href":"https:\/\/quehacerpolitico.mx\/index.php?rest_route=%2Fwp%2Fv2%2Fmedia&parent=86232"}],"wp:term":[{"taxonomy":"category","embeddable":true,"href":"https:\/\/quehacerpolitico.mx\/index.php?rest_route=%2Fwp%2Fv2%2Fcategories&post=86232"},{"taxonomy":"post_tag","embeddable":true,"href":"https:\/\/quehacerpolitico.mx\/index.php?rest_route=%2Fwp%2Fv2%2Ftags&post=86232"}],"curies":[{"name":"wp","href":"https:\/\/api.w.org\/{rel}","templated":true}]}}