{"id":86196,"date":"2021-10-30T03:11:35","date_gmt":"2021-10-30T03:11:35","guid":{"rendered":"https:\/\/quehacerpolitico.mx\/?p=86196"},"modified":"2021-10-30T03:11:37","modified_gmt":"2021-10-30T03:11:37","slug":"proyectan-en-torre-latinoamericana-mensaje-de-agradecimiento-por-fin-de-vacunacion-covid-en-cdmx","status":"publish","type":"post","link":"https:\/\/quehacerpolitico.mx\/?p=86196","title":{"rendered":"Proyectan en Torre Latinoamericana mensaje de agradecimiento por fin de vacunaci\u00f3n covid en CDMX"},"content":{"rendered":"\n<p>Por Redacci\u00f3n QP<\/p>\n\n\n\n<p>Desde el jueves 28 hasta el 31 de octubre se celebrar\u00e1 el final de la campa\u00f1a de vacunaci\u00f3n con iluminaci\u00f3n de monumentos, edificios emblem\u00e1ticos y edificios del Gobierno de la CDMX<\/p>\n\n\n\n<ul class=\"wp-block-list\"><li>Los d\u00edas 29 y 30 de octubre, a partir de las 19:30 horas, se proyectar\u00e1 un video sobre la fachada de la Torre Latinoamericana, para agradecer a quienes participaron en la campa\u00f1a de vacunaci\u00f3n<\/li><\/ul>\n\n\n\n<p>El Gobierno de la Ciudad de M\u00e9xico (<strong>CDMX<\/strong>) proyect\u00f3 un\u00a0<strong>mensaje de agradecimiento<\/strong>\u00a0al sector salud por su participaci\u00f3n en la vacunaci\u00f3n contra el\u00a0COVID en la capital del pa\u00eds.<\/p>\n\n\n\n<p>En tanto, los edificios m\u00e1s emblem\u00e1ticos que rodean al\u00a0<strong>Z\u00f3calo del Centro Hist\u00f3rico\u00a0<\/strong>se iluminaron en color blanco para sumarse en agradecimiento al personal de salud.<\/p>\n\n\n\n<figure class=\"wp-block-embed is-type-rich is-provider-twitter wp-block-embed-twitter\"><div class=\"wp-block-embed__wrapper\">\n<blockquote class=\"twitter-tweet\" data-width=\"550\" data-dnt=\"true\"><p lang=\"es\" dir=\"ltr\">\ud83d\udc4f\ud83c\udffc\u00a1 <a href=\"https:\/\/twitter.com\/hashtag\/GraciasPorHacerloPosible?src=hash&amp;ref_src=twsrc%5Etfw\">#GraciasPorHacerloPosible<\/a>!\ud83c\udf89<br><br>\ud83d\ude01Desde hoy en la <a href=\"https:\/\/twitter.com\/hashtag\/TorreLatinoamericana?src=hash&amp;ref_src=twsrc%5Etfw\">#TorreLatinoamericana<\/a> \ud83c\udf03se proyectan\ud83d\udcfd\ufe0f im\u00e1genes de todo el personal de salud, servidores p\u00fablicos, instituciones y la ciudadan\u00eda que particip\u00f3 a lo largo de 3\ufe0f\u20e34\ufe0f\u20e3 fases de vacunaci\u00f3n contra <a href=\"https:\/\/twitter.com\/hashtag\/COVID19?src=hash&amp;ref_src=twsrc%5Etfw\">#COVID19<\/a> \ud83d\udc89 en la CDMX. \ud83e\udd73\ud83d\ude4c\ud83c\udffc <a href=\"https:\/\/t.co\/LbcOUcwC4f\">pic.twitter.com\/LbcOUcwC4f<\/a><\/p>&mdash; Secretar\u00eda de Salud de la Ciudad de M\u00e9xico (@SSaludCdMx) <a href=\"https:\/\/twitter.com\/SSaludCdMx\/status\/1454256339727835141?ref_src=twsrc%5Etfw\">October 30, 2021<\/a><\/blockquote><script async src=\"https:\/\/platform.twitter.com\/widgets.js\" charset=\"utf-8\"><\/script>\n<\/div><\/figure>\n\n\n\n<p>Desde el jueves 28 hasta el 31 de octubre se celebrar\u00e1 el final de la campa\u00f1a de vacunaci\u00f3n con iluminaci\u00f3n y mapping de monumentos, edificios emblem\u00e1ticos y edificios del Gobierno de la CDMX, los cuales tendr\u00e1n luz blanca como \u201cs\u00edmbolos de la salud\u201d.<\/p>\n\n\n\n<p>Los d\u00edas 29 y 30 de octubre, a partir de las 19:30 horas, se proyectar\u00e1 un video sobre la fachada de la<strong>&nbsp;Torre Latinoamericana<\/strong>, en el cual se agradecer\u00e1 a quienes participaron en la campa\u00f1a de vacunaci\u00f3n, dieron a conocer autoridades.<\/p>\n\n\n\n<h2 class=\"wp-block-heading\">CDMX concluye vacunaci\u00f3n covid y busca pasar p\u00e1gina<\/h2>\n\n\n\n<p>La Ciudad de M\u00e9xico, foco rojo de la pandemia desde su inicio, termin\u00f3 el jueves 28 de octubre\u00a0 su vacunaci\u00f3n a mayores de 18 a\u00f1os mientras registra una significativa ca\u00edda del n\u00famero de contagios y fallecidos, en una semana en la que arranc\u00f3 la inmunizaci\u00f3n de menores con enfermedades.<\/p>\n\n\n\n<p>En una contrarreloj, miles de capitalinos acudieron a las instalaciones del&nbsp;<strong>Campo Marte<\/strong>, una de las sedes de vacunaci\u00f3n en el centro de la capital mexicana, en la \u00faltima jornada en la que se est\u00e1n inoculando a los adultos.<\/p>\n\n\n\n<p>V\u00edctor Hugo Pizano, quien trabaja en un taller mec\u00e1nico, fue el \u00faltimo capitalino en recibir la dosis de Sputnik V, despu\u00e9s de 253 d\u00edas de iniciada la vacunaci\u00f3n en esta urbe.<\/p>\n\n\n\n<blockquote class=\"wp-block-quote is-layout-flow wp-block-quote-is-layout-flow\"><p>\u201cEstoy feliz, contento por mi segunda dosis\u201d, dijo Pizano tras recibir el biol\u00f3gico.<\/p><\/blockquote>\n\n\n\n<p>Mec\u00e1nico de profesi\u00f3n, V\u00edctor Hugo acudi\u00f3 a vacunarse tras haber sido animado por su patr\u00f3n. \u201cPens\u00e9 que no alcanzaba para la vacuna\u201d, acept\u00f3 sonriente tras arribar al lugar casi una hora despu\u00e9s de la hora oficial de cierre.<\/p>\n\n\n\n<p>Pizano era el \u00faltimo de su familia que faltaba por aplicarse la segunda dosis de la vacuna por lo que ahora se siente m\u00e1s tranquilo pues \u201cya todos estamos vacunados\u201d.<\/p>\n\n\n\n<h2 class=\"wp-block-heading\">Vacunan contra covid a 95% de adultos<\/h2>\n\n\n\n<p>La capital ha sido el epicentro de la epidemia en M\u00e9xico al sumar casi un mill\u00f3n de casos confirmados y m\u00e1s de 52.000 defunciones, casi un 20 % del total.<\/p>\n\n\n\n<p>La jefa de Gobierno capitalina, Claudia Sheinbaum, destac\u00f3 este jueves que la ciudad cumpli\u00f3 con la vacunaci\u00f3n contra la covid-19 de los adultos mayores de 18 a\u00f1os, un hecho que calific\u00f3 como un \u00e9xito.<\/p>\n\n\n\n<p>\u201cNos sentimos muy orgullosos todos los habitantes de la ciudad, hombres, mujeres. Es un momento de alegr\u00eda despu\u00e9s de tantos momentos dif\u00edciles en la pandemia\u201d, se\u00f1al\u00f3.<\/p>\n\n\n\n<p>As\u00ed, la Ciudad de M\u00e9xico cerr\u00f3 la vacunaci\u00f3n con 7.1 millones de personas inoculadas con al menos una dosis, y de las cuales 6,7 millones completaron el esquema, seg\u00fan inform\u00f3 el titular de la Agencia Digital de Innovaci\u00f3n P\u00fablica de la Ciudad de M\u00e9xico, Eduardo Clark.<\/p>\n\n\n\n<p><em>Con informaci\u00f3n de FOROtv y EFE<\/em><\/p>\n","protected":false},"excerpt":{"rendered":"<p>Por Redacci\u00f3n QP Desde el jueves 28 hasta el 31 de octubre se celebrar\u00e1 el&#8230;<\/p>\n","protected":false},"author":2,"featured_media":86197,"comment_status":"open","ping_status":"open","sticky":false,"template":"","format":"standard","meta":{"_monsterinsights_skip_tracking":false,"_monsterinsights_sitenote_active":false,"_monsterinsights_sitenote_note":"","_monsterinsights_sitenote_category":0,"footnotes":""},"categories":[55],"tags":[],"class_list":["post-86196","post","type-post","status-publish","format-standard","has-post-thumbnail","hentry","category-cdmx"],"yoast_head":"<!-- This site is optimized with the Yoast SEO plugin v27.3 - https:\/\/yoast.com\/product\/yoast-seo-wordpress\/ -->\n<title>Proyectan en Torre Latinoamericana mensaje de agradecimiento por fin de vacunaci\u00f3n covid en CDMX -<\/title>\n<meta name=\"robots\" content=\"index, follow, max-snippet:-1, max-image-preview:large, max-video-preview:-1\" \/>\n<link rel=\"canonical\" href=\"https:\/\/quehacerpolitico.mx\/?p=86196\" \/>\n<meta property=\"og:locale\" content=\"es_MX\" \/>\n<meta property=\"og:type\" content=\"article\" \/>\n<meta property=\"og:title\" content=\"Proyectan en Torre Latinoamericana mensaje de agradecimiento por fin de vacunaci\u00f3n covid en CDMX -\" \/>\n<meta property=\"og:description\" content=\"Por Redacci\u00f3n QP Desde el jueves 28 hasta el 31 de octubre se celebrar\u00e1 el...\" \/>\n<meta property=\"og:url\" content=\"https:\/\/quehacerpolitico.mx\/?p=86196\" \/>\n<meta property=\"article:published_time\" content=\"2021-10-30T03:11:35+00:00\" \/>\n<meta property=\"article:modified_time\" content=\"2021-10-30T03:11:37+00:00\" \/>\n<meta property=\"og:image\" content=\"https:\/\/quehacerpolitico.mx\/wp-content\/uploads\/2021\/10\/44A26120-D583-4055-A664-7CC2E4AE0483.jpeg\" \/>\n\t<meta property=\"og:image:width\" content=\"975\" \/>\n\t<meta property=\"og:image:height\" content=\"1115\" \/>\n\t<meta property=\"og:image:type\" content=\"image\/jpeg\" \/>\n<meta name=\"author\" content=\"Redacci\u00f3n QP\" \/>\n<meta name=\"twitter:card\" content=\"summary_large_image\" \/>\n<meta name=\"twitter:label1\" content=\"Escrito por\" \/>\n\t<meta name=\"twitter:data1\" content=\"Redacci\u00f3n QP\" \/>\n\t<meta name=\"twitter:label2\" content=\"Tiempo de lectura\" \/>\n\t<meta name=\"twitter:data2\" content=\"3 minutos\" \/>\n<script type=\"application\/ld+json\" class=\"yoast-schema-graph\">{\"@context\":\"https:\\\/\\\/schema.org\",\"@graph\":[{\"@type\":\"Article\",\"@id\":\"https:\\\/\\\/quehacerpolitico.mx\\\/?p=86196#article\",\"isPartOf\":{\"@id\":\"https:\\\/\\\/quehacerpolitico.mx\\\/?p=86196\"},\"author\":{\"name\":\"Redacci\u00f3n QP\",\"@id\":\"https:\\\/\\\/quehacerpolitico.mx\\\/#\\\/schema\\\/person\\\/496d8ad2d1d3f8036101dca7ee39e585\"},\"headline\":\"Proyectan en Torre Latinoamericana mensaje de agradecimiento por fin de vacunaci\u00f3n covid en CDMX\",\"datePublished\":\"2021-10-30T03:11:35+00:00\",\"dateModified\":\"2021-10-30T03:11:37+00:00\",\"mainEntityOfPage\":{\"@id\":\"https:\\\/\\\/quehacerpolitico.mx\\\/?p=86196\"},\"wordCount\":631,\"commentCount\":0,\"image\":{\"@id\":\"https:\\\/\\\/quehacerpolitico.mx\\\/?p=86196#primaryimage\"},\"thumbnailUrl\":\"https:\\\/\\\/quehacerpolitico.mx\\\/wp-content\\\/uploads\\\/2021\\\/10\\\/44A26120-D583-4055-A664-7CC2E4AE0483.jpeg\",\"articleSection\":[\"CDMX\"],\"inLanguage\":\"es\",\"potentialAction\":[{\"@type\":\"CommentAction\",\"name\":\"Comment\",\"target\":[\"https:\\\/\\\/quehacerpolitico.mx\\\/?p=86196#respond\"]}]},{\"@type\":\"WebPage\",\"@id\":\"https:\\\/\\\/quehacerpolitico.mx\\\/?p=86196\",\"url\":\"https:\\\/\\\/quehacerpolitico.mx\\\/?p=86196\",\"name\":\"Proyectan en Torre Latinoamericana mensaje de agradecimiento por fin de vacunaci\u00f3n covid en CDMX -\",\"isPartOf\":{\"@id\":\"https:\\\/\\\/quehacerpolitico.mx\\\/#website\"},\"primaryImageOfPage\":{\"@id\":\"https:\\\/\\\/quehacerpolitico.mx\\\/?p=86196#primaryimage\"},\"image\":{\"@id\":\"https:\\\/\\\/quehacerpolitico.mx\\\/?p=86196#primaryimage\"},\"thumbnailUrl\":\"https:\\\/\\\/quehacerpolitico.mx\\\/wp-content\\\/uploads\\\/2021\\\/10\\\/44A26120-D583-4055-A664-7CC2E4AE0483.jpeg\",\"datePublished\":\"2021-10-30T03:11:35+00:00\",\"dateModified\":\"2021-10-30T03:11:37+00:00\",\"author\":{\"@id\":\"https:\\\/\\\/quehacerpolitico.mx\\\/#\\\/schema\\\/person\\\/496d8ad2d1d3f8036101dca7ee39e585\"},\"breadcrumb\":{\"@id\":\"https:\\\/\\\/quehacerpolitico.mx\\\/?p=86196#breadcrumb\"},\"inLanguage\":\"es\",\"potentialAction\":[{\"@type\":\"ReadAction\",\"target\":[\"https:\\\/\\\/quehacerpolitico.mx\\\/?p=86196\"]}]},{\"@type\":\"ImageObject\",\"inLanguage\":\"es\",\"@id\":\"https:\\\/\\\/quehacerpolitico.mx\\\/?p=86196#primaryimage\",\"url\":\"https:\\\/\\\/quehacerpolitico.mx\\\/wp-content\\\/uploads\\\/2021\\\/10\\\/44A26120-D583-4055-A664-7CC2E4AE0483.jpeg\",\"contentUrl\":\"https:\\\/\\\/quehacerpolitico.mx\\\/wp-content\\\/uploads\\\/2021\\\/10\\\/44A26120-D583-4055-A664-7CC2E4AE0483.jpeg\",\"width\":975,\"height\":1115},{\"@type\":\"BreadcrumbList\",\"@id\":\"https:\\\/\\\/quehacerpolitico.mx\\\/?p=86196#breadcrumb\",\"itemListElement\":[{\"@type\":\"ListItem\",\"position\":1,\"name\":\"Inicio\",\"item\":\"https:\\\/\\\/quehacerpolitico.mx\\\/\"},{\"@type\":\"ListItem\",\"position\":2,\"name\":\"Proyectan en Torre Latinoamericana mensaje de agradecimiento por fin de vacunaci\u00f3n covid en CDMX\"}]},{\"@type\":\"WebSite\",\"@id\":\"https:\\\/\\\/quehacerpolitico.mx\\\/#website\",\"url\":\"https:\\\/\\\/quehacerpolitico.mx\\\/\",\"name\":\"\",\"description\":\"\",\"potentialAction\":[{\"@type\":\"SearchAction\",\"target\":{\"@type\":\"EntryPoint\",\"urlTemplate\":\"https:\\\/\\\/quehacerpolitico.mx\\\/?s={search_term_string}\"},\"query-input\":{\"@type\":\"PropertyValueSpecification\",\"valueRequired\":true,\"valueName\":\"search_term_string\"}}],\"inLanguage\":\"es\"},{\"@type\":\"Person\",\"@id\":\"https:\\\/\\\/quehacerpolitico.mx\\\/#\\\/schema\\\/person\\\/496d8ad2d1d3f8036101dca7ee39e585\",\"name\":\"Redacci\u00f3n QP\",\"image\":{\"@type\":\"ImageObject\",\"inLanguage\":\"es\",\"@id\":\"https:\\\/\\\/secure.gravatar.com\\\/avatar\\\/c7164ed6fdec453195284ad24a5ae5b6e1eed2b848477fa2a4787ba9adf39a41?s=96&d=mm&r=g\",\"url\":\"https:\\\/\\\/secure.gravatar.com\\\/avatar\\\/c7164ed6fdec453195284ad24a5ae5b6e1eed2b848477fa2a4787ba9adf39a41?s=96&d=mm&r=g\",\"contentUrl\":\"https:\\\/\\\/secure.gravatar.com\\\/avatar\\\/c7164ed6fdec453195284ad24a5ae5b6e1eed2b848477fa2a4787ba9adf39a41?s=96&d=mm&r=g\",\"caption\":\"Redacci\u00f3n QP\"},\"url\":\"https:\\\/\\\/quehacerpolitico.mx\\\/?author=2\"}]}<\/script>\n<!-- \/ Yoast SEO plugin. -->","yoast_head_json":{"title":"Proyectan en Torre Latinoamericana mensaje de agradecimiento por fin de vacunaci\u00f3n covid en CDMX -","robots":{"index":"index","follow":"follow","max-snippet":"max-snippet:-1","max-image-preview":"max-image-preview:large","max-video-preview":"max-video-preview:-1"},"canonical":"https:\/\/quehacerpolitico.mx\/?p=86196","og_locale":"es_MX","og_type":"article","og_title":"Proyectan en Torre Latinoamericana mensaje de agradecimiento por fin de vacunaci\u00f3n covid en CDMX -","og_description":"Por Redacci\u00f3n QP Desde el jueves 28 hasta el 31 de octubre se celebrar\u00e1 el...","og_url":"https:\/\/quehacerpolitico.mx\/?p=86196","article_published_time":"2021-10-30T03:11:35+00:00","article_modified_time":"2021-10-30T03:11:37+00:00","og_image":[{"width":975,"height":1115,"url":"https:\/\/quehacerpolitico.mx\/wp-content\/uploads\/2021\/10\/44A26120-D583-4055-A664-7CC2E4AE0483.jpeg","type":"image\/jpeg"}],"author":"Redacci\u00f3n QP","twitter_card":"summary_large_image","twitter_misc":{"Escrito por":"Redacci\u00f3n QP","Tiempo de lectura":"3 minutos"},"schema":{"@context":"https:\/\/schema.org","@graph":[{"@type":"Article","@id":"https:\/\/quehacerpolitico.mx\/?p=86196#article","isPartOf":{"@id":"https:\/\/quehacerpolitico.mx\/?p=86196"},"author":{"name":"Redacci\u00f3n QP","@id":"https:\/\/quehacerpolitico.mx\/#\/schema\/person\/496d8ad2d1d3f8036101dca7ee39e585"},"headline":"Proyectan en Torre Latinoamericana mensaje de agradecimiento por fin de vacunaci\u00f3n covid en CDMX","datePublished":"2021-10-30T03:11:35+00:00","dateModified":"2021-10-30T03:11:37+00:00","mainEntityOfPage":{"@id":"https:\/\/quehacerpolitico.mx\/?p=86196"},"wordCount":631,"commentCount":0,"image":{"@id":"https:\/\/quehacerpolitico.mx\/?p=86196#primaryimage"},"thumbnailUrl":"https:\/\/quehacerpolitico.mx\/wp-content\/uploads\/2021\/10\/44A26120-D583-4055-A664-7CC2E4AE0483.jpeg","articleSection":["CDMX"],"inLanguage":"es","potentialAction":[{"@type":"CommentAction","name":"Comment","target":["https:\/\/quehacerpolitico.mx\/?p=86196#respond"]}]},{"@type":"WebPage","@id":"https:\/\/quehacerpolitico.mx\/?p=86196","url":"https:\/\/quehacerpolitico.mx\/?p=86196","name":"Proyectan en Torre Latinoamericana mensaje de agradecimiento por fin de vacunaci\u00f3n covid en CDMX -","isPartOf":{"@id":"https:\/\/quehacerpolitico.mx\/#website"},"primaryImageOfPage":{"@id":"https:\/\/quehacerpolitico.mx\/?p=86196#primaryimage"},"image":{"@id":"https:\/\/quehacerpolitico.mx\/?p=86196#primaryimage"},"thumbnailUrl":"https:\/\/quehacerpolitico.mx\/wp-content\/uploads\/2021\/10\/44A26120-D583-4055-A664-7CC2E4AE0483.jpeg","datePublished":"2021-10-30T03:11:35+00:00","dateModified":"2021-10-30T03:11:37+00:00","author":{"@id":"https:\/\/quehacerpolitico.mx\/#\/schema\/person\/496d8ad2d1d3f8036101dca7ee39e585"},"breadcrumb":{"@id":"https:\/\/quehacerpolitico.mx\/?p=86196#breadcrumb"},"inLanguage":"es","potentialAction":[{"@type":"ReadAction","target":["https:\/\/quehacerpolitico.mx\/?p=86196"]}]},{"@type":"ImageObject","inLanguage":"es","@id":"https:\/\/quehacerpolitico.mx\/?p=86196#primaryimage","url":"https:\/\/quehacerpolitico.mx\/wp-content\/uploads\/2021\/10\/44A26120-D583-4055-A664-7CC2E4AE0483.jpeg","contentUrl":"https:\/\/quehacerpolitico.mx\/wp-content\/uploads\/2021\/10\/44A26120-D583-4055-A664-7CC2E4AE0483.jpeg","width":975,"height":1115},{"@type":"BreadcrumbList","@id":"https:\/\/quehacerpolitico.mx\/?p=86196#breadcrumb","itemListElement":[{"@type":"ListItem","position":1,"name":"Inicio","item":"https:\/\/quehacerpolitico.mx\/"},{"@type":"ListItem","position":2,"name":"Proyectan en Torre Latinoamericana mensaje de agradecimiento por fin de vacunaci\u00f3n covid en CDMX"}]},{"@type":"WebSite","@id":"https:\/\/quehacerpolitico.mx\/#website","url":"https:\/\/quehacerpolitico.mx\/","name":"","description":"","potentialAction":[{"@type":"SearchAction","target":{"@type":"EntryPoint","urlTemplate":"https:\/\/quehacerpolitico.mx\/?s={search_term_string}"},"query-input":{"@type":"PropertyValueSpecification","valueRequired":true,"valueName":"search_term_string"}}],"inLanguage":"es"},{"@type":"Person","@id":"https:\/\/quehacerpolitico.mx\/#\/schema\/person\/496d8ad2d1d3f8036101dca7ee39e585","name":"Redacci\u00f3n QP","image":{"@type":"ImageObject","inLanguage":"es","@id":"https:\/\/secure.gravatar.com\/avatar\/c7164ed6fdec453195284ad24a5ae5b6e1eed2b848477fa2a4787ba9adf39a41?s=96&d=mm&r=g","url":"https:\/\/secure.gravatar.com\/avatar\/c7164ed6fdec453195284ad24a5ae5b6e1eed2b848477fa2a4787ba9adf39a41?s=96&d=mm&r=g","contentUrl":"https:\/\/secure.gravatar.com\/avatar\/c7164ed6fdec453195284ad24a5ae5b6e1eed2b848477fa2a4787ba9adf39a41?s=96&d=mm&r=g","caption":"Redacci\u00f3n QP"},"url":"https:\/\/quehacerpolitico.mx\/?author=2"}]}},"featured_image_urls":{"full":["https:\/\/quehacerpolitico.mx\/wp-content\/uploads\/2021\/10\/44A26120-D583-4055-A664-7CC2E4AE0483.jpeg",975,1115,false],"thumbnail":["https:\/\/quehacerpolitico.mx\/wp-content\/uploads\/2021\/10\/44A26120-D583-4055-A664-7CC2E4AE0483-150x150.jpeg",150,150,true],"medium":["https:\/\/quehacerpolitico.mx\/wp-content\/uploads\/2021\/10\/44A26120-D583-4055-A664-7CC2E4AE0483-262x300.jpeg",262,300,true],"medium_large":["https:\/\/quehacerpolitico.mx\/wp-content\/uploads\/2021\/10\/44A26120-D583-4055-A664-7CC2E4AE0483-768x878.jpeg",640,732,true],"large":["https:\/\/quehacerpolitico.mx\/wp-content\/uploads\/2021\/10\/44A26120-D583-4055-A664-7CC2E4AE0483-895x1024.jpeg",640,732,true],"1536x1536":["https:\/\/quehacerpolitico.mx\/wp-content\/uploads\/2021\/10\/44A26120-D583-4055-A664-7CC2E4AE0483.jpeg",975,1115,false],"2048x2048":["https:\/\/quehacerpolitico.mx\/wp-content\/uploads\/2021\/10\/44A26120-D583-4055-A664-7CC2E4AE0483.jpeg",975,1115,false],"covernews-featured":["https:\/\/quehacerpolitico.mx\/wp-content\/uploads\/2021\/10\/44A26120-D583-4055-A664-7CC2E4AE0483.jpeg",975,1115,false],"covernews-medium":["https:\/\/quehacerpolitico.mx\/wp-content\/uploads\/2021\/10\/44A26120-D583-4055-A664-7CC2E4AE0483.jpeg",297,340,false]},"author_info":{"display_name":"Redacci\u00f3n QP","author_link":"https:\/\/quehacerpolitico.mx\/?author=2"},"category_info":"<a href=\"https:\/\/quehacerpolitico.mx\/?cat=55\" rel=\"category\">CDMX<\/a>","tag_info":"CDMX","comment_count":"0","_links":{"self":[{"href":"https:\/\/quehacerpolitico.mx\/index.php?rest_route=\/wp\/v2\/posts\/86196","targetHints":{"allow":["GET"]}}],"collection":[{"href":"https:\/\/quehacerpolitico.mx\/index.php?rest_route=\/wp\/v2\/posts"}],"about":[{"href":"https:\/\/quehacerpolitico.mx\/index.php?rest_route=\/wp\/v2\/types\/post"}],"author":[{"embeddable":true,"href":"https:\/\/quehacerpolitico.mx\/index.php?rest_route=\/wp\/v2\/users\/2"}],"replies":[{"embeddable":true,"href":"https:\/\/quehacerpolitico.mx\/index.php?rest_route=%2Fwp%2Fv2%2Fcomments&post=86196"}],"version-history":[{"count":1,"href":"https:\/\/quehacerpolitico.mx\/index.php?rest_route=\/wp\/v2\/posts\/86196\/revisions"}],"predecessor-version":[{"id":86198,"href":"https:\/\/quehacerpolitico.mx\/index.php?rest_route=\/wp\/v2\/posts\/86196\/revisions\/86198"}],"wp:featuredmedia":[{"embeddable":true,"href":"https:\/\/quehacerpolitico.mx\/index.php?rest_route=\/wp\/v2\/media\/86197"}],"wp:attachment":[{"href":"https:\/\/quehacerpolitico.mx\/index.php?rest_route=%2Fwp%2Fv2%2Fmedia&parent=86196"}],"wp:term":[{"taxonomy":"category","embeddable":true,"href":"https:\/\/quehacerpolitico.mx\/index.php?rest_route=%2Fwp%2Fv2%2Fcategories&post=86196"},{"taxonomy":"post_tag","embeddable":true,"href":"https:\/\/quehacerpolitico.mx\/index.php?rest_route=%2Fwp%2Fv2%2Ftags&post=86196"}],"curies":[{"name":"wp","href":"https:\/\/api.w.org\/{rel}","templated":true}]}}