{"id":86193,"date":"2021-10-29T14:20:39","date_gmt":"2021-10-29T14:20:39","guid":{"rendered":"https:\/\/quehacerpolitico.mx\/?p=86193"},"modified":"2021-10-29T14:20:44","modified_gmt":"2021-10-29T14:20:44","slug":"internacionales-carolina-alonso-romei-biden-y-el-papa-francisco-se-reunen-en-privado-durante-75-minutos","status":"publish","type":"post","link":"https:\/\/quehacerpolitico.mx\/?p=86193","title":{"rendered":"Internacionales\/\/\/Carolina Alonso Romei\/\/\/Biden y el papa Francisco se re\u00fanen en privado durante 75 minutos"},"content":{"rendered":"\n<p>Por Carolina Alonso Romei <\/p>\n\n\n\n<p>Internacionalista <\/p>\n\n\n\n<p>La reuni\u00f3n privada se prolong\u00f3 mucho m\u00e1s que otras conversaciones del papa con los jefes de Estado y Gobierno que le visitan<\/p>\n\n\n\n<ul class=\"wp-block-list\"><li>La duraci\u00f3n de la visita denota el inter\u00e9s del pont\u00edfice por este encuentro con un presidente cat\u00f3lico de EEUU<\/li><li>La Casa Blanca adelant\u00f3 que hablar\u00edan de c\u00f3mo \u2018trabajar conjuntamente\u2019 para \u2018poner fin a la pandemia de covid, encarar el cambio clim\u00e1tico y el cuidado de los pobres\u2019<\/li><\/ul>\n\n\n\n<p>El\u00a0papa Francisco y el presidente de Estados Unidos,\u00a0Joe Biden, se reunieron hoy, 29 de octubre de 2021, en el\u00a0<strong>Vaticano<\/strong>\u00a0por espacio de unos 75 minutos, inform\u00f3 la oficina de prensa de la Santa Sede.<\/p>\n\n\n\n<p>La reuni\u00f3n privada se prolong\u00f3 mucho m\u00e1s que otras conversaciones del papa con los jefes de Estado y Gobierno que le visitan y, tras ella, se intercambiaron sendos regalos.<\/p>\n\n\n\n<p>En la delegaci\u00f3n estadounidense estaban el secretario de Estado, Antony Blinken; el asesor de Seguridad Nacional de la Casa Blanca, Jake Sullivan, y la primera dama, Jill Biden, que visti\u00f3 un traje azul oscuro con mantilla.<\/p>\n\n\n\n<p>Despu\u00e9s de esta primera reuni\u00f3n con&nbsp;<strong>Francisco<\/strong>&nbsp;como presidente de Estados Unidos,&nbsp;<strong>Biden<\/strong>&nbsp;se encontr\u00f3 con el secretario de Estado vaticano, Pietro Parolin.<\/p>\n\n\n\n<p>La duraci\u00f3n de la visita denota el inter\u00e9s del pont\u00edfice por este encuentro con un presidente cat\u00f3lico de Estados Unidos. La reuni\u00f3n que mantuvo el papa con el entonces presidente Donald Trump se prolong\u00f3 unos 30 minutos, mientras que con Barack Obama estuvo cerca de 50.<\/p>\n\n\n\n<p>Durante el tradicional intercambio de regalos, el\u00a0<strong>papa Francisco<\/strong>\u00a0entreg\u00f3 a\u00a0<strong>Biden<\/strong>\u00a0una cer\u00e1mica que representa a un peregrino, sus escritos y su mensaje para la Jornada de la Paz.<\/p>\n\n\n\n<figure class=\"wp-block-embed is-type-rich is-provider-twitter wp-block-embed-twitter\"><div class=\"wp-block-embed__wrapper\">\n<blockquote class=\"twitter-tweet\" data-width=\"550\" data-dnt=\"true\"><p lang=\"en\" dir=\"ltr\">It was an honor to meet with Pope Francis again at the Vatican today. I thanked His Holiness for his advocacy for the world\u2019s poor and those suffering from hunger, conflict, and persecution, and lauded his leadership in fighting the climate crisis and ending the pandemic. <a href=\"https:\/\/t.co\/PGF5axSK4X\">pic.twitter.com\/PGF5axSK4X<\/a><\/p>&mdash; President Biden (@POTUS) <a href=\"https:\/\/twitter.com\/POTUS\/status\/1454082724289986572?ref_src=twsrc%5Etfw\">October 29, 2021<\/a><\/blockquote><script async src=\"https:\/\/platform.twitter.com\/widgets.js\" charset=\"utf-8\"><\/script>\n<\/div><\/figure>\n\n\n\n<p>Por su parte, el mandatario estadounidense regal\u00f3 al\u00a0<strong>papa<\/strong>\u00a0una casulla bordada a mano de 1930, de la Compa\u00f1\u00eda de Jes\u00fas, y que pertenece a la colecci\u00f3n de la Iglesia de la Santa Trinidad de Washington.<\/p>\n\n\n\n<p>La secretaria de prensa de la Casa Blanca, Jen Psaki, hab\u00eda adelantado en un comunicado que hablar\u00edan de c\u00f3mo \u201ctrabajar conjuntamente\u201d para \u201cponer fin a la pandemia de covid-19, encarar el cambio clim\u00e1tico y el cuidado de los pobres\u201d.<\/p>\n\n\n\n<p>El&nbsp;<strong>Vaticano<\/strong>&nbsp;no suele informar con anterioridad a los encuentros y se espera que emita un comunicado.<\/p>\n\n\n\n<p>Adem\u00e1s en esta ocasi\u00f3n, el Vaticano decidi\u00f3 cancelar, sin dar explicaciones, la retransmisi\u00f3n en directo del encuentro, mientras que s\u00ed lo hab\u00eda hecho con Trump y Obama, y se limit\u00f3 s\u00f3lo a dar la llegada.<\/p>\n\n\n\n<p><strong>Biden<\/strong>&nbsp;es el segundo presidente estadounidense cat\u00f3lico despu\u00e9s de John Kennedy, quien visit\u00f3 a Pablo VI en julio de 1963, pocas semanas despu\u00e9s de su elecci\u00f3n como pont\u00edfice.<\/p>\n\n\n\n<p>El presidente dem\u00f3crata visita el Vaticano en medio de las cr\u00edticas de que ha sido objeto por parte de los sectores m\u00e1s conservadores de la iglesia cat\u00f3lica estadounidense por su posici\u00f3n a favor del derecho al aborto.<\/p>\n\n\n\n<p>Esta audiencia se produce adem\u00e1s dos semanas antes de la asamblea de oto\u00f1o de la Conferencia de Obispos Cat\u00f3licos de Estados Unidos en Baltimore.<\/p>\n\n\n\n<p>En ese encuentro se discutir\u00e1 un controvertido documento sobre la Eucarist\u00eda que algunos miembros de la curia quieren aprobar para poder excomulgar a los pol\u00edticos que est\u00e1n a favor del aborto legal, entre los que estar\u00edan Biden y la presidenta de la C\u00e1mara de Representantes, la tambi\u00e9n dem\u00f3crata Nancy Pelosi.<\/p>\n\n\n\n<figure class=\"wp-block-embed is-type-video is-provider-youtube wp-block-embed-youtube wp-embed-aspect-16-9 wp-has-aspect-ratio\"><div class=\"wp-block-embed__wrapper\">\n<iframe loading=\"lazy\" title=\"Encuentro hist\u00f3rico entre el papa y Joe Biden en el Vaticano\" width=\"640\" height=\"360\" src=\"https:\/\/www.youtube.com\/embed\/S3tTlzomxGc?feature=oembed\" frameborder=\"0\" allow=\"accelerometer; autoplay; clipboard-write; encrypted-media; gyroscope; picture-in-picture; web-share\" referrerpolicy=\"strict-origin-when-cross-origin\" allowfullscreen><\/iframe>\n<\/div><\/figure>\n\n\n\n<p><em>Con informaci\u00f3n de EFE<\/em><\/p>\n","protected":false},"excerpt":{"rendered":"<p>Por Carolina Alonso Romei Internacionalista La reuni\u00f3n privada se prolong\u00f3 mucho m\u00e1s que otras conversaciones&#8230;<\/p>\n","protected":false},"author":2,"featured_media":86194,"comment_status":"open","ping_status":"open","sticky":false,"template":"","format":"standard","meta":{"_monsterinsights_skip_tracking":false,"_monsterinsights_sitenote_active":false,"_monsterinsights_sitenote_note":"","_monsterinsights_sitenote_category":0,"footnotes":""},"categories":[1],"tags":[],"class_list":["post-86193","post","type-post","status-publish","format-standard","has-post-thumbnail","hentry","category-sin-categoria"],"yoast_head":"<!-- This site is optimized with the Yoast SEO plugin v27.3 - https:\/\/yoast.com\/product\/yoast-seo-wordpress\/ -->\n<title>Internacionales\/\/\/Carolina Alonso Romei\/\/\/Biden y el papa Francisco se re\u00fanen en privado durante 75 minutos -<\/title>\n<meta name=\"robots\" content=\"index, follow, max-snippet:-1, max-image-preview:large, max-video-preview:-1\" \/>\n<link rel=\"canonical\" href=\"https:\/\/quehacerpolitico.mx\/?p=86193\" \/>\n<meta property=\"og:locale\" content=\"es_MX\" \/>\n<meta property=\"og:type\" content=\"article\" \/>\n<meta property=\"og:title\" content=\"Internacionales\/\/\/Carolina Alonso Romei\/\/\/Biden y el papa Francisco se re\u00fanen en privado durante 75 minutos -\" \/>\n<meta property=\"og:description\" content=\"Por Carolina Alonso Romei Internacionalista La reuni\u00f3n privada se prolong\u00f3 mucho m\u00e1s que otras conversaciones...\" \/>\n<meta property=\"og:url\" content=\"https:\/\/quehacerpolitico.mx\/?p=86193\" \/>\n<meta property=\"article:published_time\" content=\"2021-10-29T14:20:39+00:00\" \/>\n<meta property=\"article:modified_time\" content=\"2021-10-29T14:20:44+00:00\" \/>\n<meta property=\"og:image\" content=\"https:\/\/quehacerpolitico.mx\/wp-content\/uploads\/2021\/10\/E0249260-4565-43C6-9FA5-017C49EC806C.webp\" \/>\n\t<meta property=\"og:image:width\" content=\"1280\" \/>\n\t<meta property=\"og:image:height\" content=\"720\" \/>\n\t<meta property=\"og:image:type\" content=\"image\/webp\" \/>\n<meta name=\"author\" content=\"Redacci\u00f3n QP\" \/>\n<meta name=\"twitter:card\" content=\"summary_large_image\" \/>\n<meta name=\"twitter:label1\" content=\"Escrito por\" \/>\n\t<meta name=\"twitter:data1\" content=\"Redacci\u00f3n QP\" \/>\n\t<meta name=\"twitter:label2\" content=\"Tiempo de lectura\" \/>\n\t<meta name=\"twitter:data2\" content=\"3 minutos\" \/>\n<script type=\"application\/ld+json\" class=\"yoast-schema-graph\">{\"@context\":\"https:\\\/\\\/schema.org\",\"@graph\":[{\"@type\":\"Article\",\"@id\":\"https:\\\/\\\/quehacerpolitico.mx\\\/?p=86193#article\",\"isPartOf\":{\"@id\":\"https:\\\/\\\/quehacerpolitico.mx\\\/?p=86193\"},\"author\":{\"name\":\"Redacci\u00f3n QP\",\"@id\":\"https:\\\/\\\/quehacerpolitico.mx\\\/#\\\/schema\\\/person\\\/496d8ad2d1d3f8036101dca7ee39e585\"},\"headline\":\"Internacionales\\\/\\\/\\\/Carolina Alonso Romei\\\/\\\/\\\/Biden y el papa Francisco se re\u00fanen en privado durante 75 minutos\",\"datePublished\":\"2021-10-29T14:20:39+00:00\",\"dateModified\":\"2021-10-29T14:20:44+00:00\",\"mainEntityOfPage\":{\"@id\":\"https:\\\/\\\/quehacerpolitico.mx\\\/?p=86193\"},\"wordCount\":625,\"commentCount\":0,\"image\":{\"@id\":\"https:\\\/\\\/quehacerpolitico.mx\\\/?p=86193#primaryimage\"},\"thumbnailUrl\":\"https:\\\/\\\/quehacerpolitico.mx\\\/wp-content\\\/uploads\\\/2021\\\/10\\\/E0249260-4565-43C6-9FA5-017C49EC806C.webp\",\"articleSection\":[\"Internacionales\"],\"inLanguage\":\"es\",\"potentialAction\":[{\"@type\":\"CommentAction\",\"name\":\"Comment\",\"target\":[\"https:\\\/\\\/quehacerpolitico.mx\\\/?p=86193#respond\"]}]},{\"@type\":\"WebPage\",\"@id\":\"https:\\\/\\\/quehacerpolitico.mx\\\/?p=86193\",\"url\":\"https:\\\/\\\/quehacerpolitico.mx\\\/?p=86193\",\"name\":\"Internacionales\\\/\\\/\\\/Carolina Alonso Romei\\\/\\\/\\\/Biden y el papa Francisco se re\u00fanen en privado durante 75 minutos -\",\"isPartOf\":{\"@id\":\"https:\\\/\\\/quehacerpolitico.mx\\\/#website\"},\"primaryImageOfPage\":{\"@id\":\"https:\\\/\\\/quehacerpolitico.mx\\\/?p=86193#primaryimage\"},\"image\":{\"@id\":\"https:\\\/\\\/quehacerpolitico.mx\\\/?p=86193#primaryimage\"},\"thumbnailUrl\":\"https:\\\/\\\/quehacerpolitico.mx\\\/wp-content\\\/uploads\\\/2021\\\/10\\\/E0249260-4565-43C6-9FA5-017C49EC806C.webp\",\"datePublished\":\"2021-10-29T14:20:39+00:00\",\"dateModified\":\"2021-10-29T14:20:44+00:00\",\"author\":{\"@id\":\"https:\\\/\\\/quehacerpolitico.mx\\\/#\\\/schema\\\/person\\\/496d8ad2d1d3f8036101dca7ee39e585\"},\"breadcrumb\":{\"@id\":\"https:\\\/\\\/quehacerpolitico.mx\\\/?p=86193#breadcrumb\"},\"inLanguage\":\"es\",\"potentialAction\":[{\"@type\":\"ReadAction\",\"target\":[\"https:\\\/\\\/quehacerpolitico.mx\\\/?p=86193\"]}]},{\"@type\":\"ImageObject\",\"inLanguage\":\"es\",\"@id\":\"https:\\\/\\\/quehacerpolitico.mx\\\/?p=86193#primaryimage\",\"url\":\"https:\\\/\\\/quehacerpolitico.mx\\\/wp-content\\\/uploads\\\/2021\\\/10\\\/E0249260-4565-43C6-9FA5-017C49EC806C.webp\",\"contentUrl\":\"https:\\\/\\\/quehacerpolitico.mx\\\/wp-content\\\/uploads\\\/2021\\\/10\\\/E0249260-4565-43C6-9FA5-017C49EC806C.webp\",\"width\":1280,\"height\":720},{\"@type\":\"BreadcrumbList\",\"@id\":\"https:\\\/\\\/quehacerpolitico.mx\\\/?p=86193#breadcrumb\",\"itemListElement\":[{\"@type\":\"ListItem\",\"position\":1,\"name\":\"Inicio\",\"item\":\"https:\\\/\\\/quehacerpolitico.mx\\\/\"},{\"@type\":\"ListItem\",\"position\":2,\"name\":\"Internacionales\\\/\\\/\\\/Carolina Alonso Romei\\\/\\\/\\\/Biden y el papa Francisco se re\u00fanen en privado durante 75 minutos\"}]},{\"@type\":\"WebSite\",\"@id\":\"https:\\\/\\\/quehacerpolitico.mx\\\/#website\",\"url\":\"https:\\\/\\\/quehacerpolitico.mx\\\/\",\"name\":\"\",\"description\":\"\",\"potentialAction\":[{\"@type\":\"SearchAction\",\"target\":{\"@type\":\"EntryPoint\",\"urlTemplate\":\"https:\\\/\\\/quehacerpolitico.mx\\\/?s={search_term_string}\"},\"query-input\":{\"@type\":\"PropertyValueSpecification\",\"valueRequired\":true,\"valueName\":\"search_term_string\"}}],\"inLanguage\":\"es\"},{\"@type\":\"Person\",\"@id\":\"https:\\\/\\\/quehacerpolitico.mx\\\/#\\\/schema\\\/person\\\/496d8ad2d1d3f8036101dca7ee39e585\",\"name\":\"Redacci\u00f3n QP\",\"image\":{\"@type\":\"ImageObject\",\"inLanguage\":\"es\",\"@id\":\"https:\\\/\\\/secure.gravatar.com\\\/avatar\\\/c7164ed6fdec453195284ad24a5ae5b6e1eed2b848477fa2a4787ba9adf39a41?s=96&d=mm&r=g\",\"url\":\"https:\\\/\\\/secure.gravatar.com\\\/avatar\\\/c7164ed6fdec453195284ad24a5ae5b6e1eed2b848477fa2a4787ba9adf39a41?s=96&d=mm&r=g\",\"contentUrl\":\"https:\\\/\\\/secure.gravatar.com\\\/avatar\\\/c7164ed6fdec453195284ad24a5ae5b6e1eed2b848477fa2a4787ba9adf39a41?s=96&d=mm&r=g\",\"caption\":\"Redacci\u00f3n QP\"},\"url\":\"https:\\\/\\\/quehacerpolitico.mx\\\/?author=2\"}]}<\/script>\n<!-- \/ Yoast SEO plugin. -->","yoast_head_json":{"title":"Internacionales\/\/\/Carolina Alonso Romei\/\/\/Biden y el papa Francisco se re\u00fanen en privado durante 75 minutos -","robots":{"index":"index","follow":"follow","max-snippet":"max-snippet:-1","max-image-preview":"max-image-preview:large","max-video-preview":"max-video-preview:-1"},"canonical":"https:\/\/quehacerpolitico.mx\/?p=86193","og_locale":"es_MX","og_type":"article","og_title":"Internacionales\/\/\/Carolina Alonso Romei\/\/\/Biden y el papa Francisco se re\u00fanen en privado durante 75 minutos -","og_description":"Por Carolina Alonso Romei Internacionalista La reuni\u00f3n privada se prolong\u00f3 mucho m\u00e1s que otras conversaciones...","og_url":"https:\/\/quehacerpolitico.mx\/?p=86193","article_published_time":"2021-10-29T14:20:39+00:00","article_modified_time":"2021-10-29T14:20:44+00:00","og_image":[{"width":1280,"height":720,"url":"https:\/\/quehacerpolitico.mx\/wp-content\/uploads\/2021\/10\/E0249260-4565-43C6-9FA5-017C49EC806C.webp","type":"image\/webp"}],"author":"Redacci\u00f3n QP","twitter_card":"summary_large_image","twitter_misc":{"Escrito por":"Redacci\u00f3n QP","Tiempo de lectura":"3 minutos"},"schema":{"@context":"https:\/\/schema.org","@graph":[{"@type":"Article","@id":"https:\/\/quehacerpolitico.mx\/?p=86193#article","isPartOf":{"@id":"https:\/\/quehacerpolitico.mx\/?p=86193"},"author":{"name":"Redacci\u00f3n QP","@id":"https:\/\/quehacerpolitico.mx\/#\/schema\/person\/496d8ad2d1d3f8036101dca7ee39e585"},"headline":"Internacionales\/\/\/Carolina Alonso Romei\/\/\/Biden y el papa Francisco se re\u00fanen en privado durante 75 minutos","datePublished":"2021-10-29T14:20:39+00:00","dateModified":"2021-10-29T14:20:44+00:00","mainEntityOfPage":{"@id":"https:\/\/quehacerpolitico.mx\/?p=86193"},"wordCount":625,"commentCount":0,"image":{"@id":"https:\/\/quehacerpolitico.mx\/?p=86193#primaryimage"},"thumbnailUrl":"https:\/\/quehacerpolitico.mx\/wp-content\/uploads\/2021\/10\/E0249260-4565-43C6-9FA5-017C49EC806C.webp","articleSection":["Internacionales"],"inLanguage":"es","potentialAction":[{"@type":"CommentAction","name":"Comment","target":["https:\/\/quehacerpolitico.mx\/?p=86193#respond"]}]},{"@type":"WebPage","@id":"https:\/\/quehacerpolitico.mx\/?p=86193","url":"https:\/\/quehacerpolitico.mx\/?p=86193","name":"Internacionales\/\/\/Carolina Alonso Romei\/\/\/Biden y el papa Francisco se re\u00fanen en privado durante 75 minutos -","isPartOf":{"@id":"https:\/\/quehacerpolitico.mx\/#website"},"primaryImageOfPage":{"@id":"https:\/\/quehacerpolitico.mx\/?p=86193#primaryimage"},"image":{"@id":"https:\/\/quehacerpolitico.mx\/?p=86193#primaryimage"},"thumbnailUrl":"https:\/\/quehacerpolitico.mx\/wp-content\/uploads\/2021\/10\/E0249260-4565-43C6-9FA5-017C49EC806C.webp","datePublished":"2021-10-29T14:20:39+00:00","dateModified":"2021-10-29T14:20:44+00:00","author":{"@id":"https:\/\/quehacerpolitico.mx\/#\/schema\/person\/496d8ad2d1d3f8036101dca7ee39e585"},"breadcrumb":{"@id":"https:\/\/quehacerpolitico.mx\/?p=86193#breadcrumb"},"inLanguage":"es","potentialAction":[{"@type":"ReadAction","target":["https:\/\/quehacerpolitico.mx\/?p=86193"]}]},{"@type":"ImageObject","inLanguage":"es","@id":"https:\/\/quehacerpolitico.mx\/?p=86193#primaryimage","url":"https:\/\/quehacerpolitico.mx\/wp-content\/uploads\/2021\/10\/E0249260-4565-43C6-9FA5-017C49EC806C.webp","contentUrl":"https:\/\/quehacerpolitico.mx\/wp-content\/uploads\/2021\/10\/E0249260-4565-43C6-9FA5-017C49EC806C.webp","width":1280,"height":720},{"@type":"BreadcrumbList","@id":"https:\/\/quehacerpolitico.mx\/?p=86193#breadcrumb","itemListElement":[{"@type":"ListItem","position":1,"name":"Inicio","item":"https:\/\/quehacerpolitico.mx\/"},{"@type":"ListItem","position":2,"name":"Internacionales\/\/\/Carolina Alonso Romei\/\/\/Biden y el papa Francisco se re\u00fanen en privado durante 75 minutos"}]},{"@type":"WebSite","@id":"https:\/\/quehacerpolitico.mx\/#website","url":"https:\/\/quehacerpolitico.mx\/","name":"","description":"","potentialAction":[{"@type":"SearchAction","target":{"@type":"EntryPoint","urlTemplate":"https:\/\/quehacerpolitico.mx\/?s={search_term_string}"},"query-input":{"@type":"PropertyValueSpecification","valueRequired":true,"valueName":"search_term_string"}}],"inLanguage":"es"},{"@type":"Person","@id":"https:\/\/quehacerpolitico.mx\/#\/schema\/person\/496d8ad2d1d3f8036101dca7ee39e585","name":"Redacci\u00f3n QP","image":{"@type":"ImageObject","inLanguage":"es","@id":"https:\/\/secure.gravatar.com\/avatar\/c7164ed6fdec453195284ad24a5ae5b6e1eed2b848477fa2a4787ba9adf39a41?s=96&d=mm&r=g","url":"https:\/\/secure.gravatar.com\/avatar\/c7164ed6fdec453195284ad24a5ae5b6e1eed2b848477fa2a4787ba9adf39a41?s=96&d=mm&r=g","contentUrl":"https:\/\/secure.gravatar.com\/avatar\/c7164ed6fdec453195284ad24a5ae5b6e1eed2b848477fa2a4787ba9adf39a41?s=96&d=mm&r=g","caption":"Redacci\u00f3n QP"},"url":"https:\/\/quehacerpolitico.mx\/?author=2"}]}},"featured_image_urls":{"full":["https:\/\/quehacerpolitico.mx\/wp-content\/uploads\/2021\/10\/E0249260-4565-43C6-9FA5-017C49EC806C.webp",1280,720,false],"thumbnail":["https:\/\/quehacerpolitico.mx\/wp-content\/uploads\/2021\/10\/E0249260-4565-43C6-9FA5-017C49EC806C-150x150.webp",150,150,true],"medium":["https:\/\/quehacerpolitico.mx\/wp-content\/uploads\/2021\/10\/E0249260-4565-43C6-9FA5-017C49EC806C-300x169.webp",300,169,true],"medium_large":["https:\/\/quehacerpolitico.mx\/wp-content\/uploads\/2021\/10\/E0249260-4565-43C6-9FA5-017C49EC806C-768x432.webp",640,360,true],"large":["https:\/\/quehacerpolitico.mx\/wp-content\/uploads\/2021\/10\/E0249260-4565-43C6-9FA5-017C49EC806C-1024x576.webp",640,360,true],"1536x1536":["https:\/\/quehacerpolitico.mx\/wp-content\/uploads\/2021\/10\/E0249260-4565-43C6-9FA5-017C49EC806C.webp",1280,720,false],"2048x2048":["https:\/\/quehacerpolitico.mx\/wp-content\/uploads\/2021\/10\/E0249260-4565-43C6-9FA5-017C49EC806C.webp",1280,720,false],"covernews-featured":["https:\/\/quehacerpolitico.mx\/wp-content\/uploads\/2021\/10\/E0249260-4565-43C6-9FA5-017C49EC806C.webp",1024,576,false],"covernews-medium":["https:\/\/quehacerpolitico.mx\/wp-content\/uploads\/2021\/10\/E0249260-4565-43C6-9FA5-017C49EC806C.webp",540,304,false]},"author_info":{"display_name":"Redacci\u00f3n QP","author_link":"https:\/\/quehacerpolitico.mx\/?author=2"},"category_info":"<a href=\"https:\/\/quehacerpolitico.mx\/?cat=1\" rel=\"category\">Internacionales<\/a>","tag_info":"Internacionales","comment_count":"0","_links":{"self":[{"href":"https:\/\/quehacerpolitico.mx\/index.php?rest_route=\/wp\/v2\/posts\/86193","targetHints":{"allow":["GET"]}}],"collection":[{"href":"https:\/\/quehacerpolitico.mx\/index.php?rest_route=\/wp\/v2\/posts"}],"about":[{"href":"https:\/\/quehacerpolitico.mx\/index.php?rest_route=\/wp\/v2\/types\/post"}],"author":[{"embeddable":true,"href":"https:\/\/quehacerpolitico.mx\/index.php?rest_route=\/wp\/v2\/users\/2"}],"replies":[{"embeddable":true,"href":"https:\/\/quehacerpolitico.mx\/index.php?rest_route=%2Fwp%2Fv2%2Fcomments&post=86193"}],"version-history":[{"count":1,"href":"https:\/\/quehacerpolitico.mx\/index.php?rest_route=\/wp\/v2\/posts\/86193\/revisions"}],"predecessor-version":[{"id":86195,"href":"https:\/\/quehacerpolitico.mx\/index.php?rest_route=\/wp\/v2\/posts\/86193\/revisions\/86195"}],"wp:featuredmedia":[{"embeddable":true,"href":"https:\/\/quehacerpolitico.mx\/index.php?rest_route=\/wp\/v2\/media\/86194"}],"wp:attachment":[{"href":"https:\/\/quehacerpolitico.mx\/index.php?rest_route=%2Fwp%2Fv2%2Fmedia&parent=86193"}],"wp:term":[{"taxonomy":"category","embeddable":true,"href":"https:\/\/quehacerpolitico.mx\/index.php?rest_route=%2Fwp%2Fv2%2Fcategories&post=86193"},{"taxonomy":"post_tag","embeddable":true,"href":"https:\/\/quehacerpolitico.mx\/index.php?rest_route=%2Fwp%2Fv2%2Ftags&post=86193"}],"curies":[{"name":"wp","href":"https:\/\/api.w.org\/{rel}","templated":true}]}}