{"id":86173,"date":"2021-10-29T02:26:20","date_gmt":"2021-10-29T02:26:20","guid":{"rendered":"https:\/\/quehacerpolitico.mx\/?p=86173"},"modified":"2021-10-29T02:26:22","modified_gmt":"2021-10-29T02:26:22","slug":"gustavo-a-madero-primera-alcaldia-que-inicia-bacheton-para-mejorar-la-imagen-urbana-de-la-capital","status":"publish","type":"post","link":"https:\/\/quehacerpolitico.mx\/?p=86173","title":{"rendered":"Gustavo A. Madero, primera alcald\u00eda que inicia \u201cBachet\u00f3n\u201d para mejorar la imagen urbana de la capital"},"content":{"rendered":"\n<p>*Cada mi\u00e9rcoles en conjunto los 7 ediles de las alcald\u00edas Gustavo A. Madero, Iztacalco, Iztapalapa, Milpa Alta, Tl\u00e1huac, Venustiano Carranza y Xochimilco participar\u00e1n en dicho programa<\/p>\n\n\n\n<p>Por Francisco Rodr\u00edguez<\/p>\n\n\n\n<p>El programa \u201cBachet\u00f3n\u201d inici\u00f3 en Gustavo A. Madero con el reencarpetado de 15,090 M2 en calle 314 entre Av. Ing. Eduardo Molina y lateral de Gran Canal del Desag\u00fce. Al evento acudieron los 7 ediles de las alcald\u00edas Gustavo A. Madero, Iztacalco, Iztapalapa, Milpa Alta, Tl\u00e1huac, Venustiano Carranza y Xochimilco, esto como parte de las actividades de mejoramiento urbano que llevar\u00e1n a cabo en conjunto cada mi\u00e9rcoles en las demarcaciones que representan.<\/p>\n\n\n\n<p>El programa tiene el objetivo de eliminar 30 mil baches de estas siete alcald\u00edas, con trabajos realizados por administraci\u00f3n durante los pr\u00f3ximos dos meses.<\/p>\n\n\n\n<p>En Gustavo A. Madero, el alcalde Francisco Ch\u00edguil\u00a0recalc\u00f3 que se tiene pensando reencarpetar 550 mil m2 y bachear 200 mil m2 durante los pr\u00f3ximos 12 meses, mismos que se sumar\u00e1n a los m\u00e1s de 1 mill\u00f3n m2 que desde 2018 al mes de octubre se han trabajado, con el apoyo de nuestros compa\u00f1eros y compa\u00f1eras de Servicios Urbanos, sin tener que contratar empresas privadas.<\/p>\n\n\n\n<figure class=\"wp-block-image size-large\"><img loading=\"lazy\" decoding=\"async\" width=\"1024\" height=\"677\" src=\"https:\/\/quehacerpolitico.mx\/wp-content\/uploads\/2021\/10\/image-37-1024x677.jpeg\" alt=\"\" class=\"wp-image-86174\" srcset=\"https:\/\/quehacerpolitico.mx\/wp-content\/uploads\/2021\/10\/image-37-1024x677.jpeg 1024w, https:\/\/quehacerpolitico.mx\/wp-content\/uploads\/2021\/10\/image-37-300x198.jpeg 300w, https:\/\/quehacerpolitico.mx\/wp-content\/uploads\/2021\/10\/image-37-768x508.jpeg 768w, https:\/\/quehacerpolitico.mx\/wp-content\/uploads\/2021\/10\/image-37-221x146.jpeg 221w, https:\/\/quehacerpolitico.mx\/wp-content\/uploads\/2021\/10\/image-37-50x33.jpeg 50w, https:\/\/quehacerpolitico.mx\/wp-content\/uploads\/2021\/10\/image-37-113x75.jpeg 113w, https:\/\/quehacerpolitico.mx\/wp-content\/uploads\/2021\/10\/image-37.jpeg 1440w\" sizes=\"auto, (max-width: 1024px) 100vw, 1024px\" \/><\/figure>\n\n\n\n<p>Ch\u00edguil agradeci\u00f3 la asistencia de todos los alcaldes, y a\u00f1adi\u00f3 que, si bien se redujeron 800 millones de pesos al presupuesto, su gobierno demostr\u00f3 que se puede hacer m\u00e1s con menos.&nbsp;Por ello, con el Bachet\u00f3n eliminaremos m\u00e1s de 30 mil baches en las alcald\u00edas Gustavo A. Madero, Iztacalco, Iztapalapa, Milpa Alta, Tl\u00e1huac, Venustiano Carranza y Xochimilco.<\/p>\n\n\n\n<p>Tambi\u00e9n, mencion\u00f3 que, en materia de presupuesto participativo, su demarcaci\u00f3n comenzar\u00e1 con la entrega de obras realizadas en beneficio de miles de vecinos \u201cMientras algunos ven c\u00f3mo evitan la ejecuci\u00f3n del recurso p\u00fablico para llevarse unos moches de los que est\u00e1n acostumbrados, nosotros ya lo estamos ejerciendo\u201d, puntualiz\u00f3 Francisco Ch\u00edguil.<\/p>\n\n\n\n<figure class=\"wp-block-image size-full\"><img loading=\"lazy\" decoding=\"async\" width=\"1024\" height=\"757\" src=\"https:\/\/quehacerpolitico.mx\/wp-content\/uploads\/2021\/10\/image-38.jpeg\" alt=\"\" class=\"wp-image-86175\" srcset=\"https:\/\/quehacerpolitico.mx\/wp-content\/uploads\/2021\/10\/image-38.jpeg 1024w, https:\/\/quehacerpolitico.mx\/wp-content\/uploads\/2021\/10\/image-38-300x222.jpeg 300w, https:\/\/quehacerpolitico.mx\/wp-content\/uploads\/2021\/10\/image-38-768x568.jpeg 768w, https:\/\/quehacerpolitico.mx\/wp-content\/uploads\/2021\/10\/image-38-197x146.jpeg 197w, https:\/\/quehacerpolitico.mx\/wp-content\/uploads\/2021\/10\/image-38-50x37.jpeg 50w, https:\/\/quehacerpolitico.mx\/wp-content\/uploads\/2021\/10\/image-38-101x75.jpeg 101w\" sizes=\"auto, (max-width: 1024px) 100vw, 1024px\" \/><\/figure>\n\n\n\n<p>La alcaldesa de Iztapalapa Clara Brugada, se\u00f1al\u00f3 que adem\u00e1s de los 200 mil baches atendidos los pasados tres a\u00f1os, entre octubre y diciembre de 2021 se corregir\u00e1n otros 12 mil.<\/p>\n\n\n\n<p>Sostuvo que, un buen gobierno es un gobierno atento y responsable. Hoy, con el banderazo de salida al Bachet\u00f3n, refrendamos esta obligaci\u00f3n consignada en la Constituci\u00f3n de la Ciudad de M\u00e9xico, que se\u00f1ala que la buena administraci\u00f3n es aquella que procura el inter\u00e9s p\u00fablico.<\/p>\n\n\n\n<p>Al tomar la palabra, Evelyn Parra \u00c1lvarez, Alcaldesa de Venustiano Carranza, destac\u00f3 que su gobierno ya logr\u00f3 el 60 por ciento de avance de los 25.6 millones de pesos del Presupuesto Participativo 2020 y 2021 para cambiar la carpeta asf\u00e1ltica en calles de 18 colonias,&nbsp;\u201cAqu\u00ed somos mujeres y hombres que trabajamos por la ciudadan\u00eda\u201d.<\/p>\n\n\n\n<p>En su intervenci\u00f3n el alcalde de Iztacalco Armando Quintero Mart\u00ednez mencion\u00f3 que este programa servir\u00e1 para demostrar que \u201cnosotros s\u00ed sabemos gobernar, que vamos a ejercer el presupuesto p\u00fablico a favor de los que menos tienen, siendo nuestro lema fundamental&nbsp;&nbsp; servir al pueblo\u201d.<\/p>\n\n\n\n<p>Se\u00f1al\u00f3 tambi\u00e9n que, a diferencia de otros gobernantes, los ah\u00ed reunidos conocen la situaci\u00f3n y necesidades de sus habitantes, lo que les permite ejercer un buen gobierno y aprovechar en tiempo y forma los recursos disponibles. Mediante el saneamiento de calles y avenidas se busca un objetivo com\u00fan: elevar la calidad de vida de los habitantes de la zona Nororiente de la Ciudad de M\u00e9xico.\u201d Concluy\u00f3.<\/p>\n\n\n\n<p>Por su parte, Jos\u00e9 Carlos Acosta Ru\u00edz, alcalde de Xochimilco, apunt\u00f3 que estos trabajos llegar\u00e1n a las siete alcald\u00edas, a lugares como Santiago Tulyehualco y donde se necesiten estos servicios, como parte de la atenci\u00f3n a la poblaci\u00f3n para escuchar de manera directa sus demandas, inquietudes y necesidades.<\/p>\n\n\n\n<p>A su vez, Judith Vanegas Tapia, alcaldesa de Milpa Alta, se\u00f1al\u00f3 que, todos los alcaldes y alcaldesas de Morena \u201cnos estamos coordinando, nos estamos apoyando\u201d en los servicios que se tienen que llevar a cabo en beneficio de nuestra poblaci\u00f3n.<\/p>\n\n\n\n<p>Como ejemplo, mencion\u00f3 que con la alcaldesa de Tl\u00e1huac \u201cestamos caminando juntas para ver con SACMEX el problema de agua en nuestras demarcaciones\u201d y, adem\u00e1s, \u201charemos un bacheo juntas\u201d.<\/p>\n\n\n\n<p>Por otra parte, en cuanto al Presupuesto Participativo, los 7 ediles se\u00f1alaron que en menos de quince d\u00edas se estar\u00e1n inaugurando obras del Presupuesto Participativo, por lo que no hay cabida ante la solicitud de aplazo para ejercer este presupuesto; puesto que mientras algunos se han dedicado a poner pretextos, en otras alcald\u00edas se ha ejercido el recurso en favor de la poblaci\u00f3n.<\/p>\n\n\n\n<p>Dentro de ocho d\u00edas, los ediles visitar\u00e1n la Alcald\u00eda de Iztapalapa para iniciar los trabajos de mejoramiento urbano que se llevar\u00e1n a cabo en la demarcaci\u00f3n.<\/p>\n\n\n\n<figure class=\"wp-block-embed is-type-rich is-provider-twitter wp-block-embed-twitter\"><div class=\"wp-block-embed__wrapper\">\n<blockquote class=\"twitter-tweet\" data-width=\"550\" data-dnt=\"true\"><p lang=\"es\" dir=\"ltr\">Hoy entr\u00f3 en marcha el programa <a href=\"https:\/\/twitter.com\/hashtag\/Bachet%C3%B3n?src=hash&amp;ref_src=twsrc%5Etfw\">#Bachet\u00f3n<\/a> \ud83d\ude9c, en el cual se  corregir\u00e1n 3\ufe0f\u20e30\ufe0f\u20e3 mil baches en calles de 7\ufe0f\u20e3 alcald\u00edas, adem\u00e1s, se busca reencarpetar 500 mil m2 y bacheo de 200 mil m2.<br><br>Sigamos <a href=\"https:\/\/twitter.com\/hashtag\/TransformandoJuntos?src=hash&amp;ref_src=twsrc%5Etfw\">#TransformandoJuntos<\/a><a href=\"https:\/\/twitter.com\/hashtag\/CeroBaches?src=hash&amp;ref_src=twsrc%5Etfw\">#CeroBaches<\/a> \ud83d\ude9c <a href=\"https:\/\/t.co\/hpXkuyv1mT\">pic.twitter.com\/hpXkuyv1mT<\/a><\/p>&mdash; Alcald\u00eda Gustavo A. Madero (@TuAlcaldiaGAM) <a href=\"https:\/\/twitter.com\/TuAlcaldiaGAM\/status\/1453565257515929603?ref_src=twsrc%5Etfw\">October 28, 2021<\/a><\/blockquote><script async src=\"https:\/\/platform.twitter.com\/widgets.js\" charset=\"utf-8\"><\/script>\n<\/div><\/figure>\n","protected":false},"excerpt":{"rendered":"<p>*Cada mi\u00e9rcoles en conjunto los 7 ediles de las alcald\u00edas Gustavo A. Madero, Iztacalco, Iztapalapa,&#8230;<\/p>\n","protected":false},"author":2,"featured_media":86176,"comment_status":"open","ping_status":"open","sticky":false,"template":"","format":"standard","meta":{"_monsterinsights_skip_tracking":false,"_monsterinsights_sitenote_active":false,"_monsterinsights_sitenote_note":"","_monsterinsights_sitenote_category":0,"footnotes":""},"categories":[55],"tags":[],"class_list":["post-86173","post","type-post","status-publish","format-standard","has-post-thumbnail","hentry","category-cdmx"],"yoast_head":"<!-- This site is optimized with the Yoast SEO plugin v27.3 - https:\/\/yoast.com\/product\/yoast-seo-wordpress\/ -->\n<title>Gustavo A. Madero, primera alcald\u00eda que inicia \u201cBachet\u00f3n\u201d para mejorar la imagen urbana de la capital -<\/title>\n<meta name=\"robots\" content=\"index, follow, max-snippet:-1, max-image-preview:large, max-video-preview:-1\" \/>\n<link rel=\"canonical\" href=\"https:\/\/quehacerpolitico.mx\/?p=86173\" \/>\n<meta property=\"og:locale\" content=\"es_MX\" \/>\n<meta property=\"og:type\" content=\"article\" \/>\n<meta property=\"og:title\" content=\"Gustavo A. Madero, primera alcald\u00eda que inicia \u201cBachet\u00f3n\u201d para mejorar la imagen urbana de la capital -\" \/>\n<meta property=\"og:description\" content=\"*Cada mi\u00e9rcoles en conjunto los 7 ediles de las alcald\u00edas Gustavo A. Madero, Iztacalco, Iztapalapa,...\" \/>\n<meta property=\"og:url\" content=\"https:\/\/quehacerpolitico.mx\/?p=86173\" \/>\n<meta property=\"article:published_time\" content=\"2021-10-29T02:26:20+00:00\" \/>\n<meta property=\"article:modified_time\" content=\"2021-10-29T02:26:22+00:00\" \/>\n<meta property=\"og:image\" content=\"https:\/\/quehacerpolitico.mx\/wp-content\/uploads\/2021\/10\/105031F3-FB11-4279-9CB4-84161708C1E6.jpeg\" \/>\n\t<meta property=\"og:image:width\" content=\"1440\" \/>\n\t<meta property=\"og:image:height\" content=\"958\" \/>\n\t<meta property=\"og:image:type\" content=\"image\/jpeg\" \/>\n<meta name=\"author\" content=\"Redacci\u00f3n QP\" \/>\n<meta name=\"twitter:card\" content=\"summary_large_image\" \/>\n<meta name=\"twitter:label1\" content=\"Escrito por\" \/>\n\t<meta name=\"twitter:data1\" content=\"Redacci\u00f3n QP\" \/>\n\t<meta name=\"twitter:label2\" content=\"Tiempo de lectura\" \/>\n\t<meta name=\"twitter:data2\" content=\"4 minutos\" \/>\n<script type=\"application\/ld+json\" class=\"yoast-schema-graph\">{\"@context\":\"https:\\\/\\\/schema.org\",\"@graph\":[{\"@type\":\"Article\",\"@id\":\"https:\\\/\\\/quehacerpolitico.mx\\\/?p=86173#article\",\"isPartOf\":{\"@id\":\"https:\\\/\\\/quehacerpolitico.mx\\\/?p=86173\"},\"author\":{\"name\":\"Redacci\u00f3n QP\",\"@id\":\"https:\\\/\\\/quehacerpolitico.mx\\\/#\\\/schema\\\/person\\\/496d8ad2d1d3f8036101dca7ee39e585\"},\"headline\":\"Gustavo A. Madero, primera alcald\u00eda que inicia \u201cBachet\u00f3n\u201d para mejorar la imagen urbana de la capital\",\"datePublished\":\"2021-10-29T02:26:20+00:00\",\"dateModified\":\"2021-10-29T02:26:22+00:00\",\"mainEntityOfPage\":{\"@id\":\"https:\\\/\\\/quehacerpolitico.mx\\\/?p=86173\"},\"wordCount\":824,\"commentCount\":0,\"image\":{\"@id\":\"https:\\\/\\\/quehacerpolitico.mx\\\/?p=86173#primaryimage\"},\"thumbnailUrl\":\"https:\\\/\\\/quehacerpolitico.mx\\\/wp-content\\\/uploads\\\/2021\\\/10\\\/105031F3-FB11-4279-9CB4-84161708C1E6.jpeg\",\"articleSection\":[\"CDMX\"],\"inLanguage\":\"es\",\"potentialAction\":[{\"@type\":\"CommentAction\",\"name\":\"Comment\",\"target\":[\"https:\\\/\\\/quehacerpolitico.mx\\\/?p=86173#respond\"]}]},{\"@type\":\"WebPage\",\"@id\":\"https:\\\/\\\/quehacerpolitico.mx\\\/?p=86173\",\"url\":\"https:\\\/\\\/quehacerpolitico.mx\\\/?p=86173\",\"name\":\"Gustavo A. Madero, primera alcald\u00eda que inicia \u201cBachet\u00f3n\u201d para mejorar la imagen urbana de la capital -\",\"isPartOf\":{\"@id\":\"https:\\\/\\\/quehacerpolitico.mx\\\/#website\"},\"primaryImageOfPage\":{\"@id\":\"https:\\\/\\\/quehacerpolitico.mx\\\/?p=86173#primaryimage\"},\"image\":{\"@id\":\"https:\\\/\\\/quehacerpolitico.mx\\\/?p=86173#primaryimage\"},\"thumbnailUrl\":\"https:\\\/\\\/quehacerpolitico.mx\\\/wp-content\\\/uploads\\\/2021\\\/10\\\/105031F3-FB11-4279-9CB4-84161708C1E6.jpeg\",\"datePublished\":\"2021-10-29T02:26:20+00:00\",\"dateModified\":\"2021-10-29T02:26:22+00:00\",\"author\":{\"@id\":\"https:\\\/\\\/quehacerpolitico.mx\\\/#\\\/schema\\\/person\\\/496d8ad2d1d3f8036101dca7ee39e585\"},\"breadcrumb\":{\"@id\":\"https:\\\/\\\/quehacerpolitico.mx\\\/?p=86173#breadcrumb\"},\"inLanguage\":\"es\",\"potentialAction\":[{\"@type\":\"ReadAction\",\"target\":[\"https:\\\/\\\/quehacerpolitico.mx\\\/?p=86173\"]}]},{\"@type\":\"ImageObject\",\"inLanguage\":\"es\",\"@id\":\"https:\\\/\\\/quehacerpolitico.mx\\\/?p=86173#primaryimage\",\"url\":\"https:\\\/\\\/quehacerpolitico.mx\\\/wp-content\\\/uploads\\\/2021\\\/10\\\/105031F3-FB11-4279-9CB4-84161708C1E6.jpeg\",\"contentUrl\":\"https:\\\/\\\/quehacerpolitico.mx\\\/wp-content\\\/uploads\\\/2021\\\/10\\\/105031F3-FB11-4279-9CB4-84161708C1E6.jpeg\",\"width\":1440,\"height\":958},{\"@type\":\"BreadcrumbList\",\"@id\":\"https:\\\/\\\/quehacerpolitico.mx\\\/?p=86173#breadcrumb\",\"itemListElement\":[{\"@type\":\"ListItem\",\"position\":1,\"name\":\"Inicio\",\"item\":\"https:\\\/\\\/quehacerpolitico.mx\\\/\"},{\"@type\":\"ListItem\",\"position\":2,\"name\":\"Gustavo A. Madero, primera alcald\u00eda que inicia \u201cBachet\u00f3n\u201d para mejorar la imagen urbana de la capital\"}]},{\"@type\":\"WebSite\",\"@id\":\"https:\\\/\\\/quehacerpolitico.mx\\\/#website\",\"url\":\"https:\\\/\\\/quehacerpolitico.mx\\\/\",\"name\":\"\",\"description\":\"\",\"potentialAction\":[{\"@type\":\"SearchAction\",\"target\":{\"@type\":\"EntryPoint\",\"urlTemplate\":\"https:\\\/\\\/quehacerpolitico.mx\\\/?s={search_term_string}\"},\"query-input\":{\"@type\":\"PropertyValueSpecification\",\"valueRequired\":true,\"valueName\":\"search_term_string\"}}],\"inLanguage\":\"es\"},{\"@type\":\"Person\",\"@id\":\"https:\\\/\\\/quehacerpolitico.mx\\\/#\\\/schema\\\/person\\\/496d8ad2d1d3f8036101dca7ee39e585\",\"name\":\"Redacci\u00f3n QP\",\"image\":{\"@type\":\"ImageObject\",\"inLanguage\":\"es\",\"@id\":\"https:\\\/\\\/secure.gravatar.com\\\/avatar\\\/c7164ed6fdec453195284ad24a5ae5b6e1eed2b848477fa2a4787ba9adf39a41?s=96&d=mm&r=g\",\"url\":\"https:\\\/\\\/secure.gravatar.com\\\/avatar\\\/c7164ed6fdec453195284ad24a5ae5b6e1eed2b848477fa2a4787ba9adf39a41?s=96&d=mm&r=g\",\"contentUrl\":\"https:\\\/\\\/secure.gravatar.com\\\/avatar\\\/c7164ed6fdec453195284ad24a5ae5b6e1eed2b848477fa2a4787ba9adf39a41?s=96&d=mm&r=g\",\"caption\":\"Redacci\u00f3n QP\"},\"url\":\"https:\\\/\\\/quehacerpolitico.mx\\\/?author=2\"}]}<\/script>\n<!-- \/ Yoast SEO plugin. -->","yoast_head_json":{"title":"Gustavo A. Madero, primera alcald\u00eda que inicia \u201cBachet\u00f3n\u201d para mejorar la imagen urbana de la capital -","robots":{"index":"index","follow":"follow","max-snippet":"max-snippet:-1","max-image-preview":"max-image-preview:large","max-video-preview":"max-video-preview:-1"},"canonical":"https:\/\/quehacerpolitico.mx\/?p=86173","og_locale":"es_MX","og_type":"article","og_title":"Gustavo A. Madero, primera alcald\u00eda que inicia \u201cBachet\u00f3n\u201d para mejorar la imagen urbana de la capital -","og_description":"*Cada mi\u00e9rcoles en conjunto los 7 ediles de las alcald\u00edas Gustavo A. Madero, Iztacalco, Iztapalapa,...","og_url":"https:\/\/quehacerpolitico.mx\/?p=86173","article_published_time":"2021-10-29T02:26:20+00:00","article_modified_time":"2021-10-29T02:26:22+00:00","og_image":[{"width":1440,"height":958,"url":"https:\/\/quehacerpolitico.mx\/wp-content\/uploads\/2021\/10\/105031F3-FB11-4279-9CB4-84161708C1E6.jpeg","type":"image\/jpeg"}],"author":"Redacci\u00f3n QP","twitter_card":"summary_large_image","twitter_misc":{"Escrito por":"Redacci\u00f3n QP","Tiempo de lectura":"4 minutos"},"schema":{"@context":"https:\/\/schema.org","@graph":[{"@type":"Article","@id":"https:\/\/quehacerpolitico.mx\/?p=86173#article","isPartOf":{"@id":"https:\/\/quehacerpolitico.mx\/?p=86173"},"author":{"name":"Redacci\u00f3n QP","@id":"https:\/\/quehacerpolitico.mx\/#\/schema\/person\/496d8ad2d1d3f8036101dca7ee39e585"},"headline":"Gustavo A. Madero, primera alcald\u00eda que inicia \u201cBachet\u00f3n\u201d para mejorar la imagen urbana de la capital","datePublished":"2021-10-29T02:26:20+00:00","dateModified":"2021-10-29T02:26:22+00:00","mainEntityOfPage":{"@id":"https:\/\/quehacerpolitico.mx\/?p=86173"},"wordCount":824,"commentCount":0,"image":{"@id":"https:\/\/quehacerpolitico.mx\/?p=86173#primaryimage"},"thumbnailUrl":"https:\/\/quehacerpolitico.mx\/wp-content\/uploads\/2021\/10\/105031F3-FB11-4279-9CB4-84161708C1E6.jpeg","articleSection":["CDMX"],"inLanguage":"es","potentialAction":[{"@type":"CommentAction","name":"Comment","target":["https:\/\/quehacerpolitico.mx\/?p=86173#respond"]}]},{"@type":"WebPage","@id":"https:\/\/quehacerpolitico.mx\/?p=86173","url":"https:\/\/quehacerpolitico.mx\/?p=86173","name":"Gustavo A. Madero, primera alcald\u00eda que inicia \u201cBachet\u00f3n\u201d para mejorar la imagen urbana de la capital -","isPartOf":{"@id":"https:\/\/quehacerpolitico.mx\/#website"},"primaryImageOfPage":{"@id":"https:\/\/quehacerpolitico.mx\/?p=86173#primaryimage"},"image":{"@id":"https:\/\/quehacerpolitico.mx\/?p=86173#primaryimage"},"thumbnailUrl":"https:\/\/quehacerpolitico.mx\/wp-content\/uploads\/2021\/10\/105031F3-FB11-4279-9CB4-84161708C1E6.jpeg","datePublished":"2021-10-29T02:26:20+00:00","dateModified":"2021-10-29T02:26:22+00:00","author":{"@id":"https:\/\/quehacerpolitico.mx\/#\/schema\/person\/496d8ad2d1d3f8036101dca7ee39e585"},"breadcrumb":{"@id":"https:\/\/quehacerpolitico.mx\/?p=86173#breadcrumb"},"inLanguage":"es","potentialAction":[{"@type":"ReadAction","target":["https:\/\/quehacerpolitico.mx\/?p=86173"]}]},{"@type":"ImageObject","inLanguage":"es","@id":"https:\/\/quehacerpolitico.mx\/?p=86173#primaryimage","url":"https:\/\/quehacerpolitico.mx\/wp-content\/uploads\/2021\/10\/105031F3-FB11-4279-9CB4-84161708C1E6.jpeg","contentUrl":"https:\/\/quehacerpolitico.mx\/wp-content\/uploads\/2021\/10\/105031F3-FB11-4279-9CB4-84161708C1E6.jpeg","width":1440,"height":958},{"@type":"BreadcrumbList","@id":"https:\/\/quehacerpolitico.mx\/?p=86173#breadcrumb","itemListElement":[{"@type":"ListItem","position":1,"name":"Inicio","item":"https:\/\/quehacerpolitico.mx\/"},{"@type":"ListItem","position":2,"name":"Gustavo A. Madero, primera alcald\u00eda que inicia \u201cBachet\u00f3n\u201d para mejorar la imagen urbana de la capital"}]},{"@type":"WebSite","@id":"https:\/\/quehacerpolitico.mx\/#website","url":"https:\/\/quehacerpolitico.mx\/","name":"","description":"","potentialAction":[{"@type":"SearchAction","target":{"@type":"EntryPoint","urlTemplate":"https:\/\/quehacerpolitico.mx\/?s={search_term_string}"},"query-input":{"@type":"PropertyValueSpecification","valueRequired":true,"valueName":"search_term_string"}}],"inLanguage":"es"},{"@type":"Person","@id":"https:\/\/quehacerpolitico.mx\/#\/schema\/person\/496d8ad2d1d3f8036101dca7ee39e585","name":"Redacci\u00f3n QP","image":{"@type":"ImageObject","inLanguage":"es","@id":"https:\/\/secure.gravatar.com\/avatar\/c7164ed6fdec453195284ad24a5ae5b6e1eed2b848477fa2a4787ba9adf39a41?s=96&d=mm&r=g","url":"https:\/\/secure.gravatar.com\/avatar\/c7164ed6fdec453195284ad24a5ae5b6e1eed2b848477fa2a4787ba9adf39a41?s=96&d=mm&r=g","contentUrl":"https:\/\/secure.gravatar.com\/avatar\/c7164ed6fdec453195284ad24a5ae5b6e1eed2b848477fa2a4787ba9adf39a41?s=96&d=mm&r=g","caption":"Redacci\u00f3n QP"},"url":"https:\/\/quehacerpolitico.mx\/?author=2"}]}},"featured_image_urls":{"full":["https:\/\/quehacerpolitico.mx\/wp-content\/uploads\/2021\/10\/105031F3-FB11-4279-9CB4-84161708C1E6.jpeg",1440,958,false],"thumbnail":["https:\/\/quehacerpolitico.mx\/wp-content\/uploads\/2021\/10\/105031F3-FB11-4279-9CB4-84161708C1E6-150x150.jpeg",150,150,true],"medium":["https:\/\/quehacerpolitico.mx\/wp-content\/uploads\/2021\/10\/105031F3-FB11-4279-9CB4-84161708C1E6-300x200.jpeg",300,200,true],"medium_large":["https:\/\/quehacerpolitico.mx\/wp-content\/uploads\/2021\/10\/105031F3-FB11-4279-9CB4-84161708C1E6-768x511.jpeg",640,426,true],"large":["https:\/\/quehacerpolitico.mx\/wp-content\/uploads\/2021\/10\/105031F3-FB11-4279-9CB4-84161708C1E6-1024x681.jpeg",640,426,true],"1536x1536":["https:\/\/quehacerpolitico.mx\/wp-content\/uploads\/2021\/10\/105031F3-FB11-4279-9CB4-84161708C1E6.jpeg",1440,958,false],"2048x2048":["https:\/\/quehacerpolitico.mx\/wp-content\/uploads\/2021\/10\/105031F3-FB11-4279-9CB4-84161708C1E6.jpeg",1440,958,false],"covernews-featured":["https:\/\/quehacerpolitico.mx\/wp-content\/uploads\/2021\/10\/105031F3-FB11-4279-9CB4-84161708C1E6.jpeg",1024,681,false],"covernews-medium":["https:\/\/quehacerpolitico.mx\/wp-content\/uploads\/2021\/10\/105031F3-FB11-4279-9CB4-84161708C1E6.jpeg",511,340,false]},"author_info":{"display_name":"Redacci\u00f3n QP","author_link":"https:\/\/quehacerpolitico.mx\/?author=2"},"category_info":"<a href=\"https:\/\/quehacerpolitico.mx\/?cat=55\" rel=\"category\">CDMX<\/a>","tag_info":"CDMX","comment_count":"0","_links":{"self":[{"href":"https:\/\/quehacerpolitico.mx\/index.php?rest_route=\/wp\/v2\/posts\/86173","targetHints":{"allow":["GET"]}}],"collection":[{"href":"https:\/\/quehacerpolitico.mx\/index.php?rest_route=\/wp\/v2\/posts"}],"about":[{"href":"https:\/\/quehacerpolitico.mx\/index.php?rest_route=\/wp\/v2\/types\/post"}],"author":[{"embeddable":true,"href":"https:\/\/quehacerpolitico.mx\/index.php?rest_route=\/wp\/v2\/users\/2"}],"replies":[{"embeddable":true,"href":"https:\/\/quehacerpolitico.mx\/index.php?rest_route=%2Fwp%2Fv2%2Fcomments&post=86173"}],"version-history":[{"count":1,"href":"https:\/\/quehacerpolitico.mx\/index.php?rest_route=\/wp\/v2\/posts\/86173\/revisions"}],"predecessor-version":[{"id":86177,"href":"https:\/\/quehacerpolitico.mx\/index.php?rest_route=\/wp\/v2\/posts\/86173\/revisions\/86177"}],"wp:featuredmedia":[{"embeddable":true,"href":"https:\/\/quehacerpolitico.mx\/index.php?rest_route=\/wp\/v2\/media\/86176"}],"wp:attachment":[{"href":"https:\/\/quehacerpolitico.mx\/index.php?rest_route=%2Fwp%2Fv2%2Fmedia&parent=86173"}],"wp:term":[{"taxonomy":"category","embeddable":true,"href":"https:\/\/quehacerpolitico.mx\/index.php?rest_route=%2Fwp%2Fv2%2Fcategories&post=86173"},{"taxonomy":"post_tag","embeddable":true,"href":"https:\/\/quehacerpolitico.mx\/index.php?rest_route=%2Fwp%2Fv2%2Ftags&post=86173"}],"curies":[{"name":"wp","href":"https:\/\/api.w.org\/{rel}","templated":true}]}}