{"id":86168,"date":"2021-10-28T18:56:54","date_gmt":"2021-10-28T18:56:54","guid":{"rendered":"https:\/\/quehacerpolitico.mx\/?p=86168"},"modified":"2021-10-28T18:56:56","modified_gmt":"2021-10-28T18:56:56","slug":"internacionales-carolina-alonso-romei-mark-zuckerberg-presenta-el-metaverso-de-facebook-y-cambia-el-nombre-de-su-compania-a-meta","status":"publish","type":"post","link":"https:\/\/quehacerpolitico.mx\/?p=86168","title":{"rendered":"Internacionales\/\/\/Carolina Alonso Romei\/\/\/Mark Zuckerberg presenta el Metaverso de Facebook y cambia el nombre de su compa\u00f1\u00eda a \u201cMeta\u201d"},"content":{"rendered":"\n<p>Por Carolina Alonso Romei <\/p>\n\n\n\n<p>Internacionalista <\/p>\n\n\n\n<p>Este es el proyecto m\u00e1s ambicioso de Facebook para el futuro.<\/p>\n\n\n\n<p>Mark Zuckerberg y ejecutivos de\u00a0Facebook compartieron su visi\u00f3n del metaverso, la pr\u00f3xima evoluci\u00f3n de la tecnolog\u00eda social basada en realidad virtual.<\/p>\n\n\n\n<p>Esta tarde se llev\u00f3 a cabo el\u00a0<strong>Facebook Connect<\/strong>, un evento de realidad virtual en el que Mark Zuckerberg, anunci\u00f3 la visi\u00f3n del metaverso de Facebook, su proyecto m\u00e1s ambicioso para el futuro, as\u00ed como el nacimiento de \u201cMeta\u201d, su nueva empresa.<\/p>\n\n\n\n<h2 class=\"wp-block-heading\">\u00bfQu\u00e9 es el metaverso de Facebook?<\/h2>\n\n\n\n\n\n<figure class=\"wp-block-image\"><img decoding=\"async\" src=\"https:\/\/i0.wp.com\/noticieros.televisa.com\/wp-content\/uploads\/2021\/10\/facebook-metaverso-4.jpg?resize=1280%2C720&amp;ssl=1\" alt=\"Mark Zuckerberg Facebook Metaverso\"\/><\/figure>\n\n\n\n<h2 class=\"wp-block-heading\">\u00bfQu\u00e9 se podr\u00e1 hacer en el metaverso de Facebook?<\/h2>\n\n\n\n<p>Toda esta experiencia permitir\u00e1 a los usuarios crear sus propios avatares con una versi\u00f3n de ellos mismos en 3D.<\/p>\n\n\n\n<p>Adem\u00e1s podr\u00e1n interactuar de forma virtual en espacios donde podr\u00e1n trabajar, adquirir conocimientos, jugar, asistir a eventos, comercializar cosas y conocer a gente nueva en tiempo real, sin importar la parte del mundo en la que est\u00e9n f\u00edsicamente.<\/p>\n\n\n\n\n\n<figure class=\"wp-block-image\"><img decoding=\"async\" src=\"https:\/\/i1.wp.com\/noticieros.televisa.com\/wp-content\/uploads\/2021\/10\/facebook-metaverso-1.jpg?resize=1280%2C720&amp;ssl=1\" alt=\"Mark Zuckerberg Facebook Metaverso\"\/><\/figure>\n\n\n\n<p>Tambi\u00e9n podr\u00e1s convertir tu hogar o espacio de trabajo en una experiencia mejorada y personalizada.<\/p>\n\n\n\n<h2 class=\"wp-block-heading\">\u00bfGafas y cascos virtuales?<\/h2>\n\n\n\n<p>El metaverso, afirm\u00f3 Zuckerber, se entender\u00e1 como un h\u00edbrido de las experiencias sociales en l\u00ednea del presente, pero\u00a0<strong>extendido a tres dimensiones<\/strong>, donde el hardware de\u00a0realidad virtual(como cascos o gafas) y sus plataformas son muy importantes.<\/p>\n\n\n\n<p>Con esta presentaci\u00f3n se marca el rumbo que la compa\u00f1\u00eda seguir\u00e1 en los pr\u00f3ximos a\u00f1os, potencializada principalmente por el uso de su plataforma&nbsp;<em>Oculus<\/em>.<\/p>\n\n\n\n<p>Por ejemplo, una de las principales apuestas con el metaverso es centrarse en la industria del entretenimiento y los videojuegos, por lo que ya se trabaja en una versi\u00f3n de\u00a0<em>Gran Theft Auto San Andreas<\/em>\u00a0para los dispositivos\u00a0<em>Oculus Quest<\/em>.<\/p>\n\n\n\n<figure class=\"wp-block-image size-large\"><img loading=\"lazy\" decoding=\"async\" width=\"1024\" height=\"576\" src=\"https:\/\/quehacerpolitico.mx\/wp-content\/uploads\/2021\/10\/image-35-1024x576.jpeg\" alt=\"\" class=\"wp-image-86169\" srcset=\"https:\/\/quehacerpolitico.mx\/wp-content\/uploads\/2021\/10\/image-35-1024x576.jpeg 1024w, https:\/\/quehacerpolitico.mx\/wp-content\/uploads\/2021\/10\/image-35-300x169.jpeg 300w, https:\/\/quehacerpolitico.mx\/wp-content\/uploads\/2021\/10\/image-35-768x432.jpeg 768w, https:\/\/quehacerpolitico.mx\/wp-content\/uploads\/2021\/10\/image-35-260x146.jpeg 260w, https:\/\/quehacerpolitico.mx\/wp-content\/uploads\/2021\/10\/image-35-50x28.jpeg 50w, https:\/\/quehacerpolitico.mx\/wp-content\/uploads\/2021\/10\/image-35-133x75.jpeg 133w, https:\/\/quehacerpolitico.mx\/wp-content\/uploads\/2021\/10\/image-35-1200x675.jpeg 1200w, https:\/\/quehacerpolitico.mx\/wp-content\/uploads\/2021\/10\/image-35.jpeg 1280w\" sizes=\"auto, (max-width: 1024px) 100vw, 1024px\" \/><\/figure>\n\n\n\n<h2 class=\"wp-block-heading\">\u00bfFacebook cambia de nombre?<\/h2>\n\n\n\n<p>Al final de la presentaci\u00f3n, Zuckerberg revel\u00f3 que Facebook tendr\u00eda un cambio como empresa y ahora se transforma en \u201cMeta\u201d, que tendr\u00e1 un enfoque completo hacia el metaverso; no obstante es importante se\u00f1alar que\u00a0<strong>la red social seguir\u00e1 llam\u00e1ndose Facebook<\/strong>.<\/p>\n\n\n\n<figure class=\"wp-block-image size-full\"><img loading=\"lazy\" decoding=\"async\" width=\"936\" height=\"481\" src=\"https:\/\/quehacerpolitico.mx\/wp-content\/uploads\/2021\/10\/image-36.jpeg\" alt=\"\" class=\"wp-image-86170\" srcset=\"https:\/\/quehacerpolitico.mx\/wp-content\/uploads\/2021\/10\/image-36.jpeg 936w, https:\/\/quehacerpolitico.mx\/wp-content\/uploads\/2021\/10\/image-36-300x154.jpeg 300w, https:\/\/quehacerpolitico.mx\/wp-content\/uploads\/2021\/10\/image-36-768x395.jpeg 768w, https:\/\/quehacerpolitico.mx\/wp-content\/uploads\/2021\/10\/image-36-260x134.jpeg 260w, https:\/\/quehacerpolitico.mx\/wp-content\/uploads\/2021\/10\/image-36-50x26.jpeg 50w, https:\/\/quehacerpolitico.mx\/wp-content\/uploads\/2021\/10\/image-36-146x75.jpeg 146w\" sizes=\"auto, (max-width: 936px) 100vw, 936px\" \/><\/figure>\n\n\n\n<p>Aqu\u00ed puedes ver la presentaci\u00f3n completa del\u00a0<em>Facebook Connect<\/em>:<\/p>\n\n\n\n<figure class=\"wp-block-embed is-type-video is-provider-youtube wp-block-embed-youtube wp-embed-aspect-16-9 wp-has-aspect-ratio\"><div class=\"wp-block-embed__wrapper\">\n<iframe loading=\"lazy\" title=\"FACEBOOK ahora es META: La compa\u00f1\u00eda de MARK ZUCKERBERG cambia de nombre | RTVE Noticias\" width=\"640\" height=\"360\" src=\"https:\/\/www.youtube.com\/embed\/0rJU_cf0QZ0?feature=oembed\" frameborder=\"0\" allow=\"accelerometer; autoplay; clipboard-write; encrypted-media; gyroscope; picture-in-picture; web-share\" referrerpolicy=\"strict-origin-when-cross-origin\" allowfullscreen><\/iframe>\n<\/div><\/figure>\n","protected":false},"excerpt":{"rendered":"<p>Por Carolina Alonso Romei Internacionalista Este es el proyecto m\u00e1s ambicioso de Facebook para el&#8230;<\/p>\n","protected":false},"author":2,"featured_media":86171,"comment_status":"open","ping_status":"open","sticky":false,"template":"","format":"standard","meta":{"_monsterinsights_skip_tracking":false,"_monsterinsights_sitenote_active":false,"_monsterinsights_sitenote_note":"","_monsterinsights_sitenote_category":0,"footnotes":""},"categories":[1],"tags":[],"class_list":["post-86168","post","type-post","status-publish","format-standard","has-post-thumbnail","hentry","category-sin-categoria"],"yoast_head":"<!-- This site is optimized with the Yoast SEO plugin v27.3 - https:\/\/yoast.com\/product\/yoast-seo-wordpress\/ -->\n<title>Internacionales\/\/\/Carolina Alonso Romei\/\/\/Mark Zuckerberg presenta el Metaverso de Facebook y cambia el nombre de su compa\u00f1\u00eda a \u201cMeta\u201d -<\/title>\n<meta name=\"robots\" content=\"index, follow, max-snippet:-1, max-image-preview:large, max-video-preview:-1\" \/>\n<link rel=\"canonical\" href=\"https:\/\/quehacerpolitico.mx\/?p=86168\" \/>\n<meta property=\"og:locale\" content=\"es_MX\" \/>\n<meta property=\"og:type\" content=\"article\" \/>\n<meta property=\"og:title\" content=\"Internacionales\/\/\/Carolina Alonso Romei\/\/\/Mark Zuckerberg presenta el Metaverso de Facebook y cambia el nombre de su compa\u00f1\u00eda a \u201cMeta\u201d -\" \/>\n<meta property=\"og:description\" content=\"Por Carolina Alonso Romei Internacionalista Este es el proyecto m\u00e1s ambicioso de Facebook para el...\" \/>\n<meta property=\"og:url\" content=\"https:\/\/quehacerpolitico.mx\/?p=86168\" \/>\n<meta property=\"article:published_time\" content=\"2021-10-28T18:56:54+00:00\" \/>\n<meta property=\"article:modified_time\" content=\"2021-10-28T18:56:56+00:00\" \/>\n<meta property=\"og:image\" content=\"https:\/\/quehacerpolitico.mx\/wp-content\/uploads\/2021\/10\/9DE93B95-548C-46BC-B86E-04F1CA835FB9.jpeg\" \/>\n\t<meta property=\"og:image:width\" content=\"936\" \/>\n\t<meta property=\"og:image:height\" content=\"481\" \/>\n\t<meta property=\"og:image:type\" content=\"image\/jpeg\" \/>\n<meta name=\"author\" content=\"Redacci\u00f3n QP\" \/>\n<meta name=\"twitter:card\" content=\"summary_large_image\" \/>\n<meta name=\"twitter:label1\" content=\"Escrito por\" \/>\n\t<meta name=\"twitter:data1\" content=\"Redacci\u00f3n QP\" \/>\n\t<meta name=\"twitter:label2\" content=\"Tiempo de lectura\" \/>\n\t<meta name=\"twitter:data2\" content=\"2 minutos\" \/>\n<script type=\"application\/ld+json\" class=\"yoast-schema-graph\">{\"@context\":\"https:\\\/\\\/schema.org\",\"@graph\":[{\"@type\":\"Article\",\"@id\":\"https:\\\/\\\/quehacerpolitico.mx\\\/?p=86168#article\",\"isPartOf\":{\"@id\":\"https:\\\/\\\/quehacerpolitico.mx\\\/?p=86168\"},\"author\":{\"name\":\"Redacci\u00f3n QP\",\"@id\":\"https:\\\/\\\/quehacerpolitico.mx\\\/#\\\/schema\\\/person\\\/496d8ad2d1d3f8036101dca7ee39e585\"},\"headline\":\"Internacionales\\\/\\\/\\\/Carolina Alonso Romei\\\/\\\/\\\/Mark Zuckerberg presenta el Metaverso de Facebook y cambia el nombre de su compa\u00f1\u00eda a \u201cMeta\u201d\",\"datePublished\":\"2021-10-28T18:56:54+00:00\",\"dateModified\":\"2021-10-28T18:56:56+00:00\",\"mainEntityOfPage\":{\"@id\":\"https:\\\/\\\/quehacerpolitico.mx\\\/?p=86168\"},\"wordCount\":381,\"commentCount\":0,\"image\":{\"@id\":\"https:\\\/\\\/quehacerpolitico.mx\\\/?p=86168#primaryimage\"},\"thumbnailUrl\":\"https:\\\/\\\/quehacerpolitico.mx\\\/wp-content\\\/uploads\\\/2021\\\/10\\\/9DE93B95-548C-46BC-B86E-04F1CA835FB9.jpeg\",\"articleSection\":[\"Internacionales\"],\"inLanguage\":\"es\",\"potentialAction\":[{\"@type\":\"CommentAction\",\"name\":\"Comment\",\"target\":[\"https:\\\/\\\/quehacerpolitico.mx\\\/?p=86168#respond\"]}]},{\"@type\":\"WebPage\",\"@id\":\"https:\\\/\\\/quehacerpolitico.mx\\\/?p=86168\",\"url\":\"https:\\\/\\\/quehacerpolitico.mx\\\/?p=86168\",\"name\":\"Internacionales\\\/\\\/\\\/Carolina Alonso Romei\\\/\\\/\\\/Mark Zuckerberg presenta el Metaverso de Facebook y cambia el nombre de su compa\u00f1\u00eda a \u201cMeta\u201d -\",\"isPartOf\":{\"@id\":\"https:\\\/\\\/quehacerpolitico.mx\\\/#website\"},\"primaryImageOfPage\":{\"@id\":\"https:\\\/\\\/quehacerpolitico.mx\\\/?p=86168#primaryimage\"},\"image\":{\"@id\":\"https:\\\/\\\/quehacerpolitico.mx\\\/?p=86168#primaryimage\"},\"thumbnailUrl\":\"https:\\\/\\\/quehacerpolitico.mx\\\/wp-content\\\/uploads\\\/2021\\\/10\\\/9DE93B95-548C-46BC-B86E-04F1CA835FB9.jpeg\",\"datePublished\":\"2021-10-28T18:56:54+00:00\",\"dateModified\":\"2021-10-28T18:56:56+00:00\",\"author\":{\"@id\":\"https:\\\/\\\/quehacerpolitico.mx\\\/#\\\/schema\\\/person\\\/496d8ad2d1d3f8036101dca7ee39e585\"},\"breadcrumb\":{\"@id\":\"https:\\\/\\\/quehacerpolitico.mx\\\/?p=86168#breadcrumb\"},\"inLanguage\":\"es\",\"potentialAction\":[{\"@type\":\"ReadAction\",\"target\":[\"https:\\\/\\\/quehacerpolitico.mx\\\/?p=86168\"]}]},{\"@type\":\"ImageObject\",\"inLanguage\":\"es\",\"@id\":\"https:\\\/\\\/quehacerpolitico.mx\\\/?p=86168#primaryimage\",\"url\":\"https:\\\/\\\/quehacerpolitico.mx\\\/wp-content\\\/uploads\\\/2021\\\/10\\\/9DE93B95-548C-46BC-B86E-04F1CA835FB9.jpeg\",\"contentUrl\":\"https:\\\/\\\/quehacerpolitico.mx\\\/wp-content\\\/uploads\\\/2021\\\/10\\\/9DE93B95-548C-46BC-B86E-04F1CA835FB9.jpeg\",\"width\":936,\"height\":481},{\"@type\":\"BreadcrumbList\",\"@id\":\"https:\\\/\\\/quehacerpolitico.mx\\\/?p=86168#breadcrumb\",\"itemListElement\":[{\"@type\":\"ListItem\",\"position\":1,\"name\":\"Inicio\",\"item\":\"https:\\\/\\\/quehacerpolitico.mx\\\/\"},{\"@type\":\"ListItem\",\"position\":2,\"name\":\"Internacionales\\\/\\\/\\\/Carolina Alonso Romei\\\/\\\/\\\/Mark Zuckerberg presenta el Metaverso de Facebook y cambia el nombre de su compa\u00f1\u00eda a \u201cMeta\u201d\"}]},{\"@type\":\"WebSite\",\"@id\":\"https:\\\/\\\/quehacerpolitico.mx\\\/#website\",\"url\":\"https:\\\/\\\/quehacerpolitico.mx\\\/\",\"name\":\"\",\"description\":\"\",\"potentialAction\":[{\"@type\":\"SearchAction\",\"target\":{\"@type\":\"EntryPoint\",\"urlTemplate\":\"https:\\\/\\\/quehacerpolitico.mx\\\/?s={search_term_string}\"},\"query-input\":{\"@type\":\"PropertyValueSpecification\",\"valueRequired\":true,\"valueName\":\"search_term_string\"}}],\"inLanguage\":\"es\"},{\"@type\":\"Person\",\"@id\":\"https:\\\/\\\/quehacerpolitico.mx\\\/#\\\/schema\\\/person\\\/496d8ad2d1d3f8036101dca7ee39e585\",\"name\":\"Redacci\u00f3n QP\",\"image\":{\"@type\":\"ImageObject\",\"inLanguage\":\"es\",\"@id\":\"https:\\\/\\\/secure.gravatar.com\\\/avatar\\\/c7164ed6fdec453195284ad24a5ae5b6e1eed2b848477fa2a4787ba9adf39a41?s=96&d=mm&r=g\",\"url\":\"https:\\\/\\\/secure.gravatar.com\\\/avatar\\\/c7164ed6fdec453195284ad24a5ae5b6e1eed2b848477fa2a4787ba9adf39a41?s=96&d=mm&r=g\",\"contentUrl\":\"https:\\\/\\\/secure.gravatar.com\\\/avatar\\\/c7164ed6fdec453195284ad24a5ae5b6e1eed2b848477fa2a4787ba9adf39a41?s=96&d=mm&r=g\",\"caption\":\"Redacci\u00f3n QP\"},\"url\":\"https:\\\/\\\/quehacerpolitico.mx\\\/?author=2\"}]}<\/script>\n<!-- \/ Yoast SEO plugin. -->","yoast_head_json":{"title":"Internacionales\/\/\/Carolina Alonso Romei\/\/\/Mark Zuckerberg presenta el Metaverso de Facebook y cambia el nombre de su compa\u00f1\u00eda a \u201cMeta\u201d -","robots":{"index":"index","follow":"follow","max-snippet":"max-snippet:-1","max-image-preview":"max-image-preview:large","max-video-preview":"max-video-preview:-1"},"canonical":"https:\/\/quehacerpolitico.mx\/?p=86168","og_locale":"es_MX","og_type":"article","og_title":"Internacionales\/\/\/Carolina Alonso Romei\/\/\/Mark Zuckerberg presenta el Metaverso de Facebook y cambia el nombre de su compa\u00f1\u00eda a \u201cMeta\u201d -","og_description":"Por Carolina Alonso Romei Internacionalista Este es el proyecto m\u00e1s ambicioso de Facebook para el...","og_url":"https:\/\/quehacerpolitico.mx\/?p=86168","article_published_time":"2021-10-28T18:56:54+00:00","article_modified_time":"2021-10-28T18:56:56+00:00","og_image":[{"width":936,"height":481,"url":"https:\/\/quehacerpolitico.mx\/wp-content\/uploads\/2021\/10\/9DE93B95-548C-46BC-B86E-04F1CA835FB9.jpeg","type":"image\/jpeg"}],"author":"Redacci\u00f3n QP","twitter_card":"summary_large_image","twitter_misc":{"Escrito por":"Redacci\u00f3n QP","Tiempo de lectura":"2 minutos"},"schema":{"@context":"https:\/\/schema.org","@graph":[{"@type":"Article","@id":"https:\/\/quehacerpolitico.mx\/?p=86168#article","isPartOf":{"@id":"https:\/\/quehacerpolitico.mx\/?p=86168"},"author":{"name":"Redacci\u00f3n QP","@id":"https:\/\/quehacerpolitico.mx\/#\/schema\/person\/496d8ad2d1d3f8036101dca7ee39e585"},"headline":"Internacionales\/\/\/Carolina Alonso Romei\/\/\/Mark Zuckerberg presenta el Metaverso de Facebook y cambia el nombre de su compa\u00f1\u00eda a \u201cMeta\u201d","datePublished":"2021-10-28T18:56:54+00:00","dateModified":"2021-10-28T18:56:56+00:00","mainEntityOfPage":{"@id":"https:\/\/quehacerpolitico.mx\/?p=86168"},"wordCount":381,"commentCount":0,"image":{"@id":"https:\/\/quehacerpolitico.mx\/?p=86168#primaryimage"},"thumbnailUrl":"https:\/\/quehacerpolitico.mx\/wp-content\/uploads\/2021\/10\/9DE93B95-548C-46BC-B86E-04F1CA835FB9.jpeg","articleSection":["Internacionales"],"inLanguage":"es","potentialAction":[{"@type":"CommentAction","name":"Comment","target":["https:\/\/quehacerpolitico.mx\/?p=86168#respond"]}]},{"@type":"WebPage","@id":"https:\/\/quehacerpolitico.mx\/?p=86168","url":"https:\/\/quehacerpolitico.mx\/?p=86168","name":"Internacionales\/\/\/Carolina Alonso Romei\/\/\/Mark Zuckerberg presenta el Metaverso de Facebook y cambia el nombre de su compa\u00f1\u00eda a \u201cMeta\u201d -","isPartOf":{"@id":"https:\/\/quehacerpolitico.mx\/#website"},"primaryImageOfPage":{"@id":"https:\/\/quehacerpolitico.mx\/?p=86168#primaryimage"},"image":{"@id":"https:\/\/quehacerpolitico.mx\/?p=86168#primaryimage"},"thumbnailUrl":"https:\/\/quehacerpolitico.mx\/wp-content\/uploads\/2021\/10\/9DE93B95-548C-46BC-B86E-04F1CA835FB9.jpeg","datePublished":"2021-10-28T18:56:54+00:00","dateModified":"2021-10-28T18:56:56+00:00","author":{"@id":"https:\/\/quehacerpolitico.mx\/#\/schema\/person\/496d8ad2d1d3f8036101dca7ee39e585"},"breadcrumb":{"@id":"https:\/\/quehacerpolitico.mx\/?p=86168#breadcrumb"},"inLanguage":"es","potentialAction":[{"@type":"ReadAction","target":["https:\/\/quehacerpolitico.mx\/?p=86168"]}]},{"@type":"ImageObject","inLanguage":"es","@id":"https:\/\/quehacerpolitico.mx\/?p=86168#primaryimage","url":"https:\/\/quehacerpolitico.mx\/wp-content\/uploads\/2021\/10\/9DE93B95-548C-46BC-B86E-04F1CA835FB9.jpeg","contentUrl":"https:\/\/quehacerpolitico.mx\/wp-content\/uploads\/2021\/10\/9DE93B95-548C-46BC-B86E-04F1CA835FB9.jpeg","width":936,"height":481},{"@type":"BreadcrumbList","@id":"https:\/\/quehacerpolitico.mx\/?p=86168#breadcrumb","itemListElement":[{"@type":"ListItem","position":1,"name":"Inicio","item":"https:\/\/quehacerpolitico.mx\/"},{"@type":"ListItem","position":2,"name":"Internacionales\/\/\/Carolina Alonso Romei\/\/\/Mark Zuckerberg presenta el Metaverso de Facebook y cambia el nombre de su compa\u00f1\u00eda a \u201cMeta\u201d"}]},{"@type":"WebSite","@id":"https:\/\/quehacerpolitico.mx\/#website","url":"https:\/\/quehacerpolitico.mx\/","name":"","description":"","potentialAction":[{"@type":"SearchAction","target":{"@type":"EntryPoint","urlTemplate":"https:\/\/quehacerpolitico.mx\/?s={search_term_string}"},"query-input":{"@type":"PropertyValueSpecification","valueRequired":true,"valueName":"search_term_string"}}],"inLanguage":"es"},{"@type":"Person","@id":"https:\/\/quehacerpolitico.mx\/#\/schema\/person\/496d8ad2d1d3f8036101dca7ee39e585","name":"Redacci\u00f3n QP","image":{"@type":"ImageObject","inLanguage":"es","@id":"https:\/\/secure.gravatar.com\/avatar\/c7164ed6fdec453195284ad24a5ae5b6e1eed2b848477fa2a4787ba9adf39a41?s=96&d=mm&r=g","url":"https:\/\/secure.gravatar.com\/avatar\/c7164ed6fdec453195284ad24a5ae5b6e1eed2b848477fa2a4787ba9adf39a41?s=96&d=mm&r=g","contentUrl":"https:\/\/secure.gravatar.com\/avatar\/c7164ed6fdec453195284ad24a5ae5b6e1eed2b848477fa2a4787ba9adf39a41?s=96&d=mm&r=g","caption":"Redacci\u00f3n QP"},"url":"https:\/\/quehacerpolitico.mx\/?author=2"}]}},"featured_image_urls":{"full":["https:\/\/quehacerpolitico.mx\/wp-content\/uploads\/2021\/10\/9DE93B95-548C-46BC-B86E-04F1CA835FB9.jpeg",936,481,false],"thumbnail":["https:\/\/quehacerpolitico.mx\/wp-content\/uploads\/2021\/10\/9DE93B95-548C-46BC-B86E-04F1CA835FB9-150x150.jpeg",150,150,true],"medium":["https:\/\/quehacerpolitico.mx\/wp-content\/uploads\/2021\/10\/9DE93B95-548C-46BC-B86E-04F1CA835FB9-300x154.jpeg",300,154,true],"medium_large":["https:\/\/quehacerpolitico.mx\/wp-content\/uploads\/2021\/10\/9DE93B95-548C-46BC-B86E-04F1CA835FB9-768x395.jpeg",640,329,true],"large":["https:\/\/quehacerpolitico.mx\/wp-content\/uploads\/2021\/10\/9DE93B95-548C-46BC-B86E-04F1CA835FB9.jpeg",640,329,false],"1536x1536":["https:\/\/quehacerpolitico.mx\/wp-content\/uploads\/2021\/10\/9DE93B95-548C-46BC-B86E-04F1CA835FB9.jpeg",936,481,false],"2048x2048":["https:\/\/quehacerpolitico.mx\/wp-content\/uploads\/2021\/10\/9DE93B95-548C-46BC-B86E-04F1CA835FB9.jpeg",936,481,false],"covernews-featured":["https:\/\/quehacerpolitico.mx\/wp-content\/uploads\/2021\/10\/9DE93B95-548C-46BC-B86E-04F1CA835FB9.jpeg",936,481,false],"covernews-medium":["https:\/\/quehacerpolitico.mx\/wp-content\/uploads\/2021\/10\/9DE93B95-548C-46BC-B86E-04F1CA835FB9.jpeg",540,278,false]},"author_info":{"display_name":"Redacci\u00f3n QP","author_link":"https:\/\/quehacerpolitico.mx\/?author=2"},"category_info":"<a href=\"https:\/\/quehacerpolitico.mx\/?cat=1\" rel=\"category\">Internacionales<\/a>","tag_info":"Internacionales","comment_count":"0","_links":{"self":[{"href":"https:\/\/quehacerpolitico.mx\/index.php?rest_route=\/wp\/v2\/posts\/86168","targetHints":{"allow":["GET"]}}],"collection":[{"href":"https:\/\/quehacerpolitico.mx\/index.php?rest_route=\/wp\/v2\/posts"}],"about":[{"href":"https:\/\/quehacerpolitico.mx\/index.php?rest_route=\/wp\/v2\/types\/post"}],"author":[{"embeddable":true,"href":"https:\/\/quehacerpolitico.mx\/index.php?rest_route=\/wp\/v2\/users\/2"}],"replies":[{"embeddable":true,"href":"https:\/\/quehacerpolitico.mx\/index.php?rest_route=%2Fwp%2Fv2%2Fcomments&post=86168"}],"version-history":[{"count":1,"href":"https:\/\/quehacerpolitico.mx\/index.php?rest_route=\/wp\/v2\/posts\/86168\/revisions"}],"predecessor-version":[{"id":86172,"href":"https:\/\/quehacerpolitico.mx\/index.php?rest_route=\/wp\/v2\/posts\/86168\/revisions\/86172"}],"wp:featuredmedia":[{"embeddable":true,"href":"https:\/\/quehacerpolitico.mx\/index.php?rest_route=\/wp\/v2\/media\/86171"}],"wp:attachment":[{"href":"https:\/\/quehacerpolitico.mx\/index.php?rest_route=%2Fwp%2Fv2%2Fmedia&parent=86168"}],"wp:term":[{"taxonomy":"category","embeddable":true,"href":"https:\/\/quehacerpolitico.mx\/index.php?rest_route=%2Fwp%2Fv2%2Fcategories&post=86168"},{"taxonomy":"post_tag","embeddable":true,"href":"https:\/\/quehacerpolitico.mx\/index.php?rest_route=%2Fwp%2Fv2%2Ftags&post=86168"}],"curies":[{"name":"wp","href":"https:\/\/api.w.org\/{rel}","templated":true}]}}