{"id":86165,"date":"2021-10-28T18:05:54","date_gmt":"2021-10-28T18:05:54","guid":{"rendered":"https:\/\/quehacerpolitico.mx\/?p=86165"},"modified":"2021-10-28T18:05:56","modified_gmt":"2021-10-28T18:05:56","slug":"internacionales-carolina-alonso-romei-merck-libera-la-patente-de-su-pastilla-contra-covid","status":"publish","type":"post","link":"https:\/\/quehacerpolitico.mx\/?p=86165","title":{"rendered":"Internacionales\/\/\/Carolina Alonso Romei\/\/\/Merck libera la patente de su pastilla contra covid"},"content":{"rendered":"\n<p>Por Carolina Alonso Romei <\/p>\n\n\n\n<p>Internacionalista <\/p>\n\n\n\n<p>El organismo Medicines Patent Pool firm\u00f3 un acuerdo voluntario de licencia con Merck y su socio Ridgeback Biotherapeutics para producir molnupiravir<\/p>\n\n\n\n<ul class=\"wp-block-list\"><li>Molnupiravir es la primera pastilla que ha demostrado efectividad contra dicho padecimiento<\/li><li>Merck report\u00f3 que la pastilla reducir\u00eda las hospitalizaciones y muertes en un 50% entre pacientes que manifiestan los primeros s\u00edntomas del covid<\/li><li>La pastilla tambi\u00e9n podr\u00eda impulsar una estrategia doble a la pandemia<\/li><\/ul>\n\n\n\n<p>La farmac\u00e9utica Merck liber\u00f3 la patente de su\u00a0<strong>pastilla<\/strong>\u00a0contra el\u00a0COVID, que reduce a la mitad el riesgo de hospitalizaci\u00f3n y muerte entre pacientes que manifiestan los primeros s\u00edntomas.<\/p>\n\n\n\n<p><strong>Merck<\/strong>\u00a0tambi\u00e9n acept\u00f3 permitir que otros fabricantes de medicamentos en el mundo produzcan su\u00a0<strong>pastilla<\/strong>\u00a0contra el\u00a0<strong>covid<\/strong>\u00a0con la intenci\u00f3n de ayudar a millones de personas en los pa\u00edses m\u00e1s pobres, inform\u00f3 una organizaci\u00f3n de salud p\u00fablica respaldada por la\u00a0<strong>ONU<\/strong>.<\/p>\n\n\n\n<p>El organismo Medicines Patent Pool dijo en un comunicado que firm\u00f3 un acuerdo voluntario de licencia con Merck y su socio Ridgeback Biotherapeutics para producir molnupiravir.<\/p>\n\n\n\n<p>El acuerdo permitir\u00eda que Medicines Patent Pool otorgue futuras licencias a empresas autorizadas para producir el medicamento. Bajo el contrato, ninguna farmac\u00e9utica recibir\u00eda regal\u00edas mientras la\u00a0<strong>Organizaci\u00f3n Mundial de la Salud<\/strong>\u00a0considere que el\u00a0<strong>covid<\/strong>\u00a0es una emergencia mundial.<\/p>\n\n\n\n<figure class=\"wp-block-embed is-type-video is-provider-youtube wp-block-embed-youtube wp-embed-aspect-16-9 wp-has-aspect-ratio\"><div class=\"wp-block-embed__wrapper\">\n<iframe loading=\"lazy\" title=\"La p\u00edldora de la farmac\u00e9utica Merck muestra alentadores resultados en la lucha contra el Covid-19\" width=\"640\" height=\"360\" src=\"https:\/\/www.youtube.com\/embed\/9NDmEPt4xPc?feature=oembed\" frameborder=\"0\" allow=\"accelerometer; autoplay; clipboard-write; encrypted-media; gyroscope; picture-in-picture; web-share\" referrerpolicy=\"strict-origin-when-cross-origin\" allowfullscreen><\/iframe>\n<\/div><\/figure>\n\n\n\n<p><strong>Molnupiravir<\/strong>\u00a0es la primera pastilla que ha demostrado efectividad contra dicho padecimiento.<\/p>\n\n\n\n<p>Charles Gore, director ejecutivo de Medicines Patent Pool, dijo que los primeros resultados del&nbsp;<strong>molnupiravir<\/strong>&nbsp;eran \u201cconvincentes\u201d y que esperaba que el primer acuerdo de licencia voluntario para un tratamiento para el covid abra paso a otros.<\/p>\n\n\n\n<p>A pesar de las reiteradas peticiones de gobiernos y funcionarios de salud, ning\u00fan productor de vacuna ha aceptado algo similar.<\/p>\n\n\n\n<p>Un centro establecido por la&nbsp;<strong>OMS<\/strong>&nbsp;en Sud\u00e1frica cuya intenci\u00f3n era compartir tecnolog\u00edas y recetas para la vacuna de ARN mensajero no ha convencido a ninguna farmac\u00e9utica para unirse.<\/p>\n\n\n\n<p><strong>Merck<\/strong>&nbsp;solicit\u00f3 la autorizaci\u00f3n de su p\u00edldora tanto a la Administraci\u00f3n de Alimentos y Medicamentos de Estados Unidos (FDA), como a la Agencia Europea de Medicamentos. Se anticipa que tomen una decisi\u00f3n en cuesti\u00f3n de semanas.<\/p>\n\n\n\n<p>Este mes,\u00a0<strong>Merck<\/strong>\u00a0report\u00f3 que la pastilla reducir\u00eda las hospitalizaciones y muertes en un 50% entre pacientes que manifiestan los primeros s\u00edntomas del covid. Los resultados son tan s\u00f3lidos que expertos m\u00e9dicos independientes que monitoreaban las pruebas recomendaron concluirlas antes.<\/p>\n\n\n\n<p>Una pastilla antiviral que las personas puedan tomar en casa para reducir sus s\u00edntomas y acelerar su recuperaci\u00f3n podr\u00eda resultar innovadora, aliviar la abrumadora carga de casos en los hospitales y ayudar a contener los brotes en pa\u00edses m\u00e1s pobres con sistemas de atenci\u00f3n m\u00e9dica deficientes.<\/p>\n\n\n\n<p>Tambi\u00e9n podr\u00eda impulsar una estrategia doble a la pandemia: tratamiento, en la forma de medicamento, y prevenci\u00f3n, principalmente a trav\u00e9s de las vacunas.<\/p>\n\n\n\n<p><em>Con informaci\u00f3n de AP<\/em><\/p>\n","protected":false},"excerpt":{"rendered":"<p>Por Carolina Alonso Romei Internacionalista El organismo Medicines Patent Pool firm\u00f3 un acuerdo voluntario de&#8230;<\/p>\n","protected":false},"author":2,"featured_media":86166,"comment_status":"open","ping_status":"open","sticky":false,"template":"","format":"standard","meta":{"_monsterinsights_skip_tracking":false,"_monsterinsights_sitenote_active":false,"_monsterinsights_sitenote_note":"","_monsterinsights_sitenote_category":0,"footnotes":""},"categories":[1],"tags":[],"class_list":["post-86165","post","type-post","status-publish","format-standard","has-post-thumbnail","hentry","category-sin-categoria"],"yoast_head":"<!-- This site is optimized with the Yoast SEO plugin v27.3 - https:\/\/yoast.com\/product\/yoast-seo-wordpress\/ -->\n<title>Internacionales\/\/\/Carolina Alonso Romei\/\/\/Merck libera la patente de su pastilla contra covid -<\/title>\n<meta name=\"robots\" content=\"index, follow, max-snippet:-1, max-image-preview:large, max-video-preview:-1\" \/>\n<link rel=\"canonical\" href=\"https:\/\/quehacerpolitico.mx\/?p=86165\" \/>\n<meta property=\"og:locale\" content=\"es_MX\" \/>\n<meta property=\"og:type\" content=\"article\" \/>\n<meta property=\"og:title\" content=\"Internacionales\/\/\/Carolina Alonso Romei\/\/\/Merck libera la patente de su pastilla contra covid -\" \/>\n<meta property=\"og:description\" content=\"Por Carolina Alonso Romei Internacionalista El organismo Medicines Patent Pool firm\u00f3 un acuerdo voluntario de...\" \/>\n<meta property=\"og:url\" content=\"https:\/\/quehacerpolitico.mx\/?p=86165\" \/>\n<meta property=\"article:published_time\" content=\"2021-10-28T18:05:54+00:00\" \/>\n<meta property=\"article:modified_time\" content=\"2021-10-28T18:05:56+00:00\" \/>\n<meta property=\"og:image\" content=\"https:\/\/quehacerpolitico.mx\/wp-content\/uploads\/2021\/10\/C3EAE7E6-EE39-43F5-9391-BCE49E5FDCEF.jpeg\" \/>\n\t<meta property=\"og:image:width\" content=\"640\" \/>\n\t<meta property=\"og:image:height\" content=\"360\" \/>\n\t<meta property=\"og:image:type\" content=\"image\/jpeg\" \/>\n<meta name=\"author\" content=\"Redacci\u00f3n QP\" \/>\n<meta name=\"twitter:card\" content=\"summary_large_image\" \/>\n<meta name=\"twitter:label1\" content=\"Escrito por\" \/>\n\t<meta name=\"twitter:data1\" content=\"Redacci\u00f3n QP\" \/>\n\t<meta name=\"twitter:label2\" content=\"Tiempo de lectura\" \/>\n\t<meta name=\"twitter:data2\" content=\"3 minutos\" \/>\n<script type=\"application\/ld+json\" class=\"yoast-schema-graph\">{\"@context\":\"https:\\\/\\\/schema.org\",\"@graph\":[{\"@type\":\"Article\",\"@id\":\"https:\\\/\\\/quehacerpolitico.mx\\\/?p=86165#article\",\"isPartOf\":{\"@id\":\"https:\\\/\\\/quehacerpolitico.mx\\\/?p=86165\"},\"author\":{\"name\":\"Redacci\u00f3n QP\",\"@id\":\"https:\\\/\\\/quehacerpolitico.mx\\\/#\\\/schema\\\/person\\\/496d8ad2d1d3f8036101dca7ee39e585\"},\"headline\":\"Internacionales\\\/\\\/\\\/Carolina Alonso Romei\\\/\\\/\\\/Merck libera la patente de su pastilla contra covid\",\"datePublished\":\"2021-10-28T18:05:54+00:00\",\"dateModified\":\"2021-10-28T18:05:56+00:00\",\"mainEntityOfPage\":{\"@id\":\"https:\\\/\\\/quehacerpolitico.mx\\\/?p=86165\"},\"wordCount\":520,\"commentCount\":0,\"image\":{\"@id\":\"https:\\\/\\\/quehacerpolitico.mx\\\/?p=86165#primaryimage\"},\"thumbnailUrl\":\"https:\\\/\\\/quehacerpolitico.mx\\\/wp-content\\\/uploads\\\/2021\\\/10\\\/C3EAE7E6-EE39-43F5-9391-BCE49E5FDCEF.jpeg\",\"articleSection\":[\"Internacionales\"],\"inLanguage\":\"es\",\"potentialAction\":[{\"@type\":\"CommentAction\",\"name\":\"Comment\",\"target\":[\"https:\\\/\\\/quehacerpolitico.mx\\\/?p=86165#respond\"]}]},{\"@type\":\"WebPage\",\"@id\":\"https:\\\/\\\/quehacerpolitico.mx\\\/?p=86165\",\"url\":\"https:\\\/\\\/quehacerpolitico.mx\\\/?p=86165\",\"name\":\"Internacionales\\\/\\\/\\\/Carolina Alonso Romei\\\/\\\/\\\/Merck libera la patente de su pastilla contra covid -\",\"isPartOf\":{\"@id\":\"https:\\\/\\\/quehacerpolitico.mx\\\/#website\"},\"primaryImageOfPage\":{\"@id\":\"https:\\\/\\\/quehacerpolitico.mx\\\/?p=86165#primaryimage\"},\"image\":{\"@id\":\"https:\\\/\\\/quehacerpolitico.mx\\\/?p=86165#primaryimage\"},\"thumbnailUrl\":\"https:\\\/\\\/quehacerpolitico.mx\\\/wp-content\\\/uploads\\\/2021\\\/10\\\/C3EAE7E6-EE39-43F5-9391-BCE49E5FDCEF.jpeg\",\"datePublished\":\"2021-10-28T18:05:54+00:00\",\"dateModified\":\"2021-10-28T18:05:56+00:00\",\"author\":{\"@id\":\"https:\\\/\\\/quehacerpolitico.mx\\\/#\\\/schema\\\/person\\\/496d8ad2d1d3f8036101dca7ee39e585\"},\"breadcrumb\":{\"@id\":\"https:\\\/\\\/quehacerpolitico.mx\\\/?p=86165#breadcrumb\"},\"inLanguage\":\"es\",\"potentialAction\":[{\"@type\":\"ReadAction\",\"target\":[\"https:\\\/\\\/quehacerpolitico.mx\\\/?p=86165\"]}]},{\"@type\":\"ImageObject\",\"inLanguage\":\"es\",\"@id\":\"https:\\\/\\\/quehacerpolitico.mx\\\/?p=86165#primaryimage\",\"url\":\"https:\\\/\\\/quehacerpolitico.mx\\\/wp-content\\\/uploads\\\/2021\\\/10\\\/C3EAE7E6-EE39-43F5-9391-BCE49E5FDCEF.jpeg\",\"contentUrl\":\"https:\\\/\\\/quehacerpolitico.mx\\\/wp-content\\\/uploads\\\/2021\\\/10\\\/C3EAE7E6-EE39-43F5-9391-BCE49E5FDCEF.jpeg\",\"width\":640,\"height\":360},{\"@type\":\"BreadcrumbList\",\"@id\":\"https:\\\/\\\/quehacerpolitico.mx\\\/?p=86165#breadcrumb\",\"itemListElement\":[{\"@type\":\"ListItem\",\"position\":1,\"name\":\"Inicio\",\"item\":\"https:\\\/\\\/quehacerpolitico.mx\\\/\"},{\"@type\":\"ListItem\",\"position\":2,\"name\":\"Internacionales\\\/\\\/\\\/Carolina Alonso Romei\\\/\\\/\\\/Merck libera la patente de su pastilla contra covid\"}]},{\"@type\":\"WebSite\",\"@id\":\"https:\\\/\\\/quehacerpolitico.mx\\\/#website\",\"url\":\"https:\\\/\\\/quehacerpolitico.mx\\\/\",\"name\":\"\",\"description\":\"\",\"potentialAction\":[{\"@type\":\"SearchAction\",\"target\":{\"@type\":\"EntryPoint\",\"urlTemplate\":\"https:\\\/\\\/quehacerpolitico.mx\\\/?s={search_term_string}\"},\"query-input\":{\"@type\":\"PropertyValueSpecification\",\"valueRequired\":true,\"valueName\":\"search_term_string\"}}],\"inLanguage\":\"es\"},{\"@type\":\"Person\",\"@id\":\"https:\\\/\\\/quehacerpolitico.mx\\\/#\\\/schema\\\/person\\\/496d8ad2d1d3f8036101dca7ee39e585\",\"name\":\"Redacci\u00f3n QP\",\"image\":{\"@type\":\"ImageObject\",\"inLanguage\":\"es\",\"@id\":\"https:\\\/\\\/secure.gravatar.com\\\/avatar\\\/c7164ed6fdec453195284ad24a5ae5b6e1eed2b848477fa2a4787ba9adf39a41?s=96&d=mm&r=g\",\"url\":\"https:\\\/\\\/secure.gravatar.com\\\/avatar\\\/c7164ed6fdec453195284ad24a5ae5b6e1eed2b848477fa2a4787ba9adf39a41?s=96&d=mm&r=g\",\"contentUrl\":\"https:\\\/\\\/secure.gravatar.com\\\/avatar\\\/c7164ed6fdec453195284ad24a5ae5b6e1eed2b848477fa2a4787ba9adf39a41?s=96&d=mm&r=g\",\"caption\":\"Redacci\u00f3n QP\"},\"url\":\"https:\\\/\\\/quehacerpolitico.mx\\\/?author=2\"}]}<\/script>\n<!-- \/ Yoast SEO plugin. -->","yoast_head_json":{"title":"Internacionales\/\/\/Carolina Alonso Romei\/\/\/Merck libera la patente de su pastilla contra covid -","robots":{"index":"index","follow":"follow","max-snippet":"max-snippet:-1","max-image-preview":"max-image-preview:large","max-video-preview":"max-video-preview:-1"},"canonical":"https:\/\/quehacerpolitico.mx\/?p=86165","og_locale":"es_MX","og_type":"article","og_title":"Internacionales\/\/\/Carolina Alonso Romei\/\/\/Merck libera la patente de su pastilla contra covid -","og_description":"Por Carolina Alonso Romei Internacionalista El organismo Medicines Patent Pool firm\u00f3 un acuerdo voluntario de...","og_url":"https:\/\/quehacerpolitico.mx\/?p=86165","article_published_time":"2021-10-28T18:05:54+00:00","article_modified_time":"2021-10-28T18:05:56+00:00","og_image":[{"width":640,"height":360,"url":"https:\/\/quehacerpolitico.mx\/wp-content\/uploads\/2021\/10\/C3EAE7E6-EE39-43F5-9391-BCE49E5FDCEF.jpeg","type":"image\/jpeg"}],"author":"Redacci\u00f3n QP","twitter_card":"summary_large_image","twitter_misc":{"Escrito por":"Redacci\u00f3n QP","Tiempo de lectura":"3 minutos"},"schema":{"@context":"https:\/\/schema.org","@graph":[{"@type":"Article","@id":"https:\/\/quehacerpolitico.mx\/?p=86165#article","isPartOf":{"@id":"https:\/\/quehacerpolitico.mx\/?p=86165"},"author":{"name":"Redacci\u00f3n QP","@id":"https:\/\/quehacerpolitico.mx\/#\/schema\/person\/496d8ad2d1d3f8036101dca7ee39e585"},"headline":"Internacionales\/\/\/Carolina Alonso Romei\/\/\/Merck libera la patente de su pastilla contra covid","datePublished":"2021-10-28T18:05:54+00:00","dateModified":"2021-10-28T18:05:56+00:00","mainEntityOfPage":{"@id":"https:\/\/quehacerpolitico.mx\/?p=86165"},"wordCount":520,"commentCount":0,"image":{"@id":"https:\/\/quehacerpolitico.mx\/?p=86165#primaryimage"},"thumbnailUrl":"https:\/\/quehacerpolitico.mx\/wp-content\/uploads\/2021\/10\/C3EAE7E6-EE39-43F5-9391-BCE49E5FDCEF.jpeg","articleSection":["Internacionales"],"inLanguage":"es","potentialAction":[{"@type":"CommentAction","name":"Comment","target":["https:\/\/quehacerpolitico.mx\/?p=86165#respond"]}]},{"@type":"WebPage","@id":"https:\/\/quehacerpolitico.mx\/?p=86165","url":"https:\/\/quehacerpolitico.mx\/?p=86165","name":"Internacionales\/\/\/Carolina Alonso Romei\/\/\/Merck libera la patente de su pastilla contra covid -","isPartOf":{"@id":"https:\/\/quehacerpolitico.mx\/#website"},"primaryImageOfPage":{"@id":"https:\/\/quehacerpolitico.mx\/?p=86165#primaryimage"},"image":{"@id":"https:\/\/quehacerpolitico.mx\/?p=86165#primaryimage"},"thumbnailUrl":"https:\/\/quehacerpolitico.mx\/wp-content\/uploads\/2021\/10\/C3EAE7E6-EE39-43F5-9391-BCE49E5FDCEF.jpeg","datePublished":"2021-10-28T18:05:54+00:00","dateModified":"2021-10-28T18:05:56+00:00","author":{"@id":"https:\/\/quehacerpolitico.mx\/#\/schema\/person\/496d8ad2d1d3f8036101dca7ee39e585"},"breadcrumb":{"@id":"https:\/\/quehacerpolitico.mx\/?p=86165#breadcrumb"},"inLanguage":"es","potentialAction":[{"@type":"ReadAction","target":["https:\/\/quehacerpolitico.mx\/?p=86165"]}]},{"@type":"ImageObject","inLanguage":"es","@id":"https:\/\/quehacerpolitico.mx\/?p=86165#primaryimage","url":"https:\/\/quehacerpolitico.mx\/wp-content\/uploads\/2021\/10\/C3EAE7E6-EE39-43F5-9391-BCE49E5FDCEF.jpeg","contentUrl":"https:\/\/quehacerpolitico.mx\/wp-content\/uploads\/2021\/10\/C3EAE7E6-EE39-43F5-9391-BCE49E5FDCEF.jpeg","width":640,"height":360},{"@type":"BreadcrumbList","@id":"https:\/\/quehacerpolitico.mx\/?p=86165#breadcrumb","itemListElement":[{"@type":"ListItem","position":1,"name":"Inicio","item":"https:\/\/quehacerpolitico.mx\/"},{"@type":"ListItem","position":2,"name":"Internacionales\/\/\/Carolina Alonso Romei\/\/\/Merck libera la patente de su pastilla contra covid"}]},{"@type":"WebSite","@id":"https:\/\/quehacerpolitico.mx\/#website","url":"https:\/\/quehacerpolitico.mx\/","name":"","description":"","potentialAction":[{"@type":"SearchAction","target":{"@type":"EntryPoint","urlTemplate":"https:\/\/quehacerpolitico.mx\/?s={search_term_string}"},"query-input":{"@type":"PropertyValueSpecification","valueRequired":true,"valueName":"search_term_string"}}],"inLanguage":"es"},{"@type":"Person","@id":"https:\/\/quehacerpolitico.mx\/#\/schema\/person\/496d8ad2d1d3f8036101dca7ee39e585","name":"Redacci\u00f3n QP","image":{"@type":"ImageObject","inLanguage":"es","@id":"https:\/\/secure.gravatar.com\/avatar\/c7164ed6fdec453195284ad24a5ae5b6e1eed2b848477fa2a4787ba9adf39a41?s=96&d=mm&r=g","url":"https:\/\/secure.gravatar.com\/avatar\/c7164ed6fdec453195284ad24a5ae5b6e1eed2b848477fa2a4787ba9adf39a41?s=96&d=mm&r=g","contentUrl":"https:\/\/secure.gravatar.com\/avatar\/c7164ed6fdec453195284ad24a5ae5b6e1eed2b848477fa2a4787ba9adf39a41?s=96&d=mm&r=g","caption":"Redacci\u00f3n QP"},"url":"https:\/\/quehacerpolitico.mx\/?author=2"}]}},"featured_image_urls":{"full":["https:\/\/quehacerpolitico.mx\/wp-content\/uploads\/2021\/10\/C3EAE7E6-EE39-43F5-9391-BCE49E5FDCEF.jpeg",640,360,false],"thumbnail":["https:\/\/quehacerpolitico.mx\/wp-content\/uploads\/2021\/10\/C3EAE7E6-EE39-43F5-9391-BCE49E5FDCEF-150x150.jpeg",150,150,true],"medium":["https:\/\/quehacerpolitico.mx\/wp-content\/uploads\/2021\/10\/C3EAE7E6-EE39-43F5-9391-BCE49E5FDCEF-300x169.jpeg",300,169,true],"medium_large":["https:\/\/quehacerpolitico.mx\/wp-content\/uploads\/2021\/10\/C3EAE7E6-EE39-43F5-9391-BCE49E5FDCEF.jpeg",640,360,false],"large":["https:\/\/quehacerpolitico.mx\/wp-content\/uploads\/2021\/10\/C3EAE7E6-EE39-43F5-9391-BCE49E5FDCEF.jpeg",640,360,false],"1536x1536":["https:\/\/quehacerpolitico.mx\/wp-content\/uploads\/2021\/10\/C3EAE7E6-EE39-43F5-9391-BCE49E5FDCEF.jpeg",640,360,false],"2048x2048":["https:\/\/quehacerpolitico.mx\/wp-content\/uploads\/2021\/10\/C3EAE7E6-EE39-43F5-9391-BCE49E5FDCEF.jpeg",640,360,false],"covernews-featured":["https:\/\/quehacerpolitico.mx\/wp-content\/uploads\/2021\/10\/C3EAE7E6-EE39-43F5-9391-BCE49E5FDCEF.jpeg",640,360,false],"covernews-medium":["https:\/\/quehacerpolitico.mx\/wp-content\/uploads\/2021\/10\/C3EAE7E6-EE39-43F5-9391-BCE49E5FDCEF.jpeg",540,304,false]},"author_info":{"display_name":"Redacci\u00f3n QP","author_link":"https:\/\/quehacerpolitico.mx\/?author=2"},"category_info":"<a href=\"https:\/\/quehacerpolitico.mx\/?cat=1\" rel=\"category\">Internacionales<\/a>","tag_info":"Internacionales","comment_count":"0","_links":{"self":[{"href":"https:\/\/quehacerpolitico.mx\/index.php?rest_route=\/wp\/v2\/posts\/86165","targetHints":{"allow":["GET"]}}],"collection":[{"href":"https:\/\/quehacerpolitico.mx\/index.php?rest_route=\/wp\/v2\/posts"}],"about":[{"href":"https:\/\/quehacerpolitico.mx\/index.php?rest_route=\/wp\/v2\/types\/post"}],"author":[{"embeddable":true,"href":"https:\/\/quehacerpolitico.mx\/index.php?rest_route=\/wp\/v2\/users\/2"}],"replies":[{"embeddable":true,"href":"https:\/\/quehacerpolitico.mx\/index.php?rest_route=%2Fwp%2Fv2%2Fcomments&post=86165"}],"version-history":[{"count":1,"href":"https:\/\/quehacerpolitico.mx\/index.php?rest_route=\/wp\/v2\/posts\/86165\/revisions"}],"predecessor-version":[{"id":86167,"href":"https:\/\/quehacerpolitico.mx\/index.php?rest_route=\/wp\/v2\/posts\/86165\/revisions\/86167"}],"wp:featuredmedia":[{"embeddable":true,"href":"https:\/\/quehacerpolitico.mx\/index.php?rest_route=\/wp\/v2\/media\/86166"}],"wp:attachment":[{"href":"https:\/\/quehacerpolitico.mx\/index.php?rest_route=%2Fwp%2Fv2%2Fmedia&parent=86165"}],"wp:term":[{"taxonomy":"category","embeddable":true,"href":"https:\/\/quehacerpolitico.mx\/index.php?rest_route=%2Fwp%2Fv2%2Fcategories&post=86165"},{"taxonomy":"post_tag","embeddable":true,"href":"https:\/\/quehacerpolitico.mx\/index.php?rest_route=%2Fwp%2Fv2%2Ftags&post=86165"}],"curies":[{"name":"wp","href":"https:\/\/api.w.org\/{rel}","templated":true}]}}