{"id":86159,"date":"2021-10-28T16:42:42","date_gmt":"2021-10-28T16:42:42","guid":{"rendered":"https:\/\/quehacerpolitico.mx\/?p=86159"},"modified":"2021-10-28T16:42:45","modified_gmt":"2021-10-28T16:42:45","slug":"internacionales-carolina-alonso-romei-presidenta-de-taiwan-confirma-la-presencia-de-tropas-de-formacion-de-eu","status":"publish","type":"post","link":"https:\/\/quehacerpolitico.mx\/?p=86159","title":{"rendered":"Internacionales\/\/\/Carolina Alonso Romei\/\/\/Presidenta de Taiw\u00e1n confirma la presencia de tropas de formaci\u00f3n de EU"},"content":{"rendered":"\n<p>Por Carolina Alonso Romei <\/p>\n\n\n\n<p>Internacionalista <\/p>\n\n\n\n<p>Tsai Ing-wen\u00a0tambi\u00e9n mencion\u00f3 &#8220;tener fe&#8221; en que la Uni\u00f3n Americana apoyar\u00eda en su pa\u00eds en caso de un ataque de China<\/p>\n\n\n\n<p>La presidenta de Taiw\u00e1n confirm\u00f3 la presencia de un n\u00famero reducido de tropas estadounidenses para ayudar a formar al ej\u00e9rcito de la isla, provocando una en\u00e9rgica reacci\u00f3n de parte de China.<\/p>\n\n\n\n<p>&#8220;Nos oponemos con firmeza a cualquier forma de intercambios oficiales y contactos militares entre Estados Unidos y Taiw\u00e1n&#8221;, dijo este jueves un portavoz de la diplomacia china, Wang Wenbin.<\/p>\n\n\n\n<figure class=\"wp-block-embed is-type-video is-provider-youtube wp-block-embed-youtube wp-embed-aspect-16-9 wp-has-aspect-ratio\"><div class=\"wp-block-embed__wrapper\">\n<iframe loading=\"lazy\" title=\"La presidenta de Taiw\u00e1n confirma la presencia de tropas de formaci\u00f3n de EEUU | AFP\" width=\"640\" height=\"360\" src=\"https:\/\/www.youtube.com\/embed\/Ho2CAcaZtMU?feature=oembed\" frameborder=\"0\" allow=\"accelerometer; autoplay; clipboard-write; encrypted-media; gyroscope; picture-in-picture; web-share\" referrerpolicy=\"strict-origin-when-cross-origin\" allowfullscreen><\/iframe>\n<\/div><\/figure>\n\n\n\n<p>En un editorial, el diario nacionalista chino<em>\u00a0Global Times<\/em>\u00a0afirm\u00f3 de su lado que\u00a0<strong>&#8220;con la presencia de soldados estadounidenses en\u00a0Taiw\u00e1n, se cruz\u00f3 una l\u00ednea roja&#8221;.<\/strong><\/p>\n\n\n\n<p>En una entrevista con la cadena estadounidense CNN grabada el martes pero emitida el mi\u00e9rcoles, la presidenta taiwanesa Tsai Ing-wen describi\u00f3 a la isla como un &#8220;faro&#8221; de la democracia en la regi\u00f3n que se enfrenta a su gigante vecino, cuya amenaza crece &#8220;cada d\u00eda&#8221;.<\/p>\n\n\n\n<p><strong>A principios de mes, una fuente del Pent\u00e1gono confirm\u00f3 por primera vez la presencia de tropas estadounidenses en\u00a0Taiw\u00e1n, que\u00a0Pek\u00ednconsidera parte integral de su territorio.<\/strong><\/p>\n\n\n\n<p>Pero hasta ahora ning\u00fan l\u00edder taiwan\u00e9s hab\u00eda admitido en p\u00fablico tal presencia desde que la \u00faltima guarnici\u00f3n estadounidense abandon\u00f3 la isla en 1979 tras el reconocimiento diplom\u00e1tico del r\u00e9gimen comunista por parte de China.<\/p>\n\n\n\n<p>Preguntada sobre cu\u00e1ntas tropas estadounidenses hab\u00eda en Taiw\u00e1n, Tsai respondi\u00f3 &#8220;no tanta como la gente piensa&#8221;. &#8220;Tenemos una amplia cooperaci\u00f3n con Estados Unidos para aumentar nuestra capacidad de defensa&#8221;, a\u00f1adi\u00f3.<\/p>\n\n\n\n<p><strong>Sobre si confiaba en una ayuda estadounidense en caso de ataque de China, la presidenta taiwanesa respondi\u00f3: &#8220;Tengo fe&#8221;.<\/strong><\/p>\n\n\n\n<p>En un discurso a diputados el jueves, el ministro de Defensa de Taiw\u00e1n Chiu Kuo-Cheng ahond\u00f3 en la cuesti\u00f3n. &#8220;Tenemos intercambios personales y ellos est\u00e1n aqu\u00ed para cooperaci\u00f3n militar. Pero esto es diferente, seg\u00fan mi definici\u00f3n, a tener tropas estacionadas+&#8221;, dijo.<\/p>\n\n\n\n<p><strong>Ambig\u00fcedad estrat\u00e9gica<\/strong><\/p>\n\n\n\n<p>Estados Unidos y China se han enfrentado recientemente por el destino de la isla de 23 millones de habitantes, que tiene su propio gobierno, moneda y ej\u00e9rcito, pero que Pek\u00edn considera una de sus provincias a la espera de la reunificaci\u00f3n.<\/p>\n\n\n\n<p>M\u00e1s temprano el mi\u00e9rcoles, el presidente estadounidense, Joe Biden, se\u00f1al\u00f3 que Estados Unidos estaba &#8220;profundamente preocupado por las acciones coercitivas y agresivas de China (&#8230;) en el estrecho de Taiw\u00e1n&#8221;.<\/p>\n\n\n\n<p>Las tensiones han aumentado al incrementarse las incursiones a\u00e9reas chinas cerca de este pa\u00eds.<br>Tales acciones &#8220;amenazan la paz y la estabilidad regionales&#8221;, a\u00f1adi\u00f3 el presidente estadounidense, seg\u00fan una grabaci\u00f3n de sus declaraciones.<\/p>\n\n\n\n<p>El jefe de la diplomacia estadounidense,&nbsp;<strong>AntonyBlinken, tambi\u00e9n provoc\u00f3 la ira de&nbsp;Pek\u00edn&nbsp;al abogar el martes por la &#8220;participaci\u00f3n significativa&#8221; de&nbsp;Taip\u00e9i&nbsp;en los \u00f3rganos de las Naciones Unidas (ONU) y en la escena internacional.<\/strong><\/p>\n\n\n\n<p>&#8220;La exclusi\u00f3n de Taiw\u00e1n socava la importante labor de la ONU y de sus organismos&#8221;, insisti\u00f3, al afirmar que la contribuci\u00f3n de ese pa\u00eds es necesaria para abordar &#8220;un n\u00famero sin precedentes de desaf\u00edos globales&#8221;.<\/p>\n\n\n\n<p>&#8220;Taiw\u00e1n no tiene derecho a participar en la ONU&#8221;, replic\u00f3 inmediatamente Pek\u00edn, a trav\u00e9s del portavoz de la Oficina de Asuntos de Taiw\u00e1n, Ma Xiaoguang.<\/p>\n\n\n\n<p>Es probable que el delicado asunto de Taiw\u00e1n agriete a\u00fan m\u00e1s las relaciones entre Estados Unidos y China, que se encuentran en su punto m\u00e1s bajo en a\u00f1os. La semana pasada, Biden pareci\u00f3 querer enviar un nuevo mensaje de firmeza a Pek\u00edn.<\/p>\n\n\n\n<p><strong>Preguntado sobre la posibilidad de una intervenci\u00f3n militar estadounidense para defender Taiw\u00e1n en caso de un ataque de China, el presidente Biden respondi\u00f3 afirmativamente: &#8220;S\u00ed, tenemos un compromiso en ese sentido&#8221;.<\/strong><\/p>\n\n\n\n<p>Su declaraci\u00f3n pareci\u00f3 contradecir la postura de &#8220;ambig\u00fcedad estrat\u00e9gica&#8221; estadounidense. En virtud de este esquema, Washington ayuda a Taiw\u00e1n a construir y reforzar su defensa, pero sin prometer expl\u00edcitamente que acudir\u00e1 en su ayuda en caso de ataque.<\/p>\n\n\n\n<p>Los comentarios de Biden no fueron bien recibidos en Pek\u00edn y el gobierno estadounidense aclar\u00f3 poco despu\u00e9s que manten\u00eda &#8220;sin cambios&#8221; su pol\u00edtica enmarcada en la Ley de Relaciones con Taiw\u00e1n de 1979.<\/p>\n\n\n\n<p>China considera que Taiw\u00e1n, isla a la que huyeron en 1949 los nacionalistas de Chang Kai-shek derrotados en el continente por los comunistas de Mao Tse Tung, es una provincia que espera la reunificaci\u00f3n, por la fuerza si es necesario.<\/p>\n\n\n\n<p>&#8220;El principio de una sola China es la base de las relaciones sino-estadounidenses&#8221;, declar\u00f3 este jueves ante la prensa el portavoz chino Wang Wenbin. &#8220;Estados Unidos no debe subestimar la fuerte determinaci\u00f3n del pueblo chino en la defensa de su soberan\u00eda e integridad territorial&#8221;.<\/p>\n\n\n\n<p>Con Informaci\u00f3n de AFP<\/p>\n","protected":false},"excerpt":{"rendered":"<p>Por Carolina Alonso Romei Internacionalista Tsai Ing-wen\u00a0tambi\u00e9n mencion\u00f3 &#8220;tener fe&#8221; en que la Uni\u00f3n Americana&#8230;<\/p>\n","protected":false},"author":2,"featured_media":86160,"comment_status":"open","ping_status":"open","sticky":false,"template":"","format":"standard","meta":{"_monsterinsights_skip_tracking":false,"_monsterinsights_sitenote_active":false,"_monsterinsights_sitenote_note":"","_monsterinsights_sitenote_category":0,"footnotes":""},"categories":[1],"tags":[],"class_list":["post-86159","post","type-post","status-publish","format-standard","has-post-thumbnail","hentry","category-sin-categoria"],"yoast_head":"<!-- This site is optimized with the Yoast SEO plugin v27.3 - https:\/\/yoast.com\/product\/yoast-seo-wordpress\/ -->\n<title>Internacionales\/\/\/Carolina Alonso Romei\/\/\/Presidenta de Taiw\u00e1n confirma la presencia de tropas de formaci\u00f3n de EU -<\/title>\n<meta name=\"robots\" content=\"index, follow, max-snippet:-1, max-image-preview:large, max-video-preview:-1\" \/>\n<link rel=\"canonical\" href=\"https:\/\/quehacerpolitico.mx\/?p=86159\" \/>\n<meta property=\"og:locale\" content=\"es_MX\" \/>\n<meta property=\"og:type\" content=\"article\" \/>\n<meta property=\"og:title\" content=\"Internacionales\/\/\/Carolina Alonso Romei\/\/\/Presidenta de Taiw\u00e1n confirma la presencia de tropas de formaci\u00f3n de EU -\" \/>\n<meta property=\"og:description\" content=\"Por Carolina Alonso Romei Internacionalista Tsai Ing-wen\u00a0tambi\u00e9n mencion\u00f3 &#8220;tener fe&#8221; en que la Uni\u00f3n Americana...\" \/>\n<meta property=\"og:url\" content=\"https:\/\/quehacerpolitico.mx\/?p=86159\" \/>\n<meta property=\"article:published_time\" content=\"2021-10-28T16:42:42+00:00\" \/>\n<meta property=\"article:modified_time\" content=\"2021-10-28T16:42:45+00:00\" \/>\n<meta property=\"og:image\" content=\"https:\/\/quehacerpolitico.mx\/wp-content\/uploads\/2021\/10\/FF21CE31-1E1A-4A3F-A01C-7AC3BF80AC51.jpeg\" \/>\n\t<meta property=\"og:image:width\" content=\"1284\" \/>\n\t<meta property=\"og:image:height\" content=\"719\" \/>\n\t<meta property=\"og:image:type\" content=\"image\/jpeg\" \/>\n<meta name=\"author\" content=\"Redacci\u00f3n QP\" \/>\n<meta name=\"twitter:card\" content=\"summary_large_image\" \/>\n<meta name=\"twitter:label1\" content=\"Escrito por\" \/>\n\t<meta name=\"twitter:data1\" content=\"Redacci\u00f3n QP\" \/>\n\t<meta name=\"twitter:label2\" content=\"Tiempo de lectura\" \/>\n\t<meta name=\"twitter:data2\" content=\"4 minutos\" \/>\n<script type=\"application\/ld+json\" class=\"yoast-schema-graph\">{\"@context\":\"https:\\\/\\\/schema.org\",\"@graph\":[{\"@type\":\"Article\",\"@id\":\"https:\\\/\\\/quehacerpolitico.mx\\\/?p=86159#article\",\"isPartOf\":{\"@id\":\"https:\\\/\\\/quehacerpolitico.mx\\\/?p=86159\"},\"author\":{\"name\":\"Redacci\u00f3n QP\",\"@id\":\"https:\\\/\\\/quehacerpolitico.mx\\\/#\\\/schema\\\/person\\\/496d8ad2d1d3f8036101dca7ee39e585\"},\"headline\":\"Internacionales\\\/\\\/\\\/Carolina Alonso Romei\\\/\\\/\\\/Presidenta de Taiw\u00e1n confirma la presencia de tropas de formaci\u00f3n de EU\",\"datePublished\":\"2021-10-28T16:42:42+00:00\",\"dateModified\":\"2021-10-28T16:42:45+00:00\",\"mainEntityOfPage\":{\"@id\":\"https:\\\/\\\/quehacerpolitico.mx\\\/?p=86159\"},\"wordCount\":854,\"commentCount\":0,\"image\":{\"@id\":\"https:\\\/\\\/quehacerpolitico.mx\\\/?p=86159#primaryimage\"},\"thumbnailUrl\":\"https:\\\/\\\/quehacerpolitico.mx\\\/wp-content\\\/uploads\\\/2021\\\/10\\\/FF21CE31-1E1A-4A3F-A01C-7AC3BF80AC51.jpeg\",\"articleSection\":[\"Internacionales\"],\"inLanguage\":\"es\",\"potentialAction\":[{\"@type\":\"CommentAction\",\"name\":\"Comment\",\"target\":[\"https:\\\/\\\/quehacerpolitico.mx\\\/?p=86159#respond\"]}]},{\"@type\":\"WebPage\",\"@id\":\"https:\\\/\\\/quehacerpolitico.mx\\\/?p=86159\",\"url\":\"https:\\\/\\\/quehacerpolitico.mx\\\/?p=86159\",\"name\":\"Internacionales\\\/\\\/\\\/Carolina Alonso Romei\\\/\\\/\\\/Presidenta de Taiw\u00e1n confirma la presencia de tropas de formaci\u00f3n de EU -\",\"isPartOf\":{\"@id\":\"https:\\\/\\\/quehacerpolitico.mx\\\/#website\"},\"primaryImageOfPage\":{\"@id\":\"https:\\\/\\\/quehacerpolitico.mx\\\/?p=86159#primaryimage\"},\"image\":{\"@id\":\"https:\\\/\\\/quehacerpolitico.mx\\\/?p=86159#primaryimage\"},\"thumbnailUrl\":\"https:\\\/\\\/quehacerpolitico.mx\\\/wp-content\\\/uploads\\\/2021\\\/10\\\/FF21CE31-1E1A-4A3F-A01C-7AC3BF80AC51.jpeg\",\"datePublished\":\"2021-10-28T16:42:42+00:00\",\"dateModified\":\"2021-10-28T16:42:45+00:00\",\"author\":{\"@id\":\"https:\\\/\\\/quehacerpolitico.mx\\\/#\\\/schema\\\/person\\\/496d8ad2d1d3f8036101dca7ee39e585\"},\"breadcrumb\":{\"@id\":\"https:\\\/\\\/quehacerpolitico.mx\\\/?p=86159#breadcrumb\"},\"inLanguage\":\"es\",\"potentialAction\":[{\"@type\":\"ReadAction\",\"target\":[\"https:\\\/\\\/quehacerpolitico.mx\\\/?p=86159\"]}]},{\"@type\":\"ImageObject\",\"inLanguage\":\"es\",\"@id\":\"https:\\\/\\\/quehacerpolitico.mx\\\/?p=86159#primaryimage\",\"url\":\"https:\\\/\\\/quehacerpolitico.mx\\\/wp-content\\\/uploads\\\/2021\\\/10\\\/FF21CE31-1E1A-4A3F-A01C-7AC3BF80AC51.jpeg\",\"contentUrl\":\"https:\\\/\\\/quehacerpolitico.mx\\\/wp-content\\\/uploads\\\/2021\\\/10\\\/FF21CE31-1E1A-4A3F-A01C-7AC3BF80AC51.jpeg\",\"width\":1284,\"height\":719},{\"@type\":\"BreadcrumbList\",\"@id\":\"https:\\\/\\\/quehacerpolitico.mx\\\/?p=86159#breadcrumb\",\"itemListElement\":[{\"@type\":\"ListItem\",\"position\":1,\"name\":\"Inicio\",\"item\":\"https:\\\/\\\/quehacerpolitico.mx\\\/\"},{\"@type\":\"ListItem\",\"position\":2,\"name\":\"Internacionales\\\/\\\/\\\/Carolina Alonso Romei\\\/\\\/\\\/Presidenta de Taiw\u00e1n confirma la presencia de tropas de formaci\u00f3n de EU\"}]},{\"@type\":\"WebSite\",\"@id\":\"https:\\\/\\\/quehacerpolitico.mx\\\/#website\",\"url\":\"https:\\\/\\\/quehacerpolitico.mx\\\/\",\"name\":\"\",\"description\":\"\",\"potentialAction\":[{\"@type\":\"SearchAction\",\"target\":{\"@type\":\"EntryPoint\",\"urlTemplate\":\"https:\\\/\\\/quehacerpolitico.mx\\\/?s={search_term_string}\"},\"query-input\":{\"@type\":\"PropertyValueSpecification\",\"valueRequired\":true,\"valueName\":\"search_term_string\"}}],\"inLanguage\":\"es\"},{\"@type\":\"Person\",\"@id\":\"https:\\\/\\\/quehacerpolitico.mx\\\/#\\\/schema\\\/person\\\/496d8ad2d1d3f8036101dca7ee39e585\",\"name\":\"Redacci\u00f3n QP\",\"image\":{\"@type\":\"ImageObject\",\"inLanguage\":\"es\",\"@id\":\"https:\\\/\\\/secure.gravatar.com\\\/avatar\\\/c7164ed6fdec453195284ad24a5ae5b6e1eed2b848477fa2a4787ba9adf39a41?s=96&d=mm&r=g\",\"url\":\"https:\\\/\\\/secure.gravatar.com\\\/avatar\\\/c7164ed6fdec453195284ad24a5ae5b6e1eed2b848477fa2a4787ba9adf39a41?s=96&d=mm&r=g\",\"contentUrl\":\"https:\\\/\\\/secure.gravatar.com\\\/avatar\\\/c7164ed6fdec453195284ad24a5ae5b6e1eed2b848477fa2a4787ba9adf39a41?s=96&d=mm&r=g\",\"caption\":\"Redacci\u00f3n QP\"},\"url\":\"https:\\\/\\\/quehacerpolitico.mx\\\/?author=2\"}]}<\/script>\n<!-- \/ Yoast SEO plugin. -->","yoast_head_json":{"title":"Internacionales\/\/\/Carolina Alonso Romei\/\/\/Presidenta de Taiw\u00e1n confirma la presencia de tropas de formaci\u00f3n de EU -","robots":{"index":"index","follow":"follow","max-snippet":"max-snippet:-1","max-image-preview":"max-image-preview:large","max-video-preview":"max-video-preview:-1"},"canonical":"https:\/\/quehacerpolitico.mx\/?p=86159","og_locale":"es_MX","og_type":"article","og_title":"Internacionales\/\/\/Carolina Alonso Romei\/\/\/Presidenta de Taiw\u00e1n confirma la presencia de tropas de formaci\u00f3n de EU -","og_description":"Por Carolina Alonso Romei Internacionalista Tsai Ing-wen\u00a0tambi\u00e9n mencion\u00f3 &#8220;tener fe&#8221; en que la Uni\u00f3n Americana...","og_url":"https:\/\/quehacerpolitico.mx\/?p=86159","article_published_time":"2021-10-28T16:42:42+00:00","article_modified_time":"2021-10-28T16:42:45+00:00","og_image":[{"width":1284,"height":719,"url":"https:\/\/quehacerpolitico.mx\/wp-content\/uploads\/2021\/10\/FF21CE31-1E1A-4A3F-A01C-7AC3BF80AC51.jpeg","type":"image\/jpeg"}],"author":"Redacci\u00f3n QP","twitter_card":"summary_large_image","twitter_misc":{"Escrito por":"Redacci\u00f3n QP","Tiempo de lectura":"4 minutos"},"schema":{"@context":"https:\/\/schema.org","@graph":[{"@type":"Article","@id":"https:\/\/quehacerpolitico.mx\/?p=86159#article","isPartOf":{"@id":"https:\/\/quehacerpolitico.mx\/?p=86159"},"author":{"name":"Redacci\u00f3n QP","@id":"https:\/\/quehacerpolitico.mx\/#\/schema\/person\/496d8ad2d1d3f8036101dca7ee39e585"},"headline":"Internacionales\/\/\/Carolina Alonso Romei\/\/\/Presidenta de Taiw\u00e1n confirma la presencia de tropas de formaci\u00f3n de EU","datePublished":"2021-10-28T16:42:42+00:00","dateModified":"2021-10-28T16:42:45+00:00","mainEntityOfPage":{"@id":"https:\/\/quehacerpolitico.mx\/?p=86159"},"wordCount":854,"commentCount":0,"image":{"@id":"https:\/\/quehacerpolitico.mx\/?p=86159#primaryimage"},"thumbnailUrl":"https:\/\/quehacerpolitico.mx\/wp-content\/uploads\/2021\/10\/FF21CE31-1E1A-4A3F-A01C-7AC3BF80AC51.jpeg","articleSection":["Internacionales"],"inLanguage":"es","potentialAction":[{"@type":"CommentAction","name":"Comment","target":["https:\/\/quehacerpolitico.mx\/?p=86159#respond"]}]},{"@type":"WebPage","@id":"https:\/\/quehacerpolitico.mx\/?p=86159","url":"https:\/\/quehacerpolitico.mx\/?p=86159","name":"Internacionales\/\/\/Carolina Alonso Romei\/\/\/Presidenta de Taiw\u00e1n confirma la presencia de tropas de formaci\u00f3n de EU -","isPartOf":{"@id":"https:\/\/quehacerpolitico.mx\/#website"},"primaryImageOfPage":{"@id":"https:\/\/quehacerpolitico.mx\/?p=86159#primaryimage"},"image":{"@id":"https:\/\/quehacerpolitico.mx\/?p=86159#primaryimage"},"thumbnailUrl":"https:\/\/quehacerpolitico.mx\/wp-content\/uploads\/2021\/10\/FF21CE31-1E1A-4A3F-A01C-7AC3BF80AC51.jpeg","datePublished":"2021-10-28T16:42:42+00:00","dateModified":"2021-10-28T16:42:45+00:00","author":{"@id":"https:\/\/quehacerpolitico.mx\/#\/schema\/person\/496d8ad2d1d3f8036101dca7ee39e585"},"breadcrumb":{"@id":"https:\/\/quehacerpolitico.mx\/?p=86159#breadcrumb"},"inLanguage":"es","potentialAction":[{"@type":"ReadAction","target":["https:\/\/quehacerpolitico.mx\/?p=86159"]}]},{"@type":"ImageObject","inLanguage":"es","@id":"https:\/\/quehacerpolitico.mx\/?p=86159#primaryimage","url":"https:\/\/quehacerpolitico.mx\/wp-content\/uploads\/2021\/10\/FF21CE31-1E1A-4A3F-A01C-7AC3BF80AC51.jpeg","contentUrl":"https:\/\/quehacerpolitico.mx\/wp-content\/uploads\/2021\/10\/FF21CE31-1E1A-4A3F-A01C-7AC3BF80AC51.jpeg","width":1284,"height":719},{"@type":"BreadcrumbList","@id":"https:\/\/quehacerpolitico.mx\/?p=86159#breadcrumb","itemListElement":[{"@type":"ListItem","position":1,"name":"Inicio","item":"https:\/\/quehacerpolitico.mx\/"},{"@type":"ListItem","position":2,"name":"Internacionales\/\/\/Carolina Alonso Romei\/\/\/Presidenta de Taiw\u00e1n confirma la presencia de tropas de formaci\u00f3n de EU"}]},{"@type":"WebSite","@id":"https:\/\/quehacerpolitico.mx\/#website","url":"https:\/\/quehacerpolitico.mx\/","name":"","description":"","potentialAction":[{"@type":"SearchAction","target":{"@type":"EntryPoint","urlTemplate":"https:\/\/quehacerpolitico.mx\/?s={search_term_string}"},"query-input":{"@type":"PropertyValueSpecification","valueRequired":true,"valueName":"search_term_string"}}],"inLanguage":"es"},{"@type":"Person","@id":"https:\/\/quehacerpolitico.mx\/#\/schema\/person\/496d8ad2d1d3f8036101dca7ee39e585","name":"Redacci\u00f3n QP","image":{"@type":"ImageObject","inLanguage":"es","@id":"https:\/\/secure.gravatar.com\/avatar\/c7164ed6fdec453195284ad24a5ae5b6e1eed2b848477fa2a4787ba9adf39a41?s=96&d=mm&r=g","url":"https:\/\/secure.gravatar.com\/avatar\/c7164ed6fdec453195284ad24a5ae5b6e1eed2b848477fa2a4787ba9adf39a41?s=96&d=mm&r=g","contentUrl":"https:\/\/secure.gravatar.com\/avatar\/c7164ed6fdec453195284ad24a5ae5b6e1eed2b848477fa2a4787ba9adf39a41?s=96&d=mm&r=g","caption":"Redacci\u00f3n QP"},"url":"https:\/\/quehacerpolitico.mx\/?author=2"}]}},"featured_image_urls":{"full":["https:\/\/quehacerpolitico.mx\/wp-content\/uploads\/2021\/10\/FF21CE31-1E1A-4A3F-A01C-7AC3BF80AC51.jpeg",1284,719,false],"thumbnail":["https:\/\/quehacerpolitico.mx\/wp-content\/uploads\/2021\/10\/FF21CE31-1E1A-4A3F-A01C-7AC3BF80AC51-150x150.jpeg",150,150,true],"medium":["https:\/\/quehacerpolitico.mx\/wp-content\/uploads\/2021\/10\/FF21CE31-1E1A-4A3F-A01C-7AC3BF80AC51-300x168.jpeg",300,168,true],"medium_large":["https:\/\/quehacerpolitico.mx\/wp-content\/uploads\/2021\/10\/FF21CE31-1E1A-4A3F-A01C-7AC3BF80AC51-768x430.jpeg",640,358,true],"large":["https:\/\/quehacerpolitico.mx\/wp-content\/uploads\/2021\/10\/FF21CE31-1E1A-4A3F-A01C-7AC3BF80AC51-1024x573.jpeg",640,358,true],"1536x1536":["https:\/\/quehacerpolitico.mx\/wp-content\/uploads\/2021\/10\/FF21CE31-1E1A-4A3F-A01C-7AC3BF80AC51.jpeg",1284,719,false],"2048x2048":["https:\/\/quehacerpolitico.mx\/wp-content\/uploads\/2021\/10\/FF21CE31-1E1A-4A3F-A01C-7AC3BF80AC51.jpeg",1284,719,false],"covernews-featured":["https:\/\/quehacerpolitico.mx\/wp-content\/uploads\/2021\/10\/FF21CE31-1E1A-4A3F-A01C-7AC3BF80AC51.jpeg",1024,573,false],"covernews-medium":["https:\/\/quehacerpolitico.mx\/wp-content\/uploads\/2021\/10\/FF21CE31-1E1A-4A3F-A01C-7AC3BF80AC51.jpeg",540,302,false]},"author_info":{"display_name":"Redacci\u00f3n QP","author_link":"https:\/\/quehacerpolitico.mx\/?author=2"},"category_info":"<a href=\"https:\/\/quehacerpolitico.mx\/?cat=1\" rel=\"category\">Internacionales<\/a>","tag_info":"Internacionales","comment_count":"0","_links":{"self":[{"href":"https:\/\/quehacerpolitico.mx\/index.php?rest_route=\/wp\/v2\/posts\/86159","targetHints":{"allow":["GET"]}}],"collection":[{"href":"https:\/\/quehacerpolitico.mx\/index.php?rest_route=\/wp\/v2\/posts"}],"about":[{"href":"https:\/\/quehacerpolitico.mx\/index.php?rest_route=\/wp\/v2\/types\/post"}],"author":[{"embeddable":true,"href":"https:\/\/quehacerpolitico.mx\/index.php?rest_route=\/wp\/v2\/users\/2"}],"replies":[{"embeddable":true,"href":"https:\/\/quehacerpolitico.mx\/index.php?rest_route=%2Fwp%2Fv2%2Fcomments&post=86159"}],"version-history":[{"count":1,"href":"https:\/\/quehacerpolitico.mx\/index.php?rest_route=\/wp\/v2\/posts\/86159\/revisions"}],"predecessor-version":[{"id":86161,"href":"https:\/\/quehacerpolitico.mx\/index.php?rest_route=\/wp\/v2\/posts\/86159\/revisions\/86161"}],"wp:featuredmedia":[{"embeddable":true,"href":"https:\/\/quehacerpolitico.mx\/index.php?rest_route=\/wp\/v2\/media\/86160"}],"wp:attachment":[{"href":"https:\/\/quehacerpolitico.mx\/index.php?rest_route=%2Fwp%2Fv2%2Fmedia&parent=86159"}],"wp:term":[{"taxonomy":"category","embeddable":true,"href":"https:\/\/quehacerpolitico.mx\/index.php?rest_route=%2Fwp%2Fv2%2Fcategories&post=86159"},{"taxonomy":"post_tag","embeddable":true,"href":"https:\/\/quehacerpolitico.mx\/index.php?rest_route=%2Fwp%2Fv2%2Ftags&post=86159"}],"curies":[{"name":"wp","href":"https:\/\/api.w.org\/{rel}","templated":true}]}}