{"id":86156,"date":"2021-10-28T16:28:04","date_gmt":"2021-10-28T16:28:04","guid":{"rendered":"https:\/\/quehacerpolitico.mx\/?p=86156"},"modified":"2021-10-28T16:28:08","modified_gmt":"2021-10-28T16:28:08","slug":"amlo-rechaza-informe-de-eu-que-alerta-sobre-su-reforma-electrica","status":"publish","type":"post","link":"https:\/\/quehacerpolitico.mx\/?p=86156","title":{"rendered":"AMLO rechaza informe de EU que alerta sobre su reforma el\u00e9ctrica"},"content":{"rendered":"\n<p>Por Redacci\u00f3n QP<\/p>\n\n\n\n<p>AMLO reiter\u00f3 que el Estado y la CFE aprovechar\u00e1n las hidroel\u00e9ctricas, que \u00e9l considera\u00a0producen &#8220;la energ\u00eda m\u00e1s barata y m\u00e1s limpia&#8221;<\/p>\n\n\n\n<p>El Presidente de M\u00e9xico Andr\u00e9s Manuel L\u00f3pez Obrador\u00a0(AMLO)\u00a0rechaz\u00f3 este jueves los hallazgos de un informe del Departamento de Energ\u00eda de Estados Unidos que alerta sobre un aumento de hasta 65% en las emisiones del pa\u00eds si se aprueba la reforma el\u00e9ctrica del Gobierno.<\/p>\n\n\n\n<p><strong>&#8220;Con todo respeto, no tienen informaci\u00f3n de lo que se est\u00e1 haciendo en M\u00e9xico&#8221;<\/strong>, declar\u00f3 L\u00f3pez Obrador en su rueda de prensa matutina, realizada en M\u00e9rida,\u00a0Yucat\u00e1n.<\/p>\n\n\n\n<figure class=\"wp-block-embed is-type-video is-provider-youtube wp-block-embed-youtube wp-embed-aspect-16-9 wp-has-aspect-ratio\"><div class=\"wp-block-embed__wrapper\">\n<iframe loading=\"lazy\" title=\"Falso que con reforma el\u00e9ctrica se aumenten los contaminantes, responde AMLO a informe de EU\" width=\"640\" height=\"360\" src=\"https:\/\/www.youtube.com\/embed\/NYxT73FDLtc?feature=oembed\" frameborder=\"0\" allow=\"accelerometer; autoplay; clipboard-write; encrypted-media; gyroscope; picture-in-picture; web-share\" referrerpolicy=\"strict-origin-when-cross-origin\" allowfullscreen><\/iframe>\n<\/div><\/figure>\n\n\n\n<p>AMLO se refiri\u00f3 al informe que se filtr\u00f3 a la prensa del Laboratorio Nacional de Energ\u00eda Renovable (NREL, en ingl\u00e9s) del Departamento de Energ\u00eda de Washington sobre la reforma constitucional al sector energ\u00e9tico que envi\u00f3 el Presidente\u00a0el 30 de septiembre al Congreso.<\/p>\n\n\n\n<p>El estudio previ\u00f3 un aumento de&nbsp;<strong>26% a 65%<\/strong>&nbsp;en las emisiones de carbono de M\u00e9xico, un incremento de 32% a 54% en los costos de generaci\u00f3n el\u00e9ctrica y de<strong>&nbsp;8% a 35%<\/strong>&nbsp;en la probabilidad de cortes de energ\u00eda, si se avala la propuesta constitucional de L\u00f3pez Obrador.<\/p>\n\n\n\n<p><strong>&#8220;Es falso (el hallazgo del informe) y no suena l\u00f3gico, suena met\u00e1lico&#8221;<\/strong>, declar\u00f3 AMLO.<\/p>\n\n\n\n<p>La reforma el\u00e9ctrica de L\u00f3pez Obrador causa controversia porque entrega un m\u00ednimo de 54% de la generaci\u00f3n el\u00e9ctrica a la Comisi\u00f3n Federal de Electricidad&nbsp;<strong>(CFE)<\/strong>, empresa del Estado, y desaparece los reguladores aut\u00f3nomos de la energ\u00eda.<\/p>\n\n\n\n<p>Tambi\u00e9n nacionaliza el litio y cambia el criterio del despacho de electricidad para priorizar siempre las plantas hidroel\u00e9ctricas y de combustibles f\u00f3siles de la CFE sobre las e\u00f3licas y solares de privados.<\/p>\n\n\n\n<p>Empresarios han advertido de violaciones al Tratado entre M\u00e9xico, Estados Unidos y Canad\u00e1&nbsp;<strong>(T-MEC)<\/strong>, pero L\u00f3pez Obrador asegur\u00f3 este jueves que las preocupaciones son de las empresas nacionales.<\/p>\n\n\n\n<p>&#8220;Ninguna preocupaci\u00f3n (en EU)&#8221;, respondi\u00f3 a pregunta expresa.<\/p>\n\n\n\n<p>L\u00f3pez Obrador&nbsp;revel\u00f3 que mand\u00f3 una carta al presidente de Estados Unidos, Joe Biden, para fijar la postura de su Gobierno en la lucha contra la crisis clim\u00e1tica &#8220;para disminuir las emisiones de gases de efecto invernadero y ayudar a detener el problema del calentamiento global&#8221;.<\/p>\n\n\n\n<p>Aunque argument\u00f3 que a\u00fan no puede exhibir su contenido porque no sabe si Biden ya la ley\u00f3, asegur\u00f3 que la misiva responde a los planteamientos se\u00f1alados en el informe del Departamento de Energ\u00eda.<\/p>\n\n\n\n<p><strong>&#8220;Estamos haciendo nosotros compromisos para tener una producci\u00f3n de energ\u00edas limpias, como no s\u00e9 si ya recibi\u00f3 la carta, no podr\u00eda darla a conocer ahora, no es lo m\u00e1s conveniente&#8221;<\/strong>, cont\u00f3.<\/p>\n\n\n\n<p>AMLO reiter\u00f3 que el Estado y la CFE aprovechar\u00e1n las hidroel\u00e9ctricas, que \u00e9l considera\u00a0producen &#8220;la energ\u00eda m\u00e1s barata y m\u00e1s limpia&#8221;.<\/p>\n\n\n\n<p>Con Informaci\u00f3n de EFE<\/p>\n","protected":false},"excerpt":{"rendered":"<p>Por Redacci\u00f3n QP AMLO reiter\u00f3 que el Estado y la CFE aprovechar\u00e1n las hidroel\u00e9ctricas, que&#8230;<\/p>\n","protected":false},"author":2,"featured_media":86157,"comment_status":"open","ping_status":"open","sticky":false,"template":"","format":"standard","meta":{"_monsterinsights_skip_tracking":false,"_monsterinsights_sitenote_active":false,"_monsterinsights_sitenote_note":"","_monsterinsights_sitenote_category":0,"footnotes":""},"categories":[2],"tags":[],"class_list":["post-86156","post","type-post","status-publish","format-standard","has-post-thumbnail","hentry","category-noticias"],"yoast_head":"<!-- This site is optimized with the Yoast SEO plugin v27.3 - https:\/\/yoast.com\/product\/yoast-seo-wordpress\/ -->\n<title>AMLO rechaza informe de EU que alerta sobre su reforma el\u00e9ctrica -<\/title>\n<meta name=\"robots\" content=\"index, follow, max-snippet:-1, max-image-preview:large, max-video-preview:-1\" \/>\n<link rel=\"canonical\" href=\"https:\/\/quehacerpolitico.mx\/?p=86156\" \/>\n<meta property=\"og:locale\" content=\"es_MX\" \/>\n<meta property=\"og:type\" content=\"article\" \/>\n<meta property=\"og:title\" content=\"AMLO rechaza informe de EU que alerta sobre su reforma el\u00e9ctrica -\" \/>\n<meta property=\"og:description\" content=\"Por Redacci\u00f3n QP AMLO reiter\u00f3 que el Estado y la CFE aprovechar\u00e1n las hidroel\u00e9ctricas, que...\" \/>\n<meta property=\"og:url\" content=\"https:\/\/quehacerpolitico.mx\/?p=86156\" \/>\n<meta property=\"article:published_time\" content=\"2021-10-28T16:28:04+00:00\" \/>\n<meta property=\"article:modified_time\" content=\"2021-10-28T16:28:08+00:00\" \/>\n<meta property=\"og:image\" content=\"https:\/\/quehacerpolitico.mx\/wp-content\/uploads\/2021\/10\/24338316-7EEE-4B04-9137-5E236B9F26BD.jpeg\" \/>\n\t<meta property=\"og:image:width\" content=\"1284\" \/>\n\t<meta property=\"og:image:height\" content=\"711\" \/>\n\t<meta property=\"og:image:type\" content=\"image\/jpeg\" \/>\n<meta name=\"author\" content=\"Redacci\u00f3n QP\" \/>\n<meta name=\"twitter:card\" content=\"summary_large_image\" \/>\n<meta name=\"twitter:label1\" content=\"Escrito por\" \/>\n\t<meta name=\"twitter:data1\" content=\"Redacci\u00f3n QP\" \/>\n\t<meta name=\"twitter:label2\" content=\"Tiempo de lectura\" \/>\n\t<meta name=\"twitter:data2\" content=\"3 minutos\" \/>\n<script type=\"application\/ld+json\" class=\"yoast-schema-graph\">{\"@context\":\"https:\\\/\\\/schema.org\",\"@graph\":[{\"@type\":\"Article\",\"@id\":\"https:\\\/\\\/quehacerpolitico.mx\\\/?p=86156#article\",\"isPartOf\":{\"@id\":\"https:\\\/\\\/quehacerpolitico.mx\\\/?p=86156\"},\"author\":{\"name\":\"Redacci\u00f3n QP\",\"@id\":\"https:\\\/\\\/quehacerpolitico.mx\\\/#\\\/schema\\\/person\\\/496d8ad2d1d3f8036101dca7ee39e585\"},\"headline\":\"AMLO rechaza informe de EU que alerta sobre su reforma el\u00e9ctrica\",\"datePublished\":\"2021-10-28T16:28:04+00:00\",\"dateModified\":\"2021-10-28T16:28:08+00:00\",\"mainEntityOfPage\":{\"@id\":\"https:\\\/\\\/quehacerpolitico.mx\\\/?p=86156\"},\"wordCount\":516,\"commentCount\":0,\"image\":{\"@id\":\"https:\\\/\\\/quehacerpolitico.mx\\\/?p=86156#primaryimage\"},\"thumbnailUrl\":\"https:\\\/\\\/quehacerpolitico.mx\\\/wp-content\\\/uploads\\\/2021\\\/10\\\/24338316-7EEE-4B04-9137-5E236B9F26BD.jpeg\",\"articleSection\":[\"Noticias\"],\"inLanguage\":\"es\",\"potentialAction\":[{\"@type\":\"CommentAction\",\"name\":\"Comment\",\"target\":[\"https:\\\/\\\/quehacerpolitico.mx\\\/?p=86156#respond\"]}]},{\"@type\":\"WebPage\",\"@id\":\"https:\\\/\\\/quehacerpolitico.mx\\\/?p=86156\",\"url\":\"https:\\\/\\\/quehacerpolitico.mx\\\/?p=86156\",\"name\":\"AMLO rechaza informe de EU que alerta sobre su reforma el\u00e9ctrica -\",\"isPartOf\":{\"@id\":\"https:\\\/\\\/quehacerpolitico.mx\\\/#website\"},\"primaryImageOfPage\":{\"@id\":\"https:\\\/\\\/quehacerpolitico.mx\\\/?p=86156#primaryimage\"},\"image\":{\"@id\":\"https:\\\/\\\/quehacerpolitico.mx\\\/?p=86156#primaryimage\"},\"thumbnailUrl\":\"https:\\\/\\\/quehacerpolitico.mx\\\/wp-content\\\/uploads\\\/2021\\\/10\\\/24338316-7EEE-4B04-9137-5E236B9F26BD.jpeg\",\"datePublished\":\"2021-10-28T16:28:04+00:00\",\"dateModified\":\"2021-10-28T16:28:08+00:00\",\"author\":{\"@id\":\"https:\\\/\\\/quehacerpolitico.mx\\\/#\\\/schema\\\/person\\\/496d8ad2d1d3f8036101dca7ee39e585\"},\"breadcrumb\":{\"@id\":\"https:\\\/\\\/quehacerpolitico.mx\\\/?p=86156#breadcrumb\"},\"inLanguage\":\"es\",\"potentialAction\":[{\"@type\":\"ReadAction\",\"target\":[\"https:\\\/\\\/quehacerpolitico.mx\\\/?p=86156\"]}]},{\"@type\":\"ImageObject\",\"inLanguage\":\"es\",\"@id\":\"https:\\\/\\\/quehacerpolitico.mx\\\/?p=86156#primaryimage\",\"url\":\"https:\\\/\\\/quehacerpolitico.mx\\\/wp-content\\\/uploads\\\/2021\\\/10\\\/24338316-7EEE-4B04-9137-5E236B9F26BD.jpeg\",\"contentUrl\":\"https:\\\/\\\/quehacerpolitico.mx\\\/wp-content\\\/uploads\\\/2021\\\/10\\\/24338316-7EEE-4B04-9137-5E236B9F26BD.jpeg\",\"width\":1284,\"height\":711},{\"@type\":\"BreadcrumbList\",\"@id\":\"https:\\\/\\\/quehacerpolitico.mx\\\/?p=86156#breadcrumb\",\"itemListElement\":[{\"@type\":\"ListItem\",\"position\":1,\"name\":\"Inicio\",\"item\":\"https:\\\/\\\/quehacerpolitico.mx\\\/\"},{\"@type\":\"ListItem\",\"position\":2,\"name\":\"AMLO rechaza informe de EU que alerta sobre su reforma el\u00e9ctrica\"}]},{\"@type\":\"WebSite\",\"@id\":\"https:\\\/\\\/quehacerpolitico.mx\\\/#website\",\"url\":\"https:\\\/\\\/quehacerpolitico.mx\\\/\",\"name\":\"\",\"description\":\"\",\"potentialAction\":[{\"@type\":\"SearchAction\",\"target\":{\"@type\":\"EntryPoint\",\"urlTemplate\":\"https:\\\/\\\/quehacerpolitico.mx\\\/?s={search_term_string}\"},\"query-input\":{\"@type\":\"PropertyValueSpecification\",\"valueRequired\":true,\"valueName\":\"search_term_string\"}}],\"inLanguage\":\"es\"},{\"@type\":\"Person\",\"@id\":\"https:\\\/\\\/quehacerpolitico.mx\\\/#\\\/schema\\\/person\\\/496d8ad2d1d3f8036101dca7ee39e585\",\"name\":\"Redacci\u00f3n QP\",\"image\":{\"@type\":\"ImageObject\",\"inLanguage\":\"es\",\"@id\":\"https:\\\/\\\/secure.gravatar.com\\\/avatar\\\/c7164ed6fdec453195284ad24a5ae5b6e1eed2b848477fa2a4787ba9adf39a41?s=96&d=mm&r=g\",\"url\":\"https:\\\/\\\/secure.gravatar.com\\\/avatar\\\/c7164ed6fdec453195284ad24a5ae5b6e1eed2b848477fa2a4787ba9adf39a41?s=96&d=mm&r=g\",\"contentUrl\":\"https:\\\/\\\/secure.gravatar.com\\\/avatar\\\/c7164ed6fdec453195284ad24a5ae5b6e1eed2b848477fa2a4787ba9adf39a41?s=96&d=mm&r=g\",\"caption\":\"Redacci\u00f3n QP\"},\"url\":\"https:\\\/\\\/quehacerpolitico.mx\\\/?author=2\"}]}<\/script>\n<!-- \/ Yoast SEO plugin. -->","yoast_head_json":{"title":"AMLO rechaza informe de EU que alerta sobre su reforma el\u00e9ctrica -","robots":{"index":"index","follow":"follow","max-snippet":"max-snippet:-1","max-image-preview":"max-image-preview:large","max-video-preview":"max-video-preview:-1"},"canonical":"https:\/\/quehacerpolitico.mx\/?p=86156","og_locale":"es_MX","og_type":"article","og_title":"AMLO rechaza informe de EU que alerta sobre su reforma el\u00e9ctrica -","og_description":"Por Redacci\u00f3n QP AMLO reiter\u00f3 que el Estado y la CFE aprovechar\u00e1n las hidroel\u00e9ctricas, que...","og_url":"https:\/\/quehacerpolitico.mx\/?p=86156","article_published_time":"2021-10-28T16:28:04+00:00","article_modified_time":"2021-10-28T16:28:08+00:00","og_image":[{"width":1284,"height":711,"url":"https:\/\/quehacerpolitico.mx\/wp-content\/uploads\/2021\/10\/24338316-7EEE-4B04-9137-5E236B9F26BD.jpeg","type":"image\/jpeg"}],"author":"Redacci\u00f3n QP","twitter_card":"summary_large_image","twitter_misc":{"Escrito por":"Redacci\u00f3n QP","Tiempo de lectura":"3 minutos"},"schema":{"@context":"https:\/\/schema.org","@graph":[{"@type":"Article","@id":"https:\/\/quehacerpolitico.mx\/?p=86156#article","isPartOf":{"@id":"https:\/\/quehacerpolitico.mx\/?p=86156"},"author":{"name":"Redacci\u00f3n QP","@id":"https:\/\/quehacerpolitico.mx\/#\/schema\/person\/496d8ad2d1d3f8036101dca7ee39e585"},"headline":"AMLO rechaza informe de EU que alerta sobre su reforma el\u00e9ctrica","datePublished":"2021-10-28T16:28:04+00:00","dateModified":"2021-10-28T16:28:08+00:00","mainEntityOfPage":{"@id":"https:\/\/quehacerpolitico.mx\/?p=86156"},"wordCount":516,"commentCount":0,"image":{"@id":"https:\/\/quehacerpolitico.mx\/?p=86156#primaryimage"},"thumbnailUrl":"https:\/\/quehacerpolitico.mx\/wp-content\/uploads\/2021\/10\/24338316-7EEE-4B04-9137-5E236B9F26BD.jpeg","articleSection":["Noticias"],"inLanguage":"es","potentialAction":[{"@type":"CommentAction","name":"Comment","target":["https:\/\/quehacerpolitico.mx\/?p=86156#respond"]}]},{"@type":"WebPage","@id":"https:\/\/quehacerpolitico.mx\/?p=86156","url":"https:\/\/quehacerpolitico.mx\/?p=86156","name":"AMLO rechaza informe de EU que alerta sobre su reforma el\u00e9ctrica -","isPartOf":{"@id":"https:\/\/quehacerpolitico.mx\/#website"},"primaryImageOfPage":{"@id":"https:\/\/quehacerpolitico.mx\/?p=86156#primaryimage"},"image":{"@id":"https:\/\/quehacerpolitico.mx\/?p=86156#primaryimage"},"thumbnailUrl":"https:\/\/quehacerpolitico.mx\/wp-content\/uploads\/2021\/10\/24338316-7EEE-4B04-9137-5E236B9F26BD.jpeg","datePublished":"2021-10-28T16:28:04+00:00","dateModified":"2021-10-28T16:28:08+00:00","author":{"@id":"https:\/\/quehacerpolitico.mx\/#\/schema\/person\/496d8ad2d1d3f8036101dca7ee39e585"},"breadcrumb":{"@id":"https:\/\/quehacerpolitico.mx\/?p=86156#breadcrumb"},"inLanguage":"es","potentialAction":[{"@type":"ReadAction","target":["https:\/\/quehacerpolitico.mx\/?p=86156"]}]},{"@type":"ImageObject","inLanguage":"es","@id":"https:\/\/quehacerpolitico.mx\/?p=86156#primaryimage","url":"https:\/\/quehacerpolitico.mx\/wp-content\/uploads\/2021\/10\/24338316-7EEE-4B04-9137-5E236B9F26BD.jpeg","contentUrl":"https:\/\/quehacerpolitico.mx\/wp-content\/uploads\/2021\/10\/24338316-7EEE-4B04-9137-5E236B9F26BD.jpeg","width":1284,"height":711},{"@type":"BreadcrumbList","@id":"https:\/\/quehacerpolitico.mx\/?p=86156#breadcrumb","itemListElement":[{"@type":"ListItem","position":1,"name":"Inicio","item":"https:\/\/quehacerpolitico.mx\/"},{"@type":"ListItem","position":2,"name":"AMLO rechaza informe de EU que alerta sobre su reforma el\u00e9ctrica"}]},{"@type":"WebSite","@id":"https:\/\/quehacerpolitico.mx\/#website","url":"https:\/\/quehacerpolitico.mx\/","name":"","description":"","potentialAction":[{"@type":"SearchAction","target":{"@type":"EntryPoint","urlTemplate":"https:\/\/quehacerpolitico.mx\/?s={search_term_string}"},"query-input":{"@type":"PropertyValueSpecification","valueRequired":true,"valueName":"search_term_string"}}],"inLanguage":"es"},{"@type":"Person","@id":"https:\/\/quehacerpolitico.mx\/#\/schema\/person\/496d8ad2d1d3f8036101dca7ee39e585","name":"Redacci\u00f3n QP","image":{"@type":"ImageObject","inLanguage":"es","@id":"https:\/\/secure.gravatar.com\/avatar\/c7164ed6fdec453195284ad24a5ae5b6e1eed2b848477fa2a4787ba9adf39a41?s=96&d=mm&r=g","url":"https:\/\/secure.gravatar.com\/avatar\/c7164ed6fdec453195284ad24a5ae5b6e1eed2b848477fa2a4787ba9adf39a41?s=96&d=mm&r=g","contentUrl":"https:\/\/secure.gravatar.com\/avatar\/c7164ed6fdec453195284ad24a5ae5b6e1eed2b848477fa2a4787ba9adf39a41?s=96&d=mm&r=g","caption":"Redacci\u00f3n QP"},"url":"https:\/\/quehacerpolitico.mx\/?author=2"}]}},"featured_image_urls":{"full":["https:\/\/quehacerpolitico.mx\/wp-content\/uploads\/2021\/10\/24338316-7EEE-4B04-9137-5E236B9F26BD.jpeg",1284,711,false],"thumbnail":["https:\/\/quehacerpolitico.mx\/wp-content\/uploads\/2021\/10\/24338316-7EEE-4B04-9137-5E236B9F26BD-150x150.jpeg",150,150,true],"medium":["https:\/\/quehacerpolitico.mx\/wp-content\/uploads\/2021\/10\/24338316-7EEE-4B04-9137-5E236B9F26BD-300x166.jpeg",300,166,true],"medium_large":["https:\/\/quehacerpolitico.mx\/wp-content\/uploads\/2021\/10\/24338316-7EEE-4B04-9137-5E236B9F26BD-768x425.jpeg",640,354,true],"large":["https:\/\/quehacerpolitico.mx\/wp-content\/uploads\/2021\/10\/24338316-7EEE-4B04-9137-5E236B9F26BD-1024x567.jpeg",640,354,true],"1536x1536":["https:\/\/quehacerpolitico.mx\/wp-content\/uploads\/2021\/10\/24338316-7EEE-4B04-9137-5E236B9F26BD.jpeg",1284,711,false],"2048x2048":["https:\/\/quehacerpolitico.mx\/wp-content\/uploads\/2021\/10\/24338316-7EEE-4B04-9137-5E236B9F26BD.jpeg",1284,711,false],"covernews-featured":["https:\/\/quehacerpolitico.mx\/wp-content\/uploads\/2021\/10\/24338316-7EEE-4B04-9137-5E236B9F26BD.jpeg",1024,567,false],"covernews-medium":["https:\/\/quehacerpolitico.mx\/wp-content\/uploads\/2021\/10\/24338316-7EEE-4B04-9137-5E236B9F26BD.jpeg",540,299,false]},"author_info":{"display_name":"Redacci\u00f3n QP","author_link":"https:\/\/quehacerpolitico.mx\/?author=2"},"category_info":"<a href=\"https:\/\/quehacerpolitico.mx\/?cat=2\" rel=\"category\">Noticias<\/a>","tag_info":"Noticias","comment_count":"0","_links":{"self":[{"href":"https:\/\/quehacerpolitico.mx\/index.php?rest_route=\/wp\/v2\/posts\/86156","targetHints":{"allow":["GET"]}}],"collection":[{"href":"https:\/\/quehacerpolitico.mx\/index.php?rest_route=\/wp\/v2\/posts"}],"about":[{"href":"https:\/\/quehacerpolitico.mx\/index.php?rest_route=\/wp\/v2\/types\/post"}],"author":[{"embeddable":true,"href":"https:\/\/quehacerpolitico.mx\/index.php?rest_route=\/wp\/v2\/users\/2"}],"replies":[{"embeddable":true,"href":"https:\/\/quehacerpolitico.mx\/index.php?rest_route=%2Fwp%2Fv2%2Fcomments&post=86156"}],"version-history":[{"count":1,"href":"https:\/\/quehacerpolitico.mx\/index.php?rest_route=\/wp\/v2\/posts\/86156\/revisions"}],"predecessor-version":[{"id":86158,"href":"https:\/\/quehacerpolitico.mx\/index.php?rest_route=\/wp\/v2\/posts\/86156\/revisions\/86158"}],"wp:featuredmedia":[{"embeddable":true,"href":"https:\/\/quehacerpolitico.mx\/index.php?rest_route=\/wp\/v2\/media\/86157"}],"wp:attachment":[{"href":"https:\/\/quehacerpolitico.mx\/index.php?rest_route=%2Fwp%2Fv2%2Fmedia&parent=86156"}],"wp:term":[{"taxonomy":"category","embeddable":true,"href":"https:\/\/quehacerpolitico.mx\/index.php?rest_route=%2Fwp%2Fv2%2Fcategories&post=86156"},{"taxonomy":"post_tag","embeddable":true,"href":"https:\/\/quehacerpolitico.mx\/index.php?rest_route=%2Fwp%2Fv2%2Ftags&post=86156"}],"curies":[{"name":"wp","href":"https:\/\/api.w.org\/{rel}","templated":true}]}}