{"id":86150,"date":"2021-10-28T15:45:55","date_gmt":"2021-10-28T15:45:55","guid":{"rendered":"https:\/\/quehacerpolitico.mx\/?p=86150"},"modified":"2021-10-28T15:45:58","modified_gmt":"2021-10-28T15:45:58","slug":"amlo-elogia-bajo-indice-de-delitos-en-yucatan-lo-celebramos-mucho","status":"publish","type":"post","link":"https:\/\/quehacerpolitico.mx\/?p=86150","title":{"rendered":"AMLO elogia bajo \u00edndice de delitos en Yucat\u00e1n: &#8220;Lo celebramos mucho&#8221;"},"content":{"rendered":"\n<p>Por Redacci\u00f3n QP<\/p>\n\n\n\n<p>L\u00f3pez Obrador asegur\u00f3 que los gobernadores de Yucat\u00e1n han sabido garantizar la paz y la tranquilidad para la poblaci\u00f3n<\/p>\n\n\n\n<p>En la \u201cma\u00f1anera\u201d de hoy jueves, el Presidente de M\u00e9xico, Andr\u00e9s Manuel L\u00f3pez Obrador (AMLO) celebr\u00f3 que Yucat\u00e1n sea el estado con el menor n\u00famero de delitos en el pa\u00eds.<\/p>\n\n\n\n<p>En la conferencia de prensa matutina desde el hangar de la Base A\u00e9rea n\u00famero 8 y acompa\u00f1ado por el gobernador, Mauricio Vila Dosal (PAN),\u00a0<strong>AMLO\u00a0asegur\u00f3 que los gobernadores de\u00a0Yucat\u00e1n\u00a0han sabido garantizar la paz y la tranquilidad para la poblaci\u00f3n.<\/strong><\/p>\n\n\n\n<p>&#8220;Nos da mucho gusto llevar a cabo esta conferencia desde M\u00e9rida, una ciudad bella, pero adem\u00e1s una ciudad segura como todo el estado de Yucat\u00e1n. Es un estado con un pueblo bueno, trabajador, un pueblo excepcional y los gobernadores de Yucat\u00e1n han sabido garantizar la paz y la tranquilidad en el estado y esto es muy importarte. Yucat\u00e1n es la entidad federativa con menos delitos en todo el pa\u00eds y lo celebramos mucho, porque independiente de lo econ\u00f3mico, incluso del bienestar, la paz y la tranquilidad, es un don, una bendici\u00f3n, el que se pueda vivir libres de temores, con tranquilidad, con paz&#8221;, dijo AMLO.<\/p>\n\n\n\n<figure class=\"wp-block-embed is-type-video is-provider-youtube wp-block-embed-youtube wp-embed-aspect-16-9 wp-has-aspect-ratio\"><div class=\"wp-block-embed__wrapper\">\n<iframe loading=\"lazy\" title=\"AMLO celebra que Yucat\u00e1n sea el estado con el menor \u00edndice de inseguridad en el pa\u00eds\" width=\"640\" height=\"360\" src=\"https:\/\/www.youtube.com\/embed\/URSwI2eCxaU?feature=oembed\" frameborder=\"0\" allow=\"accelerometer; autoplay; clipboard-write; encrypted-media; gyroscope; picture-in-picture; web-share\" referrerpolicy=\"strict-origin-when-cross-origin\" allowfullscreen><\/iframe>\n<\/div><\/figure>\n\n\n\n<p><strong>L\u00f3pez Obrador calific\u00f3 como &#8220;caso especial&#8221; el bajo n\u00famero de delitos que hay en esta entidad<\/strong>, por lo que, asegur\u00f3, es de inter\u00e9s nacional conocer c\u00f3mo se ha conseguido esto.<\/p>\n\n\n\n<p>Reconoci\u00f3 que pese a que se han presentado casos como la muerte en agosto pasado del joven Jos\u00e9 Eduardo Ravelo, quien fue presuntamente asesinado a manos de elementos de la polic\u00eda estatal, no hay impunidad porque \u201ctodo el que comete un delito es castigado\u201d.<\/p>\n\n\n\n<p>&#8220;Vamos a informar sobre este caso especial, que yo creo va a ser de inter\u00e9s nacional, el mostrar c\u00f3mo han conseguido serenar, garantizar la paz, la tranquilidad a todos los habitantes de este estado&#8221;, asever\u00f3.<\/p>\n\n\n\n<p>Con Informaci\u00f3n de SUN <\/p>\n","protected":false},"excerpt":{"rendered":"<p>Por Redacci\u00f3n QP L\u00f3pez Obrador asegur\u00f3 que los gobernadores de Yucat\u00e1n han sabido garantizar la&#8230;<\/p>\n","protected":false},"author":2,"featured_media":86152,"comment_status":"open","ping_status":"open","sticky":false,"template":"","format":"standard","meta":{"_monsterinsights_skip_tracking":false,"_monsterinsights_sitenote_active":false,"_monsterinsights_sitenote_note":"","_monsterinsights_sitenote_category":0,"footnotes":""},"categories":[2],"tags":[],"class_list":["post-86150","post","type-post","status-publish","format-standard","has-post-thumbnail","hentry","category-noticias"],"yoast_head":"<!-- This site is optimized with the Yoast SEO plugin v27.3 - https:\/\/yoast.com\/product\/yoast-seo-wordpress\/ -->\n<title>AMLO elogia bajo \u00edndice de delitos en Yucat\u00e1n: &quot;Lo celebramos mucho&quot; -<\/title>\n<meta name=\"robots\" content=\"index, follow, max-snippet:-1, max-image-preview:large, max-video-preview:-1\" \/>\n<link rel=\"canonical\" href=\"https:\/\/quehacerpolitico.mx\/?p=86150\" \/>\n<meta property=\"og:locale\" content=\"es_MX\" \/>\n<meta property=\"og:type\" content=\"article\" \/>\n<meta property=\"og:title\" content=\"AMLO elogia bajo \u00edndice de delitos en Yucat\u00e1n: &quot;Lo celebramos mucho&quot; -\" \/>\n<meta property=\"og:description\" content=\"Por Redacci\u00f3n QP L\u00f3pez Obrador asegur\u00f3 que los gobernadores de Yucat\u00e1n han sabido garantizar la...\" \/>\n<meta property=\"og:url\" content=\"https:\/\/quehacerpolitico.mx\/?p=86150\" \/>\n<meta property=\"article:published_time\" content=\"2021-10-28T15:45:55+00:00\" \/>\n<meta property=\"article:modified_time\" content=\"2021-10-28T15:45:58+00:00\" \/>\n<meta property=\"og:image\" content=\"https:\/\/quehacerpolitico.mx\/wp-content\/uploads\/2021\/10\/BB4040F6-E690-4856-849A-BE549ED26FC7.jpeg\" \/>\n\t<meta property=\"og:image:width\" content=\"1284\" \/>\n\t<meta property=\"og:image:height\" content=\"706\" \/>\n\t<meta property=\"og:image:type\" content=\"image\/jpeg\" \/>\n<meta name=\"author\" content=\"Redacci\u00f3n QP\" \/>\n<meta name=\"twitter:card\" content=\"summary_large_image\" \/>\n<meta name=\"twitter:label1\" content=\"Escrito por\" \/>\n\t<meta name=\"twitter:data1\" content=\"Redacci\u00f3n QP\" \/>\n\t<meta name=\"twitter:label2\" content=\"Tiempo de lectura\" \/>\n\t<meta name=\"twitter:data2\" content=\"2 minutos\" \/>\n<script type=\"application\/ld+json\" class=\"yoast-schema-graph\">{\"@context\":\"https:\\\/\\\/schema.org\",\"@graph\":[{\"@type\":\"Article\",\"@id\":\"https:\\\/\\\/quehacerpolitico.mx\\\/?p=86150#article\",\"isPartOf\":{\"@id\":\"https:\\\/\\\/quehacerpolitico.mx\\\/?p=86150\"},\"author\":{\"name\":\"Redacci\u00f3n QP\",\"@id\":\"https:\\\/\\\/quehacerpolitico.mx\\\/#\\\/schema\\\/person\\\/496d8ad2d1d3f8036101dca7ee39e585\"},\"headline\":\"AMLO elogia bajo \u00edndice de delitos en Yucat\u00e1n: &#8220;Lo celebramos mucho&#8221;\",\"datePublished\":\"2021-10-28T15:45:55+00:00\",\"dateModified\":\"2021-10-28T15:45:58+00:00\",\"mainEntityOfPage\":{\"@id\":\"https:\\\/\\\/quehacerpolitico.mx\\\/?p=86150\"},\"wordCount\":360,\"commentCount\":0,\"image\":{\"@id\":\"https:\\\/\\\/quehacerpolitico.mx\\\/?p=86150#primaryimage\"},\"thumbnailUrl\":\"https:\\\/\\\/quehacerpolitico.mx\\\/wp-content\\\/uploads\\\/2021\\\/10\\\/BB4040F6-E690-4856-849A-BE549ED26FC7.jpeg\",\"articleSection\":[\"Noticias\"],\"inLanguage\":\"es\",\"potentialAction\":[{\"@type\":\"CommentAction\",\"name\":\"Comment\",\"target\":[\"https:\\\/\\\/quehacerpolitico.mx\\\/?p=86150#respond\"]}]},{\"@type\":\"WebPage\",\"@id\":\"https:\\\/\\\/quehacerpolitico.mx\\\/?p=86150\",\"url\":\"https:\\\/\\\/quehacerpolitico.mx\\\/?p=86150\",\"name\":\"AMLO elogia bajo \u00edndice de delitos en Yucat\u00e1n: \\\"Lo celebramos mucho\\\" -\",\"isPartOf\":{\"@id\":\"https:\\\/\\\/quehacerpolitico.mx\\\/#website\"},\"primaryImageOfPage\":{\"@id\":\"https:\\\/\\\/quehacerpolitico.mx\\\/?p=86150#primaryimage\"},\"image\":{\"@id\":\"https:\\\/\\\/quehacerpolitico.mx\\\/?p=86150#primaryimage\"},\"thumbnailUrl\":\"https:\\\/\\\/quehacerpolitico.mx\\\/wp-content\\\/uploads\\\/2021\\\/10\\\/BB4040F6-E690-4856-849A-BE549ED26FC7.jpeg\",\"datePublished\":\"2021-10-28T15:45:55+00:00\",\"dateModified\":\"2021-10-28T15:45:58+00:00\",\"author\":{\"@id\":\"https:\\\/\\\/quehacerpolitico.mx\\\/#\\\/schema\\\/person\\\/496d8ad2d1d3f8036101dca7ee39e585\"},\"breadcrumb\":{\"@id\":\"https:\\\/\\\/quehacerpolitico.mx\\\/?p=86150#breadcrumb\"},\"inLanguage\":\"es\",\"potentialAction\":[{\"@type\":\"ReadAction\",\"target\":[\"https:\\\/\\\/quehacerpolitico.mx\\\/?p=86150\"]}]},{\"@type\":\"ImageObject\",\"inLanguage\":\"es\",\"@id\":\"https:\\\/\\\/quehacerpolitico.mx\\\/?p=86150#primaryimage\",\"url\":\"https:\\\/\\\/quehacerpolitico.mx\\\/wp-content\\\/uploads\\\/2021\\\/10\\\/BB4040F6-E690-4856-849A-BE549ED26FC7.jpeg\",\"contentUrl\":\"https:\\\/\\\/quehacerpolitico.mx\\\/wp-content\\\/uploads\\\/2021\\\/10\\\/BB4040F6-E690-4856-849A-BE549ED26FC7.jpeg\",\"width\":1284,\"height\":706},{\"@type\":\"BreadcrumbList\",\"@id\":\"https:\\\/\\\/quehacerpolitico.mx\\\/?p=86150#breadcrumb\",\"itemListElement\":[{\"@type\":\"ListItem\",\"position\":1,\"name\":\"Inicio\",\"item\":\"https:\\\/\\\/quehacerpolitico.mx\\\/\"},{\"@type\":\"ListItem\",\"position\":2,\"name\":\"AMLO elogia bajo \u00edndice de delitos en Yucat\u00e1n: &#8220;Lo celebramos mucho&#8221;\"}]},{\"@type\":\"WebSite\",\"@id\":\"https:\\\/\\\/quehacerpolitico.mx\\\/#website\",\"url\":\"https:\\\/\\\/quehacerpolitico.mx\\\/\",\"name\":\"\",\"description\":\"\",\"potentialAction\":[{\"@type\":\"SearchAction\",\"target\":{\"@type\":\"EntryPoint\",\"urlTemplate\":\"https:\\\/\\\/quehacerpolitico.mx\\\/?s={search_term_string}\"},\"query-input\":{\"@type\":\"PropertyValueSpecification\",\"valueRequired\":true,\"valueName\":\"search_term_string\"}}],\"inLanguage\":\"es\"},{\"@type\":\"Person\",\"@id\":\"https:\\\/\\\/quehacerpolitico.mx\\\/#\\\/schema\\\/person\\\/496d8ad2d1d3f8036101dca7ee39e585\",\"name\":\"Redacci\u00f3n QP\",\"image\":{\"@type\":\"ImageObject\",\"inLanguage\":\"es\",\"@id\":\"https:\\\/\\\/secure.gravatar.com\\\/avatar\\\/c7164ed6fdec453195284ad24a5ae5b6e1eed2b848477fa2a4787ba9adf39a41?s=96&d=mm&r=g\",\"url\":\"https:\\\/\\\/secure.gravatar.com\\\/avatar\\\/c7164ed6fdec453195284ad24a5ae5b6e1eed2b848477fa2a4787ba9adf39a41?s=96&d=mm&r=g\",\"contentUrl\":\"https:\\\/\\\/secure.gravatar.com\\\/avatar\\\/c7164ed6fdec453195284ad24a5ae5b6e1eed2b848477fa2a4787ba9adf39a41?s=96&d=mm&r=g\",\"caption\":\"Redacci\u00f3n QP\"},\"url\":\"https:\\\/\\\/quehacerpolitico.mx\\\/?author=2\"}]}<\/script>\n<!-- \/ Yoast SEO plugin. -->","yoast_head_json":{"title":"AMLO elogia bajo \u00edndice de delitos en Yucat\u00e1n: \"Lo celebramos mucho\" -","robots":{"index":"index","follow":"follow","max-snippet":"max-snippet:-1","max-image-preview":"max-image-preview:large","max-video-preview":"max-video-preview:-1"},"canonical":"https:\/\/quehacerpolitico.mx\/?p=86150","og_locale":"es_MX","og_type":"article","og_title":"AMLO elogia bajo \u00edndice de delitos en Yucat\u00e1n: \"Lo celebramos mucho\" -","og_description":"Por Redacci\u00f3n QP L\u00f3pez Obrador asegur\u00f3 que los gobernadores de Yucat\u00e1n han sabido garantizar la...","og_url":"https:\/\/quehacerpolitico.mx\/?p=86150","article_published_time":"2021-10-28T15:45:55+00:00","article_modified_time":"2021-10-28T15:45:58+00:00","og_image":[{"width":1284,"height":706,"url":"https:\/\/quehacerpolitico.mx\/wp-content\/uploads\/2021\/10\/BB4040F6-E690-4856-849A-BE549ED26FC7.jpeg","type":"image\/jpeg"}],"author":"Redacci\u00f3n QP","twitter_card":"summary_large_image","twitter_misc":{"Escrito por":"Redacci\u00f3n QP","Tiempo de lectura":"2 minutos"},"schema":{"@context":"https:\/\/schema.org","@graph":[{"@type":"Article","@id":"https:\/\/quehacerpolitico.mx\/?p=86150#article","isPartOf":{"@id":"https:\/\/quehacerpolitico.mx\/?p=86150"},"author":{"name":"Redacci\u00f3n QP","@id":"https:\/\/quehacerpolitico.mx\/#\/schema\/person\/496d8ad2d1d3f8036101dca7ee39e585"},"headline":"AMLO elogia bajo \u00edndice de delitos en Yucat\u00e1n: &#8220;Lo celebramos mucho&#8221;","datePublished":"2021-10-28T15:45:55+00:00","dateModified":"2021-10-28T15:45:58+00:00","mainEntityOfPage":{"@id":"https:\/\/quehacerpolitico.mx\/?p=86150"},"wordCount":360,"commentCount":0,"image":{"@id":"https:\/\/quehacerpolitico.mx\/?p=86150#primaryimage"},"thumbnailUrl":"https:\/\/quehacerpolitico.mx\/wp-content\/uploads\/2021\/10\/BB4040F6-E690-4856-849A-BE549ED26FC7.jpeg","articleSection":["Noticias"],"inLanguage":"es","potentialAction":[{"@type":"CommentAction","name":"Comment","target":["https:\/\/quehacerpolitico.mx\/?p=86150#respond"]}]},{"@type":"WebPage","@id":"https:\/\/quehacerpolitico.mx\/?p=86150","url":"https:\/\/quehacerpolitico.mx\/?p=86150","name":"AMLO elogia bajo \u00edndice de delitos en Yucat\u00e1n: \"Lo celebramos mucho\" -","isPartOf":{"@id":"https:\/\/quehacerpolitico.mx\/#website"},"primaryImageOfPage":{"@id":"https:\/\/quehacerpolitico.mx\/?p=86150#primaryimage"},"image":{"@id":"https:\/\/quehacerpolitico.mx\/?p=86150#primaryimage"},"thumbnailUrl":"https:\/\/quehacerpolitico.mx\/wp-content\/uploads\/2021\/10\/BB4040F6-E690-4856-849A-BE549ED26FC7.jpeg","datePublished":"2021-10-28T15:45:55+00:00","dateModified":"2021-10-28T15:45:58+00:00","author":{"@id":"https:\/\/quehacerpolitico.mx\/#\/schema\/person\/496d8ad2d1d3f8036101dca7ee39e585"},"breadcrumb":{"@id":"https:\/\/quehacerpolitico.mx\/?p=86150#breadcrumb"},"inLanguage":"es","potentialAction":[{"@type":"ReadAction","target":["https:\/\/quehacerpolitico.mx\/?p=86150"]}]},{"@type":"ImageObject","inLanguage":"es","@id":"https:\/\/quehacerpolitico.mx\/?p=86150#primaryimage","url":"https:\/\/quehacerpolitico.mx\/wp-content\/uploads\/2021\/10\/BB4040F6-E690-4856-849A-BE549ED26FC7.jpeg","contentUrl":"https:\/\/quehacerpolitico.mx\/wp-content\/uploads\/2021\/10\/BB4040F6-E690-4856-849A-BE549ED26FC7.jpeg","width":1284,"height":706},{"@type":"BreadcrumbList","@id":"https:\/\/quehacerpolitico.mx\/?p=86150#breadcrumb","itemListElement":[{"@type":"ListItem","position":1,"name":"Inicio","item":"https:\/\/quehacerpolitico.mx\/"},{"@type":"ListItem","position":2,"name":"AMLO elogia bajo \u00edndice de delitos en Yucat\u00e1n: &#8220;Lo celebramos mucho&#8221;"}]},{"@type":"WebSite","@id":"https:\/\/quehacerpolitico.mx\/#website","url":"https:\/\/quehacerpolitico.mx\/","name":"","description":"","potentialAction":[{"@type":"SearchAction","target":{"@type":"EntryPoint","urlTemplate":"https:\/\/quehacerpolitico.mx\/?s={search_term_string}"},"query-input":{"@type":"PropertyValueSpecification","valueRequired":true,"valueName":"search_term_string"}}],"inLanguage":"es"},{"@type":"Person","@id":"https:\/\/quehacerpolitico.mx\/#\/schema\/person\/496d8ad2d1d3f8036101dca7ee39e585","name":"Redacci\u00f3n QP","image":{"@type":"ImageObject","inLanguage":"es","@id":"https:\/\/secure.gravatar.com\/avatar\/c7164ed6fdec453195284ad24a5ae5b6e1eed2b848477fa2a4787ba9adf39a41?s=96&d=mm&r=g","url":"https:\/\/secure.gravatar.com\/avatar\/c7164ed6fdec453195284ad24a5ae5b6e1eed2b848477fa2a4787ba9adf39a41?s=96&d=mm&r=g","contentUrl":"https:\/\/secure.gravatar.com\/avatar\/c7164ed6fdec453195284ad24a5ae5b6e1eed2b848477fa2a4787ba9adf39a41?s=96&d=mm&r=g","caption":"Redacci\u00f3n QP"},"url":"https:\/\/quehacerpolitico.mx\/?author=2"}]}},"featured_image_urls":{"full":["https:\/\/quehacerpolitico.mx\/wp-content\/uploads\/2021\/10\/BB4040F6-E690-4856-849A-BE549ED26FC7.jpeg",1284,706,false],"thumbnail":["https:\/\/quehacerpolitico.mx\/wp-content\/uploads\/2021\/10\/BB4040F6-E690-4856-849A-BE549ED26FC7-150x150.jpeg",150,150,true],"medium":["https:\/\/quehacerpolitico.mx\/wp-content\/uploads\/2021\/10\/BB4040F6-E690-4856-849A-BE549ED26FC7-300x165.jpeg",300,165,true],"medium_large":["https:\/\/quehacerpolitico.mx\/wp-content\/uploads\/2021\/10\/BB4040F6-E690-4856-849A-BE549ED26FC7-768x422.jpeg",640,352,true],"large":["https:\/\/quehacerpolitico.mx\/wp-content\/uploads\/2021\/10\/BB4040F6-E690-4856-849A-BE549ED26FC7-1024x563.jpeg",640,352,true],"1536x1536":["https:\/\/quehacerpolitico.mx\/wp-content\/uploads\/2021\/10\/BB4040F6-E690-4856-849A-BE549ED26FC7.jpeg",1284,706,false],"2048x2048":["https:\/\/quehacerpolitico.mx\/wp-content\/uploads\/2021\/10\/BB4040F6-E690-4856-849A-BE549ED26FC7.jpeg",1284,706,false],"covernews-featured":["https:\/\/quehacerpolitico.mx\/wp-content\/uploads\/2021\/10\/BB4040F6-E690-4856-849A-BE549ED26FC7.jpeg",1024,563,false],"covernews-medium":["https:\/\/quehacerpolitico.mx\/wp-content\/uploads\/2021\/10\/BB4040F6-E690-4856-849A-BE549ED26FC7.jpeg",540,297,false]},"author_info":{"display_name":"Redacci\u00f3n QP","author_link":"https:\/\/quehacerpolitico.mx\/?author=2"},"category_info":"<a href=\"https:\/\/quehacerpolitico.mx\/?cat=2\" rel=\"category\">Noticias<\/a>","tag_info":"Noticias","comment_count":"0","_links":{"self":[{"href":"https:\/\/quehacerpolitico.mx\/index.php?rest_route=\/wp\/v2\/posts\/86150","targetHints":{"allow":["GET"]}}],"collection":[{"href":"https:\/\/quehacerpolitico.mx\/index.php?rest_route=\/wp\/v2\/posts"}],"about":[{"href":"https:\/\/quehacerpolitico.mx\/index.php?rest_route=\/wp\/v2\/types\/post"}],"author":[{"embeddable":true,"href":"https:\/\/quehacerpolitico.mx\/index.php?rest_route=\/wp\/v2\/users\/2"}],"replies":[{"embeddable":true,"href":"https:\/\/quehacerpolitico.mx\/index.php?rest_route=%2Fwp%2Fv2%2Fcomments&post=86150"}],"version-history":[{"count":1,"href":"https:\/\/quehacerpolitico.mx\/index.php?rest_route=\/wp\/v2\/posts\/86150\/revisions"}],"predecessor-version":[{"id":86153,"href":"https:\/\/quehacerpolitico.mx\/index.php?rest_route=\/wp\/v2\/posts\/86150\/revisions\/86153"}],"wp:featuredmedia":[{"embeddable":true,"href":"https:\/\/quehacerpolitico.mx\/index.php?rest_route=\/wp\/v2\/media\/86152"}],"wp:attachment":[{"href":"https:\/\/quehacerpolitico.mx\/index.php?rest_route=%2Fwp%2Fv2%2Fmedia&parent=86150"}],"wp:term":[{"taxonomy":"category","embeddable":true,"href":"https:\/\/quehacerpolitico.mx\/index.php?rest_route=%2Fwp%2Fv2%2Fcategories&post=86150"},{"taxonomy":"post_tag","embeddable":true,"href":"https:\/\/quehacerpolitico.mx\/index.php?rest_route=%2Fwp%2Fv2%2Ftags&post=86150"}],"curies":[{"name":"wp","href":"https:\/\/api.w.org\/{rel}","templated":true}]}}