{"id":86128,"date":"2021-10-28T03:32:17","date_gmt":"2021-10-28T03:32:17","guid":{"rendered":"https:\/\/quehacerpolitico.mx\/?p=86128"},"modified":"2021-10-28T03:32:20","modified_gmt":"2021-10-28T03:32:20","slug":"amlo-anuncia-renegociacion-de-15-concesiones-carreteras","status":"publish","type":"post","link":"https:\/\/quehacerpolitico.mx\/?p=86128","title":{"rendered":"AMLO anuncia renegociaci\u00f3n de 15 concesiones carreteras"},"content":{"rendered":"\n<p>Por Redacci\u00f3n QP<\/p>\n\n\n\n<p>En su conferencia ma\u00f1anera, el Presidente se\u00f1al\u00f3 que para el mantenimiento de s\u00f3lo 15 v\u00edas se pagan 15 mil millones de pesos<\/p>\n\n\n\n<p>Al se\u00f1alar que &#8220;vamos a enderezar entuertos&#8221;, el Presidente Andr\u00e9s Manuel L\u00f3pez Obrador (AMLO) adelant\u00f3 que&nbsp;<strong>se renegociar\u00e1n las concesiones para el mantenimiento de 15 carreteras por su alto costo.<\/strong><\/p>\n\n\n\n<p>En su conferencia ma\u00f1anera, AMLO detall\u00f3 que para el mantenimiento de la red carretera nacional se destinan anualmente hasta 20 mil millones de pesos. Sin embargo, se\u00f1al\u00f3 que\u00a0<strong>para el mantenimiento de s\u00f3lo 15 v\u00edas se pagan 15 mil millones de pesos.<\/strong><\/p>\n\n\n\n<figure class=\"wp-block-embed is-type-rich is-provider-twitter wp-block-embed-twitter\"><div class=\"wp-block-embed__wrapper\">\n<blockquote class=\"twitter-tweet\" data-width=\"550\" data-dnt=\"true\"><p lang=\"es\" dir=\"ltr\">Se negociar\u00e1n los contratos entregados en el sexenio anterior a empresas privadas para el mantenimiento de 15 carreteras, lo que cuesta al erario 15 mil mdp anuales, tomando en cuenta que el presupuesto para toda la Red Nacional de Caminos (30 mil km) asciende a 20 mil mdp. <a href=\"https:\/\/t.co\/LCY0OzMJpu\">pic.twitter.com\/LCY0OzMJpu<\/a><\/p>&mdash; Gobierno de M\u00e9xico (@GobiernoMX) <a href=\"https:\/\/twitter.com\/GobiernoMX\/status\/1453557137242828805?ref_src=twsrc%5Etfw\">October 28, 2021<\/a><\/blockquote><script async src=\"https:\/\/platform.twitter.com\/widgets.js\" charset=\"utf-8\"><\/script>\n<\/div><\/figure>\n\n\n\n<p>&#8220;No queremos quitarles el contrato, sino lo que queremos es que nos ayuden a reducir los costos porque est\u00e1n muy altos&#8221;, aclar\u00f3.<\/p>\n\n\n\n<p>En Palacio Nacional, L\u00f3pez Obrador&nbsp;<strong>critic\u00f3 que antes de que concluyera el gobierno de Enrique Pe\u00f1a Nieto se entregaron estas concesiones.<\/strong><\/p>\n\n\n\n<p>&#8220;Ahora tengo que enfrentar otro asunto, lo adelanto, antes de que nos entregaran el gobierno en v\u00edsperas de los cambios entregaron concesiones de mantenimiento para carreteras. Imag\u00ednense, nosotros destinamos para darle mantenimiento a las carreteras p\u00fablicas que estamos cuidando que no se llenen de baches 18 a 20 mil millones de pesos y nos cuesta el mantenimiento contratado con estas asociaciones p\u00fablicas privadas a 15 carreteras, 15 nada m\u00e1s del pa\u00eds, 15 mil millones&#8221;, asever\u00f3.<\/p>\n\n\n\n<p>&#8220;Toda la red le damos mantenimiento con 20 mil, y por 15 carreteras tenemos que pagar 15 mil millones anuales por esos contratos que se firmaron. De Quer\u00e9taro a San Luis la carretera que est\u00e1 concesionada en su conservaci\u00f3n vamos a hablar&#8221;, indic\u00f3.<\/p>\n\n\n\n<p>Con Informaci\u00f3n de SUN <\/p>\n","protected":false},"excerpt":{"rendered":"<p>Por Redacci\u00f3n QP En su conferencia ma\u00f1anera, el Presidente se\u00f1al\u00f3 que para el mantenimiento de&#8230;<\/p>\n","protected":false},"author":2,"featured_media":86129,"comment_status":"open","ping_status":"open","sticky":false,"template":"","format":"standard","meta":{"_monsterinsights_skip_tracking":false,"_monsterinsights_sitenote_active":false,"_monsterinsights_sitenote_note":"","_monsterinsights_sitenote_category":0,"footnotes":""},"categories":[2],"tags":[],"class_list":["post-86128","post","type-post","status-publish","format-standard","has-post-thumbnail","hentry","category-noticias"],"yoast_head":"<!-- This site is optimized with the Yoast SEO plugin v27.3 - https:\/\/yoast.com\/product\/yoast-seo-wordpress\/ -->\n<title>AMLO anuncia renegociaci\u00f3n de 15 concesiones carreteras -<\/title>\n<meta name=\"robots\" content=\"index, follow, max-snippet:-1, max-image-preview:large, max-video-preview:-1\" \/>\n<link rel=\"canonical\" href=\"https:\/\/quehacerpolitico.mx\/?p=86128\" \/>\n<meta property=\"og:locale\" content=\"es_MX\" \/>\n<meta property=\"og:type\" content=\"article\" \/>\n<meta property=\"og:title\" content=\"AMLO anuncia renegociaci\u00f3n de 15 concesiones carreteras -\" \/>\n<meta property=\"og:description\" content=\"Por Redacci\u00f3n QP En su conferencia ma\u00f1anera, el Presidente se\u00f1al\u00f3 que para el mantenimiento de...\" \/>\n<meta property=\"og:url\" content=\"https:\/\/quehacerpolitico.mx\/?p=86128\" \/>\n<meta property=\"article:published_time\" content=\"2021-10-28T03:32:17+00:00\" \/>\n<meta property=\"article:modified_time\" content=\"2021-10-28T03:32:20+00:00\" \/>\n<meta property=\"og:image\" content=\"https:\/\/quehacerpolitico.mx\/wp-content\/uploads\/2021\/10\/C0E9D02E-95FA-474D-8E90-CAFB72EBC7A3.jpeg\" \/>\n\t<meta property=\"og:image:width\" content=\"1280\" \/>\n\t<meta property=\"og:image:height\" content=\"853\" \/>\n\t<meta property=\"og:image:type\" content=\"image\/jpeg\" \/>\n<meta name=\"author\" content=\"Redacci\u00f3n QP\" \/>\n<meta name=\"twitter:card\" content=\"summary_large_image\" \/>\n<meta name=\"twitter:label1\" content=\"Escrito por\" \/>\n\t<meta name=\"twitter:data1\" content=\"Redacci\u00f3n QP\" \/>\n\t<meta name=\"twitter:label2\" content=\"Tiempo de lectura\" \/>\n\t<meta name=\"twitter:data2\" content=\"1 minuto\" \/>\n<script type=\"application\/ld+json\" class=\"yoast-schema-graph\">{\"@context\":\"https:\\\/\\\/schema.org\",\"@graph\":[{\"@type\":\"Article\",\"@id\":\"https:\\\/\\\/quehacerpolitico.mx\\\/?p=86128#article\",\"isPartOf\":{\"@id\":\"https:\\\/\\\/quehacerpolitico.mx\\\/?p=86128\"},\"author\":{\"name\":\"Redacci\u00f3n QP\",\"@id\":\"https:\\\/\\\/quehacerpolitico.mx\\\/#\\\/schema\\\/person\\\/496d8ad2d1d3f8036101dca7ee39e585\"},\"headline\":\"AMLO anuncia renegociaci\u00f3n de 15 concesiones carreteras\",\"datePublished\":\"2021-10-28T03:32:17+00:00\",\"dateModified\":\"2021-10-28T03:32:20+00:00\",\"mainEntityOfPage\":{\"@id\":\"https:\\\/\\\/quehacerpolitico.mx\\\/?p=86128\"},\"wordCount\":288,\"commentCount\":0,\"image\":{\"@id\":\"https:\\\/\\\/quehacerpolitico.mx\\\/?p=86128#primaryimage\"},\"thumbnailUrl\":\"https:\\\/\\\/quehacerpolitico.mx\\\/wp-content\\\/uploads\\\/2021\\\/10\\\/C0E9D02E-95FA-474D-8E90-CAFB72EBC7A3.jpeg\",\"articleSection\":[\"Noticias\"],\"inLanguage\":\"es\",\"potentialAction\":[{\"@type\":\"CommentAction\",\"name\":\"Comment\",\"target\":[\"https:\\\/\\\/quehacerpolitico.mx\\\/?p=86128#respond\"]}]},{\"@type\":\"WebPage\",\"@id\":\"https:\\\/\\\/quehacerpolitico.mx\\\/?p=86128\",\"url\":\"https:\\\/\\\/quehacerpolitico.mx\\\/?p=86128\",\"name\":\"AMLO anuncia renegociaci\u00f3n de 15 concesiones carreteras -\",\"isPartOf\":{\"@id\":\"https:\\\/\\\/quehacerpolitico.mx\\\/#website\"},\"primaryImageOfPage\":{\"@id\":\"https:\\\/\\\/quehacerpolitico.mx\\\/?p=86128#primaryimage\"},\"image\":{\"@id\":\"https:\\\/\\\/quehacerpolitico.mx\\\/?p=86128#primaryimage\"},\"thumbnailUrl\":\"https:\\\/\\\/quehacerpolitico.mx\\\/wp-content\\\/uploads\\\/2021\\\/10\\\/C0E9D02E-95FA-474D-8E90-CAFB72EBC7A3.jpeg\",\"datePublished\":\"2021-10-28T03:32:17+00:00\",\"dateModified\":\"2021-10-28T03:32:20+00:00\",\"author\":{\"@id\":\"https:\\\/\\\/quehacerpolitico.mx\\\/#\\\/schema\\\/person\\\/496d8ad2d1d3f8036101dca7ee39e585\"},\"breadcrumb\":{\"@id\":\"https:\\\/\\\/quehacerpolitico.mx\\\/?p=86128#breadcrumb\"},\"inLanguage\":\"es\",\"potentialAction\":[{\"@type\":\"ReadAction\",\"target\":[\"https:\\\/\\\/quehacerpolitico.mx\\\/?p=86128\"]}]},{\"@type\":\"ImageObject\",\"inLanguage\":\"es\",\"@id\":\"https:\\\/\\\/quehacerpolitico.mx\\\/?p=86128#primaryimage\",\"url\":\"https:\\\/\\\/quehacerpolitico.mx\\\/wp-content\\\/uploads\\\/2021\\\/10\\\/C0E9D02E-95FA-474D-8E90-CAFB72EBC7A3.jpeg\",\"contentUrl\":\"https:\\\/\\\/quehacerpolitico.mx\\\/wp-content\\\/uploads\\\/2021\\\/10\\\/C0E9D02E-95FA-474D-8E90-CAFB72EBC7A3.jpeg\",\"width\":1280,\"height\":853},{\"@type\":\"BreadcrumbList\",\"@id\":\"https:\\\/\\\/quehacerpolitico.mx\\\/?p=86128#breadcrumb\",\"itemListElement\":[{\"@type\":\"ListItem\",\"position\":1,\"name\":\"Inicio\",\"item\":\"https:\\\/\\\/quehacerpolitico.mx\\\/\"},{\"@type\":\"ListItem\",\"position\":2,\"name\":\"AMLO anuncia renegociaci\u00f3n de 15 concesiones carreteras\"}]},{\"@type\":\"WebSite\",\"@id\":\"https:\\\/\\\/quehacerpolitico.mx\\\/#website\",\"url\":\"https:\\\/\\\/quehacerpolitico.mx\\\/\",\"name\":\"\",\"description\":\"\",\"potentialAction\":[{\"@type\":\"SearchAction\",\"target\":{\"@type\":\"EntryPoint\",\"urlTemplate\":\"https:\\\/\\\/quehacerpolitico.mx\\\/?s={search_term_string}\"},\"query-input\":{\"@type\":\"PropertyValueSpecification\",\"valueRequired\":true,\"valueName\":\"search_term_string\"}}],\"inLanguage\":\"es\"},{\"@type\":\"Person\",\"@id\":\"https:\\\/\\\/quehacerpolitico.mx\\\/#\\\/schema\\\/person\\\/496d8ad2d1d3f8036101dca7ee39e585\",\"name\":\"Redacci\u00f3n QP\",\"image\":{\"@type\":\"ImageObject\",\"inLanguage\":\"es\",\"@id\":\"https:\\\/\\\/secure.gravatar.com\\\/avatar\\\/c7164ed6fdec453195284ad24a5ae5b6e1eed2b848477fa2a4787ba9adf39a41?s=96&d=mm&r=g\",\"url\":\"https:\\\/\\\/secure.gravatar.com\\\/avatar\\\/c7164ed6fdec453195284ad24a5ae5b6e1eed2b848477fa2a4787ba9adf39a41?s=96&d=mm&r=g\",\"contentUrl\":\"https:\\\/\\\/secure.gravatar.com\\\/avatar\\\/c7164ed6fdec453195284ad24a5ae5b6e1eed2b848477fa2a4787ba9adf39a41?s=96&d=mm&r=g\",\"caption\":\"Redacci\u00f3n QP\"},\"url\":\"https:\\\/\\\/quehacerpolitico.mx\\\/?author=2\"}]}<\/script>\n<!-- \/ Yoast SEO plugin. -->","yoast_head_json":{"title":"AMLO anuncia renegociaci\u00f3n de 15 concesiones carreteras -","robots":{"index":"index","follow":"follow","max-snippet":"max-snippet:-1","max-image-preview":"max-image-preview:large","max-video-preview":"max-video-preview:-1"},"canonical":"https:\/\/quehacerpolitico.mx\/?p=86128","og_locale":"es_MX","og_type":"article","og_title":"AMLO anuncia renegociaci\u00f3n de 15 concesiones carreteras -","og_description":"Por Redacci\u00f3n QP En su conferencia ma\u00f1anera, el Presidente se\u00f1al\u00f3 que para el mantenimiento de...","og_url":"https:\/\/quehacerpolitico.mx\/?p=86128","article_published_time":"2021-10-28T03:32:17+00:00","article_modified_time":"2021-10-28T03:32:20+00:00","og_image":[{"width":1280,"height":853,"url":"https:\/\/quehacerpolitico.mx\/wp-content\/uploads\/2021\/10\/C0E9D02E-95FA-474D-8E90-CAFB72EBC7A3.jpeg","type":"image\/jpeg"}],"author":"Redacci\u00f3n QP","twitter_card":"summary_large_image","twitter_misc":{"Escrito por":"Redacci\u00f3n QP","Tiempo de lectura":"1 minuto"},"schema":{"@context":"https:\/\/schema.org","@graph":[{"@type":"Article","@id":"https:\/\/quehacerpolitico.mx\/?p=86128#article","isPartOf":{"@id":"https:\/\/quehacerpolitico.mx\/?p=86128"},"author":{"name":"Redacci\u00f3n QP","@id":"https:\/\/quehacerpolitico.mx\/#\/schema\/person\/496d8ad2d1d3f8036101dca7ee39e585"},"headline":"AMLO anuncia renegociaci\u00f3n de 15 concesiones carreteras","datePublished":"2021-10-28T03:32:17+00:00","dateModified":"2021-10-28T03:32:20+00:00","mainEntityOfPage":{"@id":"https:\/\/quehacerpolitico.mx\/?p=86128"},"wordCount":288,"commentCount":0,"image":{"@id":"https:\/\/quehacerpolitico.mx\/?p=86128#primaryimage"},"thumbnailUrl":"https:\/\/quehacerpolitico.mx\/wp-content\/uploads\/2021\/10\/C0E9D02E-95FA-474D-8E90-CAFB72EBC7A3.jpeg","articleSection":["Noticias"],"inLanguage":"es","potentialAction":[{"@type":"CommentAction","name":"Comment","target":["https:\/\/quehacerpolitico.mx\/?p=86128#respond"]}]},{"@type":"WebPage","@id":"https:\/\/quehacerpolitico.mx\/?p=86128","url":"https:\/\/quehacerpolitico.mx\/?p=86128","name":"AMLO anuncia renegociaci\u00f3n de 15 concesiones carreteras -","isPartOf":{"@id":"https:\/\/quehacerpolitico.mx\/#website"},"primaryImageOfPage":{"@id":"https:\/\/quehacerpolitico.mx\/?p=86128#primaryimage"},"image":{"@id":"https:\/\/quehacerpolitico.mx\/?p=86128#primaryimage"},"thumbnailUrl":"https:\/\/quehacerpolitico.mx\/wp-content\/uploads\/2021\/10\/C0E9D02E-95FA-474D-8E90-CAFB72EBC7A3.jpeg","datePublished":"2021-10-28T03:32:17+00:00","dateModified":"2021-10-28T03:32:20+00:00","author":{"@id":"https:\/\/quehacerpolitico.mx\/#\/schema\/person\/496d8ad2d1d3f8036101dca7ee39e585"},"breadcrumb":{"@id":"https:\/\/quehacerpolitico.mx\/?p=86128#breadcrumb"},"inLanguage":"es","potentialAction":[{"@type":"ReadAction","target":["https:\/\/quehacerpolitico.mx\/?p=86128"]}]},{"@type":"ImageObject","inLanguage":"es","@id":"https:\/\/quehacerpolitico.mx\/?p=86128#primaryimage","url":"https:\/\/quehacerpolitico.mx\/wp-content\/uploads\/2021\/10\/C0E9D02E-95FA-474D-8E90-CAFB72EBC7A3.jpeg","contentUrl":"https:\/\/quehacerpolitico.mx\/wp-content\/uploads\/2021\/10\/C0E9D02E-95FA-474D-8E90-CAFB72EBC7A3.jpeg","width":1280,"height":853},{"@type":"BreadcrumbList","@id":"https:\/\/quehacerpolitico.mx\/?p=86128#breadcrumb","itemListElement":[{"@type":"ListItem","position":1,"name":"Inicio","item":"https:\/\/quehacerpolitico.mx\/"},{"@type":"ListItem","position":2,"name":"AMLO anuncia renegociaci\u00f3n de 15 concesiones carreteras"}]},{"@type":"WebSite","@id":"https:\/\/quehacerpolitico.mx\/#website","url":"https:\/\/quehacerpolitico.mx\/","name":"","description":"","potentialAction":[{"@type":"SearchAction","target":{"@type":"EntryPoint","urlTemplate":"https:\/\/quehacerpolitico.mx\/?s={search_term_string}"},"query-input":{"@type":"PropertyValueSpecification","valueRequired":true,"valueName":"search_term_string"}}],"inLanguage":"es"},{"@type":"Person","@id":"https:\/\/quehacerpolitico.mx\/#\/schema\/person\/496d8ad2d1d3f8036101dca7ee39e585","name":"Redacci\u00f3n QP","image":{"@type":"ImageObject","inLanguage":"es","@id":"https:\/\/secure.gravatar.com\/avatar\/c7164ed6fdec453195284ad24a5ae5b6e1eed2b848477fa2a4787ba9adf39a41?s=96&d=mm&r=g","url":"https:\/\/secure.gravatar.com\/avatar\/c7164ed6fdec453195284ad24a5ae5b6e1eed2b848477fa2a4787ba9adf39a41?s=96&d=mm&r=g","contentUrl":"https:\/\/secure.gravatar.com\/avatar\/c7164ed6fdec453195284ad24a5ae5b6e1eed2b848477fa2a4787ba9adf39a41?s=96&d=mm&r=g","caption":"Redacci\u00f3n QP"},"url":"https:\/\/quehacerpolitico.mx\/?author=2"}]}},"featured_image_urls":{"full":["https:\/\/quehacerpolitico.mx\/wp-content\/uploads\/2021\/10\/C0E9D02E-95FA-474D-8E90-CAFB72EBC7A3.jpeg",1280,853,false],"thumbnail":["https:\/\/quehacerpolitico.mx\/wp-content\/uploads\/2021\/10\/C0E9D02E-95FA-474D-8E90-CAFB72EBC7A3-150x150.jpeg",150,150,true],"medium":["https:\/\/quehacerpolitico.mx\/wp-content\/uploads\/2021\/10\/C0E9D02E-95FA-474D-8E90-CAFB72EBC7A3-300x200.jpeg",300,200,true],"medium_large":["https:\/\/quehacerpolitico.mx\/wp-content\/uploads\/2021\/10\/C0E9D02E-95FA-474D-8E90-CAFB72EBC7A3-768x512.jpeg",640,427,true],"large":["https:\/\/quehacerpolitico.mx\/wp-content\/uploads\/2021\/10\/C0E9D02E-95FA-474D-8E90-CAFB72EBC7A3-1024x682.jpeg",640,426,true],"1536x1536":["https:\/\/quehacerpolitico.mx\/wp-content\/uploads\/2021\/10\/C0E9D02E-95FA-474D-8E90-CAFB72EBC7A3.jpeg",1280,853,false],"2048x2048":["https:\/\/quehacerpolitico.mx\/wp-content\/uploads\/2021\/10\/C0E9D02E-95FA-474D-8E90-CAFB72EBC7A3.jpeg",1280,853,false],"covernews-featured":["https:\/\/quehacerpolitico.mx\/wp-content\/uploads\/2021\/10\/C0E9D02E-95FA-474D-8E90-CAFB72EBC7A3.jpeg",1024,682,false],"covernews-medium":["https:\/\/quehacerpolitico.mx\/wp-content\/uploads\/2021\/10\/C0E9D02E-95FA-474D-8E90-CAFB72EBC7A3.jpeg",510,340,false]},"author_info":{"display_name":"Redacci\u00f3n QP","author_link":"https:\/\/quehacerpolitico.mx\/?author=2"},"category_info":"<a href=\"https:\/\/quehacerpolitico.mx\/?cat=2\" rel=\"category\">Noticias<\/a>","tag_info":"Noticias","comment_count":"0","_links":{"self":[{"href":"https:\/\/quehacerpolitico.mx\/index.php?rest_route=\/wp\/v2\/posts\/86128","targetHints":{"allow":["GET"]}}],"collection":[{"href":"https:\/\/quehacerpolitico.mx\/index.php?rest_route=\/wp\/v2\/posts"}],"about":[{"href":"https:\/\/quehacerpolitico.mx\/index.php?rest_route=\/wp\/v2\/types\/post"}],"author":[{"embeddable":true,"href":"https:\/\/quehacerpolitico.mx\/index.php?rest_route=\/wp\/v2\/users\/2"}],"replies":[{"embeddable":true,"href":"https:\/\/quehacerpolitico.mx\/index.php?rest_route=%2Fwp%2Fv2%2Fcomments&post=86128"}],"version-history":[{"count":1,"href":"https:\/\/quehacerpolitico.mx\/index.php?rest_route=\/wp\/v2\/posts\/86128\/revisions"}],"predecessor-version":[{"id":86130,"href":"https:\/\/quehacerpolitico.mx\/index.php?rest_route=\/wp\/v2\/posts\/86128\/revisions\/86130"}],"wp:featuredmedia":[{"embeddable":true,"href":"https:\/\/quehacerpolitico.mx\/index.php?rest_route=\/wp\/v2\/media\/86129"}],"wp:attachment":[{"href":"https:\/\/quehacerpolitico.mx\/index.php?rest_route=%2Fwp%2Fv2%2Fmedia&parent=86128"}],"wp:term":[{"taxonomy":"category","embeddable":true,"href":"https:\/\/quehacerpolitico.mx\/index.php?rest_route=%2Fwp%2Fv2%2Fcategories&post=86128"},{"taxonomy":"post_tag","embeddable":true,"href":"https:\/\/quehacerpolitico.mx\/index.php?rest_route=%2Fwp%2Fv2%2Ftags&post=86128"}],"curies":[{"name":"wp","href":"https:\/\/api.w.org\/{rel}","templated":true}]}}