{"id":86119,"date":"2021-10-27T19:45:44","date_gmt":"2021-10-27T19:45:44","guid":{"rendered":"https:\/\/quehacerpolitico.mx\/?p=86119"},"modified":"2021-10-27T19:45:47","modified_gmt":"2021-10-27T19:45:47","slug":"derechos-humanos-celebra-eliminacion-de-iva-en-productos-de-higiene-menstrual","status":"publish","type":"post","link":"https:\/\/quehacerpolitico.mx\/?p=86119","title":{"rendered":"Derechos Humanos celebra eliminaci\u00f3n de IVA en productos de higiene menstrual"},"content":{"rendered":"\n<p>Por Redacci\u00f3n QP<\/p>\n\n\n\n<p>Para la CNDH, la legislaci\u00f3n\u00a0representa un avance legislativo hist\u00f3rico en el reconocimiento pleno de los derechos humanos de las personas menstruantes<\/p>\n\n\n\n<p>Luego de\u00a0la aprobaci\u00f3n en el Senado de la Miscel\u00e1nea Fiscal 2022, la\u00a0Comisi\u00f3n Nacional de los Derechos Humanos (CNDH) celebr\u00f3 la legislaci\u00f3n\u00a0que elimina\u00a0el Impuesto al valor agregado (IVA) a los productos para la higiene menstrual.<\/p>\n\n\n\n<p>Para la CNDH, la legislaci\u00f3n\u00a0<strong>representa un avance legislativo hist\u00f3rico en el reconocimiento pleno de los derechos humanos de las personas menstruantes<\/strong>\u00a0porque\u00a0permitir\u00e1 que las personas menstruantes adquieran productos para la gesti\u00f3n del sangrado mensual a un costo accesible y acorde a sus posibilidades.<\/p>\n\n\n\n<p>&#8220;Transitar a la eliminaci\u00f3n de dicho impuesto permite observar, por una parte, avances importantes en el enfoque diferencial y en derechos humanos que han adoptado las y los legisladores de nuestro pa\u00eds, puesto que, en una ponderaci\u00f3n de derechos, es de suma importancia la inclusi\u00f3n de la perspectiva de g\u00e9nero en la pol\u00edtica fiscal, que de manera progresiva permita el acceso efectivo de las personas a su derecho a vivir su gesti\u00f3n menstrual en condiciones dignas&#8221;, indic\u00f3.<\/p>\n\n\n\n<p>Por ello, a\u00f1adi\u00f3 la CNDH,\u00a0<strong>dichas decisiones no pueden ser limitativas ni regresivas<\/strong>, sino que se debe dar un seguimiento puntual en la generaci\u00f3n de otras pol\u00edticas p\u00fablicas e incluso de reformas legislativas que en torno a esta eliminaci\u00f3n protejan y garanticen de manera definitiva el reconocimiento pleno de este derecho.<\/p>\n\n\n\n<p>La CNDH reiter\u00f3\u00a0<strong>la importancia de erradicar las visiones patriarcales y tradicionalistas respecto al abordaje de la menstruaci\u00f3n como un modelo biom\u00e9dico y comercial<\/strong>, que no permite visibilizar la convergencia de factores psicoemocionales, socioculturales, econ\u00f3micos, educativos y ambientales, que influyen en la calidad de vida de las personas, en tanto que los estigmas y prejuicios alrededor del g\u00e9nero y la menstruaci\u00f3n han influido en la vulneraci\u00f3n de los derechos al disfrute del m\u00e1s alto nivel posible de salud, a la educaci\u00f3n, a los derechos sexuales y reproductivos, a la igualdad y no discriminaci\u00f3n, entre otros.<\/p>\n\n\n\n<p>Con Informaci\u00f3n de SUN <\/p>\n","protected":false},"excerpt":{"rendered":"<p>Por Redacci\u00f3n QP Para la CNDH, la legislaci\u00f3n\u00a0representa un avance legislativo hist\u00f3rico en el reconocimiento&#8230;<\/p>\n","protected":false},"author":2,"featured_media":86120,"comment_status":"open","ping_status":"open","sticky":false,"template":"","format":"standard","meta":{"_monsterinsights_skip_tracking":false,"_monsterinsights_sitenote_active":false,"_monsterinsights_sitenote_note":"","_monsterinsights_sitenote_category":0,"footnotes":""},"categories":[2],"tags":[],"class_list":["post-86119","post","type-post","status-publish","format-standard","has-post-thumbnail","hentry","category-noticias"],"yoast_head":"<!-- This site is optimized with the Yoast SEO plugin v27.3 - https:\/\/yoast.com\/product\/yoast-seo-wordpress\/ -->\n<title>Derechos Humanos celebra eliminaci\u00f3n de IVA en productos de higiene menstrual -<\/title>\n<meta name=\"robots\" content=\"index, follow, max-snippet:-1, max-image-preview:large, max-video-preview:-1\" \/>\n<link rel=\"canonical\" href=\"https:\/\/quehacerpolitico.mx\/?p=86119\" \/>\n<meta property=\"og:locale\" content=\"es_MX\" \/>\n<meta property=\"og:type\" content=\"article\" \/>\n<meta property=\"og:title\" content=\"Derechos Humanos celebra eliminaci\u00f3n de IVA en productos de higiene menstrual -\" \/>\n<meta property=\"og:description\" content=\"Por Redacci\u00f3n QP Para la CNDH, la legislaci\u00f3n\u00a0representa un avance legislativo hist\u00f3rico en el reconocimiento...\" \/>\n<meta property=\"og:url\" content=\"https:\/\/quehacerpolitico.mx\/?p=86119\" \/>\n<meta property=\"article:published_time\" content=\"2021-10-27T19:45:44+00:00\" \/>\n<meta property=\"article:modified_time\" content=\"2021-10-27T19:45:47+00:00\" \/>\n<meta property=\"og:image\" content=\"https:\/\/quehacerpolitico.mx\/wp-content\/uploads\/2021\/10\/F5428868-AC56-46FE-AC5A-DCB1356A6C23.jpeg\" \/>\n\t<meta property=\"og:image:width\" content=\"400\" \/>\n\t<meta property=\"og:image:height\" content=\"250\" \/>\n\t<meta property=\"og:image:type\" content=\"image\/jpeg\" \/>\n<meta name=\"author\" content=\"Redacci\u00f3n QP\" \/>\n<meta name=\"twitter:card\" content=\"summary_large_image\" \/>\n<meta name=\"twitter:label1\" content=\"Escrito por\" \/>\n\t<meta name=\"twitter:data1\" content=\"Redacci\u00f3n QP\" \/>\n\t<meta name=\"twitter:label2\" content=\"Tiempo de lectura\" \/>\n\t<meta name=\"twitter:data2\" content=\"2 minutos\" \/>\n<script type=\"application\/ld+json\" class=\"yoast-schema-graph\">{\"@context\":\"https:\\\/\\\/schema.org\",\"@graph\":[{\"@type\":\"Article\",\"@id\":\"https:\\\/\\\/quehacerpolitico.mx\\\/?p=86119#article\",\"isPartOf\":{\"@id\":\"https:\\\/\\\/quehacerpolitico.mx\\\/?p=86119\"},\"author\":{\"name\":\"Redacci\u00f3n QP\",\"@id\":\"https:\\\/\\\/quehacerpolitico.mx\\\/#\\\/schema\\\/person\\\/496d8ad2d1d3f8036101dca7ee39e585\"},\"headline\":\"Derechos Humanos celebra eliminaci\u00f3n de IVA en productos de higiene menstrual\",\"datePublished\":\"2021-10-27T19:45:44+00:00\",\"dateModified\":\"2021-10-27T19:45:47+00:00\",\"mainEntityOfPage\":{\"@id\":\"https:\\\/\\\/quehacerpolitico.mx\\\/?p=86119\"},\"wordCount\":378,\"commentCount\":0,\"image\":{\"@id\":\"https:\\\/\\\/quehacerpolitico.mx\\\/?p=86119#primaryimage\"},\"thumbnailUrl\":\"https:\\\/\\\/quehacerpolitico.mx\\\/wp-content\\\/uploads\\\/2021\\\/10\\\/F5428868-AC56-46FE-AC5A-DCB1356A6C23.jpeg\",\"articleSection\":[\"Noticias\"],\"inLanguage\":\"es\",\"potentialAction\":[{\"@type\":\"CommentAction\",\"name\":\"Comment\",\"target\":[\"https:\\\/\\\/quehacerpolitico.mx\\\/?p=86119#respond\"]}]},{\"@type\":\"WebPage\",\"@id\":\"https:\\\/\\\/quehacerpolitico.mx\\\/?p=86119\",\"url\":\"https:\\\/\\\/quehacerpolitico.mx\\\/?p=86119\",\"name\":\"Derechos Humanos celebra eliminaci\u00f3n de IVA en productos de higiene menstrual -\",\"isPartOf\":{\"@id\":\"https:\\\/\\\/quehacerpolitico.mx\\\/#website\"},\"primaryImageOfPage\":{\"@id\":\"https:\\\/\\\/quehacerpolitico.mx\\\/?p=86119#primaryimage\"},\"image\":{\"@id\":\"https:\\\/\\\/quehacerpolitico.mx\\\/?p=86119#primaryimage\"},\"thumbnailUrl\":\"https:\\\/\\\/quehacerpolitico.mx\\\/wp-content\\\/uploads\\\/2021\\\/10\\\/F5428868-AC56-46FE-AC5A-DCB1356A6C23.jpeg\",\"datePublished\":\"2021-10-27T19:45:44+00:00\",\"dateModified\":\"2021-10-27T19:45:47+00:00\",\"author\":{\"@id\":\"https:\\\/\\\/quehacerpolitico.mx\\\/#\\\/schema\\\/person\\\/496d8ad2d1d3f8036101dca7ee39e585\"},\"breadcrumb\":{\"@id\":\"https:\\\/\\\/quehacerpolitico.mx\\\/?p=86119#breadcrumb\"},\"inLanguage\":\"es\",\"potentialAction\":[{\"@type\":\"ReadAction\",\"target\":[\"https:\\\/\\\/quehacerpolitico.mx\\\/?p=86119\"]}]},{\"@type\":\"ImageObject\",\"inLanguage\":\"es\",\"@id\":\"https:\\\/\\\/quehacerpolitico.mx\\\/?p=86119#primaryimage\",\"url\":\"https:\\\/\\\/quehacerpolitico.mx\\\/wp-content\\\/uploads\\\/2021\\\/10\\\/F5428868-AC56-46FE-AC5A-DCB1356A6C23.jpeg\",\"contentUrl\":\"https:\\\/\\\/quehacerpolitico.mx\\\/wp-content\\\/uploads\\\/2021\\\/10\\\/F5428868-AC56-46FE-AC5A-DCB1356A6C23.jpeg\",\"width\":400,\"height\":250},{\"@type\":\"BreadcrumbList\",\"@id\":\"https:\\\/\\\/quehacerpolitico.mx\\\/?p=86119#breadcrumb\",\"itemListElement\":[{\"@type\":\"ListItem\",\"position\":1,\"name\":\"Inicio\",\"item\":\"https:\\\/\\\/quehacerpolitico.mx\\\/\"},{\"@type\":\"ListItem\",\"position\":2,\"name\":\"Derechos Humanos celebra eliminaci\u00f3n de IVA en productos de higiene menstrual\"}]},{\"@type\":\"WebSite\",\"@id\":\"https:\\\/\\\/quehacerpolitico.mx\\\/#website\",\"url\":\"https:\\\/\\\/quehacerpolitico.mx\\\/\",\"name\":\"\",\"description\":\"\",\"potentialAction\":[{\"@type\":\"SearchAction\",\"target\":{\"@type\":\"EntryPoint\",\"urlTemplate\":\"https:\\\/\\\/quehacerpolitico.mx\\\/?s={search_term_string}\"},\"query-input\":{\"@type\":\"PropertyValueSpecification\",\"valueRequired\":true,\"valueName\":\"search_term_string\"}}],\"inLanguage\":\"es\"},{\"@type\":\"Person\",\"@id\":\"https:\\\/\\\/quehacerpolitico.mx\\\/#\\\/schema\\\/person\\\/496d8ad2d1d3f8036101dca7ee39e585\",\"name\":\"Redacci\u00f3n QP\",\"image\":{\"@type\":\"ImageObject\",\"inLanguage\":\"es\",\"@id\":\"https:\\\/\\\/secure.gravatar.com\\\/avatar\\\/c7164ed6fdec453195284ad24a5ae5b6e1eed2b848477fa2a4787ba9adf39a41?s=96&d=mm&r=g\",\"url\":\"https:\\\/\\\/secure.gravatar.com\\\/avatar\\\/c7164ed6fdec453195284ad24a5ae5b6e1eed2b848477fa2a4787ba9adf39a41?s=96&d=mm&r=g\",\"contentUrl\":\"https:\\\/\\\/secure.gravatar.com\\\/avatar\\\/c7164ed6fdec453195284ad24a5ae5b6e1eed2b848477fa2a4787ba9adf39a41?s=96&d=mm&r=g\",\"caption\":\"Redacci\u00f3n QP\"},\"url\":\"https:\\\/\\\/quehacerpolitico.mx\\\/?author=2\"}]}<\/script>\n<!-- \/ Yoast SEO plugin. -->","yoast_head_json":{"title":"Derechos Humanos celebra eliminaci\u00f3n de IVA en productos de higiene menstrual -","robots":{"index":"index","follow":"follow","max-snippet":"max-snippet:-1","max-image-preview":"max-image-preview:large","max-video-preview":"max-video-preview:-1"},"canonical":"https:\/\/quehacerpolitico.mx\/?p=86119","og_locale":"es_MX","og_type":"article","og_title":"Derechos Humanos celebra eliminaci\u00f3n de IVA en productos de higiene menstrual -","og_description":"Por Redacci\u00f3n QP Para la CNDH, la legislaci\u00f3n\u00a0representa un avance legislativo hist\u00f3rico en el reconocimiento...","og_url":"https:\/\/quehacerpolitico.mx\/?p=86119","article_published_time":"2021-10-27T19:45:44+00:00","article_modified_time":"2021-10-27T19:45:47+00:00","og_image":[{"width":400,"height":250,"url":"https:\/\/quehacerpolitico.mx\/wp-content\/uploads\/2021\/10\/F5428868-AC56-46FE-AC5A-DCB1356A6C23.jpeg","type":"image\/jpeg"}],"author":"Redacci\u00f3n QP","twitter_card":"summary_large_image","twitter_misc":{"Escrito por":"Redacci\u00f3n QP","Tiempo de lectura":"2 minutos"},"schema":{"@context":"https:\/\/schema.org","@graph":[{"@type":"Article","@id":"https:\/\/quehacerpolitico.mx\/?p=86119#article","isPartOf":{"@id":"https:\/\/quehacerpolitico.mx\/?p=86119"},"author":{"name":"Redacci\u00f3n QP","@id":"https:\/\/quehacerpolitico.mx\/#\/schema\/person\/496d8ad2d1d3f8036101dca7ee39e585"},"headline":"Derechos Humanos celebra eliminaci\u00f3n de IVA en productos de higiene menstrual","datePublished":"2021-10-27T19:45:44+00:00","dateModified":"2021-10-27T19:45:47+00:00","mainEntityOfPage":{"@id":"https:\/\/quehacerpolitico.mx\/?p=86119"},"wordCount":378,"commentCount":0,"image":{"@id":"https:\/\/quehacerpolitico.mx\/?p=86119#primaryimage"},"thumbnailUrl":"https:\/\/quehacerpolitico.mx\/wp-content\/uploads\/2021\/10\/F5428868-AC56-46FE-AC5A-DCB1356A6C23.jpeg","articleSection":["Noticias"],"inLanguage":"es","potentialAction":[{"@type":"CommentAction","name":"Comment","target":["https:\/\/quehacerpolitico.mx\/?p=86119#respond"]}]},{"@type":"WebPage","@id":"https:\/\/quehacerpolitico.mx\/?p=86119","url":"https:\/\/quehacerpolitico.mx\/?p=86119","name":"Derechos Humanos celebra eliminaci\u00f3n de IVA en productos de higiene menstrual -","isPartOf":{"@id":"https:\/\/quehacerpolitico.mx\/#website"},"primaryImageOfPage":{"@id":"https:\/\/quehacerpolitico.mx\/?p=86119#primaryimage"},"image":{"@id":"https:\/\/quehacerpolitico.mx\/?p=86119#primaryimage"},"thumbnailUrl":"https:\/\/quehacerpolitico.mx\/wp-content\/uploads\/2021\/10\/F5428868-AC56-46FE-AC5A-DCB1356A6C23.jpeg","datePublished":"2021-10-27T19:45:44+00:00","dateModified":"2021-10-27T19:45:47+00:00","author":{"@id":"https:\/\/quehacerpolitico.mx\/#\/schema\/person\/496d8ad2d1d3f8036101dca7ee39e585"},"breadcrumb":{"@id":"https:\/\/quehacerpolitico.mx\/?p=86119#breadcrumb"},"inLanguage":"es","potentialAction":[{"@type":"ReadAction","target":["https:\/\/quehacerpolitico.mx\/?p=86119"]}]},{"@type":"ImageObject","inLanguage":"es","@id":"https:\/\/quehacerpolitico.mx\/?p=86119#primaryimage","url":"https:\/\/quehacerpolitico.mx\/wp-content\/uploads\/2021\/10\/F5428868-AC56-46FE-AC5A-DCB1356A6C23.jpeg","contentUrl":"https:\/\/quehacerpolitico.mx\/wp-content\/uploads\/2021\/10\/F5428868-AC56-46FE-AC5A-DCB1356A6C23.jpeg","width":400,"height":250},{"@type":"BreadcrumbList","@id":"https:\/\/quehacerpolitico.mx\/?p=86119#breadcrumb","itemListElement":[{"@type":"ListItem","position":1,"name":"Inicio","item":"https:\/\/quehacerpolitico.mx\/"},{"@type":"ListItem","position":2,"name":"Derechos Humanos celebra eliminaci\u00f3n de IVA en productos de higiene menstrual"}]},{"@type":"WebSite","@id":"https:\/\/quehacerpolitico.mx\/#website","url":"https:\/\/quehacerpolitico.mx\/","name":"","description":"","potentialAction":[{"@type":"SearchAction","target":{"@type":"EntryPoint","urlTemplate":"https:\/\/quehacerpolitico.mx\/?s={search_term_string}"},"query-input":{"@type":"PropertyValueSpecification","valueRequired":true,"valueName":"search_term_string"}}],"inLanguage":"es"},{"@type":"Person","@id":"https:\/\/quehacerpolitico.mx\/#\/schema\/person\/496d8ad2d1d3f8036101dca7ee39e585","name":"Redacci\u00f3n QP","image":{"@type":"ImageObject","inLanguage":"es","@id":"https:\/\/secure.gravatar.com\/avatar\/c7164ed6fdec453195284ad24a5ae5b6e1eed2b848477fa2a4787ba9adf39a41?s=96&d=mm&r=g","url":"https:\/\/secure.gravatar.com\/avatar\/c7164ed6fdec453195284ad24a5ae5b6e1eed2b848477fa2a4787ba9adf39a41?s=96&d=mm&r=g","contentUrl":"https:\/\/secure.gravatar.com\/avatar\/c7164ed6fdec453195284ad24a5ae5b6e1eed2b848477fa2a4787ba9adf39a41?s=96&d=mm&r=g","caption":"Redacci\u00f3n QP"},"url":"https:\/\/quehacerpolitico.mx\/?author=2"}]}},"featured_image_urls":{"full":["https:\/\/quehacerpolitico.mx\/wp-content\/uploads\/2021\/10\/F5428868-AC56-46FE-AC5A-DCB1356A6C23.jpeg",400,250,false],"thumbnail":["https:\/\/quehacerpolitico.mx\/wp-content\/uploads\/2021\/10\/F5428868-AC56-46FE-AC5A-DCB1356A6C23-150x150.jpeg",150,150,true],"medium":["https:\/\/quehacerpolitico.mx\/wp-content\/uploads\/2021\/10\/F5428868-AC56-46FE-AC5A-DCB1356A6C23-300x188.jpeg",300,188,true],"medium_large":["https:\/\/quehacerpolitico.mx\/wp-content\/uploads\/2021\/10\/F5428868-AC56-46FE-AC5A-DCB1356A6C23.jpeg",400,250,false],"large":["https:\/\/quehacerpolitico.mx\/wp-content\/uploads\/2021\/10\/F5428868-AC56-46FE-AC5A-DCB1356A6C23.jpeg",400,250,false],"1536x1536":["https:\/\/quehacerpolitico.mx\/wp-content\/uploads\/2021\/10\/F5428868-AC56-46FE-AC5A-DCB1356A6C23.jpeg",400,250,false],"2048x2048":["https:\/\/quehacerpolitico.mx\/wp-content\/uploads\/2021\/10\/F5428868-AC56-46FE-AC5A-DCB1356A6C23.jpeg",400,250,false],"covernews-featured":["https:\/\/quehacerpolitico.mx\/wp-content\/uploads\/2021\/10\/F5428868-AC56-46FE-AC5A-DCB1356A6C23.jpeg",400,250,false],"covernews-medium":["https:\/\/quehacerpolitico.mx\/wp-content\/uploads\/2021\/10\/F5428868-AC56-46FE-AC5A-DCB1356A6C23.jpeg",400,250,false]},"author_info":{"display_name":"Redacci\u00f3n QP","author_link":"https:\/\/quehacerpolitico.mx\/?author=2"},"category_info":"<a href=\"https:\/\/quehacerpolitico.mx\/?cat=2\" rel=\"category\">Noticias<\/a>","tag_info":"Noticias","comment_count":"0","_links":{"self":[{"href":"https:\/\/quehacerpolitico.mx\/index.php?rest_route=\/wp\/v2\/posts\/86119","targetHints":{"allow":["GET"]}}],"collection":[{"href":"https:\/\/quehacerpolitico.mx\/index.php?rest_route=\/wp\/v2\/posts"}],"about":[{"href":"https:\/\/quehacerpolitico.mx\/index.php?rest_route=\/wp\/v2\/types\/post"}],"author":[{"embeddable":true,"href":"https:\/\/quehacerpolitico.mx\/index.php?rest_route=\/wp\/v2\/users\/2"}],"replies":[{"embeddable":true,"href":"https:\/\/quehacerpolitico.mx\/index.php?rest_route=%2Fwp%2Fv2%2Fcomments&post=86119"}],"version-history":[{"count":1,"href":"https:\/\/quehacerpolitico.mx\/index.php?rest_route=\/wp\/v2\/posts\/86119\/revisions"}],"predecessor-version":[{"id":86121,"href":"https:\/\/quehacerpolitico.mx\/index.php?rest_route=\/wp\/v2\/posts\/86119\/revisions\/86121"}],"wp:featuredmedia":[{"embeddable":true,"href":"https:\/\/quehacerpolitico.mx\/index.php?rest_route=\/wp\/v2\/media\/86120"}],"wp:attachment":[{"href":"https:\/\/quehacerpolitico.mx\/index.php?rest_route=%2Fwp%2Fv2%2Fmedia&parent=86119"}],"wp:term":[{"taxonomy":"category","embeddable":true,"href":"https:\/\/quehacerpolitico.mx\/index.php?rest_route=%2Fwp%2Fv2%2Fcategories&post=86119"},{"taxonomy":"post_tag","embeddable":true,"href":"https:\/\/quehacerpolitico.mx\/index.php?rest_route=%2Fwp%2Fv2%2Ftags&post=86119"}],"curies":[{"name":"wp","href":"https:\/\/api.w.org\/{rel}","templated":true}]}}