{"id":86113,"date":"2021-10-27T16:15:58","date_gmt":"2021-10-27T16:15:58","guid":{"rendered":"https:\/\/quehacerpolitico.mx\/?p=86113"},"modified":"2021-10-27T16:16:01","modified_gmt":"2021-10-27T16:16:01","slug":"internacionales-carolina-alonso-romei-eeuu-emite-su-primer-pasaporte-con-genero-x","status":"publish","type":"post","link":"https:\/\/quehacerpolitico.mx\/?p=86113","title":{"rendered":"Internacionales\/\/\/Carolina Alonso Romei\/\/\/EEUU emite su primer pasaporte con g\u00e9nero X"},"content":{"rendered":"\n<p>Por Carolina Alonso Romei <\/p>\n\n\n\n<p>Internacionalista <\/p>\n\n\n\n<p>El Departamento de Estado espera poder ofrecer la opci\u00f3n a personas no binarias, intersexuales y no conformes con el g\u00e9nero a principios del pr\u00f3ximo a\u00f1o<\/p>\n\n\n\n<ul class=\"wp-block-list\"><li>Es un reconocimiento de los derechos de las personas que no se identifican como hombres o mujeres<\/li><\/ul>\n\n\n\n<p>Estados Unidos emiti\u00f3 su primer\u00a0pasaporte con designaci\u00f3n de\u00a0<strong>g\u00e9nero X<\/strong>, un hito en el reconocimiento de los derechos de las personas que no se identifican como hombres o mujeres, dijo el Departamento de Estado hoy, 27 de octubre de 2021.<\/p>\n\n\n\n<p>Se espera poder ofrecer la opci\u00f3n a personas no binarias, intersexuales y no conformes con el g\u00e9nero a principios del pr\u00f3ximo a\u00f1o, informaron las autoridades.<\/p>\n\n\n\n<p>La enviada diplom\u00e1tica especial de Estados Unidos para derechos LGBTQ, Jessica Stern, dijo que el paso es hist\u00f3rico y celebratorio, y agreg\u00f3 que coloca los documentos del gobierno en l\u00ednea con la \u201crealidad vivida\u201d de que existe un espectro m\u00e1s amplio de caracter\u00edsticas humanas que el reflejado en las dos designaciones previas.<\/p>\n\n\n\n<blockquote class=\"wp-block-quote is-layout-flow wp-block-quote-is-layout-flow\"><p>\u201cCuando una persona obtiene un documento de identificaci\u00f3n que refleja su verdadera identidad, vive con mayor dignidad y respeto\u201d, dijo Stern.<\/p><\/blockquote>\n\n\n\n<p>El departamento no dijo a qui\u00e9n se le emiti\u00f3 el\u00a0<strong>pasaporte<\/strong>, argumentando razones de privacidad. Un funcionario del departamento se neg\u00f3 a decir si se trataba de Dana Zzyym, una persona intersexual residente en Colorado que ha estado en una batalla legal con el departamento desde 2015.<\/p>\n\n\n\n<p>A Zzyym se le neg\u00f3 el&nbsp;<strong>pasaporte<\/strong>&nbsp;por negarse a marcar masculino o femenino en la solicitud. De acuerdo con documentos, Zzyym escribi\u00f3 \u201cintersexual\u201d sobre las secciones marcadas \u201cM\u201d y \u201cF\u201d y solicit\u00f3 una marca \u201cX\u201d de g\u00e9nero.<\/p>\n\n\n\n<p>Zzyym naci\u00f3 con caracter\u00edsticas f\u00edsicas sexuales ambiguas, pero fue criado como ni\u00f1o y se someti\u00f3 a varias operaciones que no lograron hacerle verse completamente masculino, de acuerdo con documentos en la corte. Zzyym sirvi\u00f3 en la Armada como hombre, pero m\u00e1s adelante comenz\u00f3 a identificarse como intersexual cuando trabajaba y estudiaba en la Universidad Estatal de Colorado. La negativa de pasaporte para Zzyym le impidi\u00f3 viajar a una reuni\u00f3n de la Organization Intersex International en M\u00e9xico.<\/p>\n\n\n\n<p>El Departamento de Estado anunci\u00f3 en junio que estaba dando pasos para incluir una tercera asignaci\u00f3n de g\u00e9nero, pero dijo que eso tomar\u00eda tiempo porque requerir\u00eda una extensa actualizaci\u00f3n de los sistemas de computadoras. Un funcionario del departamento dijo que la solicitud de pasaportes y la actualizaci\u00f3n del sistema con X a\u00fan tienen que ser aprobadas por la Oficina de Administraci\u00f3n y Presupuesto, que aprueba todos los formularios del gobierno, antes de poder emitidos.<\/p>\n\n\n\n<p>El departamento ahora les permite a los solicitantes seleccionar por su cuenta su g\u00e9nero como masculino o femenino, eliminando el requerimiento de proveer un certificado m\u00e9dico si su g\u00e9nero no se correspond\u00eda con el listado en sus otros documentos de identificaci\u00f3n.<\/p>\n\n\n\n<p><strong>Estados Unidos<\/strong>\u00a0se suma a un pu\u00f1ado de pa\u00edses, incluyendo Australia, Nuevo Zelanda, Nepal y Canad\u00e1, en permitir que sus ciudadanos designen otro g\u00e9nero, aparte de masculino o femenino, en sus pasaportes.<\/p>\n\n\n\n<p>Stern dijo que su oficina planeaba hablar sobre la experiencia con el cambio en sus interacciones en todo el mundo y que ella espera que eso ayude a inspirar a otros gobiernos a ofrecer la opci\u00f3n.<\/p>\n\n\n\n<blockquote class=\"wp-block-quote is-layout-flow wp-block-quote-is-layout-flow\"><p>\u201cNosotros vemos esto como una forma de afirmar y elevar los derechos humanos de las personas trans, intersexuales y no conformes con el g\u00e9nero y no binarias en todas partes\u201d, dijo.<\/p><\/blockquote>\n\n\n\n<p><em>Con informaci\u00f3n de AP<\/em><\/p>\n","protected":false},"excerpt":{"rendered":"<p>Por Carolina Alonso Romei Internacionalista El Departamento de Estado espera poder ofrecer la opci\u00f3n a&#8230;<\/p>\n","protected":false},"author":2,"featured_media":86114,"comment_status":"open","ping_status":"open","sticky":false,"template":"","format":"standard","meta":{"_monsterinsights_skip_tracking":false,"_monsterinsights_sitenote_active":false,"_monsterinsights_sitenote_note":"","_monsterinsights_sitenote_category":0,"footnotes":""},"categories":[1],"tags":[],"class_list":["post-86113","post","type-post","status-publish","format-standard","has-post-thumbnail","hentry","category-sin-categoria"],"yoast_head":"<!-- This site is optimized with the Yoast SEO plugin v27.3 - https:\/\/yoast.com\/product\/yoast-seo-wordpress\/ -->\n<title>Internacionales\/\/\/Carolina Alonso Romei\/\/\/EEUU emite su primer pasaporte con g\u00e9nero X -<\/title>\n<meta name=\"robots\" content=\"index, follow, max-snippet:-1, max-image-preview:large, max-video-preview:-1\" \/>\n<link rel=\"canonical\" href=\"https:\/\/quehacerpolitico.mx\/?p=86113\" \/>\n<meta property=\"og:locale\" content=\"es_MX\" \/>\n<meta property=\"og:type\" content=\"article\" \/>\n<meta property=\"og:title\" content=\"Internacionales\/\/\/Carolina Alonso Romei\/\/\/EEUU emite su primer pasaporte con g\u00e9nero X -\" \/>\n<meta property=\"og:description\" content=\"Por Carolina Alonso Romei Internacionalista El Departamento de Estado espera poder ofrecer la opci\u00f3n a...\" \/>\n<meta property=\"og:url\" content=\"https:\/\/quehacerpolitico.mx\/?p=86113\" \/>\n<meta property=\"article:published_time\" content=\"2021-10-27T16:15:58+00:00\" \/>\n<meta property=\"article:modified_time\" content=\"2021-10-27T16:16:01+00:00\" \/>\n<meta property=\"og:image\" content=\"https:\/\/quehacerpolitico.mx\/wp-content\/uploads\/2021\/10\/4917F273-D091-4236-A349-19CAA7DDE974.jpeg\" \/>\n\t<meta property=\"og:image:width\" content=\"715\" \/>\n\t<meta property=\"og:image:height\" content=\"429\" \/>\n\t<meta property=\"og:image:type\" content=\"image\/jpeg\" \/>\n<meta name=\"author\" content=\"Redacci\u00f3n QP\" \/>\n<meta name=\"twitter:card\" content=\"summary_large_image\" \/>\n<meta name=\"twitter:label1\" content=\"Escrito por\" \/>\n\t<meta name=\"twitter:data1\" content=\"Redacci\u00f3n QP\" \/>\n\t<meta name=\"twitter:label2\" content=\"Tiempo de lectura\" \/>\n\t<meta name=\"twitter:data2\" content=\"3 minutos\" \/>\n<script type=\"application\/ld+json\" class=\"yoast-schema-graph\">{\"@context\":\"https:\\\/\\\/schema.org\",\"@graph\":[{\"@type\":\"Article\",\"@id\":\"https:\\\/\\\/quehacerpolitico.mx\\\/?p=86113#article\",\"isPartOf\":{\"@id\":\"https:\\\/\\\/quehacerpolitico.mx\\\/?p=86113\"},\"author\":{\"name\":\"Redacci\u00f3n QP\",\"@id\":\"https:\\\/\\\/quehacerpolitico.mx\\\/#\\\/schema\\\/person\\\/496d8ad2d1d3f8036101dca7ee39e585\"},\"headline\":\"Internacionales\\\/\\\/\\\/Carolina Alonso Romei\\\/\\\/\\\/EEUU emite su primer pasaporte con g\u00e9nero X\",\"datePublished\":\"2021-10-27T16:15:58+00:00\",\"dateModified\":\"2021-10-27T16:16:01+00:00\",\"mainEntityOfPage\":{\"@id\":\"https:\\\/\\\/quehacerpolitico.mx\\\/?p=86113\"},\"wordCount\":620,\"commentCount\":0,\"image\":{\"@id\":\"https:\\\/\\\/quehacerpolitico.mx\\\/?p=86113#primaryimage\"},\"thumbnailUrl\":\"https:\\\/\\\/quehacerpolitico.mx\\\/wp-content\\\/uploads\\\/2021\\\/10\\\/4917F273-D091-4236-A349-19CAA7DDE974.jpeg\",\"articleSection\":[\"Internacionales\"],\"inLanguage\":\"es\",\"potentialAction\":[{\"@type\":\"CommentAction\",\"name\":\"Comment\",\"target\":[\"https:\\\/\\\/quehacerpolitico.mx\\\/?p=86113#respond\"]}]},{\"@type\":\"WebPage\",\"@id\":\"https:\\\/\\\/quehacerpolitico.mx\\\/?p=86113\",\"url\":\"https:\\\/\\\/quehacerpolitico.mx\\\/?p=86113\",\"name\":\"Internacionales\\\/\\\/\\\/Carolina Alonso Romei\\\/\\\/\\\/EEUU emite su primer pasaporte con g\u00e9nero X -\",\"isPartOf\":{\"@id\":\"https:\\\/\\\/quehacerpolitico.mx\\\/#website\"},\"primaryImageOfPage\":{\"@id\":\"https:\\\/\\\/quehacerpolitico.mx\\\/?p=86113#primaryimage\"},\"image\":{\"@id\":\"https:\\\/\\\/quehacerpolitico.mx\\\/?p=86113#primaryimage\"},\"thumbnailUrl\":\"https:\\\/\\\/quehacerpolitico.mx\\\/wp-content\\\/uploads\\\/2021\\\/10\\\/4917F273-D091-4236-A349-19CAA7DDE974.jpeg\",\"datePublished\":\"2021-10-27T16:15:58+00:00\",\"dateModified\":\"2021-10-27T16:16:01+00:00\",\"author\":{\"@id\":\"https:\\\/\\\/quehacerpolitico.mx\\\/#\\\/schema\\\/person\\\/496d8ad2d1d3f8036101dca7ee39e585\"},\"breadcrumb\":{\"@id\":\"https:\\\/\\\/quehacerpolitico.mx\\\/?p=86113#breadcrumb\"},\"inLanguage\":\"es\",\"potentialAction\":[{\"@type\":\"ReadAction\",\"target\":[\"https:\\\/\\\/quehacerpolitico.mx\\\/?p=86113\"]}]},{\"@type\":\"ImageObject\",\"inLanguage\":\"es\",\"@id\":\"https:\\\/\\\/quehacerpolitico.mx\\\/?p=86113#primaryimage\",\"url\":\"https:\\\/\\\/quehacerpolitico.mx\\\/wp-content\\\/uploads\\\/2021\\\/10\\\/4917F273-D091-4236-A349-19CAA7DDE974.jpeg\",\"contentUrl\":\"https:\\\/\\\/quehacerpolitico.mx\\\/wp-content\\\/uploads\\\/2021\\\/10\\\/4917F273-D091-4236-A349-19CAA7DDE974.jpeg\",\"width\":715,\"height\":429},{\"@type\":\"BreadcrumbList\",\"@id\":\"https:\\\/\\\/quehacerpolitico.mx\\\/?p=86113#breadcrumb\",\"itemListElement\":[{\"@type\":\"ListItem\",\"position\":1,\"name\":\"Inicio\",\"item\":\"https:\\\/\\\/quehacerpolitico.mx\\\/\"},{\"@type\":\"ListItem\",\"position\":2,\"name\":\"Internacionales\\\/\\\/\\\/Carolina Alonso Romei\\\/\\\/\\\/EEUU emite su primer pasaporte con g\u00e9nero X\"}]},{\"@type\":\"WebSite\",\"@id\":\"https:\\\/\\\/quehacerpolitico.mx\\\/#website\",\"url\":\"https:\\\/\\\/quehacerpolitico.mx\\\/\",\"name\":\"\",\"description\":\"\",\"potentialAction\":[{\"@type\":\"SearchAction\",\"target\":{\"@type\":\"EntryPoint\",\"urlTemplate\":\"https:\\\/\\\/quehacerpolitico.mx\\\/?s={search_term_string}\"},\"query-input\":{\"@type\":\"PropertyValueSpecification\",\"valueRequired\":true,\"valueName\":\"search_term_string\"}}],\"inLanguage\":\"es\"},{\"@type\":\"Person\",\"@id\":\"https:\\\/\\\/quehacerpolitico.mx\\\/#\\\/schema\\\/person\\\/496d8ad2d1d3f8036101dca7ee39e585\",\"name\":\"Redacci\u00f3n QP\",\"image\":{\"@type\":\"ImageObject\",\"inLanguage\":\"es\",\"@id\":\"https:\\\/\\\/secure.gravatar.com\\\/avatar\\\/c7164ed6fdec453195284ad24a5ae5b6e1eed2b848477fa2a4787ba9adf39a41?s=96&d=mm&r=g\",\"url\":\"https:\\\/\\\/secure.gravatar.com\\\/avatar\\\/c7164ed6fdec453195284ad24a5ae5b6e1eed2b848477fa2a4787ba9adf39a41?s=96&d=mm&r=g\",\"contentUrl\":\"https:\\\/\\\/secure.gravatar.com\\\/avatar\\\/c7164ed6fdec453195284ad24a5ae5b6e1eed2b848477fa2a4787ba9adf39a41?s=96&d=mm&r=g\",\"caption\":\"Redacci\u00f3n QP\"},\"url\":\"https:\\\/\\\/quehacerpolitico.mx\\\/?author=2\"}]}<\/script>\n<!-- \/ Yoast SEO plugin. -->","yoast_head_json":{"title":"Internacionales\/\/\/Carolina Alonso Romei\/\/\/EEUU emite su primer pasaporte con g\u00e9nero X -","robots":{"index":"index","follow":"follow","max-snippet":"max-snippet:-1","max-image-preview":"max-image-preview:large","max-video-preview":"max-video-preview:-1"},"canonical":"https:\/\/quehacerpolitico.mx\/?p=86113","og_locale":"es_MX","og_type":"article","og_title":"Internacionales\/\/\/Carolina Alonso Romei\/\/\/EEUU emite su primer pasaporte con g\u00e9nero X -","og_description":"Por Carolina Alonso Romei Internacionalista El Departamento de Estado espera poder ofrecer la opci\u00f3n a...","og_url":"https:\/\/quehacerpolitico.mx\/?p=86113","article_published_time":"2021-10-27T16:15:58+00:00","article_modified_time":"2021-10-27T16:16:01+00:00","og_image":[{"width":715,"height":429,"url":"https:\/\/quehacerpolitico.mx\/wp-content\/uploads\/2021\/10\/4917F273-D091-4236-A349-19CAA7DDE974.jpeg","type":"image\/jpeg"}],"author":"Redacci\u00f3n QP","twitter_card":"summary_large_image","twitter_misc":{"Escrito por":"Redacci\u00f3n QP","Tiempo de lectura":"3 minutos"},"schema":{"@context":"https:\/\/schema.org","@graph":[{"@type":"Article","@id":"https:\/\/quehacerpolitico.mx\/?p=86113#article","isPartOf":{"@id":"https:\/\/quehacerpolitico.mx\/?p=86113"},"author":{"name":"Redacci\u00f3n QP","@id":"https:\/\/quehacerpolitico.mx\/#\/schema\/person\/496d8ad2d1d3f8036101dca7ee39e585"},"headline":"Internacionales\/\/\/Carolina Alonso Romei\/\/\/EEUU emite su primer pasaporte con g\u00e9nero X","datePublished":"2021-10-27T16:15:58+00:00","dateModified":"2021-10-27T16:16:01+00:00","mainEntityOfPage":{"@id":"https:\/\/quehacerpolitico.mx\/?p=86113"},"wordCount":620,"commentCount":0,"image":{"@id":"https:\/\/quehacerpolitico.mx\/?p=86113#primaryimage"},"thumbnailUrl":"https:\/\/quehacerpolitico.mx\/wp-content\/uploads\/2021\/10\/4917F273-D091-4236-A349-19CAA7DDE974.jpeg","articleSection":["Internacionales"],"inLanguage":"es","potentialAction":[{"@type":"CommentAction","name":"Comment","target":["https:\/\/quehacerpolitico.mx\/?p=86113#respond"]}]},{"@type":"WebPage","@id":"https:\/\/quehacerpolitico.mx\/?p=86113","url":"https:\/\/quehacerpolitico.mx\/?p=86113","name":"Internacionales\/\/\/Carolina Alonso Romei\/\/\/EEUU emite su primer pasaporte con g\u00e9nero X -","isPartOf":{"@id":"https:\/\/quehacerpolitico.mx\/#website"},"primaryImageOfPage":{"@id":"https:\/\/quehacerpolitico.mx\/?p=86113#primaryimage"},"image":{"@id":"https:\/\/quehacerpolitico.mx\/?p=86113#primaryimage"},"thumbnailUrl":"https:\/\/quehacerpolitico.mx\/wp-content\/uploads\/2021\/10\/4917F273-D091-4236-A349-19CAA7DDE974.jpeg","datePublished":"2021-10-27T16:15:58+00:00","dateModified":"2021-10-27T16:16:01+00:00","author":{"@id":"https:\/\/quehacerpolitico.mx\/#\/schema\/person\/496d8ad2d1d3f8036101dca7ee39e585"},"breadcrumb":{"@id":"https:\/\/quehacerpolitico.mx\/?p=86113#breadcrumb"},"inLanguage":"es","potentialAction":[{"@type":"ReadAction","target":["https:\/\/quehacerpolitico.mx\/?p=86113"]}]},{"@type":"ImageObject","inLanguage":"es","@id":"https:\/\/quehacerpolitico.mx\/?p=86113#primaryimage","url":"https:\/\/quehacerpolitico.mx\/wp-content\/uploads\/2021\/10\/4917F273-D091-4236-A349-19CAA7DDE974.jpeg","contentUrl":"https:\/\/quehacerpolitico.mx\/wp-content\/uploads\/2021\/10\/4917F273-D091-4236-A349-19CAA7DDE974.jpeg","width":715,"height":429},{"@type":"BreadcrumbList","@id":"https:\/\/quehacerpolitico.mx\/?p=86113#breadcrumb","itemListElement":[{"@type":"ListItem","position":1,"name":"Inicio","item":"https:\/\/quehacerpolitico.mx\/"},{"@type":"ListItem","position":2,"name":"Internacionales\/\/\/Carolina Alonso Romei\/\/\/EEUU emite su primer pasaporte con g\u00e9nero X"}]},{"@type":"WebSite","@id":"https:\/\/quehacerpolitico.mx\/#website","url":"https:\/\/quehacerpolitico.mx\/","name":"","description":"","potentialAction":[{"@type":"SearchAction","target":{"@type":"EntryPoint","urlTemplate":"https:\/\/quehacerpolitico.mx\/?s={search_term_string}"},"query-input":{"@type":"PropertyValueSpecification","valueRequired":true,"valueName":"search_term_string"}}],"inLanguage":"es"},{"@type":"Person","@id":"https:\/\/quehacerpolitico.mx\/#\/schema\/person\/496d8ad2d1d3f8036101dca7ee39e585","name":"Redacci\u00f3n QP","image":{"@type":"ImageObject","inLanguage":"es","@id":"https:\/\/secure.gravatar.com\/avatar\/c7164ed6fdec453195284ad24a5ae5b6e1eed2b848477fa2a4787ba9adf39a41?s=96&d=mm&r=g","url":"https:\/\/secure.gravatar.com\/avatar\/c7164ed6fdec453195284ad24a5ae5b6e1eed2b848477fa2a4787ba9adf39a41?s=96&d=mm&r=g","contentUrl":"https:\/\/secure.gravatar.com\/avatar\/c7164ed6fdec453195284ad24a5ae5b6e1eed2b848477fa2a4787ba9adf39a41?s=96&d=mm&r=g","caption":"Redacci\u00f3n QP"},"url":"https:\/\/quehacerpolitico.mx\/?author=2"}]}},"featured_image_urls":{"full":["https:\/\/quehacerpolitico.mx\/wp-content\/uploads\/2021\/10\/4917F273-D091-4236-A349-19CAA7DDE974.jpeg",715,429,false],"thumbnail":["https:\/\/quehacerpolitico.mx\/wp-content\/uploads\/2021\/10\/4917F273-D091-4236-A349-19CAA7DDE974-150x150.jpeg",150,150,true],"medium":["https:\/\/quehacerpolitico.mx\/wp-content\/uploads\/2021\/10\/4917F273-D091-4236-A349-19CAA7DDE974-300x180.jpeg",300,180,true],"medium_large":["https:\/\/quehacerpolitico.mx\/wp-content\/uploads\/2021\/10\/4917F273-D091-4236-A349-19CAA7DDE974.jpeg",640,384,false],"large":["https:\/\/quehacerpolitico.mx\/wp-content\/uploads\/2021\/10\/4917F273-D091-4236-A349-19CAA7DDE974.jpeg",640,384,false],"1536x1536":["https:\/\/quehacerpolitico.mx\/wp-content\/uploads\/2021\/10\/4917F273-D091-4236-A349-19CAA7DDE974.jpeg",715,429,false],"2048x2048":["https:\/\/quehacerpolitico.mx\/wp-content\/uploads\/2021\/10\/4917F273-D091-4236-A349-19CAA7DDE974.jpeg",715,429,false],"covernews-featured":["https:\/\/quehacerpolitico.mx\/wp-content\/uploads\/2021\/10\/4917F273-D091-4236-A349-19CAA7DDE974.jpeg",715,429,false],"covernews-medium":["https:\/\/quehacerpolitico.mx\/wp-content\/uploads\/2021\/10\/4917F273-D091-4236-A349-19CAA7DDE974.jpeg",540,324,false]},"author_info":{"display_name":"Redacci\u00f3n QP","author_link":"https:\/\/quehacerpolitico.mx\/?author=2"},"category_info":"<a href=\"https:\/\/quehacerpolitico.mx\/?cat=1\" rel=\"category\">Internacionales<\/a>","tag_info":"Internacionales","comment_count":"0","_links":{"self":[{"href":"https:\/\/quehacerpolitico.mx\/index.php?rest_route=\/wp\/v2\/posts\/86113","targetHints":{"allow":["GET"]}}],"collection":[{"href":"https:\/\/quehacerpolitico.mx\/index.php?rest_route=\/wp\/v2\/posts"}],"about":[{"href":"https:\/\/quehacerpolitico.mx\/index.php?rest_route=\/wp\/v2\/types\/post"}],"author":[{"embeddable":true,"href":"https:\/\/quehacerpolitico.mx\/index.php?rest_route=\/wp\/v2\/users\/2"}],"replies":[{"embeddable":true,"href":"https:\/\/quehacerpolitico.mx\/index.php?rest_route=%2Fwp%2Fv2%2Fcomments&post=86113"}],"version-history":[{"count":1,"href":"https:\/\/quehacerpolitico.mx\/index.php?rest_route=\/wp\/v2\/posts\/86113\/revisions"}],"predecessor-version":[{"id":86115,"href":"https:\/\/quehacerpolitico.mx\/index.php?rest_route=\/wp\/v2\/posts\/86113\/revisions\/86115"}],"wp:featuredmedia":[{"embeddable":true,"href":"https:\/\/quehacerpolitico.mx\/index.php?rest_route=\/wp\/v2\/media\/86114"}],"wp:attachment":[{"href":"https:\/\/quehacerpolitico.mx\/index.php?rest_route=%2Fwp%2Fv2%2Fmedia&parent=86113"}],"wp:term":[{"taxonomy":"category","embeddable":true,"href":"https:\/\/quehacerpolitico.mx\/index.php?rest_route=%2Fwp%2Fv2%2Fcategories&post=86113"},{"taxonomy":"post_tag","embeddable":true,"href":"https:\/\/quehacerpolitico.mx\/index.php?rest_route=%2Fwp%2Fv2%2Ftags&post=86113"}],"curies":[{"name":"wp","href":"https:\/\/api.w.org\/{rel}","templated":true}]}}