{"id":86107,"date":"2021-10-27T15:35:05","date_gmt":"2021-10-27T15:35:05","guid":{"rendered":"https:\/\/quehacerpolitico.mx\/?p=86107"},"modified":"2021-10-27T15:35:09","modified_gmt":"2021-10-27T15:35:09","slug":"detienen-a-el-chimino-presunto-integrante-de-la-union-tepito-en-la-colonia-guerrero","status":"publish","type":"post","link":"https:\/\/quehacerpolitico.mx\/?p=86107","title":{"rendered":"Detienen a \u201cEl Chimino\u201d, presunto integrante de la Uni\u00f3n Tepito, en la colonia Guerrero"},"content":{"rendered":"\n<p>Por Redacci\u00f3n QP<\/p>\n\n\n\n<p>Marco Antonio \u201cN\u201d intent\u00f3 escapar por las zotehuelas de sus vecinos, pero cay\u00f3 desde un tercer piso, por lo que finalmente se logr\u00f3 su detenci\u00f3n.<\/p>\n\n\n\n<p>Elementos de la Polic\u00eda de Investigaci\u00f3n de la Fiscal\u00eda General de Justicia de la Ciudad de M\u00e9xico (FGJ-CdMx) lograron la detenci\u00f3n de\u00a0<strong>Marco Antonio \u201cN\u201d<\/strong>\u00a0de 32 a\u00f1os de edad alias \u201c<strong>El Chimino<\/strong>\u201d, durante un\u00a0<strong>operativo<\/strong>\u00a0en el n\u00famero 237 de la calle de Zarco de la colonia Guerrero, alcald\u00eda\u00a0<strong>Cuauht\u00e9moc<\/strong>.\u00a0<\/p>\n\n\n\n<p>El operativo se llev\u00f3 a cabo con una orden de cateo al interior del departamento 34 donde presuntamente&nbsp;<strong>vend\u00edan droga:<\/strong>&nbsp;al llegar la polic\u00eda de Investigaci\u00f3n al inmueble (propiedad de sus abuelos) solicit\u00f3 abrir la puerta para notificar el cateo, sin embargo,&nbsp;<strong>Marco Antonio \u201cN\u201d<\/strong>se neg\u00f3 y logr\u00f3 darse a la fuga por la zotehuela.<\/p>\n\n\n\n<p>Elementos del grupo Especializado de Reacci\u00f3n Inmediata (GERI) inicia una persecuci\u00f3n para detener a \u201c<strong>El Chimino<\/strong>\u201d y al tratar ingresar al departamento contiguo, una joven que se encontraba dormida, dio aviso a la polic\u00eda.<\/p>\n\n\n\n<p>En su intento de huir por las zotehuelas de varios departamentos, el hombre cay\u00f3 desde un tercer piso y se logr\u00f3 su detenci\u00f3n,<\/p>\n\n\n\n<p>El detenido, quien dijo pertenecer a la&nbsp;<strong>Uni\u00f3n Tepito<\/strong>. fue presentado con diversos envoltorios con las caracter\u00edsticas propias de la coca\u00edna y marihuana ante la Agencia Central n\u00famero 50, ubicada en la calle de Gabriel Hern\u00e1ndez. en la colonia Doctores, donde se determinar\u00e1 su situaci\u00f3n jur\u00eddica.<\/p>\n","protected":false},"excerpt":{"rendered":"<p>Por Redacci\u00f3n QP Marco Antonio \u201cN\u201d intent\u00f3 escapar por las zotehuelas de sus vecinos, pero&#8230;<\/p>\n","protected":false},"author":2,"featured_media":86108,"comment_status":"open","ping_status":"open","sticky":false,"template":"","format":"standard","meta":{"_monsterinsights_skip_tracking":false,"_monsterinsights_sitenote_active":false,"_monsterinsights_sitenote_note":"","_monsterinsights_sitenote_category":0,"footnotes":""},"categories":[55],"tags":[],"class_list":["post-86107","post","type-post","status-publish","format-standard","has-post-thumbnail","hentry","category-cdmx"],"yoast_head":"<!-- This site is optimized with the Yoast SEO plugin v27.3 - https:\/\/yoast.com\/product\/yoast-seo-wordpress\/ -->\n<title>Detienen a \u201cEl Chimino\u201d, presunto integrante de la Uni\u00f3n Tepito, en la colonia Guerrero -<\/title>\n<meta name=\"robots\" content=\"index, follow, max-snippet:-1, max-image-preview:large, max-video-preview:-1\" \/>\n<link rel=\"canonical\" href=\"https:\/\/quehacerpolitico.mx\/?p=86107\" \/>\n<meta property=\"og:locale\" content=\"es_MX\" \/>\n<meta property=\"og:type\" content=\"article\" \/>\n<meta property=\"og:title\" content=\"Detienen a \u201cEl Chimino\u201d, presunto integrante de la Uni\u00f3n Tepito, en la colonia Guerrero -\" \/>\n<meta property=\"og:description\" content=\"Por Redacci\u00f3n QP Marco Antonio \u201cN\u201d intent\u00f3 escapar por las zotehuelas de sus vecinos, pero...\" \/>\n<meta property=\"og:url\" content=\"https:\/\/quehacerpolitico.mx\/?p=86107\" \/>\n<meta property=\"article:published_time\" content=\"2021-10-27T15:35:05+00:00\" \/>\n<meta property=\"article:modified_time\" content=\"2021-10-27T15:35:09+00:00\" \/>\n<meta property=\"og:image\" content=\"https:\/\/quehacerpolitico.mx\/wp-content\/uploads\/2021\/10\/604FCB7B-2490-4181-9C77-559D7EDCF9D3.jpeg\" \/>\n\t<meta property=\"og:image:width\" content=\"696\" \/>\n\t<meta property=\"og:image:height\" content=\"432\" \/>\n\t<meta property=\"og:image:type\" content=\"image\/jpeg\" \/>\n<meta name=\"author\" content=\"Redacci\u00f3n QP\" \/>\n<meta name=\"twitter:card\" content=\"summary_large_image\" \/>\n<meta name=\"twitter:label1\" content=\"Escrito por\" \/>\n\t<meta name=\"twitter:data1\" content=\"Redacci\u00f3n QP\" \/>\n\t<meta name=\"twitter:label2\" content=\"Tiempo de lectura\" \/>\n\t<meta name=\"twitter:data2\" content=\"1 minuto\" \/>\n<script type=\"application\/ld+json\" class=\"yoast-schema-graph\">{\"@context\":\"https:\\\/\\\/schema.org\",\"@graph\":[{\"@type\":\"Article\",\"@id\":\"https:\\\/\\\/quehacerpolitico.mx\\\/?p=86107#article\",\"isPartOf\":{\"@id\":\"https:\\\/\\\/quehacerpolitico.mx\\\/?p=86107\"},\"author\":{\"name\":\"Redacci\u00f3n QP\",\"@id\":\"https:\\\/\\\/quehacerpolitico.mx\\\/#\\\/schema\\\/person\\\/496d8ad2d1d3f8036101dca7ee39e585\"},\"headline\":\"Detienen a \u201cEl Chimino\u201d, presunto integrante de la Uni\u00f3n Tepito, en la colonia Guerrero\",\"datePublished\":\"2021-10-27T15:35:05+00:00\",\"dateModified\":\"2021-10-27T15:35:09+00:00\",\"mainEntityOfPage\":{\"@id\":\"https:\\\/\\\/quehacerpolitico.mx\\\/?p=86107\"},\"wordCount\":278,\"commentCount\":0,\"image\":{\"@id\":\"https:\\\/\\\/quehacerpolitico.mx\\\/?p=86107#primaryimage\"},\"thumbnailUrl\":\"https:\\\/\\\/quehacerpolitico.mx\\\/wp-content\\\/uploads\\\/2021\\\/10\\\/604FCB7B-2490-4181-9C77-559D7EDCF9D3.jpeg\",\"articleSection\":[\"CDMX\"],\"inLanguage\":\"es\",\"potentialAction\":[{\"@type\":\"CommentAction\",\"name\":\"Comment\",\"target\":[\"https:\\\/\\\/quehacerpolitico.mx\\\/?p=86107#respond\"]}]},{\"@type\":\"WebPage\",\"@id\":\"https:\\\/\\\/quehacerpolitico.mx\\\/?p=86107\",\"url\":\"https:\\\/\\\/quehacerpolitico.mx\\\/?p=86107\",\"name\":\"Detienen a \u201cEl Chimino\u201d, presunto integrante de la Uni\u00f3n Tepito, en la colonia Guerrero -\",\"isPartOf\":{\"@id\":\"https:\\\/\\\/quehacerpolitico.mx\\\/#website\"},\"primaryImageOfPage\":{\"@id\":\"https:\\\/\\\/quehacerpolitico.mx\\\/?p=86107#primaryimage\"},\"image\":{\"@id\":\"https:\\\/\\\/quehacerpolitico.mx\\\/?p=86107#primaryimage\"},\"thumbnailUrl\":\"https:\\\/\\\/quehacerpolitico.mx\\\/wp-content\\\/uploads\\\/2021\\\/10\\\/604FCB7B-2490-4181-9C77-559D7EDCF9D3.jpeg\",\"datePublished\":\"2021-10-27T15:35:05+00:00\",\"dateModified\":\"2021-10-27T15:35:09+00:00\",\"author\":{\"@id\":\"https:\\\/\\\/quehacerpolitico.mx\\\/#\\\/schema\\\/person\\\/496d8ad2d1d3f8036101dca7ee39e585\"},\"breadcrumb\":{\"@id\":\"https:\\\/\\\/quehacerpolitico.mx\\\/?p=86107#breadcrumb\"},\"inLanguage\":\"es\",\"potentialAction\":[{\"@type\":\"ReadAction\",\"target\":[\"https:\\\/\\\/quehacerpolitico.mx\\\/?p=86107\"]}]},{\"@type\":\"ImageObject\",\"inLanguage\":\"es\",\"@id\":\"https:\\\/\\\/quehacerpolitico.mx\\\/?p=86107#primaryimage\",\"url\":\"https:\\\/\\\/quehacerpolitico.mx\\\/wp-content\\\/uploads\\\/2021\\\/10\\\/604FCB7B-2490-4181-9C77-559D7EDCF9D3.jpeg\",\"contentUrl\":\"https:\\\/\\\/quehacerpolitico.mx\\\/wp-content\\\/uploads\\\/2021\\\/10\\\/604FCB7B-2490-4181-9C77-559D7EDCF9D3.jpeg\",\"width\":696,\"height\":432},{\"@type\":\"BreadcrumbList\",\"@id\":\"https:\\\/\\\/quehacerpolitico.mx\\\/?p=86107#breadcrumb\",\"itemListElement\":[{\"@type\":\"ListItem\",\"position\":1,\"name\":\"Inicio\",\"item\":\"https:\\\/\\\/quehacerpolitico.mx\\\/\"},{\"@type\":\"ListItem\",\"position\":2,\"name\":\"Detienen a \u201cEl Chimino\u201d, presunto integrante de la Uni\u00f3n Tepito, en la colonia Guerrero\"}]},{\"@type\":\"WebSite\",\"@id\":\"https:\\\/\\\/quehacerpolitico.mx\\\/#website\",\"url\":\"https:\\\/\\\/quehacerpolitico.mx\\\/\",\"name\":\"\",\"description\":\"\",\"potentialAction\":[{\"@type\":\"SearchAction\",\"target\":{\"@type\":\"EntryPoint\",\"urlTemplate\":\"https:\\\/\\\/quehacerpolitico.mx\\\/?s={search_term_string}\"},\"query-input\":{\"@type\":\"PropertyValueSpecification\",\"valueRequired\":true,\"valueName\":\"search_term_string\"}}],\"inLanguage\":\"es\"},{\"@type\":\"Person\",\"@id\":\"https:\\\/\\\/quehacerpolitico.mx\\\/#\\\/schema\\\/person\\\/496d8ad2d1d3f8036101dca7ee39e585\",\"name\":\"Redacci\u00f3n QP\",\"image\":{\"@type\":\"ImageObject\",\"inLanguage\":\"es\",\"@id\":\"https:\\\/\\\/secure.gravatar.com\\\/avatar\\\/c7164ed6fdec453195284ad24a5ae5b6e1eed2b848477fa2a4787ba9adf39a41?s=96&d=mm&r=g\",\"url\":\"https:\\\/\\\/secure.gravatar.com\\\/avatar\\\/c7164ed6fdec453195284ad24a5ae5b6e1eed2b848477fa2a4787ba9adf39a41?s=96&d=mm&r=g\",\"contentUrl\":\"https:\\\/\\\/secure.gravatar.com\\\/avatar\\\/c7164ed6fdec453195284ad24a5ae5b6e1eed2b848477fa2a4787ba9adf39a41?s=96&d=mm&r=g\",\"caption\":\"Redacci\u00f3n QP\"},\"url\":\"https:\\\/\\\/quehacerpolitico.mx\\\/?author=2\"}]}<\/script>\n<!-- \/ Yoast SEO plugin. -->","yoast_head_json":{"title":"Detienen a \u201cEl Chimino\u201d, presunto integrante de la Uni\u00f3n Tepito, en la colonia Guerrero -","robots":{"index":"index","follow":"follow","max-snippet":"max-snippet:-1","max-image-preview":"max-image-preview:large","max-video-preview":"max-video-preview:-1"},"canonical":"https:\/\/quehacerpolitico.mx\/?p=86107","og_locale":"es_MX","og_type":"article","og_title":"Detienen a \u201cEl Chimino\u201d, presunto integrante de la Uni\u00f3n Tepito, en la colonia Guerrero -","og_description":"Por Redacci\u00f3n QP Marco Antonio \u201cN\u201d intent\u00f3 escapar por las zotehuelas de sus vecinos, pero...","og_url":"https:\/\/quehacerpolitico.mx\/?p=86107","article_published_time":"2021-10-27T15:35:05+00:00","article_modified_time":"2021-10-27T15:35:09+00:00","og_image":[{"width":696,"height":432,"url":"https:\/\/quehacerpolitico.mx\/wp-content\/uploads\/2021\/10\/604FCB7B-2490-4181-9C77-559D7EDCF9D3.jpeg","type":"image\/jpeg"}],"author":"Redacci\u00f3n QP","twitter_card":"summary_large_image","twitter_misc":{"Escrito por":"Redacci\u00f3n QP","Tiempo de lectura":"1 minuto"},"schema":{"@context":"https:\/\/schema.org","@graph":[{"@type":"Article","@id":"https:\/\/quehacerpolitico.mx\/?p=86107#article","isPartOf":{"@id":"https:\/\/quehacerpolitico.mx\/?p=86107"},"author":{"name":"Redacci\u00f3n QP","@id":"https:\/\/quehacerpolitico.mx\/#\/schema\/person\/496d8ad2d1d3f8036101dca7ee39e585"},"headline":"Detienen a \u201cEl Chimino\u201d, presunto integrante de la Uni\u00f3n Tepito, en la colonia Guerrero","datePublished":"2021-10-27T15:35:05+00:00","dateModified":"2021-10-27T15:35:09+00:00","mainEntityOfPage":{"@id":"https:\/\/quehacerpolitico.mx\/?p=86107"},"wordCount":278,"commentCount":0,"image":{"@id":"https:\/\/quehacerpolitico.mx\/?p=86107#primaryimage"},"thumbnailUrl":"https:\/\/quehacerpolitico.mx\/wp-content\/uploads\/2021\/10\/604FCB7B-2490-4181-9C77-559D7EDCF9D3.jpeg","articleSection":["CDMX"],"inLanguage":"es","potentialAction":[{"@type":"CommentAction","name":"Comment","target":["https:\/\/quehacerpolitico.mx\/?p=86107#respond"]}]},{"@type":"WebPage","@id":"https:\/\/quehacerpolitico.mx\/?p=86107","url":"https:\/\/quehacerpolitico.mx\/?p=86107","name":"Detienen a \u201cEl Chimino\u201d, presunto integrante de la Uni\u00f3n Tepito, en la colonia Guerrero -","isPartOf":{"@id":"https:\/\/quehacerpolitico.mx\/#website"},"primaryImageOfPage":{"@id":"https:\/\/quehacerpolitico.mx\/?p=86107#primaryimage"},"image":{"@id":"https:\/\/quehacerpolitico.mx\/?p=86107#primaryimage"},"thumbnailUrl":"https:\/\/quehacerpolitico.mx\/wp-content\/uploads\/2021\/10\/604FCB7B-2490-4181-9C77-559D7EDCF9D3.jpeg","datePublished":"2021-10-27T15:35:05+00:00","dateModified":"2021-10-27T15:35:09+00:00","author":{"@id":"https:\/\/quehacerpolitico.mx\/#\/schema\/person\/496d8ad2d1d3f8036101dca7ee39e585"},"breadcrumb":{"@id":"https:\/\/quehacerpolitico.mx\/?p=86107#breadcrumb"},"inLanguage":"es","potentialAction":[{"@type":"ReadAction","target":["https:\/\/quehacerpolitico.mx\/?p=86107"]}]},{"@type":"ImageObject","inLanguage":"es","@id":"https:\/\/quehacerpolitico.mx\/?p=86107#primaryimage","url":"https:\/\/quehacerpolitico.mx\/wp-content\/uploads\/2021\/10\/604FCB7B-2490-4181-9C77-559D7EDCF9D3.jpeg","contentUrl":"https:\/\/quehacerpolitico.mx\/wp-content\/uploads\/2021\/10\/604FCB7B-2490-4181-9C77-559D7EDCF9D3.jpeg","width":696,"height":432},{"@type":"BreadcrumbList","@id":"https:\/\/quehacerpolitico.mx\/?p=86107#breadcrumb","itemListElement":[{"@type":"ListItem","position":1,"name":"Inicio","item":"https:\/\/quehacerpolitico.mx\/"},{"@type":"ListItem","position":2,"name":"Detienen a \u201cEl Chimino\u201d, presunto integrante de la Uni\u00f3n Tepito, en la colonia Guerrero"}]},{"@type":"WebSite","@id":"https:\/\/quehacerpolitico.mx\/#website","url":"https:\/\/quehacerpolitico.mx\/","name":"","description":"","potentialAction":[{"@type":"SearchAction","target":{"@type":"EntryPoint","urlTemplate":"https:\/\/quehacerpolitico.mx\/?s={search_term_string}"},"query-input":{"@type":"PropertyValueSpecification","valueRequired":true,"valueName":"search_term_string"}}],"inLanguage":"es"},{"@type":"Person","@id":"https:\/\/quehacerpolitico.mx\/#\/schema\/person\/496d8ad2d1d3f8036101dca7ee39e585","name":"Redacci\u00f3n QP","image":{"@type":"ImageObject","inLanguage":"es","@id":"https:\/\/secure.gravatar.com\/avatar\/c7164ed6fdec453195284ad24a5ae5b6e1eed2b848477fa2a4787ba9adf39a41?s=96&d=mm&r=g","url":"https:\/\/secure.gravatar.com\/avatar\/c7164ed6fdec453195284ad24a5ae5b6e1eed2b848477fa2a4787ba9adf39a41?s=96&d=mm&r=g","contentUrl":"https:\/\/secure.gravatar.com\/avatar\/c7164ed6fdec453195284ad24a5ae5b6e1eed2b848477fa2a4787ba9adf39a41?s=96&d=mm&r=g","caption":"Redacci\u00f3n QP"},"url":"https:\/\/quehacerpolitico.mx\/?author=2"}]}},"featured_image_urls":{"full":["https:\/\/quehacerpolitico.mx\/wp-content\/uploads\/2021\/10\/604FCB7B-2490-4181-9C77-559D7EDCF9D3.jpeg",696,432,false],"thumbnail":["https:\/\/quehacerpolitico.mx\/wp-content\/uploads\/2021\/10\/604FCB7B-2490-4181-9C77-559D7EDCF9D3-150x150.jpeg",150,150,true],"medium":["https:\/\/quehacerpolitico.mx\/wp-content\/uploads\/2021\/10\/604FCB7B-2490-4181-9C77-559D7EDCF9D3-300x186.jpeg",300,186,true],"medium_large":["https:\/\/quehacerpolitico.mx\/wp-content\/uploads\/2021\/10\/604FCB7B-2490-4181-9C77-559D7EDCF9D3.jpeg",640,397,false],"large":["https:\/\/quehacerpolitico.mx\/wp-content\/uploads\/2021\/10\/604FCB7B-2490-4181-9C77-559D7EDCF9D3.jpeg",640,397,false],"1536x1536":["https:\/\/quehacerpolitico.mx\/wp-content\/uploads\/2021\/10\/604FCB7B-2490-4181-9C77-559D7EDCF9D3.jpeg",696,432,false],"2048x2048":["https:\/\/quehacerpolitico.mx\/wp-content\/uploads\/2021\/10\/604FCB7B-2490-4181-9C77-559D7EDCF9D3.jpeg",696,432,false],"covernews-featured":["https:\/\/quehacerpolitico.mx\/wp-content\/uploads\/2021\/10\/604FCB7B-2490-4181-9C77-559D7EDCF9D3.jpeg",696,432,false],"covernews-medium":["https:\/\/quehacerpolitico.mx\/wp-content\/uploads\/2021\/10\/604FCB7B-2490-4181-9C77-559D7EDCF9D3.jpeg",540,335,false]},"author_info":{"display_name":"Redacci\u00f3n QP","author_link":"https:\/\/quehacerpolitico.mx\/?author=2"},"category_info":"<a href=\"https:\/\/quehacerpolitico.mx\/?cat=55\" rel=\"category\">CDMX<\/a>","tag_info":"CDMX","comment_count":"0","_links":{"self":[{"href":"https:\/\/quehacerpolitico.mx\/index.php?rest_route=\/wp\/v2\/posts\/86107","targetHints":{"allow":["GET"]}}],"collection":[{"href":"https:\/\/quehacerpolitico.mx\/index.php?rest_route=\/wp\/v2\/posts"}],"about":[{"href":"https:\/\/quehacerpolitico.mx\/index.php?rest_route=\/wp\/v2\/types\/post"}],"author":[{"embeddable":true,"href":"https:\/\/quehacerpolitico.mx\/index.php?rest_route=\/wp\/v2\/users\/2"}],"replies":[{"embeddable":true,"href":"https:\/\/quehacerpolitico.mx\/index.php?rest_route=%2Fwp%2Fv2%2Fcomments&post=86107"}],"version-history":[{"count":1,"href":"https:\/\/quehacerpolitico.mx\/index.php?rest_route=\/wp\/v2\/posts\/86107\/revisions"}],"predecessor-version":[{"id":86109,"href":"https:\/\/quehacerpolitico.mx\/index.php?rest_route=\/wp\/v2\/posts\/86107\/revisions\/86109"}],"wp:featuredmedia":[{"embeddable":true,"href":"https:\/\/quehacerpolitico.mx\/index.php?rest_route=\/wp\/v2\/media\/86108"}],"wp:attachment":[{"href":"https:\/\/quehacerpolitico.mx\/index.php?rest_route=%2Fwp%2Fv2%2Fmedia&parent=86107"}],"wp:term":[{"taxonomy":"category","embeddable":true,"href":"https:\/\/quehacerpolitico.mx\/index.php?rest_route=%2Fwp%2Fv2%2Fcategories&post=86107"},{"taxonomy":"post_tag","embeddable":true,"href":"https:\/\/quehacerpolitico.mx\/index.php?rest_route=%2Fwp%2Fv2%2Ftags&post=86107"}],"curies":[{"name":"wp","href":"https:\/\/api.w.org\/{rel}","templated":true}]}}