{"id":86062,"date":"2021-10-26T18:33:34","date_gmt":"2021-10-26T18:33:34","guid":{"rendered":"https:\/\/quehacerpolitico.mx\/?p=86062"},"modified":"2021-10-26T18:33:38","modified_gmt":"2021-10-26T18:33:38","slug":"f1-pilotos-podran-expresarse-libremente-sobre-derechos-humanos-en-gp-de-qatar","status":"publish","type":"post","link":"https:\/\/quehacerpolitico.mx\/?p=86062","title":{"rendered":"F1: Pilotos podr\u00e1n expresarse libremente sobre derechos humanos en GP de Qatar"},"content":{"rendered":"\n<p>Por Redacci\u00f3n QP<\/p>\n\n\n\n<p>El GP de Qatar de F1, previsto el 21 de noviembre, reemplaza al Gran Premio de Australia, cancelado este a\u00f1o a causa de la pandemia y de las restricciones sanitarias<\/p>\n\n\n\n<p>El presidente de la federaci\u00f3n catar\u00ed del deporte del autom\u00f3vil asegur\u00f3 que los pilotos podr\u00e1n&nbsp;<strong>&#8220;expresarse libremente&#8221;<\/strong>&nbsp;sobre los derechos humanos en el marco del Gran Premio de Qatar de F\u00f3rmula 1 (F1), el primero en la historia de ese pa\u00eds.<\/p>\n\n\n\n<p><strong>Los pilotos, entre ellos el brit\u00e1nico Lewis Hamilton,<\/strong>\u00a0siete veces campe\u00f3n del mundo y muy comprometido con las causas sociales, &#8220;podr\u00e1n expresarse libremente en sus plataformas&#8221;, declar\u00f3 Abdelrahman al-Mannai, presidente de la Federaci\u00f3n de Automovilismo y Motociclismo de Catar.<\/p>\n\n\n\n<p><strong>&#8220;No tenemos ning\u00fan problema con eso en Qatar dado que son libres de decir lo que quieran&#8221;,<\/strong>prosigui\u00f3.<\/p>\n\n\n\n<p>Qatar recibe frecuentes condenas por parte de las ONG internacionales&nbsp;<strong>por el trato dispensado a centenares de miles de trabajadores procedentes sobre todo de Asia para las grandes obras del Mundial de futbol,<\/strong>&nbsp;que organizar\u00e1 en noviembre y diciembre de 2022.<\/p>\n\n\n\n<p>En marzo, el peque\u00f1o emirato fue objeto de protestas por parte de jugadores de varias selecciones de futbol -Noruega, Alemania, B\u00e9lgica, Pa\u00edses Bajos- en el marco de los partidos de clasificaci\u00f3n al Mundial 2022.<\/p>\n\n\n\n<p>Ante las cr\u00edticas, Qatar introdujo varias reformas de su derecho laboral, como la supresi\u00f3n de una &#8220;visa de salida&#8221; para empleados dom\u00e9sticos, la introducci\u00f3n de un salario m\u00ednimo (1.12 euros la hora) o la abolici\u00f3n del certificado de &#8220;no objeci\u00f3n&#8221; de los empleadores para los trabajadores que deseen cambiar de trabajo.<\/p>\n\n\n\n<p><strong>&#8220;Qatar est\u00e1 desde hace un tiempo abierto (\u2026) a las cr\u00edticas.<\/strong>\u00a0Estos \u00faltimos a\u00f1os Qatar trabaj\u00f3 para mejorar la situaci\u00f3n de los trabajadores&#8221;, insisti\u00f3 Abdelrahman al-Mannai.<\/p>\n\n\n\n<p>&#8220;Hemos realizado progresos considerables. Por supuesto, el sistema no es todav\u00eda perfecto&#8221;, prosigui\u00f3.<\/p>\n\n\n\n<p>El GP de Qatar de F1,\u00a0<strong>previsto el 21 de noviembre<\/strong>, reemplaza al Gran Premio de Australia, cancelado este a\u00f1o a causa de la pandemia y de las restricciones sanitarias. Qatar se comprometi\u00f3 a acoger a la F1 los pr\u00f3ximos diez a\u00f1os en el circuito de Losail.<\/p>\n\n\n\n<p>Con Informaci\u00f3n de AFP<\/p>\n","protected":false},"excerpt":{"rendered":"<p>Por Redacci\u00f3n QP El GP de Qatar de F1, previsto el 21 de noviembre, reemplaza&#8230;<\/p>\n","protected":false},"author":2,"featured_media":86063,"comment_status":"open","ping_status":"open","sticky":false,"template":"","format":"standard","meta":{"_monsterinsights_skip_tracking":false,"_monsterinsights_sitenote_active":false,"_monsterinsights_sitenote_note":"","_monsterinsights_sitenote_category":0,"footnotes":""},"categories":[54],"tags":[],"class_list":["post-86062","post","type-post","status-publish","format-standard","has-post-thumbnail","hentry","category-deportes"],"yoast_head":"<!-- This site is optimized with the Yoast SEO plugin v27.3 - https:\/\/yoast.com\/product\/yoast-seo-wordpress\/ -->\n<title>F1: Pilotos podr\u00e1n expresarse libremente sobre derechos humanos en GP de Qatar -<\/title>\n<meta name=\"robots\" content=\"index, follow, max-snippet:-1, max-image-preview:large, max-video-preview:-1\" \/>\n<link rel=\"canonical\" href=\"https:\/\/quehacerpolitico.mx\/?p=86062\" \/>\n<meta property=\"og:locale\" content=\"es_MX\" \/>\n<meta property=\"og:type\" content=\"article\" \/>\n<meta property=\"og:title\" content=\"F1: Pilotos podr\u00e1n expresarse libremente sobre derechos humanos en GP de Qatar -\" \/>\n<meta property=\"og:description\" content=\"Por Redacci\u00f3n QP El GP de Qatar de F1, previsto el 21 de noviembre, reemplaza...\" \/>\n<meta property=\"og:url\" content=\"https:\/\/quehacerpolitico.mx\/?p=86062\" \/>\n<meta property=\"article:published_time\" content=\"2021-10-26T18:33:34+00:00\" \/>\n<meta property=\"article:modified_time\" content=\"2021-10-26T18:33:38+00:00\" \/>\n<meta property=\"og:image\" content=\"https:\/\/quehacerpolitico.mx\/wp-content\/uploads\/2021\/10\/37A3795F-560A-430F-816C-2797DB5EF7A8.jpeg\" \/>\n\t<meta property=\"og:image:width\" content=\"916\" \/>\n\t<meta property=\"og:image:height\" content=\"855\" \/>\n\t<meta property=\"og:image:type\" content=\"image\/jpeg\" \/>\n<meta name=\"author\" content=\"Redacci\u00f3n QP\" \/>\n<meta name=\"twitter:card\" content=\"summary_large_image\" \/>\n<meta name=\"twitter:label1\" content=\"Escrito por\" \/>\n\t<meta name=\"twitter:data1\" content=\"Redacci\u00f3n QP\" \/>\n\t<meta name=\"twitter:label2\" content=\"Tiempo de lectura\" \/>\n\t<meta name=\"twitter:data2\" content=\"2 minutos\" \/>\n<script type=\"application\/ld+json\" class=\"yoast-schema-graph\">{\"@context\":\"https:\\\/\\\/schema.org\",\"@graph\":[{\"@type\":\"Article\",\"@id\":\"https:\\\/\\\/quehacerpolitico.mx\\\/?p=86062#article\",\"isPartOf\":{\"@id\":\"https:\\\/\\\/quehacerpolitico.mx\\\/?p=86062\"},\"author\":{\"name\":\"Redacci\u00f3n QP\",\"@id\":\"https:\\\/\\\/quehacerpolitico.mx\\\/#\\\/schema\\\/person\\\/496d8ad2d1d3f8036101dca7ee39e585\"},\"headline\":\"F1: Pilotos podr\u00e1n expresarse libremente sobre derechos humanos en GP de Qatar\",\"datePublished\":\"2021-10-26T18:33:34+00:00\",\"dateModified\":\"2021-10-26T18:33:38+00:00\",\"mainEntityOfPage\":{\"@id\":\"https:\\\/\\\/quehacerpolitico.mx\\\/?p=86062\"},\"wordCount\":388,\"commentCount\":0,\"image\":{\"@id\":\"https:\\\/\\\/quehacerpolitico.mx\\\/?p=86062#primaryimage\"},\"thumbnailUrl\":\"https:\\\/\\\/quehacerpolitico.mx\\\/wp-content\\\/uploads\\\/2021\\\/10\\\/37A3795F-560A-430F-816C-2797DB5EF7A8.jpeg\",\"articleSection\":[\"Deportes\"],\"inLanguage\":\"es\",\"potentialAction\":[{\"@type\":\"CommentAction\",\"name\":\"Comment\",\"target\":[\"https:\\\/\\\/quehacerpolitico.mx\\\/?p=86062#respond\"]}]},{\"@type\":\"WebPage\",\"@id\":\"https:\\\/\\\/quehacerpolitico.mx\\\/?p=86062\",\"url\":\"https:\\\/\\\/quehacerpolitico.mx\\\/?p=86062\",\"name\":\"F1: Pilotos podr\u00e1n expresarse libremente sobre derechos humanos en GP de Qatar -\",\"isPartOf\":{\"@id\":\"https:\\\/\\\/quehacerpolitico.mx\\\/#website\"},\"primaryImageOfPage\":{\"@id\":\"https:\\\/\\\/quehacerpolitico.mx\\\/?p=86062#primaryimage\"},\"image\":{\"@id\":\"https:\\\/\\\/quehacerpolitico.mx\\\/?p=86062#primaryimage\"},\"thumbnailUrl\":\"https:\\\/\\\/quehacerpolitico.mx\\\/wp-content\\\/uploads\\\/2021\\\/10\\\/37A3795F-560A-430F-816C-2797DB5EF7A8.jpeg\",\"datePublished\":\"2021-10-26T18:33:34+00:00\",\"dateModified\":\"2021-10-26T18:33:38+00:00\",\"author\":{\"@id\":\"https:\\\/\\\/quehacerpolitico.mx\\\/#\\\/schema\\\/person\\\/496d8ad2d1d3f8036101dca7ee39e585\"},\"breadcrumb\":{\"@id\":\"https:\\\/\\\/quehacerpolitico.mx\\\/?p=86062#breadcrumb\"},\"inLanguage\":\"es\",\"potentialAction\":[{\"@type\":\"ReadAction\",\"target\":[\"https:\\\/\\\/quehacerpolitico.mx\\\/?p=86062\"]}]},{\"@type\":\"ImageObject\",\"inLanguage\":\"es\",\"@id\":\"https:\\\/\\\/quehacerpolitico.mx\\\/?p=86062#primaryimage\",\"url\":\"https:\\\/\\\/quehacerpolitico.mx\\\/wp-content\\\/uploads\\\/2021\\\/10\\\/37A3795F-560A-430F-816C-2797DB5EF7A8.jpeg\",\"contentUrl\":\"https:\\\/\\\/quehacerpolitico.mx\\\/wp-content\\\/uploads\\\/2021\\\/10\\\/37A3795F-560A-430F-816C-2797DB5EF7A8.jpeg\",\"width\":916,\"height\":855},{\"@type\":\"BreadcrumbList\",\"@id\":\"https:\\\/\\\/quehacerpolitico.mx\\\/?p=86062#breadcrumb\",\"itemListElement\":[{\"@type\":\"ListItem\",\"position\":1,\"name\":\"Inicio\",\"item\":\"https:\\\/\\\/quehacerpolitico.mx\\\/\"},{\"@type\":\"ListItem\",\"position\":2,\"name\":\"F1: Pilotos podr\u00e1n expresarse libremente sobre derechos humanos en GP de Qatar\"}]},{\"@type\":\"WebSite\",\"@id\":\"https:\\\/\\\/quehacerpolitico.mx\\\/#website\",\"url\":\"https:\\\/\\\/quehacerpolitico.mx\\\/\",\"name\":\"\",\"description\":\"\",\"potentialAction\":[{\"@type\":\"SearchAction\",\"target\":{\"@type\":\"EntryPoint\",\"urlTemplate\":\"https:\\\/\\\/quehacerpolitico.mx\\\/?s={search_term_string}\"},\"query-input\":{\"@type\":\"PropertyValueSpecification\",\"valueRequired\":true,\"valueName\":\"search_term_string\"}}],\"inLanguage\":\"es\"},{\"@type\":\"Person\",\"@id\":\"https:\\\/\\\/quehacerpolitico.mx\\\/#\\\/schema\\\/person\\\/496d8ad2d1d3f8036101dca7ee39e585\",\"name\":\"Redacci\u00f3n QP\",\"image\":{\"@type\":\"ImageObject\",\"inLanguage\":\"es\",\"@id\":\"https:\\\/\\\/secure.gravatar.com\\\/avatar\\\/c7164ed6fdec453195284ad24a5ae5b6e1eed2b848477fa2a4787ba9adf39a41?s=96&d=mm&r=g\",\"url\":\"https:\\\/\\\/secure.gravatar.com\\\/avatar\\\/c7164ed6fdec453195284ad24a5ae5b6e1eed2b848477fa2a4787ba9adf39a41?s=96&d=mm&r=g\",\"contentUrl\":\"https:\\\/\\\/secure.gravatar.com\\\/avatar\\\/c7164ed6fdec453195284ad24a5ae5b6e1eed2b848477fa2a4787ba9adf39a41?s=96&d=mm&r=g\",\"caption\":\"Redacci\u00f3n QP\"},\"url\":\"https:\\\/\\\/quehacerpolitico.mx\\\/?author=2\"}]}<\/script>\n<!-- \/ Yoast SEO plugin. -->","yoast_head_json":{"title":"F1: Pilotos podr\u00e1n expresarse libremente sobre derechos humanos en GP de Qatar -","robots":{"index":"index","follow":"follow","max-snippet":"max-snippet:-1","max-image-preview":"max-image-preview:large","max-video-preview":"max-video-preview:-1"},"canonical":"https:\/\/quehacerpolitico.mx\/?p=86062","og_locale":"es_MX","og_type":"article","og_title":"F1: Pilotos podr\u00e1n expresarse libremente sobre derechos humanos en GP de Qatar -","og_description":"Por Redacci\u00f3n QP El GP de Qatar de F1, previsto el 21 de noviembre, reemplaza...","og_url":"https:\/\/quehacerpolitico.mx\/?p=86062","article_published_time":"2021-10-26T18:33:34+00:00","article_modified_time":"2021-10-26T18:33:38+00:00","og_image":[{"width":916,"height":855,"url":"https:\/\/quehacerpolitico.mx\/wp-content\/uploads\/2021\/10\/37A3795F-560A-430F-816C-2797DB5EF7A8.jpeg","type":"image\/jpeg"}],"author":"Redacci\u00f3n QP","twitter_card":"summary_large_image","twitter_misc":{"Escrito por":"Redacci\u00f3n QP","Tiempo de lectura":"2 minutos"},"schema":{"@context":"https:\/\/schema.org","@graph":[{"@type":"Article","@id":"https:\/\/quehacerpolitico.mx\/?p=86062#article","isPartOf":{"@id":"https:\/\/quehacerpolitico.mx\/?p=86062"},"author":{"name":"Redacci\u00f3n QP","@id":"https:\/\/quehacerpolitico.mx\/#\/schema\/person\/496d8ad2d1d3f8036101dca7ee39e585"},"headline":"F1: Pilotos podr\u00e1n expresarse libremente sobre derechos humanos en GP de Qatar","datePublished":"2021-10-26T18:33:34+00:00","dateModified":"2021-10-26T18:33:38+00:00","mainEntityOfPage":{"@id":"https:\/\/quehacerpolitico.mx\/?p=86062"},"wordCount":388,"commentCount":0,"image":{"@id":"https:\/\/quehacerpolitico.mx\/?p=86062#primaryimage"},"thumbnailUrl":"https:\/\/quehacerpolitico.mx\/wp-content\/uploads\/2021\/10\/37A3795F-560A-430F-816C-2797DB5EF7A8.jpeg","articleSection":["Deportes"],"inLanguage":"es","potentialAction":[{"@type":"CommentAction","name":"Comment","target":["https:\/\/quehacerpolitico.mx\/?p=86062#respond"]}]},{"@type":"WebPage","@id":"https:\/\/quehacerpolitico.mx\/?p=86062","url":"https:\/\/quehacerpolitico.mx\/?p=86062","name":"F1: Pilotos podr\u00e1n expresarse libremente sobre derechos humanos en GP de Qatar -","isPartOf":{"@id":"https:\/\/quehacerpolitico.mx\/#website"},"primaryImageOfPage":{"@id":"https:\/\/quehacerpolitico.mx\/?p=86062#primaryimage"},"image":{"@id":"https:\/\/quehacerpolitico.mx\/?p=86062#primaryimage"},"thumbnailUrl":"https:\/\/quehacerpolitico.mx\/wp-content\/uploads\/2021\/10\/37A3795F-560A-430F-816C-2797DB5EF7A8.jpeg","datePublished":"2021-10-26T18:33:34+00:00","dateModified":"2021-10-26T18:33:38+00:00","author":{"@id":"https:\/\/quehacerpolitico.mx\/#\/schema\/person\/496d8ad2d1d3f8036101dca7ee39e585"},"breadcrumb":{"@id":"https:\/\/quehacerpolitico.mx\/?p=86062#breadcrumb"},"inLanguage":"es","potentialAction":[{"@type":"ReadAction","target":["https:\/\/quehacerpolitico.mx\/?p=86062"]}]},{"@type":"ImageObject","inLanguage":"es","@id":"https:\/\/quehacerpolitico.mx\/?p=86062#primaryimage","url":"https:\/\/quehacerpolitico.mx\/wp-content\/uploads\/2021\/10\/37A3795F-560A-430F-816C-2797DB5EF7A8.jpeg","contentUrl":"https:\/\/quehacerpolitico.mx\/wp-content\/uploads\/2021\/10\/37A3795F-560A-430F-816C-2797DB5EF7A8.jpeg","width":916,"height":855},{"@type":"BreadcrumbList","@id":"https:\/\/quehacerpolitico.mx\/?p=86062#breadcrumb","itemListElement":[{"@type":"ListItem","position":1,"name":"Inicio","item":"https:\/\/quehacerpolitico.mx\/"},{"@type":"ListItem","position":2,"name":"F1: Pilotos podr\u00e1n expresarse libremente sobre derechos humanos en GP de Qatar"}]},{"@type":"WebSite","@id":"https:\/\/quehacerpolitico.mx\/#website","url":"https:\/\/quehacerpolitico.mx\/","name":"","description":"","potentialAction":[{"@type":"SearchAction","target":{"@type":"EntryPoint","urlTemplate":"https:\/\/quehacerpolitico.mx\/?s={search_term_string}"},"query-input":{"@type":"PropertyValueSpecification","valueRequired":true,"valueName":"search_term_string"}}],"inLanguage":"es"},{"@type":"Person","@id":"https:\/\/quehacerpolitico.mx\/#\/schema\/person\/496d8ad2d1d3f8036101dca7ee39e585","name":"Redacci\u00f3n QP","image":{"@type":"ImageObject","inLanguage":"es","@id":"https:\/\/secure.gravatar.com\/avatar\/c7164ed6fdec453195284ad24a5ae5b6e1eed2b848477fa2a4787ba9adf39a41?s=96&d=mm&r=g","url":"https:\/\/secure.gravatar.com\/avatar\/c7164ed6fdec453195284ad24a5ae5b6e1eed2b848477fa2a4787ba9adf39a41?s=96&d=mm&r=g","contentUrl":"https:\/\/secure.gravatar.com\/avatar\/c7164ed6fdec453195284ad24a5ae5b6e1eed2b848477fa2a4787ba9adf39a41?s=96&d=mm&r=g","caption":"Redacci\u00f3n QP"},"url":"https:\/\/quehacerpolitico.mx\/?author=2"}]}},"featured_image_urls":{"full":["https:\/\/quehacerpolitico.mx\/wp-content\/uploads\/2021\/10\/37A3795F-560A-430F-816C-2797DB5EF7A8.jpeg",916,855,false],"thumbnail":["https:\/\/quehacerpolitico.mx\/wp-content\/uploads\/2021\/10\/37A3795F-560A-430F-816C-2797DB5EF7A8-150x150.jpeg",150,150,true],"medium":["https:\/\/quehacerpolitico.mx\/wp-content\/uploads\/2021\/10\/37A3795F-560A-430F-816C-2797DB5EF7A8-300x280.jpeg",300,280,true],"medium_large":["https:\/\/quehacerpolitico.mx\/wp-content\/uploads\/2021\/10\/37A3795F-560A-430F-816C-2797DB5EF7A8-768x717.jpeg",640,598,true],"large":["https:\/\/quehacerpolitico.mx\/wp-content\/uploads\/2021\/10\/37A3795F-560A-430F-816C-2797DB5EF7A8.jpeg",640,597,false],"1536x1536":["https:\/\/quehacerpolitico.mx\/wp-content\/uploads\/2021\/10\/37A3795F-560A-430F-816C-2797DB5EF7A8.jpeg",916,855,false],"2048x2048":["https:\/\/quehacerpolitico.mx\/wp-content\/uploads\/2021\/10\/37A3795F-560A-430F-816C-2797DB5EF7A8.jpeg",916,855,false],"covernews-featured":["https:\/\/quehacerpolitico.mx\/wp-content\/uploads\/2021\/10\/37A3795F-560A-430F-816C-2797DB5EF7A8.jpeg",916,855,false],"covernews-medium":["https:\/\/quehacerpolitico.mx\/wp-content\/uploads\/2021\/10\/37A3795F-560A-430F-816C-2797DB5EF7A8.jpeg",364,340,false]},"author_info":{"display_name":"Redacci\u00f3n QP","author_link":"https:\/\/quehacerpolitico.mx\/?author=2"},"category_info":"<a href=\"https:\/\/quehacerpolitico.mx\/?cat=54\" rel=\"category\">Deportes<\/a>","tag_info":"Deportes","comment_count":"0","_links":{"self":[{"href":"https:\/\/quehacerpolitico.mx\/index.php?rest_route=\/wp\/v2\/posts\/86062","targetHints":{"allow":["GET"]}}],"collection":[{"href":"https:\/\/quehacerpolitico.mx\/index.php?rest_route=\/wp\/v2\/posts"}],"about":[{"href":"https:\/\/quehacerpolitico.mx\/index.php?rest_route=\/wp\/v2\/types\/post"}],"author":[{"embeddable":true,"href":"https:\/\/quehacerpolitico.mx\/index.php?rest_route=\/wp\/v2\/users\/2"}],"replies":[{"embeddable":true,"href":"https:\/\/quehacerpolitico.mx\/index.php?rest_route=%2Fwp%2Fv2%2Fcomments&post=86062"}],"version-history":[{"count":1,"href":"https:\/\/quehacerpolitico.mx\/index.php?rest_route=\/wp\/v2\/posts\/86062\/revisions"}],"predecessor-version":[{"id":86064,"href":"https:\/\/quehacerpolitico.mx\/index.php?rest_route=\/wp\/v2\/posts\/86062\/revisions\/86064"}],"wp:featuredmedia":[{"embeddable":true,"href":"https:\/\/quehacerpolitico.mx\/index.php?rest_route=\/wp\/v2\/media\/86063"}],"wp:attachment":[{"href":"https:\/\/quehacerpolitico.mx\/index.php?rest_route=%2Fwp%2Fv2%2Fmedia&parent=86062"}],"wp:term":[{"taxonomy":"category","embeddable":true,"href":"https:\/\/quehacerpolitico.mx\/index.php?rest_route=%2Fwp%2Fv2%2Fcategories&post=86062"},{"taxonomy":"post_tag","embeddable":true,"href":"https:\/\/quehacerpolitico.mx\/index.php?rest_route=%2Fwp%2Fv2%2Ftags&post=86062"}],"curies":[{"name":"wp","href":"https:\/\/api.w.org\/{rel}","templated":true}]}}