{"id":86059,"date":"2021-10-26T18:11:03","date_gmt":"2021-10-26T18:11:03","guid":{"rendered":"https:\/\/quehacerpolitico.mx\/?p=86059"},"modified":"2021-10-26T18:11:05","modified_gmt":"2021-10-26T18:11:05","slug":"el-sat-va-contra-los-abusos-en-el-uso-de-deducciones-aclara-raquel-buenrostro","status":"publish","type":"post","link":"https:\/\/quehacerpolitico.mx\/?p=86059","title":{"rendered":"El SAT va contra los abusos en el uso de deducciones, aclara Raquel Buenrostro"},"content":{"rendered":"\n<p>Por Redacci\u00f3n QP<\/p>\n\n\n\n<p>De 10 mil\u00a0donatarias autorizadas que existen en el pa\u00eds s\u00f3lo se ver\u00edan afectadas en sus ingresos dos de ellas, las cuales son fundaciones familiares y cuyos principales donativos otorgan siete personas<\/p>\n\n\n\n<p>El problema no son las donatarias autorizadas, sino qui\u00e9n realiza la donaci\u00f3n, ese es el trasfondo de los cambios en la Miscel\u00e1nea Fiscal 2022 para la deducibilidad de los donativos de personas f\u00edsicas, \u2013los cuales ya fueron aprobados en la C\u00e1mara de Diputados\u2013, asegur\u00f3 Raquel Buenrostro, jefa del Servicio de Administraci\u00f3n Tributaria (SAT), durante la sesi\u00f3n de las Comisiones Unidas de Hacienda y Cr\u00e9dito P\u00fablico y de Estudios Legislativos de la C\u00e1mara de Senadores.<\/p>\n\n\n\n<p>En este sentido, Buenrostro S\u00e1nchez revel\u00f3 que van contra los abusos en el uso de deducciones, ya que\u00a0<strong>el\u00a0SAT\u00a0detect\u00f3 a siete personas pertenecientes a una misma familia que donaban dinero a sus propias fundaciones para deducir Impuesto sobre la Renta<\/strong>\u00a0(ISR).<\/p>\n\n\n\n<p>\u201cPor el secreto fiscal no puedo revelar los nombres, pero s\u00ed los n\u00fameros. Son siete personas de la misma familia. Hist\u00f3ricamente se observa que deducen entre 150 y 350 millones de pesos al a\u00f1o y (el donativo) es directamente a sus fundaciones familiares\u201d, respondi\u00f3 Buenrostro al ser cuestionada por medios al finalizar la reuni\u00f3n de las comisiones unidas.<\/p>\n\n\n\n<p>Acot\u00f3 que&nbsp;<strong>de 10 mil&nbsp;donatarias&nbsp;autorizadas que existen en el pa\u00eds s\u00f3lo se ver\u00edan afectadas en sus ingresos dos de ellas, las cuales son fundaciones familiares y cuyos principales donativos otorgan siete personas.<\/strong><\/p>\n\n\n\n<p>Asegur\u00f3 que \u201c84% de los donativos son realizados por personas morales,\u00a0<strong>en el caso de personas morales no se est\u00e1 cambiando la ley, entonces 84% de los donativos est\u00e1n garantizados. No se afectan. Del 16% restante, 96% son personas f\u00edsicas que donan menos de 30 mil pesos\u201d.<\/strong><\/p>\n\n\n\n<p>Tambi\u00e9n explic\u00f3 que descubri\u00f3 a personas f\u00edsicas abusivas que inventan informaci\u00f3n, ya que deducen m\u00e1s de lo que donan. Por ejemplo,&nbsp;<strong>\u201cen las deducciones fiscales del 2020 se inventaron 732 millones de pesos adicionales\u201d.<\/strong><\/p>\n\n\n\n<p>En este tema, acus\u00f3, \u201cdesafortunadamente est\u00e1n inmiscuidos hasta directores de fundaciones\u201d.<\/p>\n\n\n\n<p>Dicho lo anterior, la funcionaria explic\u00f3 a los legisladores que le resulta m\u00e1s c\u00f3modo poner una limitante a la norma para estas siete personas y 50 personas f\u00edsicas que inventan deducciones, a que se les audite, se les cobre y se les exhiba. \u201cMejor que vean la norma y se apliquen. (Esto) es un cambio de cultura fiscal, las donatarias en ning\u00fan momento se est\u00e1n afectando, no hay restricci\u00f3n a ellas\u201d.<\/p>\n\n\n\n<p><strong>Qu\u00e9 dice la Ley<\/strong><\/p>\n\n\n\n<p>La reforma al art\u00edculo 151 de la Ley del Impuesto sobre la Renta busca que el l\u00edmite de las deducciones de personas f\u00edsicas por realizar donativos ya no sea de 7%, sino&nbsp;<strong>que los donativos se incluyan en el l\u00edmite global las deducciones que es de 15 por ciento.<\/strong><\/p>\n\n\n\n<p>Mientras que&nbsp;<strong>para las personas morales permanece el porcentaje de 7% de la utilidad que se present\u00f3 en la declaraci\u00f3n del a\u00f1o anterior,<\/strong>&nbsp;de acuerdo con Ley del ISR.<\/p>\n\n\n\n<p>A decir de la titular del SAT no todo est\u00e1 mal ya que hay gente que da donativos de sumas de dinero grandes y las deduce conforme a lo que corresponde o incluso deduce menos.<\/p>\n\n\n\n<figure class=\"wp-block-image\"><img decoding=\"async\" src=\"https:\/\/www.informador.mx\/export\/sites\/elinformador\/img\/2021\/10\/26\/grta_1.jpg_1949401204.jpg\" alt=\"\" title=\"\"\/><\/figure>\n\n\n\n<p><strong>Menos donatarias autorizadas<\/strong><\/p>\n\n\n\n<p>De acuerdo con datos de la Secretar\u00eda de Hacienda, existen 9 mil 675 donatarias autorizadas para el 2021. Las cuales sufrieron una disminuci\u00f3n de 4.3% respecto a las 10 mil 112 que exist\u00edan en el 2020. Del 2019 al 2020 se observ\u00f3 una ca\u00edda de 3% anual, a\u00f1o en que hab\u00eda 10 mil 432 Organizaciones de la Sociedad Civil (OSC).<\/p>\n\n\n\n<p>En este tenor, la senadora del PRI, Nuvia Magdalena Mayorga Delgado record\u00f3 que no hay que generalizar con esta medida implementada ya que existen aproximadamente 5 mil&nbsp;OSC en M\u00e9xico que podr\u00edan verse afectadas.<\/p>\n\n\n\n<p>\u201cHay que hacerlo de forma escalonada, si bien existen OSC que las utilizan nada m\u00e1s para poder deducir sus impuestos vamos contra ellas, no hay que generalizar. Ojal\u00e1 esto se tome en cuenta por el bien de todos\u201d, coment\u00f3.<\/p>\n","protected":false},"excerpt":{"rendered":"<p>Por Redacci\u00f3n QP De 10 mil\u00a0donatarias autorizadas que existen en el pa\u00eds s\u00f3lo se ver\u00edan&#8230;<\/p>\n","protected":false},"author":2,"featured_media":86060,"comment_status":"open","ping_status":"open","sticky":false,"template":"","format":"standard","meta":{"_monsterinsights_skip_tracking":false,"_monsterinsights_sitenote_active":false,"_monsterinsights_sitenote_note":"","_monsterinsights_sitenote_category":0,"footnotes":""},"categories":[56],"tags":[],"class_list":["post-86059","post","type-post","status-publish","format-standard","has-post-thumbnail","hentry","category-economia"],"yoast_head":"<!-- This site is optimized with the Yoast SEO plugin v27.3 - https:\/\/yoast.com\/product\/yoast-seo-wordpress\/ -->\n<title>El SAT va contra los abusos en el uso de deducciones, aclara Raquel Buenrostro -<\/title>\n<meta name=\"robots\" content=\"index, follow, max-snippet:-1, max-image-preview:large, max-video-preview:-1\" \/>\n<link rel=\"canonical\" href=\"https:\/\/quehacerpolitico.mx\/?p=86059\" \/>\n<meta property=\"og:locale\" content=\"es_MX\" \/>\n<meta property=\"og:type\" content=\"article\" \/>\n<meta property=\"og:title\" content=\"El SAT va contra los abusos en el uso de deducciones, aclara Raquel Buenrostro -\" \/>\n<meta property=\"og:description\" content=\"Por Redacci\u00f3n QP De 10 mil\u00a0donatarias autorizadas que existen en el pa\u00eds s\u00f3lo se ver\u00edan...\" \/>\n<meta property=\"og:url\" content=\"https:\/\/quehacerpolitico.mx\/?p=86059\" \/>\n<meta property=\"article:published_time\" content=\"2021-10-26T18:11:03+00:00\" \/>\n<meta property=\"article:modified_time\" content=\"2021-10-26T18:11:05+00:00\" \/>\n<meta property=\"og:image\" content=\"https:\/\/quehacerpolitico.mx\/wp-content\/uploads\/2021\/10\/CC5419E5-8CCD-459E-9C43-D92FBF42A491.jpeg\" \/>\n\t<meta property=\"og:image:width\" content=\"715\" \/>\n\t<meta property=\"og:image:height\" content=\"429\" \/>\n\t<meta property=\"og:image:type\" content=\"image\/jpeg\" \/>\n<meta name=\"author\" content=\"Redacci\u00f3n QP\" \/>\n<meta name=\"twitter:card\" content=\"summary_large_image\" \/>\n<meta name=\"twitter:label1\" content=\"Escrito por\" \/>\n\t<meta name=\"twitter:data1\" content=\"Redacci\u00f3n QP\" \/>\n\t<meta name=\"twitter:label2\" content=\"Tiempo de lectura\" \/>\n\t<meta name=\"twitter:data2\" content=\"3 minutos\" \/>\n<script type=\"application\/ld+json\" class=\"yoast-schema-graph\">{\"@context\":\"https:\\\/\\\/schema.org\",\"@graph\":[{\"@type\":\"Article\",\"@id\":\"https:\\\/\\\/quehacerpolitico.mx\\\/?p=86059#article\",\"isPartOf\":{\"@id\":\"https:\\\/\\\/quehacerpolitico.mx\\\/?p=86059\"},\"author\":{\"name\":\"Redacci\u00f3n QP\",\"@id\":\"https:\\\/\\\/quehacerpolitico.mx\\\/#\\\/schema\\\/person\\\/496d8ad2d1d3f8036101dca7ee39e585\"},\"headline\":\"El SAT va contra los abusos en el uso de deducciones, aclara Raquel Buenrostro\",\"datePublished\":\"2021-10-26T18:11:03+00:00\",\"dateModified\":\"2021-10-26T18:11:05+00:00\",\"mainEntityOfPage\":{\"@id\":\"https:\\\/\\\/quehacerpolitico.mx\\\/?p=86059\"},\"wordCount\":702,\"commentCount\":0,\"image\":{\"@id\":\"https:\\\/\\\/quehacerpolitico.mx\\\/?p=86059#primaryimage\"},\"thumbnailUrl\":\"https:\\\/\\\/quehacerpolitico.mx\\\/wp-content\\\/uploads\\\/2021\\\/10\\\/CC5419E5-8CCD-459E-9C43-D92FBF42A491.jpeg\",\"articleSection\":[\"Econom\u00eda\"],\"inLanguage\":\"es\",\"potentialAction\":[{\"@type\":\"CommentAction\",\"name\":\"Comment\",\"target\":[\"https:\\\/\\\/quehacerpolitico.mx\\\/?p=86059#respond\"]}]},{\"@type\":\"WebPage\",\"@id\":\"https:\\\/\\\/quehacerpolitico.mx\\\/?p=86059\",\"url\":\"https:\\\/\\\/quehacerpolitico.mx\\\/?p=86059\",\"name\":\"El SAT va contra los abusos en el uso de deducciones, aclara Raquel Buenrostro -\",\"isPartOf\":{\"@id\":\"https:\\\/\\\/quehacerpolitico.mx\\\/#website\"},\"primaryImageOfPage\":{\"@id\":\"https:\\\/\\\/quehacerpolitico.mx\\\/?p=86059#primaryimage\"},\"image\":{\"@id\":\"https:\\\/\\\/quehacerpolitico.mx\\\/?p=86059#primaryimage\"},\"thumbnailUrl\":\"https:\\\/\\\/quehacerpolitico.mx\\\/wp-content\\\/uploads\\\/2021\\\/10\\\/CC5419E5-8CCD-459E-9C43-D92FBF42A491.jpeg\",\"datePublished\":\"2021-10-26T18:11:03+00:00\",\"dateModified\":\"2021-10-26T18:11:05+00:00\",\"author\":{\"@id\":\"https:\\\/\\\/quehacerpolitico.mx\\\/#\\\/schema\\\/person\\\/496d8ad2d1d3f8036101dca7ee39e585\"},\"breadcrumb\":{\"@id\":\"https:\\\/\\\/quehacerpolitico.mx\\\/?p=86059#breadcrumb\"},\"inLanguage\":\"es\",\"potentialAction\":[{\"@type\":\"ReadAction\",\"target\":[\"https:\\\/\\\/quehacerpolitico.mx\\\/?p=86059\"]}]},{\"@type\":\"ImageObject\",\"inLanguage\":\"es\",\"@id\":\"https:\\\/\\\/quehacerpolitico.mx\\\/?p=86059#primaryimage\",\"url\":\"https:\\\/\\\/quehacerpolitico.mx\\\/wp-content\\\/uploads\\\/2021\\\/10\\\/CC5419E5-8CCD-459E-9C43-D92FBF42A491.jpeg\",\"contentUrl\":\"https:\\\/\\\/quehacerpolitico.mx\\\/wp-content\\\/uploads\\\/2021\\\/10\\\/CC5419E5-8CCD-459E-9C43-D92FBF42A491.jpeg\",\"width\":715,\"height\":429},{\"@type\":\"BreadcrumbList\",\"@id\":\"https:\\\/\\\/quehacerpolitico.mx\\\/?p=86059#breadcrumb\",\"itemListElement\":[{\"@type\":\"ListItem\",\"position\":1,\"name\":\"Inicio\",\"item\":\"https:\\\/\\\/quehacerpolitico.mx\\\/\"},{\"@type\":\"ListItem\",\"position\":2,\"name\":\"El SAT va contra los abusos en el uso de deducciones, aclara Raquel Buenrostro\"}]},{\"@type\":\"WebSite\",\"@id\":\"https:\\\/\\\/quehacerpolitico.mx\\\/#website\",\"url\":\"https:\\\/\\\/quehacerpolitico.mx\\\/\",\"name\":\"\",\"description\":\"\",\"potentialAction\":[{\"@type\":\"SearchAction\",\"target\":{\"@type\":\"EntryPoint\",\"urlTemplate\":\"https:\\\/\\\/quehacerpolitico.mx\\\/?s={search_term_string}\"},\"query-input\":{\"@type\":\"PropertyValueSpecification\",\"valueRequired\":true,\"valueName\":\"search_term_string\"}}],\"inLanguage\":\"es\"},{\"@type\":\"Person\",\"@id\":\"https:\\\/\\\/quehacerpolitico.mx\\\/#\\\/schema\\\/person\\\/496d8ad2d1d3f8036101dca7ee39e585\",\"name\":\"Redacci\u00f3n QP\",\"image\":{\"@type\":\"ImageObject\",\"inLanguage\":\"es\",\"@id\":\"https:\\\/\\\/secure.gravatar.com\\\/avatar\\\/c7164ed6fdec453195284ad24a5ae5b6e1eed2b848477fa2a4787ba9adf39a41?s=96&d=mm&r=g\",\"url\":\"https:\\\/\\\/secure.gravatar.com\\\/avatar\\\/c7164ed6fdec453195284ad24a5ae5b6e1eed2b848477fa2a4787ba9adf39a41?s=96&d=mm&r=g\",\"contentUrl\":\"https:\\\/\\\/secure.gravatar.com\\\/avatar\\\/c7164ed6fdec453195284ad24a5ae5b6e1eed2b848477fa2a4787ba9adf39a41?s=96&d=mm&r=g\",\"caption\":\"Redacci\u00f3n QP\"},\"url\":\"https:\\\/\\\/quehacerpolitico.mx\\\/?author=2\"}]}<\/script>\n<!-- \/ Yoast SEO plugin. -->","yoast_head_json":{"title":"El SAT va contra los abusos en el uso de deducciones, aclara Raquel Buenrostro -","robots":{"index":"index","follow":"follow","max-snippet":"max-snippet:-1","max-image-preview":"max-image-preview:large","max-video-preview":"max-video-preview:-1"},"canonical":"https:\/\/quehacerpolitico.mx\/?p=86059","og_locale":"es_MX","og_type":"article","og_title":"El SAT va contra los abusos en el uso de deducciones, aclara Raquel Buenrostro -","og_description":"Por Redacci\u00f3n QP De 10 mil\u00a0donatarias autorizadas que existen en el pa\u00eds s\u00f3lo se ver\u00edan...","og_url":"https:\/\/quehacerpolitico.mx\/?p=86059","article_published_time":"2021-10-26T18:11:03+00:00","article_modified_time":"2021-10-26T18:11:05+00:00","og_image":[{"width":715,"height":429,"url":"https:\/\/quehacerpolitico.mx\/wp-content\/uploads\/2021\/10\/CC5419E5-8CCD-459E-9C43-D92FBF42A491.jpeg","type":"image\/jpeg"}],"author":"Redacci\u00f3n QP","twitter_card":"summary_large_image","twitter_misc":{"Escrito por":"Redacci\u00f3n QP","Tiempo de lectura":"3 minutos"},"schema":{"@context":"https:\/\/schema.org","@graph":[{"@type":"Article","@id":"https:\/\/quehacerpolitico.mx\/?p=86059#article","isPartOf":{"@id":"https:\/\/quehacerpolitico.mx\/?p=86059"},"author":{"name":"Redacci\u00f3n QP","@id":"https:\/\/quehacerpolitico.mx\/#\/schema\/person\/496d8ad2d1d3f8036101dca7ee39e585"},"headline":"El SAT va contra los abusos en el uso de deducciones, aclara Raquel Buenrostro","datePublished":"2021-10-26T18:11:03+00:00","dateModified":"2021-10-26T18:11:05+00:00","mainEntityOfPage":{"@id":"https:\/\/quehacerpolitico.mx\/?p=86059"},"wordCount":702,"commentCount":0,"image":{"@id":"https:\/\/quehacerpolitico.mx\/?p=86059#primaryimage"},"thumbnailUrl":"https:\/\/quehacerpolitico.mx\/wp-content\/uploads\/2021\/10\/CC5419E5-8CCD-459E-9C43-D92FBF42A491.jpeg","articleSection":["Econom\u00eda"],"inLanguage":"es","potentialAction":[{"@type":"CommentAction","name":"Comment","target":["https:\/\/quehacerpolitico.mx\/?p=86059#respond"]}]},{"@type":"WebPage","@id":"https:\/\/quehacerpolitico.mx\/?p=86059","url":"https:\/\/quehacerpolitico.mx\/?p=86059","name":"El SAT va contra los abusos en el uso de deducciones, aclara Raquel Buenrostro -","isPartOf":{"@id":"https:\/\/quehacerpolitico.mx\/#website"},"primaryImageOfPage":{"@id":"https:\/\/quehacerpolitico.mx\/?p=86059#primaryimage"},"image":{"@id":"https:\/\/quehacerpolitico.mx\/?p=86059#primaryimage"},"thumbnailUrl":"https:\/\/quehacerpolitico.mx\/wp-content\/uploads\/2021\/10\/CC5419E5-8CCD-459E-9C43-D92FBF42A491.jpeg","datePublished":"2021-10-26T18:11:03+00:00","dateModified":"2021-10-26T18:11:05+00:00","author":{"@id":"https:\/\/quehacerpolitico.mx\/#\/schema\/person\/496d8ad2d1d3f8036101dca7ee39e585"},"breadcrumb":{"@id":"https:\/\/quehacerpolitico.mx\/?p=86059#breadcrumb"},"inLanguage":"es","potentialAction":[{"@type":"ReadAction","target":["https:\/\/quehacerpolitico.mx\/?p=86059"]}]},{"@type":"ImageObject","inLanguage":"es","@id":"https:\/\/quehacerpolitico.mx\/?p=86059#primaryimage","url":"https:\/\/quehacerpolitico.mx\/wp-content\/uploads\/2021\/10\/CC5419E5-8CCD-459E-9C43-D92FBF42A491.jpeg","contentUrl":"https:\/\/quehacerpolitico.mx\/wp-content\/uploads\/2021\/10\/CC5419E5-8CCD-459E-9C43-D92FBF42A491.jpeg","width":715,"height":429},{"@type":"BreadcrumbList","@id":"https:\/\/quehacerpolitico.mx\/?p=86059#breadcrumb","itemListElement":[{"@type":"ListItem","position":1,"name":"Inicio","item":"https:\/\/quehacerpolitico.mx\/"},{"@type":"ListItem","position":2,"name":"El SAT va contra los abusos en el uso de deducciones, aclara Raquel Buenrostro"}]},{"@type":"WebSite","@id":"https:\/\/quehacerpolitico.mx\/#website","url":"https:\/\/quehacerpolitico.mx\/","name":"","description":"","potentialAction":[{"@type":"SearchAction","target":{"@type":"EntryPoint","urlTemplate":"https:\/\/quehacerpolitico.mx\/?s={search_term_string}"},"query-input":{"@type":"PropertyValueSpecification","valueRequired":true,"valueName":"search_term_string"}}],"inLanguage":"es"},{"@type":"Person","@id":"https:\/\/quehacerpolitico.mx\/#\/schema\/person\/496d8ad2d1d3f8036101dca7ee39e585","name":"Redacci\u00f3n QP","image":{"@type":"ImageObject","inLanguage":"es","@id":"https:\/\/secure.gravatar.com\/avatar\/c7164ed6fdec453195284ad24a5ae5b6e1eed2b848477fa2a4787ba9adf39a41?s=96&d=mm&r=g","url":"https:\/\/secure.gravatar.com\/avatar\/c7164ed6fdec453195284ad24a5ae5b6e1eed2b848477fa2a4787ba9adf39a41?s=96&d=mm&r=g","contentUrl":"https:\/\/secure.gravatar.com\/avatar\/c7164ed6fdec453195284ad24a5ae5b6e1eed2b848477fa2a4787ba9adf39a41?s=96&d=mm&r=g","caption":"Redacci\u00f3n QP"},"url":"https:\/\/quehacerpolitico.mx\/?author=2"}]}},"featured_image_urls":{"full":["https:\/\/quehacerpolitico.mx\/wp-content\/uploads\/2021\/10\/CC5419E5-8CCD-459E-9C43-D92FBF42A491.jpeg",715,429,false],"thumbnail":["https:\/\/quehacerpolitico.mx\/wp-content\/uploads\/2021\/10\/CC5419E5-8CCD-459E-9C43-D92FBF42A491-150x150.jpeg",150,150,true],"medium":["https:\/\/quehacerpolitico.mx\/wp-content\/uploads\/2021\/10\/CC5419E5-8CCD-459E-9C43-D92FBF42A491-300x180.jpeg",300,180,true],"medium_large":["https:\/\/quehacerpolitico.mx\/wp-content\/uploads\/2021\/10\/CC5419E5-8CCD-459E-9C43-D92FBF42A491.jpeg",640,384,false],"large":["https:\/\/quehacerpolitico.mx\/wp-content\/uploads\/2021\/10\/CC5419E5-8CCD-459E-9C43-D92FBF42A491.jpeg",640,384,false],"1536x1536":["https:\/\/quehacerpolitico.mx\/wp-content\/uploads\/2021\/10\/CC5419E5-8CCD-459E-9C43-D92FBF42A491.jpeg",715,429,false],"2048x2048":["https:\/\/quehacerpolitico.mx\/wp-content\/uploads\/2021\/10\/CC5419E5-8CCD-459E-9C43-D92FBF42A491.jpeg",715,429,false],"covernews-featured":["https:\/\/quehacerpolitico.mx\/wp-content\/uploads\/2021\/10\/CC5419E5-8CCD-459E-9C43-D92FBF42A491.jpeg",715,429,false],"covernews-medium":["https:\/\/quehacerpolitico.mx\/wp-content\/uploads\/2021\/10\/CC5419E5-8CCD-459E-9C43-D92FBF42A491.jpeg",540,324,false]},"author_info":{"display_name":"Redacci\u00f3n QP","author_link":"https:\/\/quehacerpolitico.mx\/?author=2"},"category_info":"<a href=\"https:\/\/quehacerpolitico.mx\/?cat=56\" rel=\"category\">Econom\u00eda<\/a>","tag_info":"Econom\u00eda","comment_count":"0","_links":{"self":[{"href":"https:\/\/quehacerpolitico.mx\/index.php?rest_route=\/wp\/v2\/posts\/86059","targetHints":{"allow":["GET"]}}],"collection":[{"href":"https:\/\/quehacerpolitico.mx\/index.php?rest_route=\/wp\/v2\/posts"}],"about":[{"href":"https:\/\/quehacerpolitico.mx\/index.php?rest_route=\/wp\/v2\/types\/post"}],"author":[{"embeddable":true,"href":"https:\/\/quehacerpolitico.mx\/index.php?rest_route=\/wp\/v2\/users\/2"}],"replies":[{"embeddable":true,"href":"https:\/\/quehacerpolitico.mx\/index.php?rest_route=%2Fwp%2Fv2%2Fcomments&post=86059"}],"version-history":[{"count":1,"href":"https:\/\/quehacerpolitico.mx\/index.php?rest_route=\/wp\/v2\/posts\/86059\/revisions"}],"predecessor-version":[{"id":86061,"href":"https:\/\/quehacerpolitico.mx\/index.php?rest_route=\/wp\/v2\/posts\/86059\/revisions\/86061"}],"wp:featuredmedia":[{"embeddable":true,"href":"https:\/\/quehacerpolitico.mx\/index.php?rest_route=\/wp\/v2\/media\/86060"}],"wp:attachment":[{"href":"https:\/\/quehacerpolitico.mx\/index.php?rest_route=%2Fwp%2Fv2%2Fmedia&parent=86059"}],"wp:term":[{"taxonomy":"category","embeddable":true,"href":"https:\/\/quehacerpolitico.mx\/index.php?rest_route=%2Fwp%2Fv2%2Fcategories&post=86059"},{"taxonomy":"post_tag","embeddable":true,"href":"https:\/\/quehacerpolitico.mx\/index.php?rest_route=%2Fwp%2Fv2%2Ftags&post=86059"}],"curies":[{"name":"wp","href":"https:\/\/api.w.org\/{rel}","templated":true}]}}