{"id":86056,"date":"2021-10-26T17:54:28","date_gmt":"2021-10-26T17:54:28","guid":{"rendered":"https:\/\/quehacerpolitico.mx\/?p=86056"},"modified":"2021-10-26T17:54:31","modified_gmt":"2021-10-26T17:54:31","slug":"la-unam-no-es-tuya-anaya-responde-a-amlo-tras-criticas","status":"publish","type":"post","link":"https:\/\/quehacerpolitico.mx\/?p=86056","title":{"rendered":"La UNAM no es tuya: Anaya responde a AMLO tras cr\u00edticas"},"content":{"rendered":"\n<p>Por Redacci\u00f3n QP<\/p>\n\n\n\n<p>Esto luego de que AMLO declarara\u00a0que la UNAM\u00a0se derechiz\u00f3\u00a0y\u00a0que las facultades se llenaron de conservadores<\/p>\n\n\n\n<p>Luego de que el Presidente\u00a0<strong>Andres Manuel L\u00f3pez Obrador\u00a0<\/strong>(AMLO) declar\u00f3 que la Universidad Nacional Aut\u00f3noma de M\u00e9xico (UNAM) &#8220;se derechiz\u00f3&#8221;, que las facultades se llenaron de conservadores y que se volvi\u00f3 individualista y defensora de proyectos neoliberales, Ricardo Anaya, excandidato presidencial, le pidi\u00f3 respetar la autonom\u00eda de la m\u00e1xima casa de estudios.<\/p>\n\n\n\n<p>A trav\u00e9s de redes sociales, Ricardo Anaya cont\u00f3 que su abuela empez\u00f3 a dar clases en la UNAM antes de que L\u00f3pez Obrador naciera, adem\u00e1s que ah\u00ed estudiaron sus pap\u00e1s y tambi\u00e9n hizo su doctorado.<\/p>\n\n\n\n<p><strong>&#8220;La UNAM no es tuya. Respeta su autonom\u00eda y entiende que su diversidad la hace la mejor universidad de M\u00e9xico&#8221;, escribi\u00f3 el excandidato presidencial del PAN.<\/strong><\/p>\n\n\n\n<figure class=\"wp-block-embed is-type-rich is-provider-twitter wp-block-embed-twitter\"><div class=\"wp-block-embed__wrapper\">\n<blockquote class=\"twitter-tweet\" data-width=\"550\" data-dnt=\"true\"><p lang=\"es\" dir=\"ltr\">Andr\u00e9s Manuel, mi abuela empez\u00f3 a dar clases en la <a href=\"https:\/\/twitter.com\/hashtag\/UNAM?src=hash&amp;ref_src=twsrc%5Etfw\">#UNAM<\/a> antes de que nacieras. Ah\u00ed estudiaron mis pap\u00e1s. Yo hice mi doctorado en la misma facultad a la que t\u00fa asist\u00edas. <br>La UNAM no es tuya. Respeta su autonom\u00eda y entiende que su diversidad la hace la mejor universidad de M\u00e9xico.<\/p>&mdash; RicardoAnayaC (@RicardoAnayaC) <a href=\"https:\/\/twitter.com\/RicardoAnayaC\/status\/1453015968779841541?ref_src=twsrc%5Etfw\">October 26, 2021<\/a><\/blockquote><script async src=\"https:\/\/platform.twitter.com\/widgets.js\" charset=\"utf-8\"><\/script>\n<\/div><\/figure>\n\n\n\n<p>En su conferencia ma\u00f1anera de este martes en Palacio Nacional, L\u00f3pez Obrador reafirm\u00f3:&nbsp;<strong>&#8220;Claro que se derechiz\u00f3 la UNAM en el periodo neoliberal&#8221;.<\/strong><\/p>\n\n\n\n<p>&#8220;No dijeron nada durante el saqueo m\u00e1s grande en la historia de M\u00e9xico, ay\u00fadenme a encontrar los libros de la UNAM durante el periodo neoliberal del saqueo que imper\u00f3 durante 36 a\u00f1os, a ver cu\u00e1ntos tratados, ensayos sobre la corrupci\u00f3n, sobre la entrega de bienes de la naci\u00f3n a particulares en el gobierno de Salinas (\u2026).<\/p>\n\n\n\n<p>&#8220;Dicen &#8216;nos ofendi\u00f3 el presidente, vamos a marchar\u2019, ojal\u00e1 lo hagan, aunque sea para marchar en contra de nosotros, pero que hagan algo porque se hamburguesaron&#8221;, declar\u00f3 el Presidente al responder al diputado Gabriel Quadri, quien se\u00f1al\u00f3 que aunque no estudi\u00f3 en la m\u00e1xima casa de estudios, estar\u00eda dispuesto a marchar contra L\u00f3pez Obrador.<\/p>\n\n\n\n<figure class=\"wp-block-embed is-type-rich is-provider-twitter wp-block-embed-twitter\"><div class=\"wp-block-embed__wrapper\">\n<blockquote class=\"twitter-tweet\" data-width=\"550\" data-dnt=\"true\"><p lang=\"es\" dir=\"ltr\">Yo no estudi\u00e9 en la UNAM, pero estar\u00eda dispuesto a asistir a una manifestaci\u00f3n contra L\u00f3pez, para defenderla de sus ataques. \u00bfLa van a organizar?<\/p>&mdash; Gabriel Quadri (@g_quadri) <a href=\"https:\/\/twitter.com\/g_quadri\/status\/1452635564226842630?ref_src=twsrc%5Etfw\">October 25, 2021<\/a><\/blockquote><script async src=\"https:\/\/platform.twitter.com\/widgets.js\" charset=\"utf-8\"><\/script>\n<\/div><\/figure>\n\n\n\n<p>Con Informaci\u00f3n de SUN <\/p>\n","protected":false},"excerpt":{"rendered":"<p>Por Redacci\u00f3n QP Esto luego de que AMLO declarara\u00a0que la UNAM\u00a0se derechiz\u00f3\u00a0y\u00a0que las facultades se&#8230;<\/p>\n","protected":false},"author":2,"featured_media":86057,"comment_status":"open","ping_status":"open","sticky":false,"template":"","format":"standard","meta":{"_monsterinsights_skip_tracking":false,"_monsterinsights_sitenote_active":false,"_monsterinsights_sitenote_note":"","_monsterinsights_sitenote_category":0,"footnotes":""},"categories":[2],"tags":[],"class_list":["post-86056","post","type-post","status-publish","format-standard","has-post-thumbnail","hentry","category-noticias"],"yoast_head":"<!-- This site is optimized with the Yoast SEO plugin v27.3 - https:\/\/yoast.com\/product\/yoast-seo-wordpress\/ -->\n<title>La UNAM no es tuya: Anaya responde a AMLO tras cr\u00edticas -<\/title>\n<meta name=\"robots\" content=\"index, follow, max-snippet:-1, max-image-preview:large, max-video-preview:-1\" \/>\n<link rel=\"canonical\" href=\"https:\/\/quehacerpolitico.mx\/?p=86056\" \/>\n<meta property=\"og:locale\" content=\"es_MX\" \/>\n<meta property=\"og:type\" content=\"article\" \/>\n<meta property=\"og:title\" content=\"La UNAM no es tuya: Anaya responde a AMLO tras cr\u00edticas -\" \/>\n<meta property=\"og:description\" content=\"Por Redacci\u00f3n QP Esto luego de que AMLO declarara\u00a0que la UNAM\u00a0se derechiz\u00f3\u00a0y\u00a0que las facultades se...\" \/>\n<meta property=\"og:url\" content=\"https:\/\/quehacerpolitico.mx\/?p=86056\" \/>\n<meta property=\"article:published_time\" content=\"2021-10-26T17:54:28+00:00\" \/>\n<meta property=\"article:modified_time\" content=\"2021-10-26T17:54:31+00:00\" \/>\n<meta property=\"og:image\" content=\"https:\/\/quehacerpolitico.mx\/wp-content\/uploads\/2021\/10\/6AB25C17-89D8-4DC0-A6C0-867E8EFE7E78.jpeg\" \/>\n\t<meta property=\"og:image:width\" content=\"700\" \/>\n\t<meta property=\"og:image:height\" content=\"430\" \/>\n\t<meta property=\"og:image:type\" content=\"image\/jpeg\" \/>\n<meta name=\"author\" content=\"Redacci\u00f3n QP\" \/>\n<meta name=\"twitter:card\" content=\"summary_large_image\" \/>\n<meta name=\"twitter:label1\" content=\"Escrito por\" \/>\n\t<meta name=\"twitter:data1\" content=\"Redacci\u00f3n QP\" \/>\n\t<meta name=\"twitter:label2\" content=\"Tiempo de lectura\" \/>\n\t<meta name=\"twitter:data2\" content=\"2 minutos\" \/>\n<script type=\"application\/ld+json\" class=\"yoast-schema-graph\">{\"@context\":\"https:\\\/\\\/schema.org\",\"@graph\":[{\"@type\":\"Article\",\"@id\":\"https:\\\/\\\/quehacerpolitico.mx\\\/?p=86056#article\",\"isPartOf\":{\"@id\":\"https:\\\/\\\/quehacerpolitico.mx\\\/?p=86056\"},\"author\":{\"name\":\"Redacci\u00f3n QP\",\"@id\":\"https:\\\/\\\/quehacerpolitico.mx\\\/#\\\/schema\\\/person\\\/496d8ad2d1d3f8036101dca7ee39e585\"},\"headline\":\"La UNAM no es tuya: Anaya responde a AMLO tras cr\u00edticas\",\"datePublished\":\"2021-10-26T17:54:28+00:00\",\"dateModified\":\"2021-10-26T17:54:31+00:00\",\"mainEntityOfPage\":{\"@id\":\"https:\\\/\\\/quehacerpolitico.mx\\\/?p=86056\"},\"wordCount\":324,\"commentCount\":0,\"image\":{\"@id\":\"https:\\\/\\\/quehacerpolitico.mx\\\/?p=86056#primaryimage\"},\"thumbnailUrl\":\"https:\\\/\\\/quehacerpolitico.mx\\\/wp-content\\\/uploads\\\/2021\\\/10\\\/6AB25C17-89D8-4DC0-A6C0-867E8EFE7E78.jpeg\",\"articleSection\":[\"Noticias\"],\"inLanguage\":\"es\",\"potentialAction\":[{\"@type\":\"CommentAction\",\"name\":\"Comment\",\"target\":[\"https:\\\/\\\/quehacerpolitico.mx\\\/?p=86056#respond\"]}]},{\"@type\":\"WebPage\",\"@id\":\"https:\\\/\\\/quehacerpolitico.mx\\\/?p=86056\",\"url\":\"https:\\\/\\\/quehacerpolitico.mx\\\/?p=86056\",\"name\":\"La UNAM no es tuya: Anaya responde a AMLO tras cr\u00edticas -\",\"isPartOf\":{\"@id\":\"https:\\\/\\\/quehacerpolitico.mx\\\/#website\"},\"primaryImageOfPage\":{\"@id\":\"https:\\\/\\\/quehacerpolitico.mx\\\/?p=86056#primaryimage\"},\"image\":{\"@id\":\"https:\\\/\\\/quehacerpolitico.mx\\\/?p=86056#primaryimage\"},\"thumbnailUrl\":\"https:\\\/\\\/quehacerpolitico.mx\\\/wp-content\\\/uploads\\\/2021\\\/10\\\/6AB25C17-89D8-4DC0-A6C0-867E8EFE7E78.jpeg\",\"datePublished\":\"2021-10-26T17:54:28+00:00\",\"dateModified\":\"2021-10-26T17:54:31+00:00\",\"author\":{\"@id\":\"https:\\\/\\\/quehacerpolitico.mx\\\/#\\\/schema\\\/person\\\/496d8ad2d1d3f8036101dca7ee39e585\"},\"breadcrumb\":{\"@id\":\"https:\\\/\\\/quehacerpolitico.mx\\\/?p=86056#breadcrumb\"},\"inLanguage\":\"es\",\"potentialAction\":[{\"@type\":\"ReadAction\",\"target\":[\"https:\\\/\\\/quehacerpolitico.mx\\\/?p=86056\"]}]},{\"@type\":\"ImageObject\",\"inLanguage\":\"es\",\"@id\":\"https:\\\/\\\/quehacerpolitico.mx\\\/?p=86056#primaryimage\",\"url\":\"https:\\\/\\\/quehacerpolitico.mx\\\/wp-content\\\/uploads\\\/2021\\\/10\\\/6AB25C17-89D8-4DC0-A6C0-867E8EFE7E78.jpeg\",\"contentUrl\":\"https:\\\/\\\/quehacerpolitico.mx\\\/wp-content\\\/uploads\\\/2021\\\/10\\\/6AB25C17-89D8-4DC0-A6C0-867E8EFE7E78.jpeg\",\"width\":700,\"height\":430},{\"@type\":\"BreadcrumbList\",\"@id\":\"https:\\\/\\\/quehacerpolitico.mx\\\/?p=86056#breadcrumb\",\"itemListElement\":[{\"@type\":\"ListItem\",\"position\":1,\"name\":\"Inicio\",\"item\":\"https:\\\/\\\/quehacerpolitico.mx\\\/\"},{\"@type\":\"ListItem\",\"position\":2,\"name\":\"La UNAM no es tuya: Anaya responde a AMLO tras cr\u00edticas\"}]},{\"@type\":\"WebSite\",\"@id\":\"https:\\\/\\\/quehacerpolitico.mx\\\/#website\",\"url\":\"https:\\\/\\\/quehacerpolitico.mx\\\/\",\"name\":\"\",\"description\":\"\",\"potentialAction\":[{\"@type\":\"SearchAction\",\"target\":{\"@type\":\"EntryPoint\",\"urlTemplate\":\"https:\\\/\\\/quehacerpolitico.mx\\\/?s={search_term_string}\"},\"query-input\":{\"@type\":\"PropertyValueSpecification\",\"valueRequired\":true,\"valueName\":\"search_term_string\"}}],\"inLanguage\":\"es\"},{\"@type\":\"Person\",\"@id\":\"https:\\\/\\\/quehacerpolitico.mx\\\/#\\\/schema\\\/person\\\/496d8ad2d1d3f8036101dca7ee39e585\",\"name\":\"Redacci\u00f3n QP\",\"image\":{\"@type\":\"ImageObject\",\"inLanguage\":\"es\",\"@id\":\"https:\\\/\\\/secure.gravatar.com\\\/avatar\\\/c7164ed6fdec453195284ad24a5ae5b6e1eed2b848477fa2a4787ba9adf39a41?s=96&d=mm&r=g\",\"url\":\"https:\\\/\\\/secure.gravatar.com\\\/avatar\\\/c7164ed6fdec453195284ad24a5ae5b6e1eed2b848477fa2a4787ba9adf39a41?s=96&d=mm&r=g\",\"contentUrl\":\"https:\\\/\\\/secure.gravatar.com\\\/avatar\\\/c7164ed6fdec453195284ad24a5ae5b6e1eed2b848477fa2a4787ba9adf39a41?s=96&d=mm&r=g\",\"caption\":\"Redacci\u00f3n QP\"},\"url\":\"https:\\\/\\\/quehacerpolitico.mx\\\/?author=2\"}]}<\/script>\n<!-- \/ Yoast SEO plugin. -->","yoast_head_json":{"title":"La UNAM no es tuya: Anaya responde a AMLO tras cr\u00edticas -","robots":{"index":"index","follow":"follow","max-snippet":"max-snippet:-1","max-image-preview":"max-image-preview:large","max-video-preview":"max-video-preview:-1"},"canonical":"https:\/\/quehacerpolitico.mx\/?p=86056","og_locale":"es_MX","og_type":"article","og_title":"La UNAM no es tuya: Anaya responde a AMLO tras cr\u00edticas -","og_description":"Por Redacci\u00f3n QP Esto luego de que AMLO declarara\u00a0que la UNAM\u00a0se derechiz\u00f3\u00a0y\u00a0que las facultades se...","og_url":"https:\/\/quehacerpolitico.mx\/?p=86056","article_published_time":"2021-10-26T17:54:28+00:00","article_modified_time":"2021-10-26T17:54:31+00:00","og_image":[{"width":700,"height":430,"url":"https:\/\/quehacerpolitico.mx\/wp-content\/uploads\/2021\/10\/6AB25C17-89D8-4DC0-A6C0-867E8EFE7E78.jpeg","type":"image\/jpeg"}],"author":"Redacci\u00f3n QP","twitter_card":"summary_large_image","twitter_misc":{"Escrito por":"Redacci\u00f3n QP","Tiempo de lectura":"2 minutos"},"schema":{"@context":"https:\/\/schema.org","@graph":[{"@type":"Article","@id":"https:\/\/quehacerpolitico.mx\/?p=86056#article","isPartOf":{"@id":"https:\/\/quehacerpolitico.mx\/?p=86056"},"author":{"name":"Redacci\u00f3n QP","@id":"https:\/\/quehacerpolitico.mx\/#\/schema\/person\/496d8ad2d1d3f8036101dca7ee39e585"},"headline":"La UNAM no es tuya: Anaya responde a AMLO tras cr\u00edticas","datePublished":"2021-10-26T17:54:28+00:00","dateModified":"2021-10-26T17:54:31+00:00","mainEntityOfPage":{"@id":"https:\/\/quehacerpolitico.mx\/?p=86056"},"wordCount":324,"commentCount":0,"image":{"@id":"https:\/\/quehacerpolitico.mx\/?p=86056#primaryimage"},"thumbnailUrl":"https:\/\/quehacerpolitico.mx\/wp-content\/uploads\/2021\/10\/6AB25C17-89D8-4DC0-A6C0-867E8EFE7E78.jpeg","articleSection":["Noticias"],"inLanguage":"es","potentialAction":[{"@type":"CommentAction","name":"Comment","target":["https:\/\/quehacerpolitico.mx\/?p=86056#respond"]}]},{"@type":"WebPage","@id":"https:\/\/quehacerpolitico.mx\/?p=86056","url":"https:\/\/quehacerpolitico.mx\/?p=86056","name":"La UNAM no es tuya: Anaya responde a AMLO tras cr\u00edticas -","isPartOf":{"@id":"https:\/\/quehacerpolitico.mx\/#website"},"primaryImageOfPage":{"@id":"https:\/\/quehacerpolitico.mx\/?p=86056#primaryimage"},"image":{"@id":"https:\/\/quehacerpolitico.mx\/?p=86056#primaryimage"},"thumbnailUrl":"https:\/\/quehacerpolitico.mx\/wp-content\/uploads\/2021\/10\/6AB25C17-89D8-4DC0-A6C0-867E8EFE7E78.jpeg","datePublished":"2021-10-26T17:54:28+00:00","dateModified":"2021-10-26T17:54:31+00:00","author":{"@id":"https:\/\/quehacerpolitico.mx\/#\/schema\/person\/496d8ad2d1d3f8036101dca7ee39e585"},"breadcrumb":{"@id":"https:\/\/quehacerpolitico.mx\/?p=86056#breadcrumb"},"inLanguage":"es","potentialAction":[{"@type":"ReadAction","target":["https:\/\/quehacerpolitico.mx\/?p=86056"]}]},{"@type":"ImageObject","inLanguage":"es","@id":"https:\/\/quehacerpolitico.mx\/?p=86056#primaryimage","url":"https:\/\/quehacerpolitico.mx\/wp-content\/uploads\/2021\/10\/6AB25C17-89D8-4DC0-A6C0-867E8EFE7E78.jpeg","contentUrl":"https:\/\/quehacerpolitico.mx\/wp-content\/uploads\/2021\/10\/6AB25C17-89D8-4DC0-A6C0-867E8EFE7E78.jpeg","width":700,"height":430},{"@type":"BreadcrumbList","@id":"https:\/\/quehacerpolitico.mx\/?p=86056#breadcrumb","itemListElement":[{"@type":"ListItem","position":1,"name":"Inicio","item":"https:\/\/quehacerpolitico.mx\/"},{"@type":"ListItem","position":2,"name":"La UNAM no es tuya: Anaya responde a AMLO tras cr\u00edticas"}]},{"@type":"WebSite","@id":"https:\/\/quehacerpolitico.mx\/#website","url":"https:\/\/quehacerpolitico.mx\/","name":"","description":"","potentialAction":[{"@type":"SearchAction","target":{"@type":"EntryPoint","urlTemplate":"https:\/\/quehacerpolitico.mx\/?s={search_term_string}"},"query-input":{"@type":"PropertyValueSpecification","valueRequired":true,"valueName":"search_term_string"}}],"inLanguage":"es"},{"@type":"Person","@id":"https:\/\/quehacerpolitico.mx\/#\/schema\/person\/496d8ad2d1d3f8036101dca7ee39e585","name":"Redacci\u00f3n QP","image":{"@type":"ImageObject","inLanguage":"es","@id":"https:\/\/secure.gravatar.com\/avatar\/c7164ed6fdec453195284ad24a5ae5b6e1eed2b848477fa2a4787ba9adf39a41?s=96&d=mm&r=g","url":"https:\/\/secure.gravatar.com\/avatar\/c7164ed6fdec453195284ad24a5ae5b6e1eed2b848477fa2a4787ba9adf39a41?s=96&d=mm&r=g","contentUrl":"https:\/\/secure.gravatar.com\/avatar\/c7164ed6fdec453195284ad24a5ae5b6e1eed2b848477fa2a4787ba9adf39a41?s=96&d=mm&r=g","caption":"Redacci\u00f3n QP"},"url":"https:\/\/quehacerpolitico.mx\/?author=2"}]}},"featured_image_urls":{"full":["https:\/\/quehacerpolitico.mx\/wp-content\/uploads\/2021\/10\/6AB25C17-89D8-4DC0-A6C0-867E8EFE7E78.jpeg",700,430,false],"thumbnail":["https:\/\/quehacerpolitico.mx\/wp-content\/uploads\/2021\/10\/6AB25C17-89D8-4DC0-A6C0-867E8EFE7E78-150x150.jpeg",150,150,true],"medium":["https:\/\/quehacerpolitico.mx\/wp-content\/uploads\/2021\/10\/6AB25C17-89D8-4DC0-A6C0-867E8EFE7E78-300x184.jpeg",300,184,true],"medium_large":["https:\/\/quehacerpolitico.mx\/wp-content\/uploads\/2021\/10\/6AB25C17-89D8-4DC0-A6C0-867E8EFE7E78.jpeg",640,393,false],"large":["https:\/\/quehacerpolitico.mx\/wp-content\/uploads\/2021\/10\/6AB25C17-89D8-4DC0-A6C0-867E8EFE7E78.jpeg",640,393,false],"1536x1536":["https:\/\/quehacerpolitico.mx\/wp-content\/uploads\/2021\/10\/6AB25C17-89D8-4DC0-A6C0-867E8EFE7E78.jpeg",700,430,false],"2048x2048":["https:\/\/quehacerpolitico.mx\/wp-content\/uploads\/2021\/10\/6AB25C17-89D8-4DC0-A6C0-867E8EFE7E78.jpeg",700,430,false],"covernews-featured":["https:\/\/quehacerpolitico.mx\/wp-content\/uploads\/2021\/10\/6AB25C17-89D8-4DC0-A6C0-867E8EFE7E78.jpeg",700,430,false],"covernews-medium":["https:\/\/quehacerpolitico.mx\/wp-content\/uploads\/2021\/10\/6AB25C17-89D8-4DC0-A6C0-867E8EFE7E78.jpeg",540,332,false]},"author_info":{"display_name":"Redacci\u00f3n QP","author_link":"https:\/\/quehacerpolitico.mx\/?author=2"},"category_info":"<a href=\"https:\/\/quehacerpolitico.mx\/?cat=2\" rel=\"category\">Noticias<\/a>","tag_info":"Noticias","comment_count":"0","_links":{"self":[{"href":"https:\/\/quehacerpolitico.mx\/index.php?rest_route=\/wp\/v2\/posts\/86056","targetHints":{"allow":["GET"]}}],"collection":[{"href":"https:\/\/quehacerpolitico.mx\/index.php?rest_route=\/wp\/v2\/posts"}],"about":[{"href":"https:\/\/quehacerpolitico.mx\/index.php?rest_route=\/wp\/v2\/types\/post"}],"author":[{"embeddable":true,"href":"https:\/\/quehacerpolitico.mx\/index.php?rest_route=\/wp\/v2\/users\/2"}],"replies":[{"embeddable":true,"href":"https:\/\/quehacerpolitico.mx\/index.php?rest_route=%2Fwp%2Fv2%2Fcomments&post=86056"}],"version-history":[{"count":1,"href":"https:\/\/quehacerpolitico.mx\/index.php?rest_route=\/wp\/v2\/posts\/86056\/revisions"}],"predecessor-version":[{"id":86058,"href":"https:\/\/quehacerpolitico.mx\/index.php?rest_route=\/wp\/v2\/posts\/86056\/revisions\/86058"}],"wp:featuredmedia":[{"embeddable":true,"href":"https:\/\/quehacerpolitico.mx\/index.php?rest_route=\/wp\/v2\/media\/86057"}],"wp:attachment":[{"href":"https:\/\/quehacerpolitico.mx\/index.php?rest_route=%2Fwp%2Fv2%2Fmedia&parent=86056"}],"wp:term":[{"taxonomy":"category","embeddable":true,"href":"https:\/\/quehacerpolitico.mx\/index.php?rest_route=%2Fwp%2Fv2%2Fcategories&post=86056"},{"taxonomy":"post_tag","embeddable":true,"href":"https:\/\/quehacerpolitico.mx\/index.php?rest_route=%2Fwp%2Fv2%2Ftags&post=86056"}],"curies":[{"name":"wp","href":"https:\/\/api.w.org\/{rel}","templated":true}]}}