{"id":86029,"date":"2021-10-26T03:54:32","date_gmt":"2021-10-26T03:54:32","guid":{"rendered":"https:\/\/quehacerpolitico.mx\/?p=86029"},"modified":"2021-10-26T03:54:34","modified_gmt":"2021-10-26T03:54:34","slug":"adentrate-en-el-desierto-de-atacama-el-tesoro-paleontologico-de-america-latina","status":"publish","type":"post","link":"https:\/\/quehacerpolitico.mx\/?p=86029","title":{"rendered":"Ad\u00e9ntrate en el desierto de Atacama, el &#8220;tesoro paleontol\u00f3gico&#8221; de Am\u00e9rica Latina"},"content":{"rendered":"\n<p>Por Redacci\u00f3n QP<\/p>\n\n\n\n<p>El lugar es sede de\u00a0varios de los descubrimientos paleontol\u00f3gicos m\u00e1s importantes del mundo<\/p>\n\n\n\n<p>Restos de megalodones, ballenas prehist\u00f3ricas y aves extintas son algunos de los hallazgos f\u00f3siles del desierto de Atacama, al norte de Chile, un valioso\u00a0<strong>testigo de la historia y evoluci\u00f3n animal<\/strong>que expertos de todo el mundo reivindican como un &#8220;tesoro paleontol\u00f3gico&#8221; hasta ahora desde\u00f1ado.<\/p>\n\n\n\n<figure class=\"wp-block-image\"><img decoding=\"async\" src=\"https:\/\/www.informador.mx\/__export\/1635198698737\/sites\/elinformador\/img\/2021\/10\/25\/captura_de_pantalla_2021-10-25_163628_crop1635197821837.jpg_1970638775.jpg\" alt=\"El desierto de Atacama se encuentra en la parte norte de Chile. EFE\/ CIAHN\" title=\"El desierto de Atacama se encuentra en la parte norte de Chile. EFE\/ CIAHN\"\/><figcaption>El desierto de Atacama se encuentra en la parte norte de Chile. EFE\/ CIAHN<\/figcaption><\/figure>\n\n\n\n<figure class=\"wp-block-image\"><img decoding=\"async\" src=\"https:\/\/www.informador.mx\/__export\/1635197621766\/sites\/elinformador\/img\/2021\/10\/25\/el_desierto_de_atacama_x5448368x_crop1635197620520.jpg_1970638775.jpg\" alt=\"El desierto de Atacama se encuentra en la parte norte de Chile. EFE\/ CIAHN\" title=\"El desierto de Atacama se encuentra en la parte norte de Chile. EFE\/ CIAHN\"\/><figcaption>El desierto de Atacama se encuentra en la parte norte de Chile. EFE\/ CIAHN<\/figcaption><\/figure>\n\n\n\n<figure class=\"wp-block-image\"><img decoding=\"async\" src=\"https:\/\/www.informador.mx\/__export\/1635197644868\/sites\/elinformador\/img\/2021\/10\/25\/el_desierto_de_atacama_x5448366x_crop1635197644323.jpg_1970638775.jpg\" alt=\"El desierto de Atacama se encuentra en la parte norte de Chile. EFE\/ CIAHN\" title=\"El desierto de Atacama se encuentra en la parte norte de Chile. EFE\/ CIAHN\"\/><figcaption>El desierto de Atacama se encuentra en la parte norte de Chile. EFE\/ CIAHN<\/figcaption><\/figure>\n\n\n\n<figure class=\"wp-block-image\"><img decoding=\"async\" src=\"https:\/\/www.informador.mx\/__export\/1635197673943\/sites\/elinformador\/img\/2021\/10\/25\/el_desierto_de_atacama_x5448367x_crop1635197673371.jpg_1970638775.jpg\" alt=\"El desierto de Atacama se encuentra en la parte norte de Chile. EFE\/ CIAHN\" title=\"El desierto de Atacama se encuentra en la parte norte de Chile. EFE\/ CIAHN\"\/><figcaption>El desierto de Atacama se encuentra en la parte norte de Chile. EFE\/ CIAHN<\/figcaption><\/figure>\n\n\n\n<blockquote class=\"wp-block-quote is-layout-flow wp-block-quote-is-layout-flow\"><p>&#8220;Desenmascarar el origen de la vida debe ser una prioridad. Si no conocemos nuestro pasado es poco lo que podemos mirar hacia el futuro&#8221;<\/p><\/blockquote>\n\n\n\n<p>En Bah\u00eda Inglesa, una peque\u00f1a cala donde el agua del Pac\u00edfico penetra la costa chilena,\u00a0<strong>uno camina sobre arena y huesos.<\/strong>\u00a0Es f\u00e1cil desenterrar f\u00e9mures de ping\u00fcino o encontrar v\u00e9rtebras de cet\u00e1ceos. Se trata de uno de los puntos calientes de f\u00f3siles de la des\u00e9rtica regi\u00f3n de Atacama.<\/p>\n\n\n\n<p>&#8220;Aqu\u00ed tenemos uno de los\u00a0<strong>mayores vol\u00famenes paleontol\u00f3gicos del mundo<\/strong>. Muchos restos no son tan relevantes, pero otros son un verdadero\u00a0<strong>tesoro de relieve mundial<\/strong>&#8220;, explic\u00f3 \u00a0el arque\u00f3logo Pablo Quilodr\u00e1n desde el Parque Paleontol\u00f3gico de Los Dedos.<\/p>\n\n\n\n<figure class=\"wp-block-image\"><img decoding=\"async\" src=\"https:\/\/www.informador.mx\/export\/sites\/elinformador\/img\/2021\/10\/25\/captura_de_pantalla_2021-10-25_162403.jpg_166945186.jpg\" alt=\"\" title=\"\"\/><figcaption>TWITTER\/@DesiertoVivo&nbsp;<\/figcaption><\/figure>\n\n\n\n<p>En la d\u00e9cada de 1980, huesos que en otra parte del mundo eran expuestos en prestigiosos museos, en Chile eran<strong>&nbsp;usados por los artesanos para hacer piezas de colecci\u00f3n<\/strong>, agreg\u00f3 el experto, que lidera la Corporaci\u00f3n para la Investigaci\u00f3n y Avance de la Paleontolog\u00eda de Atacama (Ciahn).<\/p>\n\n\n\n<p>En esta zona se han encontrado los restos de un pelagornis,\u00a0<strong>el ave extinta m\u00e1s grande identificada hasta ahora<\/strong>; partes de un perezoso marino \u00fanico en el mundo, e incontables dientes de megalod\u00f3n, un tibur\u00f3n ancestral.<\/p>\n\n\n\n<h2 class=\"wp-block-heading\">Una m\u00e1quina del tiempo<\/h2>\n\n\n\n<p>Entre las curvas de la carretera Panamericana, que serpentea el continente de norte a sur, se encuentra<strong>&nbsp;Cerro Ballena<\/strong>, una peque\u00f1a loma que debe su nombre al descubrimiento de decenas de f\u00f3siles de este cet\u00e1ceo en un in\u00e9dito estado de conservaci\u00f3n.<\/p>\n\n\n\n<p>El hallazgo llam\u00f3 la atenci\u00f3n del Instituto Smithsonian, de Estados Unidos, y cient\u00edficos de todo el mundo vinieron a Chile a apreciar este\u00a0<strong>&#8220;cementerio de cet\u00e1ceos en medio del desierto&#8221;<\/strong>, relat\u00f3 Osvaldo Rojas, director del Museo de Historia Natural de Calama.<\/p>\n\n\n\n<p>&#8220;Todav\u00eda no est\u00e1n claras las razones, pero se cree que las corrientes marinas hac\u00edan de esta bah\u00eda una zona muy atractiva para la fauna marina que habit\u00f3 el lugar a fines del Mioceno, hace 7 millones de a\u00f1os&#8221;, se\u00f1al\u00f3 Rodrigo Otero, paleont\u00f3logo de la Universidad de Chile.<\/p>\n\n\n\n<p>Adem\u00e1s, este desierto, donde tambi\u00e9n se encontraron las&nbsp;<strong>momias m\u00e1s antiguas del mundo<\/strong>&nbsp;-las de la cultura Chinchorro-, es la zona no polar m\u00e1s seca del mundo, &#8220;una condici\u00f3n \u00fanica que contribuye a que los restos se conserven en buen estado durante mucho tiempo&#8221;.<\/p>\n\n\n\n<p>El \u00faltimo gran hallazgo fue un tipo de pterosaurio del Jur\u00e1sico conocido como&nbsp;<strong>&#8220;drag\u00f3n volador&#8221;<\/strong>, de hace 160 millones de a\u00f1os, famoso por su cola puntiaguda con forma de rombo e identificado este a\u00f1o.<\/p>\n\n\n\n<p>&#8220;Nunca se hab\u00eda encontrado algo as\u00ed en Latinoam\u00e9rica ni en todo Gondwana -continente antes conformado por territorios como Suram\u00e9rica, Ant\u00e1rtica, \u00c1frica, Madagascar, India y Australia-&#8220;, se\u00f1al\u00f3 el acad\u00e9mico.<\/p>\n\n\n\n<h2 class=\"wp-block-heading\">Primeros pasos hacia el reconocimiento<\/h2>\n\n\n\n<p>La comunidad local del desierto de Atacama, recordada por la tragedia en la que 33 mineros se quedaron atrapados en 2010, lleva a\u00f1os tratando de reivindicar el patrimonio paleontol\u00f3gico de la zona, que poco a poco se ha ido ganando el reconocimiento de la comunidad internacional.<\/p>\n\n\n\n<p>&#8220;Durante a\u00f1os&nbsp;<strong>permanecimos en el olvido<\/strong>, por detr\u00e1s de Argentina. Ahora estamos reci\u00e9n despegando y valorando nuestros valiosos descubrimientos&#8221;, expres\u00f3 Rojas.<\/p>\n\n\n\n<p>&#8220;Desenmascarar el origen de la vida debe ser una prioridad -concluy\u00f3 Rojas- Si no conocemos nuestro pasado es poco lo que podemos mirar hacia el futuro&#8221;.&nbsp;<\/p>\n\n\n\n<p>La falta de especialistas en la materia y de financiamiento de los museos paleontol\u00f3gicos de la regi\u00f3n, hasta ahora gestionados de forma precaria por los municipios, son algunas de la causas de este rezago, seg\u00fan los expertos.<\/p>\n\n\n\n<p>Con Informaci\u00f3n de EFE<\/p>\n","protected":false},"excerpt":{"rendered":"<p>Por Redacci\u00f3n QP El lugar es sede de\u00a0varios de los descubrimientos paleontol\u00f3gicos m\u00e1s importantes del&#8230;<\/p>\n","protected":false},"author":2,"featured_media":86030,"comment_status":"open","ping_status":"open","sticky":false,"template":"","format":"standard","meta":{"_monsterinsights_skip_tracking":false,"_monsterinsights_sitenote_active":false,"_monsterinsights_sitenote_note":"","_monsterinsights_sitenote_category":0,"footnotes":""},"categories":[58],"tags":[],"class_list":["post-86029","post","type-post","status-publish","format-standard","has-post-thumbnail","hentry","category-cultura"],"yoast_head":"<!-- This site is optimized with the Yoast SEO plugin v27.3 - https:\/\/yoast.com\/product\/yoast-seo-wordpress\/ -->\n<title>Ad\u00e9ntrate en el desierto de Atacama, el &quot;tesoro paleontol\u00f3gico&quot; de Am\u00e9rica Latina -<\/title>\n<meta name=\"robots\" content=\"index, follow, max-snippet:-1, max-image-preview:large, max-video-preview:-1\" \/>\n<link rel=\"canonical\" href=\"https:\/\/quehacerpolitico.mx\/?p=86029\" \/>\n<meta property=\"og:locale\" content=\"es_MX\" \/>\n<meta property=\"og:type\" content=\"article\" \/>\n<meta property=\"og:title\" content=\"Ad\u00e9ntrate en el desierto de Atacama, el &quot;tesoro paleontol\u00f3gico&quot; de Am\u00e9rica Latina -\" \/>\n<meta property=\"og:description\" content=\"Por Redacci\u00f3n QP El lugar es sede de\u00a0varios de los descubrimientos paleontol\u00f3gicos m\u00e1s importantes del...\" \/>\n<meta property=\"og:url\" content=\"https:\/\/quehacerpolitico.mx\/?p=86029\" \/>\n<meta property=\"article:published_time\" content=\"2021-10-26T03:54:32+00:00\" \/>\n<meta property=\"article:modified_time\" content=\"2021-10-26T03:54:34+00:00\" \/>\n<meta property=\"og:image\" content=\"https:\/\/quehacerpolitico.mx\/wp-content\/uploads\/2021\/10\/A6C7EF6A-3473-4695-9728-AB1FC5B8D67E.jpeg\" \/>\n\t<meta property=\"og:image:width\" content=\"726\" \/>\n\t<meta property=\"og:image:height\" content=\"423\" \/>\n\t<meta property=\"og:image:type\" content=\"image\/jpeg\" \/>\n<meta name=\"author\" content=\"Redacci\u00f3n QP\" \/>\n<meta name=\"twitter:card\" content=\"summary_large_image\" \/>\n<meta name=\"twitter:label1\" content=\"Escrito por\" \/>\n\t<meta name=\"twitter:data1\" content=\"Redacci\u00f3n QP\" \/>\n\t<meta name=\"twitter:label2\" content=\"Tiempo de lectura\" \/>\n\t<meta name=\"twitter:data2\" content=\"4 minutos\" \/>\n<script type=\"application\/ld+json\" class=\"yoast-schema-graph\">{\"@context\":\"https:\\\/\\\/schema.org\",\"@graph\":[{\"@type\":\"Article\",\"@id\":\"https:\\\/\\\/quehacerpolitico.mx\\\/?p=86029#article\",\"isPartOf\":{\"@id\":\"https:\\\/\\\/quehacerpolitico.mx\\\/?p=86029\"},\"author\":{\"name\":\"Redacci\u00f3n QP\",\"@id\":\"https:\\\/\\\/quehacerpolitico.mx\\\/#\\\/schema\\\/person\\\/496d8ad2d1d3f8036101dca7ee39e585\"},\"headline\":\"Ad\u00e9ntrate en el desierto de Atacama, el &#8220;tesoro paleontol\u00f3gico&#8221; de Am\u00e9rica Latina\",\"datePublished\":\"2021-10-26T03:54:32+00:00\",\"dateModified\":\"2021-10-26T03:54:34+00:00\",\"mainEntityOfPage\":{\"@id\":\"https:\\\/\\\/quehacerpolitico.mx\\\/?p=86029\"},\"wordCount\":779,\"commentCount\":0,\"image\":{\"@id\":\"https:\\\/\\\/quehacerpolitico.mx\\\/?p=86029#primaryimage\"},\"thumbnailUrl\":\"https:\\\/\\\/quehacerpolitico.mx\\\/wp-content\\\/uploads\\\/2021\\\/10\\\/A6C7EF6A-3473-4695-9728-AB1FC5B8D67E.jpeg\",\"articleSection\":[\"Cultura y Entretenimiento\"],\"inLanguage\":\"es\",\"potentialAction\":[{\"@type\":\"CommentAction\",\"name\":\"Comment\",\"target\":[\"https:\\\/\\\/quehacerpolitico.mx\\\/?p=86029#respond\"]}]},{\"@type\":\"WebPage\",\"@id\":\"https:\\\/\\\/quehacerpolitico.mx\\\/?p=86029\",\"url\":\"https:\\\/\\\/quehacerpolitico.mx\\\/?p=86029\",\"name\":\"Ad\u00e9ntrate en el desierto de Atacama, el \\\"tesoro paleontol\u00f3gico\\\" de Am\u00e9rica Latina -\",\"isPartOf\":{\"@id\":\"https:\\\/\\\/quehacerpolitico.mx\\\/#website\"},\"primaryImageOfPage\":{\"@id\":\"https:\\\/\\\/quehacerpolitico.mx\\\/?p=86029#primaryimage\"},\"image\":{\"@id\":\"https:\\\/\\\/quehacerpolitico.mx\\\/?p=86029#primaryimage\"},\"thumbnailUrl\":\"https:\\\/\\\/quehacerpolitico.mx\\\/wp-content\\\/uploads\\\/2021\\\/10\\\/A6C7EF6A-3473-4695-9728-AB1FC5B8D67E.jpeg\",\"datePublished\":\"2021-10-26T03:54:32+00:00\",\"dateModified\":\"2021-10-26T03:54:34+00:00\",\"author\":{\"@id\":\"https:\\\/\\\/quehacerpolitico.mx\\\/#\\\/schema\\\/person\\\/496d8ad2d1d3f8036101dca7ee39e585\"},\"breadcrumb\":{\"@id\":\"https:\\\/\\\/quehacerpolitico.mx\\\/?p=86029#breadcrumb\"},\"inLanguage\":\"es\",\"potentialAction\":[{\"@type\":\"ReadAction\",\"target\":[\"https:\\\/\\\/quehacerpolitico.mx\\\/?p=86029\"]}]},{\"@type\":\"ImageObject\",\"inLanguage\":\"es\",\"@id\":\"https:\\\/\\\/quehacerpolitico.mx\\\/?p=86029#primaryimage\",\"url\":\"https:\\\/\\\/quehacerpolitico.mx\\\/wp-content\\\/uploads\\\/2021\\\/10\\\/A6C7EF6A-3473-4695-9728-AB1FC5B8D67E.jpeg\",\"contentUrl\":\"https:\\\/\\\/quehacerpolitico.mx\\\/wp-content\\\/uploads\\\/2021\\\/10\\\/A6C7EF6A-3473-4695-9728-AB1FC5B8D67E.jpeg\",\"width\":726,\"height\":423},{\"@type\":\"BreadcrumbList\",\"@id\":\"https:\\\/\\\/quehacerpolitico.mx\\\/?p=86029#breadcrumb\",\"itemListElement\":[{\"@type\":\"ListItem\",\"position\":1,\"name\":\"Inicio\",\"item\":\"https:\\\/\\\/quehacerpolitico.mx\\\/\"},{\"@type\":\"ListItem\",\"position\":2,\"name\":\"Ad\u00e9ntrate en el desierto de Atacama, el &#8220;tesoro paleontol\u00f3gico&#8221; de Am\u00e9rica Latina\"}]},{\"@type\":\"WebSite\",\"@id\":\"https:\\\/\\\/quehacerpolitico.mx\\\/#website\",\"url\":\"https:\\\/\\\/quehacerpolitico.mx\\\/\",\"name\":\"\",\"description\":\"\",\"potentialAction\":[{\"@type\":\"SearchAction\",\"target\":{\"@type\":\"EntryPoint\",\"urlTemplate\":\"https:\\\/\\\/quehacerpolitico.mx\\\/?s={search_term_string}\"},\"query-input\":{\"@type\":\"PropertyValueSpecification\",\"valueRequired\":true,\"valueName\":\"search_term_string\"}}],\"inLanguage\":\"es\"},{\"@type\":\"Person\",\"@id\":\"https:\\\/\\\/quehacerpolitico.mx\\\/#\\\/schema\\\/person\\\/496d8ad2d1d3f8036101dca7ee39e585\",\"name\":\"Redacci\u00f3n QP\",\"image\":{\"@type\":\"ImageObject\",\"inLanguage\":\"es\",\"@id\":\"https:\\\/\\\/secure.gravatar.com\\\/avatar\\\/c7164ed6fdec453195284ad24a5ae5b6e1eed2b848477fa2a4787ba9adf39a41?s=96&d=mm&r=g\",\"url\":\"https:\\\/\\\/secure.gravatar.com\\\/avatar\\\/c7164ed6fdec453195284ad24a5ae5b6e1eed2b848477fa2a4787ba9adf39a41?s=96&d=mm&r=g\",\"contentUrl\":\"https:\\\/\\\/secure.gravatar.com\\\/avatar\\\/c7164ed6fdec453195284ad24a5ae5b6e1eed2b848477fa2a4787ba9adf39a41?s=96&d=mm&r=g\",\"caption\":\"Redacci\u00f3n QP\"},\"url\":\"https:\\\/\\\/quehacerpolitico.mx\\\/?author=2\"}]}<\/script>\n<!-- \/ Yoast SEO plugin. -->","yoast_head_json":{"title":"Ad\u00e9ntrate en el desierto de Atacama, el \"tesoro paleontol\u00f3gico\" de Am\u00e9rica Latina -","robots":{"index":"index","follow":"follow","max-snippet":"max-snippet:-1","max-image-preview":"max-image-preview:large","max-video-preview":"max-video-preview:-1"},"canonical":"https:\/\/quehacerpolitico.mx\/?p=86029","og_locale":"es_MX","og_type":"article","og_title":"Ad\u00e9ntrate en el desierto de Atacama, el \"tesoro paleontol\u00f3gico\" de Am\u00e9rica Latina -","og_description":"Por Redacci\u00f3n QP El lugar es sede de\u00a0varios de los descubrimientos paleontol\u00f3gicos m\u00e1s importantes del...","og_url":"https:\/\/quehacerpolitico.mx\/?p=86029","article_published_time":"2021-10-26T03:54:32+00:00","article_modified_time":"2021-10-26T03:54:34+00:00","og_image":[{"width":726,"height":423,"url":"https:\/\/quehacerpolitico.mx\/wp-content\/uploads\/2021\/10\/A6C7EF6A-3473-4695-9728-AB1FC5B8D67E.jpeg","type":"image\/jpeg"}],"author":"Redacci\u00f3n QP","twitter_card":"summary_large_image","twitter_misc":{"Escrito por":"Redacci\u00f3n QP","Tiempo de lectura":"4 minutos"},"schema":{"@context":"https:\/\/schema.org","@graph":[{"@type":"Article","@id":"https:\/\/quehacerpolitico.mx\/?p=86029#article","isPartOf":{"@id":"https:\/\/quehacerpolitico.mx\/?p=86029"},"author":{"name":"Redacci\u00f3n QP","@id":"https:\/\/quehacerpolitico.mx\/#\/schema\/person\/496d8ad2d1d3f8036101dca7ee39e585"},"headline":"Ad\u00e9ntrate en el desierto de Atacama, el &#8220;tesoro paleontol\u00f3gico&#8221; de Am\u00e9rica Latina","datePublished":"2021-10-26T03:54:32+00:00","dateModified":"2021-10-26T03:54:34+00:00","mainEntityOfPage":{"@id":"https:\/\/quehacerpolitico.mx\/?p=86029"},"wordCount":779,"commentCount":0,"image":{"@id":"https:\/\/quehacerpolitico.mx\/?p=86029#primaryimage"},"thumbnailUrl":"https:\/\/quehacerpolitico.mx\/wp-content\/uploads\/2021\/10\/A6C7EF6A-3473-4695-9728-AB1FC5B8D67E.jpeg","articleSection":["Cultura y Entretenimiento"],"inLanguage":"es","potentialAction":[{"@type":"CommentAction","name":"Comment","target":["https:\/\/quehacerpolitico.mx\/?p=86029#respond"]}]},{"@type":"WebPage","@id":"https:\/\/quehacerpolitico.mx\/?p=86029","url":"https:\/\/quehacerpolitico.mx\/?p=86029","name":"Ad\u00e9ntrate en el desierto de Atacama, el \"tesoro paleontol\u00f3gico\" de Am\u00e9rica Latina -","isPartOf":{"@id":"https:\/\/quehacerpolitico.mx\/#website"},"primaryImageOfPage":{"@id":"https:\/\/quehacerpolitico.mx\/?p=86029#primaryimage"},"image":{"@id":"https:\/\/quehacerpolitico.mx\/?p=86029#primaryimage"},"thumbnailUrl":"https:\/\/quehacerpolitico.mx\/wp-content\/uploads\/2021\/10\/A6C7EF6A-3473-4695-9728-AB1FC5B8D67E.jpeg","datePublished":"2021-10-26T03:54:32+00:00","dateModified":"2021-10-26T03:54:34+00:00","author":{"@id":"https:\/\/quehacerpolitico.mx\/#\/schema\/person\/496d8ad2d1d3f8036101dca7ee39e585"},"breadcrumb":{"@id":"https:\/\/quehacerpolitico.mx\/?p=86029#breadcrumb"},"inLanguage":"es","potentialAction":[{"@type":"ReadAction","target":["https:\/\/quehacerpolitico.mx\/?p=86029"]}]},{"@type":"ImageObject","inLanguage":"es","@id":"https:\/\/quehacerpolitico.mx\/?p=86029#primaryimage","url":"https:\/\/quehacerpolitico.mx\/wp-content\/uploads\/2021\/10\/A6C7EF6A-3473-4695-9728-AB1FC5B8D67E.jpeg","contentUrl":"https:\/\/quehacerpolitico.mx\/wp-content\/uploads\/2021\/10\/A6C7EF6A-3473-4695-9728-AB1FC5B8D67E.jpeg","width":726,"height":423},{"@type":"BreadcrumbList","@id":"https:\/\/quehacerpolitico.mx\/?p=86029#breadcrumb","itemListElement":[{"@type":"ListItem","position":1,"name":"Inicio","item":"https:\/\/quehacerpolitico.mx\/"},{"@type":"ListItem","position":2,"name":"Ad\u00e9ntrate en el desierto de Atacama, el &#8220;tesoro paleontol\u00f3gico&#8221; de Am\u00e9rica Latina"}]},{"@type":"WebSite","@id":"https:\/\/quehacerpolitico.mx\/#website","url":"https:\/\/quehacerpolitico.mx\/","name":"","description":"","potentialAction":[{"@type":"SearchAction","target":{"@type":"EntryPoint","urlTemplate":"https:\/\/quehacerpolitico.mx\/?s={search_term_string}"},"query-input":{"@type":"PropertyValueSpecification","valueRequired":true,"valueName":"search_term_string"}}],"inLanguage":"es"},{"@type":"Person","@id":"https:\/\/quehacerpolitico.mx\/#\/schema\/person\/496d8ad2d1d3f8036101dca7ee39e585","name":"Redacci\u00f3n QP","image":{"@type":"ImageObject","inLanguage":"es","@id":"https:\/\/secure.gravatar.com\/avatar\/c7164ed6fdec453195284ad24a5ae5b6e1eed2b848477fa2a4787ba9adf39a41?s=96&d=mm&r=g","url":"https:\/\/secure.gravatar.com\/avatar\/c7164ed6fdec453195284ad24a5ae5b6e1eed2b848477fa2a4787ba9adf39a41?s=96&d=mm&r=g","contentUrl":"https:\/\/secure.gravatar.com\/avatar\/c7164ed6fdec453195284ad24a5ae5b6e1eed2b848477fa2a4787ba9adf39a41?s=96&d=mm&r=g","caption":"Redacci\u00f3n QP"},"url":"https:\/\/quehacerpolitico.mx\/?author=2"}]}},"featured_image_urls":{"full":["https:\/\/quehacerpolitico.mx\/wp-content\/uploads\/2021\/10\/A6C7EF6A-3473-4695-9728-AB1FC5B8D67E.jpeg",726,423,false],"thumbnail":["https:\/\/quehacerpolitico.mx\/wp-content\/uploads\/2021\/10\/A6C7EF6A-3473-4695-9728-AB1FC5B8D67E-150x150.jpeg",150,150,true],"medium":["https:\/\/quehacerpolitico.mx\/wp-content\/uploads\/2021\/10\/A6C7EF6A-3473-4695-9728-AB1FC5B8D67E-300x175.jpeg",300,175,true],"medium_large":["https:\/\/quehacerpolitico.mx\/wp-content\/uploads\/2021\/10\/A6C7EF6A-3473-4695-9728-AB1FC5B8D67E.jpeg",640,373,false],"large":["https:\/\/quehacerpolitico.mx\/wp-content\/uploads\/2021\/10\/A6C7EF6A-3473-4695-9728-AB1FC5B8D67E.jpeg",640,373,false],"1536x1536":["https:\/\/quehacerpolitico.mx\/wp-content\/uploads\/2021\/10\/A6C7EF6A-3473-4695-9728-AB1FC5B8D67E.jpeg",726,423,false],"2048x2048":["https:\/\/quehacerpolitico.mx\/wp-content\/uploads\/2021\/10\/A6C7EF6A-3473-4695-9728-AB1FC5B8D67E.jpeg",726,423,false],"covernews-featured":["https:\/\/quehacerpolitico.mx\/wp-content\/uploads\/2021\/10\/A6C7EF6A-3473-4695-9728-AB1FC5B8D67E.jpeg",726,423,false],"covernews-medium":["https:\/\/quehacerpolitico.mx\/wp-content\/uploads\/2021\/10\/A6C7EF6A-3473-4695-9728-AB1FC5B8D67E.jpeg",540,315,false]},"author_info":{"display_name":"Redacci\u00f3n QP","author_link":"https:\/\/quehacerpolitico.mx\/?author=2"},"category_info":"<a href=\"https:\/\/quehacerpolitico.mx\/?cat=58\" rel=\"category\">Cultura y Entretenimiento<\/a>","tag_info":"Cultura y Entretenimiento","comment_count":"0","_links":{"self":[{"href":"https:\/\/quehacerpolitico.mx\/index.php?rest_route=\/wp\/v2\/posts\/86029","targetHints":{"allow":["GET"]}}],"collection":[{"href":"https:\/\/quehacerpolitico.mx\/index.php?rest_route=\/wp\/v2\/posts"}],"about":[{"href":"https:\/\/quehacerpolitico.mx\/index.php?rest_route=\/wp\/v2\/types\/post"}],"author":[{"embeddable":true,"href":"https:\/\/quehacerpolitico.mx\/index.php?rest_route=\/wp\/v2\/users\/2"}],"replies":[{"embeddable":true,"href":"https:\/\/quehacerpolitico.mx\/index.php?rest_route=%2Fwp%2Fv2%2Fcomments&post=86029"}],"version-history":[{"count":1,"href":"https:\/\/quehacerpolitico.mx\/index.php?rest_route=\/wp\/v2\/posts\/86029\/revisions"}],"predecessor-version":[{"id":86031,"href":"https:\/\/quehacerpolitico.mx\/index.php?rest_route=\/wp\/v2\/posts\/86029\/revisions\/86031"}],"wp:featuredmedia":[{"embeddable":true,"href":"https:\/\/quehacerpolitico.mx\/index.php?rest_route=\/wp\/v2\/media\/86030"}],"wp:attachment":[{"href":"https:\/\/quehacerpolitico.mx\/index.php?rest_route=%2Fwp%2Fv2%2Fmedia&parent=86029"}],"wp:term":[{"taxonomy":"category","embeddable":true,"href":"https:\/\/quehacerpolitico.mx\/index.php?rest_route=%2Fwp%2Fv2%2Fcategories&post=86029"},{"taxonomy":"post_tag","embeddable":true,"href":"https:\/\/quehacerpolitico.mx\/index.php?rest_route=%2Fwp%2Fv2%2Ftags&post=86029"}],"curies":[{"name":"wp","href":"https:\/\/api.w.org\/{rel}","templated":true}]}}