{"id":85997,"date":"2021-10-25T03:28:34","date_gmt":"2021-10-25T03:28:34","guid":{"rendered":"https:\/\/quehacerpolitico.mx\/?p=85997"},"modified":"2021-10-25T03:28:37","modified_gmt":"2021-10-25T03:28:37","slug":"movimiento-ciudadano-le-dice-no-a-coalicion-con-el-pan-pri-y-prd","status":"publish","type":"post","link":"https:\/\/quehacerpolitico.mx\/?p=85997","title":{"rendered":"Movimiento Ciudadano le dice no a coalici\u00f3n con el PAN, PRI y PRD"},"content":{"rendered":"\n<p>Por Redacci\u00f3n QP<\/p>\n\n\n\n<p>El coordinador nacional de MC, Clemente Casta\u00f1eda advirti\u00f3 que su partido no caer\u00e1 en el juego de la sucesi\u00f3n presidencial adelantada en el que AMLO quiere meter al pa\u00eds<\/p>\n\n\n\n<p>El coordinador nacional de Movimiento Ciudadano (MC), Clemente Casta\u00f1eda, rechaz\u00f3 la convocatoria de la organizaci\u00f3n ciudadana S\u00ed por M\u00e9xico, encabezada por los empresarios Claudio X. Gonz\u00e1lez y Gustavo de Hoyos, para integrarse a la coalici\u00f3n Va por M\u00e9xico, que conforman el PAN, el PRI y el PRD, rumbo a las elecciones presidenciales de 2024.<\/p>\n\n\n\n<p>Casta\u00f1eda advirti\u00f3 que su partido no caer\u00e1 en el juego de la sucesi\u00f3n presidencial adelantada en el que el Presidente de M\u00e9xico, Andr\u00e9s Manuel L\u00f3pez Obrador (AMLO) quiere meter al pa\u00eds, por lo que seguir\u00e1 concentrado en darle buenos resultados a la poblaci\u00f3n desde los gobiernos estatales y municipales, as\u00ed como en las C\u00e1maras de Diputados y de Senadores.<\/p>\n\n\n\n<blockquote class=\"wp-block-quote is-layout-flow wp-block-quote-is-layout-flow\"><p>&#8220;No es tema la sucesi\u00f3n presidencial, los temas que nos interesan son los temas como la construcci\u00f3n de soluciones para los grandes problemas del pa\u00eds&#8221;<\/p><\/blockquote>\n\n\n\n<p>Adem\u00e1s, Clemente Casta\u00f1eda se\u00f1al\u00f3 que si algo confirm\u00f3 el proceso electoral de este a\u00f1o es que alternativas ciudadanas bien articuladas como la de Movimiento Ciudadano, son las que tienen potencial de crecimiento.<\/p>\n\n\n\n<p>En este sentido, apunt\u00f3 que su partido cuenta con cuadros propios suficientes para encabezar un proyecto presidencial.<\/p>\n\n\n\n<p>&#8220;<strong>Si nosotros no andamos como andan otros preocupados por su baraja, nosotros estamos concentrados en aportar soluciones al pa\u00eds<\/strong>, en que nuestros gobiernos hagan un trabajo excepcional, en que los representantes populares sigan llevando las causas importantes a la tribuna del Senado, de la C\u00e1mara de Diputados, en proponer alternativas de soluci\u00f3n a los problemas del pa\u00eds y no entrar en el juego de la sucesi\u00f3n, que es el juego que le interesa al Presidente y que lamentablemente algunos quieren repetir&#8221;, sostuvo.<\/p>\n\n\n\n<p>Adem\u00e1s, hizo un llamado a la oposici\u00f3n, incluida la organizaci\u00f3n S\u00ed por M\u00e9xico, a no caer en el juego de la sucesi\u00f3n adelantada y de la polarizaci\u00f3n que trata de imponer AMLO.<\/p>\n\n\n\n<p>&#8220;Yo lo que les digo de manera muy respetuosa a todos los que le quieren hacer un bien a M\u00e9xico, de manera leg\u00edtima, es que comencemos por entender, creo que ese es el principio, que la polarizaci\u00f3n a qui\u00e9n beneficia es al r\u00e9gimen; que la estrategia que han impulsado el Presidente de la Rep\u00fablica y el Gobierno Federal es justamente la de polarizar y la de dividir&#8221;.<\/p>\n\n\n\n<p>El dirigente de MC aclar\u00f3 que su partido ha tenido y seguir\u00e1 teniendo pl\u00e1ticas con todas las fuerzas pol\u00edticas, pero insisti\u00f3 en que caer en la trampa de la polarizaci\u00f3n es un error t\u00e1ctico y estrat\u00e9gico de cara a la construcci\u00f3n pol\u00edtica del 2024.<\/p>\n\n\n\n<p><strong>Afirm\u00f3 que AMLO quiere que se hable de la carrera presidencial y no de los temas importantes del pa\u00eds, como la inseguridad, la desigualdad, la crisis econ\u00f3mica o el desabasto de medicinas<\/strong>, es decir, de los problemas importantes que tiene el pa\u00eds &#8220;y que han sido incapaces de resolver&#8221;.<\/p>\n\n\n\n<p>&#8220;Y hay quien cae en esta trampa permanentemente. Si nosotros dejamos que la agenda p\u00fablica la siga dictando el Presidente, nos vamos a equivocar, pero si adem\u00e1s lo que hacemos es materializar los sue\u00f1os del Presidente, que es generar esta polarizaci\u00f3n permanente y esta polarizaci\u00f3n en el tema electoral, pues luego no nos estemos quejando de los resultados&#8221;, subray\u00f3.<\/p>\n\n\n\n<p>Con Informaci\u00f3n de SUN <\/p>\n","protected":false},"excerpt":{"rendered":"<p>Por Redacci\u00f3n QP El coordinador nacional de MC, Clemente Casta\u00f1eda advirti\u00f3 que su partido no&#8230;<\/p>\n","protected":false},"author":2,"featured_media":85998,"comment_status":"open","ping_status":"open","sticky":false,"template":"","format":"standard","meta":{"_monsterinsights_skip_tracking":false,"_monsterinsights_sitenote_active":false,"_monsterinsights_sitenote_note":"","_monsterinsights_sitenote_category":0,"footnotes":""},"categories":[2],"tags":[],"class_list":["post-85997","post","type-post","status-publish","format-standard","has-post-thumbnail","hentry","category-noticias"],"yoast_head":"<!-- This site is optimized with the Yoast SEO plugin v27.3 - https:\/\/yoast.com\/product\/yoast-seo-wordpress\/ -->\n<title>Movimiento Ciudadano le dice no a coalici\u00f3n con el PAN, PRI y PRD -<\/title>\n<meta name=\"robots\" content=\"index, follow, max-snippet:-1, max-image-preview:large, max-video-preview:-1\" \/>\n<link rel=\"canonical\" href=\"https:\/\/quehacerpolitico.mx\/?p=85997\" \/>\n<meta property=\"og:locale\" content=\"es_MX\" \/>\n<meta property=\"og:type\" content=\"article\" \/>\n<meta property=\"og:title\" content=\"Movimiento Ciudadano le dice no a coalici\u00f3n con el PAN, PRI y PRD -\" \/>\n<meta property=\"og:description\" content=\"Por Redacci\u00f3n QP El coordinador nacional de MC, Clemente Casta\u00f1eda advirti\u00f3 que su partido no...\" \/>\n<meta property=\"og:url\" content=\"https:\/\/quehacerpolitico.mx\/?p=85997\" \/>\n<meta property=\"article:published_time\" content=\"2021-10-25T03:28:34+00:00\" \/>\n<meta property=\"article:modified_time\" content=\"2021-10-25T03:28:37+00:00\" \/>\n<meta property=\"og:image\" content=\"https:\/\/quehacerpolitico.mx\/wp-content\/uploads\/2021\/10\/EB5BBFCE-8CE3-4C55-A47D-571AB2E6FD37.jpeg\" \/>\n\t<meta property=\"og:image:width\" content=\"763\" \/>\n\t<meta property=\"og:image:height\" content=\"402\" \/>\n\t<meta property=\"og:image:type\" content=\"image\/jpeg\" \/>\n<meta name=\"author\" content=\"Redacci\u00f3n QP\" \/>\n<meta name=\"twitter:card\" content=\"summary_large_image\" \/>\n<meta name=\"twitter:label1\" content=\"Escrito por\" \/>\n\t<meta name=\"twitter:data1\" content=\"Redacci\u00f3n QP\" \/>\n\t<meta name=\"twitter:label2\" content=\"Tiempo de lectura\" \/>\n\t<meta name=\"twitter:data2\" content=\"3 minutos\" \/>\n<script type=\"application\/ld+json\" class=\"yoast-schema-graph\">{\"@context\":\"https:\\\/\\\/schema.org\",\"@graph\":[{\"@type\":\"Article\",\"@id\":\"https:\\\/\\\/quehacerpolitico.mx\\\/?p=85997#article\",\"isPartOf\":{\"@id\":\"https:\\\/\\\/quehacerpolitico.mx\\\/?p=85997\"},\"author\":{\"name\":\"Redacci\u00f3n QP\",\"@id\":\"https:\\\/\\\/quehacerpolitico.mx\\\/#\\\/schema\\\/person\\\/496d8ad2d1d3f8036101dca7ee39e585\"},\"headline\":\"Movimiento Ciudadano le dice no a coalici\u00f3n con el PAN, PRI y PRD\",\"datePublished\":\"2021-10-25T03:28:34+00:00\",\"dateModified\":\"2021-10-25T03:28:37+00:00\",\"mainEntityOfPage\":{\"@id\":\"https:\\\/\\\/quehacerpolitico.mx\\\/?p=85997\"},\"wordCount\":626,\"commentCount\":0,\"image\":{\"@id\":\"https:\\\/\\\/quehacerpolitico.mx\\\/?p=85997#primaryimage\"},\"thumbnailUrl\":\"https:\\\/\\\/quehacerpolitico.mx\\\/wp-content\\\/uploads\\\/2021\\\/10\\\/EB5BBFCE-8CE3-4C55-A47D-571AB2E6FD37.jpeg\",\"articleSection\":[\"Noticias\"],\"inLanguage\":\"es\",\"potentialAction\":[{\"@type\":\"CommentAction\",\"name\":\"Comment\",\"target\":[\"https:\\\/\\\/quehacerpolitico.mx\\\/?p=85997#respond\"]}]},{\"@type\":\"WebPage\",\"@id\":\"https:\\\/\\\/quehacerpolitico.mx\\\/?p=85997\",\"url\":\"https:\\\/\\\/quehacerpolitico.mx\\\/?p=85997\",\"name\":\"Movimiento Ciudadano le dice no a coalici\u00f3n con el PAN, PRI y PRD -\",\"isPartOf\":{\"@id\":\"https:\\\/\\\/quehacerpolitico.mx\\\/#website\"},\"primaryImageOfPage\":{\"@id\":\"https:\\\/\\\/quehacerpolitico.mx\\\/?p=85997#primaryimage\"},\"image\":{\"@id\":\"https:\\\/\\\/quehacerpolitico.mx\\\/?p=85997#primaryimage\"},\"thumbnailUrl\":\"https:\\\/\\\/quehacerpolitico.mx\\\/wp-content\\\/uploads\\\/2021\\\/10\\\/EB5BBFCE-8CE3-4C55-A47D-571AB2E6FD37.jpeg\",\"datePublished\":\"2021-10-25T03:28:34+00:00\",\"dateModified\":\"2021-10-25T03:28:37+00:00\",\"author\":{\"@id\":\"https:\\\/\\\/quehacerpolitico.mx\\\/#\\\/schema\\\/person\\\/496d8ad2d1d3f8036101dca7ee39e585\"},\"breadcrumb\":{\"@id\":\"https:\\\/\\\/quehacerpolitico.mx\\\/?p=85997#breadcrumb\"},\"inLanguage\":\"es\",\"potentialAction\":[{\"@type\":\"ReadAction\",\"target\":[\"https:\\\/\\\/quehacerpolitico.mx\\\/?p=85997\"]}]},{\"@type\":\"ImageObject\",\"inLanguage\":\"es\",\"@id\":\"https:\\\/\\\/quehacerpolitico.mx\\\/?p=85997#primaryimage\",\"url\":\"https:\\\/\\\/quehacerpolitico.mx\\\/wp-content\\\/uploads\\\/2021\\\/10\\\/EB5BBFCE-8CE3-4C55-A47D-571AB2E6FD37.jpeg\",\"contentUrl\":\"https:\\\/\\\/quehacerpolitico.mx\\\/wp-content\\\/uploads\\\/2021\\\/10\\\/EB5BBFCE-8CE3-4C55-A47D-571AB2E6FD37.jpeg\",\"width\":763,\"height\":402},{\"@type\":\"BreadcrumbList\",\"@id\":\"https:\\\/\\\/quehacerpolitico.mx\\\/?p=85997#breadcrumb\",\"itemListElement\":[{\"@type\":\"ListItem\",\"position\":1,\"name\":\"Inicio\",\"item\":\"https:\\\/\\\/quehacerpolitico.mx\\\/\"},{\"@type\":\"ListItem\",\"position\":2,\"name\":\"Movimiento Ciudadano le dice no a coalici\u00f3n con el PAN, PRI y PRD\"}]},{\"@type\":\"WebSite\",\"@id\":\"https:\\\/\\\/quehacerpolitico.mx\\\/#website\",\"url\":\"https:\\\/\\\/quehacerpolitico.mx\\\/\",\"name\":\"\",\"description\":\"\",\"potentialAction\":[{\"@type\":\"SearchAction\",\"target\":{\"@type\":\"EntryPoint\",\"urlTemplate\":\"https:\\\/\\\/quehacerpolitico.mx\\\/?s={search_term_string}\"},\"query-input\":{\"@type\":\"PropertyValueSpecification\",\"valueRequired\":true,\"valueName\":\"search_term_string\"}}],\"inLanguage\":\"es\"},{\"@type\":\"Person\",\"@id\":\"https:\\\/\\\/quehacerpolitico.mx\\\/#\\\/schema\\\/person\\\/496d8ad2d1d3f8036101dca7ee39e585\",\"name\":\"Redacci\u00f3n QP\",\"image\":{\"@type\":\"ImageObject\",\"inLanguage\":\"es\",\"@id\":\"https:\\\/\\\/secure.gravatar.com\\\/avatar\\\/c7164ed6fdec453195284ad24a5ae5b6e1eed2b848477fa2a4787ba9adf39a41?s=96&d=mm&r=g\",\"url\":\"https:\\\/\\\/secure.gravatar.com\\\/avatar\\\/c7164ed6fdec453195284ad24a5ae5b6e1eed2b848477fa2a4787ba9adf39a41?s=96&d=mm&r=g\",\"contentUrl\":\"https:\\\/\\\/secure.gravatar.com\\\/avatar\\\/c7164ed6fdec453195284ad24a5ae5b6e1eed2b848477fa2a4787ba9adf39a41?s=96&d=mm&r=g\",\"caption\":\"Redacci\u00f3n QP\"},\"url\":\"https:\\\/\\\/quehacerpolitico.mx\\\/?author=2\"}]}<\/script>\n<!-- \/ Yoast SEO plugin. -->","yoast_head_json":{"title":"Movimiento Ciudadano le dice no a coalici\u00f3n con el PAN, PRI y PRD -","robots":{"index":"index","follow":"follow","max-snippet":"max-snippet:-1","max-image-preview":"max-image-preview:large","max-video-preview":"max-video-preview:-1"},"canonical":"https:\/\/quehacerpolitico.mx\/?p=85997","og_locale":"es_MX","og_type":"article","og_title":"Movimiento Ciudadano le dice no a coalici\u00f3n con el PAN, PRI y PRD -","og_description":"Por Redacci\u00f3n QP El coordinador nacional de MC, Clemente Casta\u00f1eda advirti\u00f3 que su partido no...","og_url":"https:\/\/quehacerpolitico.mx\/?p=85997","article_published_time":"2021-10-25T03:28:34+00:00","article_modified_time":"2021-10-25T03:28:37+00:00","og_image":[{"width":763,"height":402,"url":"https:\/\/quehacerpolitico.mx\/wp-content\/uploads\/2021\/10\/EB5BBFCE-8CE3-4C55-A47D-571AB2E6FD37.jpeg","type":"image\/jpeg"}],"author":"Redacci\u00f3n QP","twitter_card":"summary_large_image","twitter_misc":{"Escrito por":"Redacci\u00f3n QP","Tiempo de lectura":"3 minutos"},"schema":{"@context":"https:\/\/schema.org","@graph":[{"@type":"Article","@id":"https:\/\/quehacerpolitico.mx\/?p=85997#article","isPartOf":{"@id":"https:\/\/quehacerpolitico.mx\/?p=85997"},"author":{"name":"Redacci\u00f3n QP","@id":"https:\/\/quehacerpolitico.mx\/#\/schema\/person\/496d8ad2d1d3f8036101dca7ee39e585"},"headline":"Movimiento Ciudadano le dice no a coalici\u00f3n con el PAN, PRI y PRD","datePublished":"2021-10-25T03:28:34+00:00","dateModified":"2021-10-25T03:28:37+00:00","mainEntityOfPage":{"@id":"https:\/\/quehacerpolitico.mx\/?p=85997"},"wordCount":626,"commentCount":0,"image":{"@id":"https:\/\/quehacerpolitico.mx\/?p=85997#primaryimage"},"thumbnailUrl":"https:\/\/quehacerpolitico.mx\/wp-content\/uploads\/2021\/10\/EB5BBFCE-8CE3-4C55-A47D-571AB2E6FD37.jpeg","articleSection":["Noticias"],"inLanguage":"es","potentialAction":[{"@type":"CommentAction","name":"Comment","target":["https:\/\/quehacerpolitico.mx\/?p=85997#respond"]}]},{"@type":"WebPage","@id":"https:\/\/quehacerpolitico.mx\/?p=85997","url":"https:\/\/quehacerpolitico.mx\/?p=85997","name":"Movimiento Ciudadano le dice no a coalici\u00f3n con el PAN, PRI y PRD -","isPartOf":{"@id":"https:\/\/quehacerpolitico.mx\/#website"},"primaryImageOfPage":{"@id":"https:\/\/quehacerpolitico.mx\/?p=85997#primaryimage"},"image":{"@id":"https:\/\/quehacerpolitico.mx\/?p=85997#primaryimage"},"thumbnailUrl":"https:\/\/quehacerpolitico.mx\/wp-content\/uploads\/2021\/10\/EB5BBFCE-8CE3-4C55-A47D-571AB2E6FD37.jpeg","datePublished":"2021-10-25T03:28:34+00:00","dateModified":"2021-10-25T03:28:37+00:00","author":{"@id":"https:\/\/quehacerpolitico.mx\/#\/schema\/person\/496d8ad2d1d3f8036101dca7ee39e585"},"breadcrumb":{"@id":"https:\/\/quehacerpolitico.mx\/?p=85997#breadcrumb"},"inLanguage":"es","potentialAction":[{"@type":"ReadAction","target":["https:\/\/quehacerpolitico.mx\/?p=85997"]}]},{"@type":"ImageObject","inLanguage":"es","@id":"https:\/\/quehacerpolitico.mx\/?p=85997#primaryimage","url":"https:\/\/quehacerpolitico.mx\/wp-content\/uploads\/2021\/10\/EB5BBFCE-8CE3-4C55-A47D-571AB2E6FD37.jpeg","contentUrl":"https:\/\/quehacerpolitico.mx\/wp-content\/uploads\/2021\/10\/EB5BBFCE-8CE3-4C55-A47D-571AB2E6FD37.jpeg","width":763,"height":402},{"@type":"BreadcrumbList","@id":"https:\/\/quehacerpolitico.mx\/?p=85997#breadcrumb","itemListElement":[{"@type":"ListItem","position":1,"name":"Inicio","item":"https:\/\/quehacerpolitico.mx\/"},{"@type":"ListItem","position":2,"name":"Movimiento Ciudadano le dice no a coalici\u00f3n con el PAN, PRI y PRD"}]},{"@type":"WebSite","@id":"https:\/\/quehacerpolitico.mx\/#website","url":"https:\/\/quehacerpolitico.mx\/","name":"","description":"","potentialAction":[{"@type":"SearchAction","target":{"@type":"EntryPoint","urlTemplate":"https:\/\/quehacerpolitico.mx\/?s={search_term_string}"},"query-input":{"@type":"PropertyValueSpecification","valueRequired":true,"valueName":"search_term_string"}}],"inLanguage":"es"},{"@type":"Person","@id":"https:\/\/quehacerpolitico.mx\/#\/schema\/person\/496d8ad2d1d3f8036101dca7ee39e585","name":"Redacci\u00f3n QP","image":{"@type":"ImageObject","inLanguage":"es","@id":"https:\/\/secure.gravatar.com\/avatar\/c7164ed6fdec453195284ad24a5ae5b6e1eed2b848477fa2a4787ba9adf39a41?s=96&d=mm&r=g","url":"https:\/\/secure.gravatar.com\/avatar\/c7164ed6fdec453195284ad24a5ae5b6e1eed2b848477fa2a4787ba9adf39a41?s=96&d=mm&r=g","contentUrl":"https:\/\/secure.gravatar.com\/avatar\/c7164ed6fdec453195284ad24a5ae5b6e1eed2b848477fa2a4787ba9adf39a41?s=96&d=mm&r=g","caption":"Redacci\u00f3n QP"},"url":"https:\/\/quehacerpolitico.mx\/?author=2"}]}},"featured_image_urls":{"full":["https:\/\/quehacerpolitico.mx\/wp-content\/uploads\/2021\/10\/EB5BBFCE-8CE3-4C55-A47D-571AB2E6FD37.jpeg",763,402,false],"thumbnail":["https:\/\/quehacerpolitico.mx\/wp-content\/uploads\/2021\/10\/EB5BBFCE-8CE3-4C55-A47D-571AB2E6FD37-150x150.jpeg",150,150,true],"medium":["https:\/\/quehacerpolitico.mx\/wp-content\/uploads\/2021\/10\/EB5BBFCE-8CE3-4C55-A47D-571AB2E6FD37-300x158.jpeg",300,158,true],"medium_large":["https:\/\/quehacerpolitico.mx\/wp-content\/uploads\/2021\/10\/EB5BBFCE-8CE3-4C55-A47D-571AB2E6FD37.jpeg",640,337,false],"large":["https:\/\/quehacerpolitico.mx\/wp-content\/uploads\/2021\/10\/EB5BBFCE-8CE3-4C55-A47D-571AB2E6FD37.jpeg",640,337,false],"1536x1536":["https:\/\/quehacerpolitico.mx\/wp-content\/uploads\/2021\/10\/EB5BBFCE-8CE3-4C55-A47D-571AB2E6FD37.jpeg",763,402,false],"2048x2048":["https:\/\/quehacerpolitico.mx\/wp-content\/uploads\/2021\/10\/EB5BBFCE-8CE3-4C55-A47D-571AB2E6FD37.jpeg",763,402,false],"covernews-featured":["https:\/\/quehacerpolitico.mx\/wp-content\/uploads\/2021\/10\/EB5BBFCE-8CE3-4C55-A47D-571AB2E6FD37.jpeg",763,402,false],"covernews-medium":["https:\/\/quehacerpolitico.mx\/wp-content\/uploads\/2021\/10\/EB5BBFCE-8CE3-4C55-A47D-571AB2E6FD37.jpeg",540,285,false]},"author_info":{"display_name":"Redacci\u00f3n QP","author_link":"https:\/\/quehacerpolitico.mx\/?author=2"},"category_info":"<a href=\"https:\/\/quehacerpolitico.mx\/?cat=2\" rel=\"category\">Noticias<\/a>","tag_info":"Noticias","comment_count":"0","_links":{"self":[{"href":"https:\/\/quehacerpolitico.mx\/index.php?rest_route=\/wp\/v2\/posts\/85997","targetHints":{"allow":["GET"]}}],"collection":[{"href":"https:\/\/quehacerpolitico.mx\/index.php?rest_route=\/wp\/v2\/posts"}],"about":[{"href":"https:\/\/quehacerpolitico.mx\/index.php?rest_route=\/wp\/v2\/types\/post"}],"author":[{"embeddable":true,"href":"https:\/\/quehacerpolitico.mx\/index.php?rest_route=\/wp\/v2\/users\/2"}],"replies":[{"embeddable":true,"href":"https:\/\/quehacerpolitico.mx\/index.php?rest_route=%2Fwp%2Fv2%2Fcomments&post=85997"}],"version-history":[{"count":1,"href":"https:\/\/quehacerpolitico.mx\/index.php?rest_route=\/wp\/v2\/posts\/85997\/revisions"}],"predecessor-version":[{"id":85999,"href":"https:\/\/quehacerpolitico.mx\/index.php?rest_route=\/wp\/v2\/posts\/85997\/revisions\/85999"}],"wp:featuredmedia":[{"embeddable":true,"href":"https:\/\/quehacerpolitico.mx\/index.php?rest_route=\/wp\/v2\/media\/85998"}],"wp:attachment":[{"href":"https:\/\/quehacerpolitico.mx\/index.php?rest_route=%2Fwp%2Fv2%2Fmedia&parent=85997"}],"wp:term":[{"taxonomy":"category","embeddable":true,"href":"https:\/\/quehacerpolitico.mx\/index.php?rest_route=%2Fwp%2Fv2%2Fcategories&post=85997"},{"taxonomy":"post_tag","embeddable":true,"href":"https:\/\/quehacerpolitico.mx\/index.php?rest_route=%2Fwp%2Fv2%2Ftags&post=85997"}],"curies":[{"name":"wp","href":"https:\/\/api.w.org\/{rel}","templated":true}]}}