{"id":85991,"date":"2021-10-25T02:56:40","date_gmt":"2021-10-25T02:56:40","guid":{"rendered":"https:\/\/quehacerpolitico.mx\/?p=85991"},"modified":"2021-10-25T02:56:42","modified_gmt":"2021-10-25T02:56:42","slug":"hoy-en-mexico-87-muertos-y-mil-666-contagios-por-covid","status":"publish","type":"post","link":"https:\/\/quehacerpolitico.mx\/?p=85991","title":{"rendered":"Hoy en M\u00e9xico 87 muertos y mil 666 contagios por covid"},"content":{"rendered":"\n<p>Por Redacci\u00f3n QP<\/p>\n\n\n\n<p>M\u00e9xico se mantiene como el cuarto pa\u00eds con m\u00e1s muertes por covid, detr\u00e1s de Estados Unidos, Brasil y la India<\/p>\n\n\n\n<ul class=\"wp-block-list\"><li>Desde el inicio de la pandemia por covid se han recuperado 3 millones 145 mil 535 personas<\/li><\/ul>\n\n\n\n<p>La Secretar\u00eda de Salud (<strong>SSa<\/strong>) de\u00a0<strong>M\u00e9xico<\/strong>report\u00f3 este domingo, 24 de octubre de 2021, 87 nuevas muertes por<strong><a href=\"https:\/\/noticieros.televisa.com\/ultimas-noticias\/iglesia-mexicana-pide-prudencia-a-la-poblacion-por-el-semaforo-verde-de-covid-19\/\" target=\"_blank\" rel=\"noreferrer noopener\">\u00a0<\/a><\/strong>COVID para un total de 286 mil 346 defunciones, adem\u00e1s de otros mil 666 casos para llegar hasta los 3 millones 783 mil 327.<\/p>\n\n\n\n<p>Con estos datos,\u00a0<strong>M\u00e9xico<\/strong>\u00a0se mantiene como el cuarto pa\u00eds con m\u00e1s muertes por\u00a0<strong>covid<\/strong>, detr\u00e1s de Estados Unidos, Brasil y la India, y el decimoquinto en n\u00famero de\u00a0<strong>contagios confirmados<\/strong>, seg\u00fan el recuento de la Universidad Johns Hopkins.<\/p>\n\n\n\n<figure class=\"wp-block-embed is-type-rich is-provider-twitter wp-block-embed-twitter\"><div class=\"wp-block-embed__wrapper\">\n<blockquote class=\"twitter-tweet\" data-width=\"550\" data-dnt=\"true\"><p lang=\"es\" dir=\"ltr\">Comunicado T\u00e9cnico Diario: Nuevo Coronavirus en el Mundo <a href=\"https:\/\/twitter.com\/hashtag\/COVID19?src=hash&amp;ref_src=twsrc%5Etfw\">#COVID19<\/a> | 24 de octubre de 2021<br><br>\u27a1\ufe0f <a href=\"https:\/\/t.co\/6CfSti0k7H\">https:\/\/t.co\/6CfSti0k7H<\/a> <a href=\"https:\/\/t.co\/0GTZr4ZwBZ\">pic.twitter.com\/0GTZr4ZwBZ<\/a><\/p>&mdash; SALUD M\u00e9xico (@SSalud_mx) <a href=\"https:\/\/twitter.com\/SSalud_mx\/status\/1452403758563004426?ref_src=twsrc%5Etfw\">October 24, 2021<\/a><\/blockquote><script async src=\"https:\/\/platform.twitter.com\/widgets.js\" charset=\"utf-8\"><\/script>\n<\/div><\/figure>\n\n\n\n<p>El pasado martes, el Gobierno asegur\u00f3 que el pa\u00eds se acerca a su \u201cpunto m\u00ednimo absoluto\u201d de casos de&nbsp;<strong>covid<\/strong>&nbsp;tras 11 semanas consecutivas de reducci\u00f3n de la&nbsp;<strong>tercera ola de contagios.<\/strong><\/p>\n\n\n\n<p>Las autoridades sanitarias reconocen que, con base en las actas de defunci\u00f3n, la&nbsp;<strong>pandemia<\/strong>rondar\u00eda los 425 mil fallecidos en el pa\u00eds y estiman que&nbsp;<strong>M\u00e9xico<\/strong>&nbsp;acumula en realidad 4 millones 2 mil 529&nbsp;<strong>contagios<\/strong>.<\/p>\n\n\n\n<p>De la cifra oficial total, 30 mil 214 son los\u00a0<strong>casos activos<\/strong>, que presentaron s\u00edntomas durante los \u00faltimos 14 d\u00edas y suponen el 0.8%.<\/p>\n\n\n\n<p>Adem\u00e1s, desde el inicio de la&nbsp;<strong>pandemia<\/strong>&nbsp;se recuperaron 3 millones 145 mil 535 personas.<\/p>\n\n\n\n<p>La ocupaci\u00f3n media de camas generales en los hospitales es del 22% y del 20% para camas de terapia intensiva.<\/p>\n\n\n\n<p>Con respecto a las defunciones,&nbsp;<strong>Ciudad de M\u00e9xico<\/strong>&nbsp;(el foco de la pandemia) acumula cerca de 18% de todos los decesos a nivel nacional.<\/p>\n\n\n\n<p>Este lunes, 26 de octubre de 2021, la Ciudad de M\u00e9xico iniciar\u00e1 la vacunaci\u00f3n contra la covid en menores de entre 12 y 17 a\u00f1os que padezcan alguna comorbilidad.<\/p>\n\n\n\n<h2 class=\"wp-block-heading\">Plan de vacunaci\u00f3n<\/h2>\n\n\n\n<p>Las autoridades tambi\u00e9n indicaron que el\u00a0<strong>programa de vacunaci\u00f3n<\/strong>, que contempla a todos los mayores de 18 a\u00f1os, acumula m\u00e1s de 115.18 millones de dosis aplicadas, al sumar 627 mil 626 durante la \u00faltima jornada.<\/p>\n\n\n\n<p>Hasta ahora, 69.97 millones de personas mayores de 18 a\u00f1os tienen al menos una dosis. Es decir, el 78% del total de la poblaci\u00f3n adulta.<\/p>\n\n\n\n<p>De ese total, el 75% (53.48 millones) recibi\u00f3 el esquema completo.<\/p>\n\n\n\n<p>Este domingo, 24 de octubre de 2021,&nbsp;<strong>M\u00e9xico<\/strong>recibi\u00f3 729 mil dosis del primer componente de la vacuna rusa Sputnik-V.<\/p>\n\n\n\n<p>Desde finales de diciembre de 2020 llegaron a&nbsp;<strong>M\u00e9xico<\/strong>&nbsp;137.13 millones de dosis de las vacunas anglo-sueca AstraZeneca, la rusa Sputnik V, las estadounidenses Pfizer, Johnson &amp; Johnson y Moderna, adem\u00e1s de las chinas CanSino y Sinovac.<\/p>\n\n\n\n<p>El Gobierno estimaba que para finales de octubre llegar\u00eda a 120 millones de dosis recibidas, pero ya rebas\u00f3 ampliamente esa meta y espera que antes de que finalice el 2021 reciba un total de 150 millones de dosis.<\/p>\n\n\n\n<p><em>Con informaci\u00f3n de EFE<\/em><\/p>\n","protected":false},"excerpt":{"rendered":"<p>Por Redacci\u00f3n QP M\u00e9xico se mantiene como el cuarto pa\u00eds con m\u00e1s muertes por covid,&#8230;<\/p>\n","protected":false},"author":2,"featured_media":85992,"comment_status":"open","ping_status":"open","sticky":false,"template":"","format":"standard","meta":{"_monsterinsights_skip_tracking":false,"_monsterinsights_sitenote_active":false,"_monsterinsights_sitenote_note":"","_monsterinsights_sitenote_category":0,"footnotes":""},"categories":[2],"tags":[],"class_list":["post-85991","post","type-post","status-publish","format-standard","has-post-thumbnail","hentry","category-noticias"],"yoast_head":"<!-- This site is optimized with the Yoast SEO plugin v27.3 - https:\/\/yoast.com\/product\/yoast-seo-wordpress\/ -->\n<title>Hoy en M\u00e9xico 87 muertos y mil 666 contagios por covid -<\/title>\n<meta name=\"robots\" content=\"index, follow, max-snippet:-1, max-image-preview:large, max-video-preview:-1\" \/>\n<link rel=\"canonical\" href=\"https:\/\/quehacerpolitico.mx\/?p=85991\" \/>\n<meta property=\"og:locale\" content=\"es_MX\" \/>\n<meta property=\"og:type\" content=\"article\" \/>\n<meta property=\"og:title\" content=\"Hoy en M\u00e9xico 87 muertos y mil 666 contagios por covid -\" \/>\n<meta property=\"og:description\" content=\"Por Redacci\u00f3n QP M\u00e9xico se mantiene como el cuarto pa\u00eds con m\u00e1s muertes por covid,...\" \/>\n<meta property=\"og:url\" content=\"https:\/\/quehacerpolitico.mx\/?p=85991\" \/>\n<meta property=\"article:published_time\" content=\"2021-10-25T02:56:40+00:00\" \/>\n<meta property=\"article:modified_time\" content=\"2021-10-25T02:56:42+00:00\" \/>\n<meta property=\"og:image\" content=\"https:\/\/quehacerpolitico.mx\/wp-content\/uploads\/2021\/10\/777BB1D2-FAA0-449A-9BAF-673AED1CDEA3.jpeg\" \/>\n\t<meta property=\"og:image:width\" content=\"1086\" \/>\n\t<meta property=\"og:image:height\" content=\"704\" \/>\n\t<meta property=\"og:image:type\" content=\"image\/jpeg\" \/>\n<meta name=\"author\" content=\"Redacci\u00f3n QP\" \/>\n<meta name=\"twitter:card\" content=\"summary_large_image\" \/>\n<meta name=\"twitter:label1\" content=\"Escrito por\" \/>\n\t<meta name=\"twitter:data1\" content=\"Redacci\u00f3n QP\" \/>\n\t<meta name=\"twitter:label2\" content=\"Tiempo de lectura\" \/>\n\t<meta name=\"twitter:data2\" content=\"2 minutos\" \/>\n<script type=\"application\/ld+json\" class=\"yoast-schema-graph\">{\"@context\":\"https:\\\/\\\/schema.org\",\"@graph\":[{\"@type\":\"Article\",\"@id\":\"https:\\\/\\\/quehacerpolitico.mx\\\/?p=85991#article\",\"isPartOf\":{\"@id\":\"https:\\\/\\\/quehacerpolitico.mx\\\/?p=85991\"},\"author\":{\"name\":\"Redacci\u00f3n QP\",\"@id\":\"https:\\\/\\\/quehacerpolitico.mx\\\/#\\\/schema\\\/person\\\/496d8ad2d1d3f8036101dca7ee39e585\"},\"headline\":\"Hoy en M\u00e9xico 87 muertos y mil 666 contagios por covid\",\"datePublished\":\"2021-10-25T02:56:40+00:00\",\"dateModified\":\"2021-10-25T02:56:42+00:00\",\"mainEntityOfPage\":{\"@id\":\"https:\\\/\\\/quehacerpolitico.mx\\\/?p=85991\"},\"wordCount\":495,\"commentCount\":0,\"image\":{\"@id\":\"https:\\\/\\\/quehacerpolitico.mx\\\/?p=85991#primaryimage\"},\"thumbnailUrl\":\"https:\\\/\\\/quehacerpolitico.mx\\\/wp-content\\\/uploads\\\/2021\\\/10\\\/777BB1D2-FAA0-449A-9BAF-673AED1CDEA3.jpeg\",\"articleSection\":[\"Noticias\"],\"inLanguage\":\"es\",\"potentialAction\":[{\"@type\":\"CommentAction\",\"name\":\"Comment\",\"target\":[\"https:\\\/\\\/quehacerpolitico.mx\\\/?p=85991#respond\"]}]},{\"@type\":\"WebPage\",\"@id\":\"https:\\\/\\\/quehacerpolitico.mx\\\/?p=85991\",\"url\":\"https:\\\/\\\/quehacerpolitico.mx\\\/?p=85991\",\"name\":\"Hoy en M\u00e9xico 87 muertos y mil 666 contagios por covid -\",\"isPartOf\":{\"@id\":\"https:\\\/\\\/quehacerpolitico.mx\\\/#website\"},\"primaryImageOfPage\":{\"@id\":\"https:\\\/\\\/quehacerpolitico.mx\\\/?p=85991#primaryimage\"},\"image\":{\"@id\":\"https:\\\/\\\/quehacerpolitico.mx\\\/?p=85991#primaryimage\"},\"thumbnailUrl\":\"https:\\\/\\\/quehacerpolitico.mx\\\/wp-content\\\/uploads\\\/2021\\\/10\\\/777BB1D2-FAA0-449A-9BAF-673AED1CDEA3.jpeg\",\"datePublished\":\"2021-10-25T02:56:40+00:00\",\"dateModified\":\"2021-10-25T02:56:42+00:00\",\"author\":{\"@id\":\"https:\\\/\\\/quehacerpolitico.mx\\\/#\\\/schema\\\/person\\\/496d8ad2d1d3f8036101dca7ee39e585\"},\"breadcrumb\":{\"@id\":\"https:\\\/\\\/quehacerpolitico.mx\\\/?p=85991#breadcrumb\"},\"inLanguage\":\"es\",\"potentialAction\":[{\"@type\":\"ReadAction\",\"target\":[\"https:\\\/\\\/quehacerpolitico.mx\\\/?p=85991\"]}]},{\"@type\":\"ImageObject\",\"inLanguage\":\"es\",\"@id\":\"https:\\\/\\\/quehacerpolitico.mx\\\/?p=85991#primaryimage\",\"url\":\"https:\\\/\\\/quehacerpolitico.mx\\\/wp-content\\\/uploads\\\/2021\\\/10\\\/777BB1D2-FAA0-449A-9BAF-673AED1CDEA3.jpeg\",\"contentUrl\":\"https:\\\/\\\/quehacerpolitico.mx\\\/wp-content\\\/uploads\\\/2021\\\/10\\\/777BB1D2-FAA0-449A-9BAF-673AED1CDEA3.jpeg\",\"width\":1086,\"height\":704},{\"@type\":\"BreadcrumbList\",\"@id\":\"https:\\\/\\\/quehacerpolitico.mx\\\/?p=85991#breadcrumb\",\"itemListElement\":[{\"@type\":\"ListItem\",\"position\":1,\"name\":\"Inicio\",\"item\":\"https:\\\/\\\/quehacerpolitico.mx\\\/\"},{\"@type\":\"ListItem\",\"position\":2,\"name\":\"Hoy en M\u00e9xico 87 muertos y mil 666 contagios por covid\"}]},{\"@type\":\"WebSite\",\"@id\":\"https:\\\/\\\/quehacerpolitico.mx\\\/#website\",\"url\":\"https:\\\/\\\/quehacerpolitico.mx\\\/\",\"name\":\"\",\"description\":\"\",\"potentialAction\":[{\"@type\":\"SearchAction\",\"target\":{\"@type\":\"EntryPoint\",\"urlTemplate\":\"https:\\\/\\\/quehacerpolitico.mx\\\/?s={search_term_string}\"},\"query-input\":{\"@type\":\"PropertyValueSpecification\",\"valueRequired\":true,\"valueName\":\"search_term_string\"}}],\"inLanguage\":\"es\"},{\"@type\":\"Person\",\"@id\":\"https:\\\/\\\/quehacerpolitico.mx\\\/#\\\/schema\\\/person\\\/496d8ad2d1d3f8036101dca7ee39e585\",\"name\":\"Redacci\u00f3n QP\",\"image\":{\"@type\":\"ImageObject\",\"inLanguage\":\"es\",\"@id\":\"https:\\\/\\\/secure.gravatar.com\\\/avatar\\\/c7164ed6fdec453195284ad24a5ae5b6e1eed2b848477fa2a4787ba9adf39a41?s=96&d=mm&r=g\",\"url\":\"https:\\\/\\\/secure.gravatar.com\\\/avatar\\\/c7164ed6fdec453195284ad24a5ae5b6e1eed2b848477fa2a4787ba9adf39a41?s=96&d=mm&r=g\",\"contentUrl\":\"https:\\\/\\\/secure.gravatar.com\\\/avatar\\\/c7164ed6fdec453195284ad24a5ae5b6e1eed2b848477fa2a4787ba9adf39a41?s=96&d=mm&r=g\",\"caption\":\"Redacci\u00f3n QP\"},\"url\":\"https:\\\/\\\/quehacerpolitico.mx\\\/?author=2\"}]}<\/script>\n<!-- \/ Yoast SEO plugin. -->","yoast_head_json":{"title":"Hoy en M\u00e9xico 87 muertos y mil 666 contagios por covid -","robots":{"index":"index","follow":"follow","max-snippet":"max-snippet:-1","max-image-preview":"max-image-preview:large","max-video-preview":"max-video-preview:-1"},"canonical":"https:\/\/quehacerpolitico.mx\/?p=85991","og_locale":"es_MX","og_type":"article","og_title":"Hoy en M\u00e9xico 87 muertos y mil 666 contagios por covid -","og_description":"Por Redacci\u00f3n QP M\u00e9xico se mantiene como el cuarto pa\u00eds con m\u00e1s muertes por covid,...","og_url":"https:\/\/quehacerpolitico.mx\/?p=85991","article_published_time":"2021-10-25T02:56:40+00:00","article_modified_time":"2021-10-25T02:56:42+00:00","og_image":[{"width":1086,"height":704,"url":"https:\/\/quehacerpolitico.mx\/wp-content\/uploads\/2021\/10\/777BB1D2-FAA0-449A-9BAF-673AED1CDEA3.jpeg","type":"image\/jpeg"}],"author":"Redacci\u00f3n QP","twitter_card":"summary_large_image","twitter_misc":{"Escrito por":"Redacci\u00f3n QP","Tiempo de lectura":"2 minutos"},"schema":{"@context":"https:\/\/schema.org","@graph":[{"@type":"Article","@id":"https:\/\/quehacerpolitico.mx\/?p=85991#article","isPartOf":{"@id":"https:\/\/quehacerpolitico.mx\/?p=85991"},"author":{"name":"Redacci\u00f3n QP","@id":"https:\/\/quehacerpolitico.mx\/#\/schema\/person\/496d8ad2d1d3f8036101dca7ee39e585"},"headline":"Hoy en M\u00e9xico 87 muertos y mil 666 contagios por covid","datePublished":"2021-10-25T02:56:40+00:00","dateModified":"2021-10-25T02:56:42+00:00","mainEntityOfPage":{"@id":"https:\/\/quehacerpolitico.mx\/?p=85991"},"wordCount":495,"commentCount":0,"image":{"@id":"https:\/\/quehacerpolitico.mx\/?p=85991#primaryimage"},"thumbnailUrl":"https:\/\/quehacerpolitico.mx\/wp-content\/uploads\/2021\/10\/777BB1D2-FAA0-449A-9BAF-673AED1CDEA3.jpeg","articleSection":["Noticias"],"inLanguage":"es","potentialAction":[{"@type":"CommentAction","name":"Comment","target":["https:\/\/quehacerpolitico.mx\/?p=85991#respond"]}]},{"@type":"WebPage","@id":"https:\/\/quehacerpolitico.mx\/?p=85991","url":"https:\/\/quehacerpolitico.mx\/?p=85991","name":"Hoy en M\u00e9xico 87 muertos y mil 666 contagios por covid -","isPartOf":{"@id":"https:\/\/quehacerpolitico.mx\/#website"},"primaryImageOfPage":{"@id":"https:\/\/quehacerpolitico.mx\/?p=85991#primaryimage"},"image":{"@id":"https:\/\/quehacerpolitico.mx\/?p=85991#primaryimage"},"thumbnailUrl":"https:\/\/quehacerpolitico.mx\/wp-content\/uploads\/2021\/10\/777BB1D2-FAA0-449A-9BAF-673AED1CDEA3.jpeg","datePublished":"2021-10-25T02:56:40+00:00","dateModified":"2021-10-25T02:56:42+00:00","author":{"@id":"https:\/\/quehacerpolitico.mx\/#\/schema\/person\/496d8ad2d1d3f8036101dca7ee39e585"},"breadcrumb":{"@id":"https:\/\/quehacerpolitico.mx\/?p=85991#breadcrumb"},"inLanguage":"es","potentialAction":[{"@type":"ReadAction","target":["https:\/\/quehacerpolitico.mx\/?p=85991"]}]},{"@type":"ImageObject","inLanguage":"es","@id":"https:\/\/quehacerpolitico.mx\/?p=85991#primaryimage","url":"https:\/\/quehacerpolitico.mx\/wp-content\/uploads\/2021\/10\/777BB1D2-FAA0-449A-9BAF-673AED1CDEA3.jpeg","contentUrl":"https:\/\/quehacerpolitico.mx\/wp-content\/uploads\/2021\/10\/777BB1D2-FAA0-449A-9BAF-673AED1CDEA3.jpeg","width":1086,"height":704},{"@type":"BreadcrumbList","@id":"https:\/\/quehacerpolitico.mx\/?p=85991#breadcrumb","itemListElement":[{"@type":"ListItem","position":1,"name":"Inicio","item":"https:\/\/quehacerpolitico.mx\/"},{"@type":"ListItem","position":2,"name":"Hoy en M\u00e9xico 87 muertos y mil 666 contagios por covid"}]},{"@type":"WebSite","@id":"https:\/\/quehacerpolitico.mx\/#website","url":"https:\/\/quehacerpolitico.mx\/","name":"","description":"","potentialAction":[{"@type":"SearchAction","target":{"@type":"EntryPoint","urlTemplate":"https:\/\/quehacerpolitico.mx\/?s={search_term_string}"},"query-input":{"@type":"PropertyValueSpecification","valueRequired":true,"valueName":"search_term_string"}}],"inLanguage":"es"},{"@type":"Person","@id":"https:\/\/quehacerpolitico.mx\/#\/schema\/person\/496d8ad2d1d3f8036101dca7ee39e585","name":"Redacci\u00f3n QP","image":{"@type":"ImageObject","inLanguage":"es","@id":"https:\/\/secure.gravatar.com\/avatar\/c7164ed6fdec453195284ad24a5ae5b6e1eed2b848477fa2a4787ba9adf39a41?s=96&d=mm&r=g","url":"https:\/\/secure.gravatar.com\/avatar\/c7164ed6fdec453195284ad24a5ae5b6e1eed2b848477fa2a4787ba9adf39a41?s=96&d=mm&r=g","contentUrl":"https:\/\/secure.gravatar.com\/avatar\/c7164ed6fdec453195284ad24a5ae5b6e1eed2b848477fa2a4787ba9adf39a41?s=96&d=mm&r=g","caption":"Redacci\u00f3n QP"},"url":"https:\/\/quehacerpolitico.mx\/?author=2"}]}},"featured_image_urls":{"full":["https:\/\/quehacerpolitico.mx\/wp-content\/uploads\/2021\/10\/777BB1D2-FAA0-449A-9BAF-673AED1CDEA3.jpeg",1086,704,false],"thumbnail":["https:\/\/quehacerpolitico.mx\/wp-content\/uploads\/2021\/10\/777BB1D2-FAA0-449A-9BAF-673AED1CDEA3-150x150.jpeg",150,150,true],"medium":["https:\/\/quehacerpolitico.mx\/wp-content\/uploads\/2021\/10\/777BB1D2-FAA0-449A-9BAF-673AED1CDEA3-300x194.jpeg",300,194,true],"medium_large":["https:\/\/quehacerpolitico.mx\/wp-content\/uploads\/2021\/10\/777BB1D2-FAA0-449A-9BAF-673AED1CDEA3-768x498.jpeg",640,415,true],"large":["https:\/\/quehacerpolitico.mx\/wp-content\/uploads\/2021\/10\/777BB1D2-FAA0-449A-9BAF-673AED1CDEA3-1024x664.jpeg",640,415,true],"1536x1536":["https:\/\/quehacerpolitico.mx\/wp-content\/uploads\/2021\/10\/777BB1D2-FAA0-449A-9BAF-673AED1CDEA3.jpeg",1086,704,false],"2048x2048":["https:\/\/quehacerpolitico.mx\/wp-content\/uploads\/2021\/10\/777BB1D2-FAA0-449A-9BAF-673AED1CDEA3.jpeg",1086,704,false],"covernews-featured":["https:\/\/quehacerpolitico.mx\/wp-content\/uploads\/2021\/10\/777BB1D2-FAA0-449A-9BAF-673AED1CDEA3.jpeg",1024,664,false],"covernews-medium":["https:\/\/quehacerpolitico.mx\/wp-content\/uploads\/2021\/10\/777BB1D2-FAA0-449A-9BAF-673AED1CDEA3.jpeg",524,340,false]},"author_info":{"display_name":"Redacci\u00f3n QP","author_link":"https:\/\/quehacerpolitico.mx\/?author=2"},"category_info":"<a href=\"https:\/\/quehacerpolitico.mx\/?cat=2\" rel=\"category\">Noticias<\/a>","tag_info":"Noticias","comment_count":"0","_links":{"self":[{"href":"https:\/\/quehacerpolitico.mx\/index.php?rest_route=\/wp\/v2\/posts\/85991","targetHints":{"allow":["GET"]}}],"collection":[{"href":"https:\/\/quehacerpolitico.mx\/index.php?rest_route=\/wp\/v2\/posts"}],"about":[{"href":"https:\/\/quehacerpolitico.mx\/index.php?rest_route=\/wp\/v2\/types\/post"}],"author":[{"embeddable":true,"href":"https:\/\/quehacerpolitico.mx\/index.php?rest_route=\/wp\/v2\/users\/2"}],"replies":[{"embeddable":true,"href":"https:\/\/quehacerpolitico.mx\/index.php?rest_route=%2Fwp%2Fv2%2Fcomments&post=85991"}],"version-history":[{"count":1,"href":"https:\/\/quehacerpolitico.mx\/index.php?rest_route=\/wp\/v2\/posts\/85991\/revisions"}],"predecessor-version":[{"id":85993,"href":"https:\/\/quehacerpolitico.mx\/index.php?rest_route=\/wp\/v2\/posts\/85991\/revisions\/85993"}],"wp:featuredmedia":[{"embeddable":true,"href":"https:\/\/quehacerpolitico.mx\/index.php?rest_route=\/wp\/v2\/media\/85992"}],"wp:attachment":[{"href":"https:\/\/quehacerpolitico.mx\/index.php?rest_route=%2Fwp%2Fv2%2Fmedia&parent=85991"}],"wp:term":[{"taxonomy":"category","embeddable":true,"href":"https:\/\/quehacerpolitico.mx\/index.php?rest_route=%2Fwp%2Fv2%2Fcategories&post=85991"},{"taxonomy":"post_tag","embeddable":true,"href":"https:\/\/quehacerpolitico.mx\/index.php?rest_route=%2Fwp%2Fv2%2Ftags&post=85991"}],"curies":[{"name":"wp","href":"https:\/\/api.w.org\/{rel}","templated":true}]}}