{"id":85988,"date":"2021-10-24T18:50:19","date_gmt":"2021-10-24T18:50:19","guid":{"rendered":"https:\/\/quehacerpolitico.mx\/?p=85988"},"modified":"2021-10-24T18:50:22","modified_gmt":"2021-10-24T18:50:22","slug":"amlo-asegura-que-habra-todo-el-apoyo-para-evelyn-salgado","status":"publish","type":"post","link":"https:\/\/quehacerpolitico.mx\/?p=85988","title":{"rendered":"AMLO asegura que habr\u00e1 &#8220;todo el apoyo&#8221; para Evelyn Salgado"},"content":{"rendered":"\n<p>Por Redacci\u00f3n QP<\/p>\n\n\n\n<p>AMLO tambi\u00e9n mostr\u00f3 su apoyo a la presidenta municipal de Acapulco, Abelina L\u00f3pez<\/p>\n\n\n\n<p>El Presidente de M\u00e9xico, Andr\u00e9s Manuel L\u00f3pez Obrador asegur\u00f3 que para la gobernadora de Guerrero, Evelyn Salgado, de Morena, habr\u00e1 todo el apoyo del gobierno federal.<\/p>\n\n\n\n<p><strong>&#8220;En el caso de Evelyn he venido diciendo en estos d\u00edas, todo el apoyo, todo el apoyo del gobierno federal&#8221;<\/strong>, afirm\u00f3 AMLO.<\/p>\n\n\n\n<figure class=\"wp-block-embed is-type-rich is-provider-twitter wp-block-embed-twitter\"><div class=\"wp-block-embed__wrapper\">\n<blockquote class=\"twitter-tweet\" data-width=\"550\" data-dnt=\"true\"><p lang=\"es\" dir=\"ltr\">Libramiento Poniente de Acapulco, supervisi\u00f3n de obra <a href=\"https:\/\/t.co\/44eZ4XxDCi\">https:\/\/t.co\/44eZ4XxDCi<\/a><\/p>&mdash; Andr\u00e9s Manuel (@lopezobrador_) <a href=\"https:\/\/twitter.com\/lopezobrador_\/status\/1452318413561507842?ref_src=twsrc%5Etfw\">October 24, 2021<\/a><\/blockquote><script async src=\"https:\/\/platform.twitter.com\/widgets.js\" charset=\"utf-8\"><\/script>\n<\/div><\/figure>\n\n\n\n<p>Al anunciar la reapertura del emblem\u00e1tico parque Papagayo, que ser\u00e1 en diciembre pr\u00f3ximo y tuvo una inversi\u00f3n de 420 millones de pesos, AMLO tambi\u00e9n respald\u00f3 a la presidenta municipal de Acapulco, Abelina L\u00f3pez, para que junto con la gobernadora hagan un buen gobierno.<\/p>\n\n\n\n<p>AMLO destac\u00f3 que tanto Guerrero como su natal Tabasco, son los estados con pueblos m\u00e1s progresistas y liberales del pa\u00eds.<\/p>\n\n\n\n<p>&#8220;Estoy contento, aqu\u00ed siempre nos han apoyado desde hace a\u00f1os que empezamos la lucha, Acapulco, Canc\u00fan, Vallarta, La Paz, Los Cabos, los centros tur\u00edsticos, sobre todo por el fen\u00f3meno migratorio son muy progresistas, muy liberales, no son conservadores&#8221;.<\/p>\n\n\n\n<p>Puso como ejemplo Acapulco y Tijuana, donde gobierna Monserrat Caballero, migrante oaxaque\u00f1a, porque los ciudadanos han elegido para gobernar a alguien que no naci\u00f3 en ese municipio y no lo ven mal.<\/p>\n\n\n\n<p><strong>&#8220;En todos estos lugares liberales pues obtuvimos muchos votos a favor de la cuarta transformaci\u00f3n de la vida p\u00fablica del pa\u00eds&#8221;<\/strong>.<\/p>\n\n\n\n<p>AMLO se comprometi\u00f3 a apoyar a un grupo de damnificados que por los pasados sismos se quedaron sin sus hogares.<\/p>\n\n\n\n<p>Con Informaci\u00f3n de SUN <\/p>\n","protected":false},"excerpt":{"rendered":"<p>Por Redacci\u00f3n QP AMLO tambi\u00e9n mostr\u00f3 su apoyo a la presidenta municipal de Acapulco, Abelina&#8230;<\/p>\n","protected":false},"author":2,"featured_media":85989,"comment_status":"open","ping_status":"open","sticky":false,"template":"","format":"standard","meta":{"_monsterinsights_skip_tracking":false,"_monsterinsights_sitenote_active":false,"_monsterinsights_sitenote_note":"","_monsterinsights_sitenote_category":0,"footnotes":""},"categories":[2],"tags":[],"class_list":["post-85988","post","type-post","status-publish","format-standard","has-post-thumbnail","hentry","category-noticias"],"yoast_head":"<!-- This site is optimized with the Yoast SEO plugin v27.3 - https:\/\/yoast.com\/product\/yoast-seo-wordpress\/ -->\n<title>AMLO asegura que habr\u00e1 &quot;todo el apoyo&quot; para Evelyn Salgado -<\/title>\n<meta name=\"robots\" content=\"index, follow, max-snippet:-1, max-image-preview:large, max-video-preview:-1\" \/>\n<link rel=\"canonical\" href=\"https:\/\/quehacerpolitico.mx\/?p=85988\" \/>\n<meta property=\"og:locale\" content=\"es_MX\" \/>\n<meta property=\"og:type\" content=\"article\" \/>\n<meta property=\"og:title\" content=\"AMLO asegura que habr\u00e1 &quot;todo el apoyo&quot; para Evelyn Salgado -\" \/>\n<meta property=\"og:description\" content=\"Por Redacci\u00f3n QP AMLO tambi\u00e9n mostr\u00f3 su apoyo a la presidenta municipal de Acapulco, Abelina...\" \/>\n<meta property=\"og:url\" content=\"https:\/\/quehacerpolitico.mx\/?p=85988\" \/>\n<meta property=\"article:published_time\" content=\"2021-10-24T18:50:19+00:00\" \/>\n<meta property=\"article:modified_time\" content=\"2021-10-24T18:50:22+00:00\" \/>\n<meta property=\"og:image\" content=\"https:\/\/quehacerpolitico.mx\/wp-content\/uploads\/2021\/10\/F1732157-2DC5-4F5D-9955-75F8277B1B9B.jpeg\" \/>\n\t<meta property=\"og:image:width\" content=\"1284\" \/>\n\t<meta property=\"og:image:height\" content=\"686\" \/>\n\t<meta property=\"og:image:type\" content=\"image\/jpeg\" \/>\n<meta name=\"author\" content=\"Redacci\u00f3n QP\" \/>\n<meta name=\"twitter:card\" content=\"summary_large_image\" \/>\n<meta name=\"twitter:label1\" content=\"Escrito por\" \/>\n\t<meta name=\"twitter:data1\" content=\"Redacci\u00f3n QP\" \/>\n\t<meta name=\"twitter:label2\" content=\"Tiempo de lectura\" \/>\n\t<meta name=\"twitter:data2\" content=\"1 minuto\" \/>\n<script type=\"application\/ld+json\" class=\"yoast-schema-graph\">{\"@context\":\"https:\\\/\\\/schema.org\",\"@graph\":[{\"@type\":\"Article\",\"@id\":\"https:\\\/\\\/quehacerpolitico.mx\\\/?p=85988#article\",\"isPartOf\":{\"@id\":\"https:\\\/\\\/quehacerpolitico.mx\\\/?p=85988\"},\"author\":{\"name\":\"Redacci\u00f3n QP\",\"@id\":\"https:\\\/\\\/quehacerpolitico.mx\\\/#\\\/schema\\\/person\\\/496d8ad2d1d3f8036101dca7ee39e585\"},\"headline\":\"AMLO asegura que habr\u00e1 &#8220;todo el apoyo&#8221; para Evelyn Salgado\",\"datePublished\":\"2021-10-24T18:50:19+00:00\",\"dateModified\":\"2021-10-24T18:50:22+00:00\",\"mainEntityOfPage\":{\"@id\":\"https:\\\/\\\/quehacerpolitico.mx\\\/?p=85988\"},\"wordCount\":280,\"commentCount\":0,\"image\":{\"@id\":\"https:\\\/\\\/quehacerpolitico.mx\\\/?p=85988#primaryimage\"},\"thumbnailUrl\":\"https:\\\/\\\/quehacerpolitico.mx\\\/wp-content\\\/uploads\\\/2021\\\/10\\\/F1732157-2DC5-4F5D-9955-75F8277B1B9B.jpeg\",\"articleSection\":[\"Noticias\"],\"inLanguage\":\"es\",\"potentialAction\":[{\"@type\":\"CommentAction\",\"name\":\"Comment\",\"target\":[\"https:\\\/\\\/quehacerpolitico.mx\\\/?p=85988#respond\"]}]},{\"@type\":\"WebPage\",\"@id\":\"https:\\\/\\\/quehacerpolitico.mx\\\/?p=85988\",\"url\":\"https:\\\/\\\/quehacerpolitico.mx\\\/?p=85988\",\"name\":\"AMLO asegura que habr\u00e1 \\\"todo el apoyo\\\" para Evelyn Salgado -\",\"isPartOf\":{\"@id\":\"https:\\\/\\\/quehacerpolitico.mx\\\/#website\"},\"primaryImageOfPage\":{\"@id\":\"https:\\\/\\\/quehacerpolitico.mx\\\/?p=85988#primaryimage\"},\"image\":{\"@id\":\"https:\\\/\\\/quehacerpolitico.mx\\\/?p=85988#primaryimage\"},\"thumbnailUrl\":\"https:\\\/\\\/quehacerpolitico.mx\\\/wp-content\\\/uploads\\\/2021\\\/10\\\/F1732157-2DC5-4F5D-9955-75F8277B1B9B.jpeg\",\"datePublished\":\"2021-10-24T18:50:19+00:00\",\"dateModified\":\"2021-10-24T18:50:22+00:00\",\"author\":{\"@id\":\"https:\\\/\\\/quehacerpolitico.mx\\\/#\\\/schema\\\/person\\\/496d8ad2d1d3f8036101dca7ee39e585\"},\"breadcrumb\":{\"@id\":\"https:\\\/\\\/quehacerpolitico.mx\\\/?p=85988#breadcrumb\"},\"inLanguage\":\"es\",\"potentialAction\":[{\"@type\":\"ReadAction\",\"target\":[\"https:\\\/\\\/quehacerpolitico.mx\\\/?p=85988\"]}]},{\"@type\":\"ImageObject\",\"inLanguage\":\"es\",\"@id\":\"https:\\\/\\\/quehacerpolitico.mx\\\/?p=85988#primaryimage\",\"url\":\"https:\\\/\\\/quehacerpolitico.mx\\\/wp-content\\\/uploads\\\/2021\\\/10\\\/F1732157-2DC5-4F5D-9955-75F8277B1B9B.jpeg\",\"contentUrl\":\"https:\\\/\\\/quehacerpolitico.mx\\\/wp-content\\\/uploads\\\/2021\\\/10\\\/F1732157-2DC5-4F5D-9955-75F8277B1B9B.jpeg\",\"width\":1284,\"height\":686},{\"@type\":\"BreadcrumbList\",\"@id\":\"https:\\\/\\\/quehacerpolitico.mx\\\/?p=85988#breadcrumb\",\"itemListElement\":[{\"@type\":\"ListItem\",\"position\":1,\"name\":\"Inicio\",\"item\":\"https:\\\/\\\/quehacerpolitico.mx\\\/\"},{\"@type\":\"ListItem\",\"position\":2,\"name\":\"AMLO asegura que habr\u00e1 &#8220;todo el apoyo&#8221; para Evelyn Salgado\"}]},{\"@type\":\"WebSite\",\"@id\":\"https:\\\/\\\/quehacerpolitico.mx\\\/#website\",\"url\":\"https:\\\/\\\/quehacerpolitico.mx\\\/\",\"name\":\"\",\"description\":\"\",\"potentialAction\":[{\"@type\":\"SearchAction\",\"target\":{\"@type\":\"EntryPoint\",\"urlTemplate\":\"https:\\\/\\\/quehacerpolitico.mx\\\/?s={search_term_string}\"},\"query-input\":{\"@type\":\"PropertyValueSpecification\",\"valueRequired\":true,\"valueName\":\"search_term_string\"}}],\"inLanguage\":\"es\"},{\"@type\":\"Person\",\"@id\":\"https:\\\/\\\/quehacerpolitico.mx\\\/#\\\/schema\\\/person\\\/496d8ad2d1d3f8036101dca7ee39e585\",\"name\":\"Redacci\u00f3n QP\",\"image\":{\"@type\":\"ImageObject\",\"inLanguage\":\"es\",\"@id\":\"https:\\\/\\\/secure.gravatar.com\\\/avatar\\\/c7164ed6fdec453195284ad24a5ae5b6e1eed2b848477fa2a4787ba9adf39a41?s=96&d=mm&r=g\",\"url\":\"https:\\\/\\\/secure.gravatar.com\\\/avatar\\\/c7164ed6fdec453195284ad24a5ae5b6e1eed2b848477fa2a4787ba9adf39a41?s=96&d=mm&r=g\",\"contentUrl\":\"https:\\\/\\\/secure.gravatar.com\\\/avatar\\\/c7164ed6fdec453195284ad24a5ae5b6e1eed2b848477fa2a4787ba9adf39a41?s=96&d=mm&r=g\",\"caption\":\"Redacci\u00f3n QP\"},\"url\":\"https:\\\/\\\/quehacerpolitico.mx\\\/?author=2\"}]}<\/script>\n<!-- \/ Yoast SEO plugin. -->","yoast_head_json":{"title":"AMLO asegura que habr\u00e1 \"todo el apoyo\" para Evelyn Salgado -","robots":{"index":"index","follow":"follow","max-snippet":"max-snippet:-1","max-image-preview":"max-image-preview:large","max-video-preview":"max-video-preview:-1"},"canonical":"https:\/\/quehacerpolitico.mx\/?p=85988","og_locale":"es_MX","og_type":"article","og_title":"AMLO asegura que habr\u00e1 \"todo el apoyo\" para Evelyn Salgado -","og_description":"Por Redacci\u00f3n QP AMLO tambi\u00e9n mostr\u00f3 su apoyo a la presidenta municipal de Acapulco, Abelina...","og_url":"https:\/\/quehacerpolitico.mx\/?p=85988","article_published_time":"2021-10-24T18:50:19+00:00","article_modified_time":"2021-10-24T18:50:22+00:00","og_image":[{"width":1284,"height":686,"url":"https:\/\/quehacerpolitico.mx\/wp-content\/uploads\/2021\/10\/F1732157-2DC5-4F5D-9955-75F8277B1B9B.jpeg","type":"image\/jpeg"}],"author":"Redacci\u00f3n QP","twitter_card":"summary_large_image","twitter_misc":{"Escrito por":"Redacci\u00f3n QP","Tiempo de lectura":"1 minuto"},"schema":{"@context":"https:\/\/schema.org","@graph":[{"@type":"Article","@id":"https:\/\/quehacerpolitico.mx\/?p=85988#article","isPartOf":{"@id":"https:\/\/quehacerpolitico.mx\/?p=85988"},"author":{"name":"Redacci\u00f3n QP","@id":"https:\/\/quehacerpolitico.mx\/#\/schema\/person\/496d8ad2d1d3f8036101dca7ee39e585"},"headline":"AMLO asegura que habr\u00e1 &#8220;todo el apoyo&#8221; para Evelyn Salgado","datePublished":"2021-10-24T18:50:19+00:00","dateModified":"2021-10-24T18:50:22+00:00","mainEntityOfPage":{"@id":"https:\/\/quehacerpolitico.mx\/?p=85988"},"wordCount":280,"commentCount":0,"image":{"@id":"https:\/\/quehacerpolitico.mx\/?p=85988#primaryimage"},"thumbnailUrl":"https:\/\/quehacerpolitico.mx\/wp-content\/uploads\/2021\/10\/F1732157-2DC5-4F5D-9955-75F8277B1B9B.jpeg","articleSection":["Noticias"],"inLanguage":"es","potentialAction":[{"@type":"CommentAction","name":"Comment","target":["https:\/\/quehacerpolitico.mx\/?p=85988#respond"]}]},{"@type":"WebPage","@id":"https:\/\/quehacerpolitico.mx\/?p=85988","url":"https:\/\/quehacerpolitico.mx\/?p=85988","name":"AMLO asegura que habr\u00e1 \"todo el apoyo\" para Evelyn Salgado -","isPartOf":{"@id":"https:\/\/quehacerpolitico.mx\/#website"},"primaryImageOfPage":{"@id":"https:\/\/quehacerpolitico.mx\/?p=85988#primaryimage"},"image":{"@id":"https:\/\/quehacerpolitico.mx\/?p=85988#primaryimage"},"thumbnailUrl":"https:\/\/quehacerpolitico.mx\/wp-content\/uploads\/2021\/10\/F1732157-2DC5-4F5D-9955-75F8277B1B9B.jpeg","datePublished":"2021-10-24T18:50:19+00:00","dateModified":"2021-10-24T18:50:22+00:00","author":{"@id":"https:\/\/quehacerpolitico.mx\/#\/schema\/person\/496d8ad2d1d3f8036101dca7ee39e585"},"breadcrumb":{"@id":"https:\/\/quehacerpolitico.mx\/?p=85988#breadcrumb"},"inLanguage":"es","potentialAction":[{"@type":"ReadAction","target":["https:\/\/quehacerpolitico.mx\/?p=85988"]}]},{"@type":"ImageObject","inLanguage":"es","@id":"https:\/\/quehacerpolitico.mx\/?p=85988#primaryimage","url":"https:\/\/quehacerpolitico.mx\/wp-content\/uploads\/2021\/10\/F1732157-2DC5-4F5D-9955-75F8277B1B9B.jpeg","contentUrl":"https:\/\/quehacerpolitico.mx\/wp-content\/uploads\/2021\/10\/F1732157-2DC5-4F5D-9955-75F8277B1B9B.jpeg","width":1284,"height":686},{"@type":"BreadcrumbList","@id":"https:\/\/quehacerpolitico.mx\/?p=85988#breadcrumb","itemListElement":[{"@type":"ListItem","position":1,"name":"Inicio","item":"https:\/\/quehacerpolitico.mx\/"},{"@type":"ListItem","position":2,"name":"AMLO asegura que habr\u00e1 &#8220;todo el apoyo&#8221; para Evelyn Salgado"}]},{"@type":"WebSite","@id":"https:\/\/quehacerpolitico.mx\/#website","url":"https:\/\/quehacerpolitico.mx\/","name":"","description":"","potentialAction":[{"@type":"SearchAction","target":{"@type":"EntryPoint","urlTemplate":"https:\/\/quehacerpolitico.mx\/?s={search_term_string}"},"query-input":{"@type":"PropertyValueSpecification","valueRequired":true,"valueName":"search_term_string"}}],"inLanguage":"es"},{"@type":"Person","@id":"https:\/\/quehacerpolitico.mx\/#\/schema\/person\/496d8ad2d1d3f8036101dca7ee39e585","name":"Redacci\u00f3n QP","image":{"@type":"ImageObject","inLanguage":"es","@id":"https:\/\/secure.gravatar.com\/avatar\/c7164ed6fdec453195284ad24a5ae5b6e1eed2b848477fa2a4787ba9adf39a41?s=96&d=mm&r=g","url":"https:\/\/secure.gravatar.com\/avatar\/c7164ed6fdec453195284ad24a5ae5b6e1eed2b848477fa2a4787ba9adf39a41?s=96&d=mm&r=g","contentUrl":"https:\/\/secure.gravatar.com\/avatar\/c7164ed6fdec453195284ad24a5ae5b6e1eed2b848477fa2a4787ba9adf39a41?s=96&d=mm&r=g","caption":"Redacci\u00f3n QP"},"url":"https:\/\/quehacerpolitico.mx\/?author=2"}]}},"featured_image_urls":{"full":["https:\/\/quehacerpolitico.mx\/wp-content\/uploads\/2021\/10\/F1732157-2DC5-4F5D-9955-75F8277B1B9B.jpeg",1284,686,false],"thumbnail":["https:\/\/quehacerpolitico.mx\/wp-content\/uploads\/2021\/10\/F1732157-2DC5-4F5D-9955-75F8277B1B9B-150x150.jpeg",150,150,true],"medium":["https:\/\/quehacerpolitico.mx\/wp-content\/uploads\/2021\/10\/F1732157-2DC5-4F5D-9955-75F8277B1B9B-300x160.jpeg",300,160,true],"medium_large":["https:\/\/quehacerpolitico.mx\/wp-content\/uploads\/2021\/10\/F1732157-2DC5-4F5D-9955-75F8277B1B9B-768x410.jpeg",640,342,true],"large":["https:\/\/quehacerpolitico.mx\/wp-content\/uploads\/2021\/10\/F1732157-2DC5-4F5D-9955-75F8277B1B9B-1024x547.jpeg",640,342,true],"1536x1536":["https:\/\/quehacerpolitico.mx\/wp-content\/uploads\/2021\/10\/F1732157-2DC5-4F5D-9955-75F8277B1B9B.jpeg",1284,686,false],"2048x2048":["https:\/\/quehacerpolitico.mx\/wp-content\/uploads\/2021\/10\/F1732157-2DC5-4F5D-9955-75F8277B1B9B.jpeg",1284,686,false],"covernews-featured":["https:\/\/quehacerpolitico.mx\/wp-content\/uploads\/2021\/10\/F1732157-2DC5-4F5D-9955-75F8277B1B9B.jpeg",1024,547,false],"covernews-medium":["https:\/\/quehacerpolitico.mx\/wp-content\/uploads\/2021\/10\/F1732157-2DC5-4F5D-9955-75F8277B1B9B.jpeg",540,289,false]},"author_info":{"display_name":"Redacci\u00f3n QP","author_link":"https:\/\/quehacerpolitico.mx\/?author=2"},"category_info":"<a href=\"https:\/\/quehacerpolitico.mx\/?cat=2\" rel=\"category\">Noticias<\/a>","tag_info":"Noticias","comment_count":"0","_links":{"self":[{"href":"https:\/\/quehacerpolitico.mx\/index.php?rest_route=\/wp\/v2\/posts\/85988","targetHints":{"allow":["GET"]}}],"collection":[{"href":"https:\/\/quehacerpolitico.mx\/index.php?rest_route=\/wp\/v2\/posts"}],"about":[{"href":"https:\/\/quehacerpolitico.mx\/index.php?rest_route=\/wp\/v2\/types\/post"}],"author":[{"embeddable":true,"href":"https:\/\/quehacerpolitico.mx\/index.php?rest_route=\/wp\/v2\/users\/2"}],"replies":[{"embeddable":true,"href":"https:\/\/quehacerpolitico.mx\/index.php?rest_route=%2Fwp%2Fv2%2Fcomments&post=85988"}],"version-history":[{"count":1,"href":"https:\/\/quehacerpolitico.mx\/index.php?rest_route=\/wp\/v2\/posts\/85988\/revisions"}],"predecessor-version":[{"id":85990,"href":"https:\/\/quehacerpolitico.mx\/index.php?rest_route=\/wp\/v2\/posts\/85988\/revisions\/85990"}],"wp:featuredmedia":[{"embeddable":true,"href":"https:\/\/quehacerpolitico.mx\/index.php?rest_route=\/wp\/v2\/media\/85989"}],"wp:attachment":[{"href":"https:\/\/quehacerpolitico.mx\/index.php?rest_route=%2Fwp%2Fv2%2Fmedia&parent=85988"}],"wp:term":[{"taxonomy":"category","embeddable":true,"href":"https:\/\/quehacerpolitico.mx\/index.php?rest_route=%2Fwp%2Fv2%2Fcategories&post=85988"},{"taxonomy":"post_tag","embeddable":true,"href":"https:\/\/quehacerpolitico.mx\/index.php?rest_route=%2Fwp%2Fv2%2Ftags&post=85988"}],"curies":[{"name":"wp","href":"https:\/\/api.w.org\/{rel}","templated":true}]}}