{"id":85973,"date":"2021-10-24T17:57:16","date_gmt":"2021-10-24T17:57:16","guid":{"rendered":"https:\/\/quehacerpolitico.mx\/?p=85973"},"modified":"2021-10-24T17:57:19","modified_gmt":"2021-10-24T17:57:19","slug":"internacionales-carolina-alonso-romei-un-carro-se-estrella-contra-publico-en-carrera-en-texas-hay-2-ninos-fallecidos","status":"publish","type":"post","link":"https:\/\/quehacerpolitico.mx\/?p=85973","title":{"rendered":"Internacionales\/\/\/Carolina Alonso Romei\/\/\/Un carro se estrella contra p\u00fablico en carrera en Texas; hay 2 ni\u00f1os fallecidos"},"content":{"rendered":"\n<p>Por Carolina Alonso Romei <\/p>\n\n\n\n<p>Internacionalista <\/p>\n\n\n\n<p>Un carro se descontrola y se estrella contra la tribuna en medio de una carrera que se realizaba en la pista de un aeropuerto en Texas<\/p>\n\n\n\n<ul class=\"wp-block-list\"><li>El accidente provoc\u00f3 la muerte de dos ni\u00f1os y 8 heridos<\/li><li>El suceso ocurri\u00f3 en la carrera apodada \u201cAirport Race Wars 2\u201d en el aeropuerto de Kerrville-Kerr County<\/li><\/ul>\n\n\n\n<p>Un carro se descontrol\u00f3 y se estrell\u00f3 contra la tribuna en medio de una\u00a0<strong>carrera<\/strong>\u00a0que se realizaba en la pista de un aeropuerto en\u00a0Texas, matando a dos ni\u00f1os y dejando heridas a otras ocho personas, informaron autoridades.<\/p>\n\n\n\n<p>El suceso ocurri\u00f3 el s\u00e1bado en la tarde en la carrera apodada \u201c<strong>Airport Race Wars 2<\/strong>\u201d en el aeropuerto de\u00a0<strong>Kerrville-Kerr County<\/strong>, inform\u00f3 la Polic\u00eda en un comunicado.<\/p>\n\n\n\n<p>A\u00f1adi\u00f3 que los menores fallecidos ten\u00edan 8 y 6 a\u00f1os de edad. Sus identidades no han sido divulgadas.<\/p>\n\n\n\n<p>El conductor \u201cperdi\u00f3 el control de su veh\u00edculo, estrell\u00e1ndose contra veh\u00edculos estacionados y contra los espectadores\u201d, indic\u00f3 la polic\u00eda.<\/p>\n\n\n\n<p>Los heridos fueron llevados a distintos hospitales, entre ellos una mujer de 46 a\u00f1os en condici\u00f3n cr\u00edtica. La mayor\u00eda de los dem\u00e1s heridos no est\u00e1n graves, aunque se desconoc\u00eda la condici\u00f3n de un hombre de 26 a\u00f1os, afirmaron autoridades. Un ni\u00f1ito de 4 a\u00f1os y una beb\u00e9 de 3 meses fueron llevados a un hospital para ser evaluados como precauci\u00f3n.<\/p>\n\n\n\n<p>El evento tuvo lugar a unos 97 kil\u00f3metros (60 millas) al noroeste de San Antonio.<\/p>\n\n\n\n<p>El website del\u00a0<strong>Departamento de Visitantes de Kerrville<\/strong>\u00a0hab\u00eda promovido el evento como \u201cun d\u00eda de acci\u00f3n, para el disfrute de toda la familia\u201d, en que los b\u00f3lidos competir\u00edan para ganar 8,000 d\u00f3lares en premios.<\/p>\n\n\n\n<p>Unas 3,500 personas asist\u00edan al evento, seg\u00fan Louis Amestoy, un periodista freelance que estaba entre los asistentes.<\/p>\n\n\n\n<p>La pista ten\u00eda unos 200 metros (0.8 millas) y estaba flanqueada por barriles llenos de agua para proteger al p\u00fablico. Pero Amestoy afirm\u00f3 que no hab\u00eda barriles m\u00e1s all\u00e1 de la meta final, por lo que los espectadores en ese \u00faltimo trecho estaban desprotegidos.<\/p>\n\n\n\n<p>All\u00ed hab\u00eda espectadores a apenas unos 4 metros (15 pies) de distancia de la pista. Muchos hab\u00edan tra\u00eddo sus propias sillas plegables a falta de lugar en las gradas. Los organizadores repetidamente pidieron al p\u00fablico mantenerse en el c\u00e9sped y alejados de la pista, cont\u00f3 Amestoy a The Associated Press en entrevista telef\u00f3nica.<\/p>\n\n\n\n<p>El carro estaba casi al final de la pista cuando s\u00fabitamente se descontrol\u00f3, narr\u00f3 Amestoy.<\/p>\n\n\n\n<p><em>Con informaci\u00f3n de AP<\/em><\/p>\n","protected":false},"excerpt":{"rendered":"<p>Por Carolina Alonso Romei Internacionalista Un carro se descontrola y se estrella contra la tribuna&#8230;<\/p>\n","protected":false},"author":2,"featured_media":85974,"comment_status":"open","ping_status":"open","sticky":false,"template":"","format":"standard","meta":{"_monsterinsights_skip_tracking":false,"_monsterinsights_sitenote_active":false,"_monsterinsights_sitenote_note":"","_monsterinsights_sitenote_category":0,"footnotes":""},"categories":[1],"tags":[],"class_list":["post-85973","post","type-post","status-publish","format-standard","has-post-thumbnail","hentry","category-sin-categoria"],"yoast_head":"<!-- This site is optimized with the Yoast SEO plugin v27.3 - https:\/\/yoast.com\/product\/yoast-seo-wordpress\/ -->\n<title>Internacionales\/\/\/Carolina Alonso Romei\/\/\/Un carro se estrella contra p\u00fablico en carrera en Texas; hay 2 ni\u00f1os fallecidos -<\/title>\n<meta name=\"robots\" content=\"index, follow, max-snippet:-1, max-image-preview:large, max-video-preview:-1\" \/>\n<link rel=\"canonical\" href=\"https:\/\/quehacerpolitico.mx\/?p=85973\" \/>\n<meta property=\"og:locale\" content=\"es_MX\" \/>\n<meta property=\"og:type\" content=\"article\" \/>\n<meta property=\"og:title\" content=\"Internacionales\/\/\/Carolina Alonso Romei\/\/\/Un carro se estrella contra p\u00fablico en carrera en Texas; hay 2 ni\u00f1os fallecidos -\" \/>\n<meta property=\"og:description\" content=\"Por Carolina Alonso Romei Internacionalista Un carro se descontrola y se estrella contra la tribuna...\" \/>\n<meta property=\"og:url\" content=\"https:\/\/quehacerpolitico.mx\/?p=85973\" \/>\n<meta property=\"article:published_time\" content=\"2021-10-24T17:57:16+00:00\" \/>\n<meta property=\"article:modified_time\" content=\"2021-10-24T17:57:19+00:00\" \/>\n<meta property=\"og:image\" content=\"https:\/\/quehacerpolitico.mx\/wp-content\/uploads\/2021\/10\/11B04B43-3099-4C76-A7D5-A32E819412E3.webp\" \/>\n\t<meta property=\"og:image:width\" content=\"360\" \/>\n\t<meta property=\"og:image:height\" content=\"360\" \/>\n\t<meta property=\"og:image:type\" content=\"image\/webp\" \/>\n<meta name=\"author\" content=\"Redacci\u00f3n QP\" \/>\n<meta name=\"twitter:card\" content=\"summary_large_image\" \/>\n<meta name=\"twitter:label1\" content=\"Escrito por\" \/>\n\t<meta name=\"twitter:data1\" content=\"Redacci\u00f3n QP\" \/>\n\t<meta name=\"twitter:label2\" content=\"Tiempo de lectura\" \/>\n\t<meta name=\"twitter:data2\" content=\"2 minutos\" \/>\n<script type=\"application\/ld+json\" class=\"yoast-schema-graph\">{\"@context\":\"https:\\\/\\\/schema.org\",\"@graph\":[{\"@type\":\"Article\",\"@id\":\"https:\\\/\\\/quehacerpolitico.mx\\\/?p=85973#article\",\"isPartOf\":{\"@id\":\"https:\\\/\\\/quehacerpolitico.mx\\\/?p=85973\"},\"author\":{\"name\":\"Redacci\u00f3n QP\",\"@id\":\"https:\\\/\\\/quehacerpolitico.mx\\\/#\\\/schema\\\/person\\\/496d8ad2d1d3f8036101dca7ee39e585\"},\"headline\":\"Internacionales\\\/\\\/\\\/Carolina Alonso Romei\\\/\\\/\\\/Un carro se estrella contra p\u00fablico en carrera en Texas; hay 2 ni\u00f1os fallecidos\",\"datePublished\":\"2021-10-24T17:57:16+00:00\",\"dateModified\":\"2021-10-24T17:57:19+00:00\",\"mainEntityOfPage\":{\"@id\":\"https:\\\/\\\/quehacerpolitico.mx\\\/?p=85973\"},\"wordCount\":452,\"commentCount\":0,\"image\":{\"@id\":\"https:\\\/\\\/quehacerpolitico.mx\\\/?p=85973#primaryimage\"},\"thumbnailUrl\":\"https:\\\/\\\/quehacerpolitico.mx\\\/wp-content\\\/uploads\\\/2021\\\/10\\\/11B04B43-3099-4C76-A7D5-A32E819412E3.webp\",\"articleSection\":[\"Internacionales\"],\"inLanguage\":\"es\",\"potentialAction\":[{\"@type\":\"CommentAction\",\"name\":\"Comment\",\"target\":[\"https:\\\/\\\/quehacerpolitico.mx\\\/?p=85973#respond\"]}]},{\"@type\":\"WebPage\",\"@id\":\"https:\\\/\\\/quehacerpolitico.mx\\\/?p=85973\",\"url\":\"https:\\\/\\\/quehacerpolitico.mx\\\/?p=85973\",\"name\":\"Internacionales\\\/\\\/\\\/Carolina Alonso Romei\\\/\\\/\\\/Un carro se estrella contra p\u00fablico en carrera en Texas; hay 2 ni\u00f1os fallecidos -\",\"isPartOf\":{\"@id\":\"https:\\\/\\\/quehacerpolitico.mx\\\/#website\"},\"primaryImageOfPage\":{\"@id\":\"https:\\\/\\\/quehacerpolitico.mx\\\/?p=85973#primaryimage\"},\"image\":{\"@id\":\"https:\\\/\\\/quehacerpolitico.mx\\\/?p=85973#primaryimage\"},\"thumbnailUrl\":\"https:\\\/\\\/quehacerpolitico.mx\\\/wp-content\\\/uploads\\\/2021\\\/10\\\/11B04B43-3099-4C76-A7D5-A32E819412E3.webp\",\"datePublished\":\"2021-10-24T17:57:16+00:00\",\"dateModified\":\"2021-10-24T17:57:19+00:00\",\"author\":{\"@id\":\"https:\\\/\\\/quehacerpolitico.mx\\\/#\\\/schema\\\/person\\\/496d8ad2d1d3f8036101dca7ee39e585\"},\"breadcrumb\":{\"@id\":\"https:\\\/\\\/quehacerpolitico.mx\\\/?p=85973#breadcrumb\"},\"inLanguage\":\"es\",\"potentialAction\":[{\"@type\":\"ReadAction\",\"target\":[\"https:\\\/\\\/quehacerpolitico.mx\\\/?p=85973\"]}]},{\"@type\":\"ImageObject\",\"inLanguage\":\"es\",\"@id\":\"https:\\\/\\\/quehacerpolitico.mx\\\/?p=85973#primaryimage\",\"url\":\"https:\\\/\\\/quehacerpolitico.mx\\\/wp-content\\\/uploads\\\/2021\\\/10\\\/11B04B43-3099-4C76-A7D5-A32E819412E3.webp\",\"contentUrl\":\"https:\\\/\\\/quehacerpolitico.mx\\\/wp-content\\\/uploads\\\/2021\\\/10\\\/11B04B43-3099-4C76-A7D5-A32E819412E3.webp\",\"width\":360,\"height\":360},{\"@type\":\"BreadcrumbList\",\"@id\":\"https:\\\/\\\/quehacerpolitico.mx\\\/?p=85973#breadcrumb\",\"itemListElement\":[{\"@type\":\"ListItem\",\"position\":1,\"name\":\"Inicio\",\"item\":\"https:\\\/\\\/quehacerpolitico.mx\\\/\"},{\"@type\":\"ListItem\",\"position\":2,\"name\":\"Internacionales\\\/\\\/\\\/Carolina Alonso Romei\\\/\\\/\\\/Un carro se estrella contra p\u00fablico en carrera en Texas; hay 2 ni\u00f1os fallecidos\"}]},{\"@type\":\"WebSite\",\"@id\":\"https:\\\/\\\/quehacerpolitico.mx\\\/#website\",\"url\":\"https:\\\/\\\/quehacerpolitico.mx\\\/\",\"name\":\"\",\"description\":\"\",\"potentialAction\":[{\"@type\":\"SearchAction\",\"target\":{\"@type\":\"EntryPoint\",\"urlTemplate\":\"https:\\\/\\\/quehacerpolitico.mx\\\/?s={search_term_string}\"},\"query-input\":{\"@type\":\"PropertyValueSpecification\",\"valueRequired\":true,\"valueName\":\"search_term_string\"}}],\"inLanguage\":\"es\"},{\"@type\":\"Person\",\"@id\":\"https:\\\/\\\/quehacerpolitico.mx\\\/#\\\/schema\\\/person\\\/496d8ad2d1d3f8036101dca7ee39e585\",\"name\":\"Redacci\u00f3n QP\",\"image\":{\"@type\":\"ImageObject\",\"inLanguage\":\"es\",\"@id\":\"https:\\\/\\\/secure.gravatar.com\\\/avatar\\\/c7164ed6fdec453195284ad24a5ae5b6e1eed2b848477fa2a4787ba9adf39a41?s=96&d=mm&r=g\",\"url\":\"https:\\\/\\\/secure.gravatar.com\\\/avatar\\\/c7164ed6fdec453195284ad24a5ae5b6e1eed2b848477fa2a4787ba9adf39a41?s=96&d=mm&r=g\",\"contentUrl\":\"https:\\\/\\\/secure.gravatar.com\\\/avatar\\\/c7164ed6fdec453195284ad24a5ae5b6e1eed2b848477fa2a4787ba9adf39a41?s=96&d=mm&r=g\",\"caption\":\"Redacci\u00f3n QP\"},\"url\":\"https:\\\/\\\/quehacerpolitico.mx\\\/?author=2\"}]}<\/script>\n<!-- \/ Yoast SEO plugin. -->","yoast_head_json":{"title":"Internacionales\/\/\/Carolina Alonso Romei\/\/\/Un carro se estrella contra p\u00fablico en carrera en Texas; hay 2 ni\u00f1os fallecidos -","robots":{"index":"index","follow":"follow","max-snippet":"max-snippet:-1","max-image-preview":"max-image-preview:large","max-video-preview":"max-video-preview:-1"},"canonical":"https:\/\/quehacerpolitico.mx\/?p=85973","og_locale":"es_MX","og_type":"article","og_title":"Internacionales\/\/\/Carolina Alonso Romei\/\/\/Un carro se estrella contra p\u00fablico en carrera en Texas; hay 2 ni\u00f1os fallecidos -","og_description":"Por Carolina Alonso Romei Internacionalista Un carro se descontrola y se estrella contra la tribuna...","og_url":"https:\/\/quehacerpolitico.mx\/?p=85973","article_published_time":"2021-10-24T17:57:16+00:00","article_modified_time":"2021-10-24T17:57:19+00:00","og_image":[{"width":360,"height":360,"url":"https:\/\/quehacerpolitico.mx\/wp-content\/uploads\/2021\/10\/11B04B43-3099-4C76-A7D5-A32E819412E3.webp","type":"image\/webp"}],"author":"Redacci\u00f3n QP","twitter_card":"summary_large_image","twitter_misc":{"Escrito por":"Redacci\u00f3n QP","Tiempo de lectura":"2 minutos"},"schema":{"@context":"https:\/\/schema.org","@graph":[{"@type":"Article","@id":"https:\/\/quehacerpolitico.mx\/?p=85973#article","isPartOf":{"@id":"https:\/\/quehacerpolitico.mx\/?p=85973"},"author":{"name":"Redacci\u00f3n QP","@id":"https:\/\/quehacerpolitico.mx\/#\/schema\/person\/496d8ad2d1d3f8036101dca7ee39e585"},"headline":"Internacionales\/\/\/Carolina Alonso Romei\/\/\/Un carro se estrella contra p\u00fablico en carrera en Texas; hay 2 ni\u00f1os fallecidos","datePublished":"2021-10-24T17:57:16+00:00","dateModified":"2021-10-24T17:57:19+00:00","mainEntityOfPage":{"@id":"https:\/\/quehacerpolitico.mx\/?p=85973"},"wordCount":452,"commentCount":0,"image":{"@id":"https:\/\/quehacerpolitico.mx\/?p=85973#primaryimage"},"thumbnailUrl":"https:\/\/quehacerpolitico.mx\/wp-content\/uploads\/2021\/10\/11B04B43-3099-4C76-A7D5-A32E819412E3.webp","articleSection":["Internacionales"],"inLanguage":"es","potentialAction":[{"@type":"CommentAction","name":"Comment","target":["https:\/\/quehacerpolitico.mx\/?p=85973#respond"]}]},{"@type":"WebPage","@id":"https:\/\/quehacerpolitico.mx\/?p=85973","url":"https:\/\/quehacerpolitico.mx\/?p=85973","name":"Internacionales\/\/\/Carolina Alonso Romei\/\/\/Un carro se estrella contra p\u00fablico en carrera en Texas; hay 2 ni\u00f1os fallecidos -","isPartOf":{"@id":"https:\/\/quehacerpolitico.mx\/#website"},"primaryImageOfPage":{"@id":"https:\/\/quehacerpolitico.mx\/?p=85973#primaryimage"},"image":{"@id":"https:\/\/quehacerpolitico.mx\/?p=85973#primaryimage"},"thumbnailUrl":"https:\/\/quehacerpolitico.mx\/wp-content\/uploads\/2021\/10\/11B04B43-3099-4C76-A7D5-A32E819412E3.webp","datePublished":"2021-10-24T17:57:16+00:00","dateModified":"2021-10-24T17:57:19+00:00","author":{"@id":"https:\/\/quehacerpolitico.mx\/#\/schema\/person\/496d8ad2d1d3f8036101dca7ee39e585"},"breadcrumb":{"@id":"https:\/\/quehacerpolitico.mx\/?p=85973#breadcrumb"},"inLanguage":"es","potentialAction":[{"@type":"ReadAction","target":["https:\/\/quehacerpolitico.mx\/?p=85973"]}]},{"@type":"ImageObject","inLanguage":"es","@id":"https:\/\/quehacerpolitico.mx\/?p=85973#primaryimage","url":"https:\/\/quehacerpolitico.mx\/wp-content\/uploads\/2021\/10\/11B04B43-3099-4C76-A7D5-A32E819412E3.webp","contentUrl":"https:\/\/quehacerpolitico.mx\/wp-content\/uploads\/2021\/10\/11B04B43-3099-4C76-A7D5-A32E819412E3.webp","width":360,"height":360},{"@type":"BreadcrumbList","@id":"https:\/\/quehacerpolitico.mx\/?p=85973#breadcrumb","itemListElement":[{"@type":"ListItem","position":1,"name":"Inicio","item":"https:\/\/quehacerpolitico.mx\/"},{"@type":"ListItem","position":2,"name":"Internacionales\/\/\/Carolina Alonso Romei\/\/\/Un carro se estrella contra p\u00fablico en carrera en Texas; hay 2 ni\u00f1os fallecidos"}]},{"@type":"WebSite","@id":"https:\/\/quehacerpolitico.mx\/#website","url":"https:\/\/quehacerpolitico.mx\/","name":"","description":"","potentialAction":[{"@type":"SearchAction","target":{"@type":"EntryPoint","urlTemplate":"https:\/\/quehacerpolitico.mx\/?s={search_term_string}"},"query-input":{"@type":"PropertyValueSpecification","valueRequired":true,"valueName":"search_term_string"}}],"inLanguage":"es"},{"@type":"Person","@id":"https:\/\/quehacerpolitico.mx\/#\/schema\/person\/496d8ad2d1d3f8036101dca7ee39e585","name":"Redacci\u00f3n QP","image":{"@type":"ImageObject","inLanguage":"es","@id":"https:\/\/secure.gravatar.com\/avatar\/c7164ed6fdec453195284ad24a5ae5b6e1eed2b848477fa2a4787ba9adf39a41?s=96&d=mm&r=g","url":"https:\/\/secure.gravatar.com\/avatar\/c7164ed6fdec453195284ad24a5ae5b6e1eed2b848477fa2a4787ba9adf39a41?s=96&d=mm&r=g","contentUrl":"https:\/\/secure.gravatar.com\/avatar\/c7164ed6fdec453195284ad24a5ae5b6e1eed2b848477fa2a4787ba9adf39a41?s=96&d=mm&r=g","caption":"Redacci\u00f3n QP"},"url":"https:\/\/quehacerpolitico.mx\/?author=2"}]}},"featured_image_urls":{"full":["https:\/\/quehacerpolitico.mx\/wp-content\/uploads\/2021\/10\/11B04B43-3099-4C76-A7D5-A32E819412E3.webp",360,360,false],"thumbnail":["https:\/\/quehacerpolitico.mx\/wp-content\/uploads\/2021\/10\/11B04B43-3099-4C76-A7D5-A32E819412E3-150x150.webp",150,150,true],"medium":["https:\/\/quehacerpolitico.mx\/wp-content\/uploads\/2021\/10\/11B04B43-3099-4C76-A7D5-A32E819412E3-300x300.webp",300,300,true],"medium_large":["https:\/\/quehacerpolitico.mx\/wp-content\/uploads\/2021\/10\/11B04B43-3099-4C76-A7D5-A32E819412E3.webp",360,360,false],"large":["https:\/\/quehacerpolitico.mx\/wp-content\/uploads\/2021\/10\/11B04B43-3099-4C76-A7D5-A32E819412E3.webp",360,360,false],"1536x1536":["https:\/\/quehacerpolitico.mx\/wp-content\/uploads\/2021\/10\/11B04B43-3099-4C76-A7D5-A32E819412E3.webp",360,360,false],"2048x2048":["https:\/\/quehacerpolitico.mx\/wp-content\/uploads\/2021\/10\/11B04B43-3099-4C76-A7D5-A32E819412E3.webp",360,360,false],"covernews-featured":["https:\/\/quehacerpolitico.mx\/wp-content\/uploads\/2021\/10\/11B04B43-3099-4C76-A7D5-A32E819412E3.webp",360,360,false],"covernews-medium":["https:\/\/quehacerpolitico.mx\/wp-content\/uploads\/2021\/10\/11B04B43-3099-4C76-A7D5-A32E819412E3.webp",340,340,false]},"author_info":{"display_name":"Redacci\u00f3n QP","author_link":"https:\/\/quehacerpolitico.mx\/?author=2"},"category_info":"<a href=\"https:\/\/quehacerpolitico.mx\/?cat=1\" rel=\"category\">Internacionales<\/a>","tag_info":"Internacionales","comment_count":"0","_links":{"self":[{"href":"https:\/\/quehacerpolitico.mx\/index.php?rest_route=\/wp\/v2\/posts\/85973","targetHints":{"allow":["GET"]}}],"collection":[{"href":"https:\/\/quehacerpolitico.mx\/index.php?rest_route=\/wp\/v2\/posts"}],"about":[{"href":"https:\/\/quehacerpolitico.mx\/index.php?rest_route=\/wp\/v2\/types\/post"}],"author":[{"embeddable":true,"href":"https:\/\/quehacerpolitico.mx\/index.php?rest_route=\/wp\/v2\/users\/2"}],"replies":[{"embeddable":true,"href":"https:\/\/quehacerpolitico.mx\/index.php?rest_route=%2Fwp%2Fv2%2Fcomments&post=85973"}],"version-history":[{"count":1,"href":"https:\/\/quehacerpolitico.mx\/index.php?rest_route=\/wp\/v2\/posts\/85973\/revisions"}],"predecessor-version":[{"id":85975,"href":"https:\/\/quehacerpolitico.mx\/index.php?rest_route=\/wp\/v2\/posts\/85973\/revisions\/85975"}],"wp:featuredmedia":[{"embeddable":true,"href":"https:\/\/quehacerpolitico.mx\/index.php?rest_route=\/wp\/v2\/media\/85974"}],"wp:attachment":[{"href":"https:\/\/quehacerpolitico.mx\/index.php?rest_route=%2Fwp%2Fv2%2Fmedia&parent=85973"}],"wp:term":[{"taxonomy":"category","embeddable":true,"href":"https:\/\/quehacerpolitico.mx\/index.php?rest_route=%2Fwp%2Fv2%2Fcategories&post=85973"},{"taxonomy":"post_tag","embeddable":true,"href":"https:\/\/quehacerpolitico.mx\/index.php?rest_route=%2Fwp%2Fv2%2Ftags&post=85973"}],"curies":[{"name":"wp","href":"https:\/\/api.w.org\/{rel}","templated":true}]}}