{"id":85969,"date":"2021-10-23T03:42:53","date_gmt":"2021-10-23T03:42:53","guid":{"rendered":"https:\/\/quehacerpolitico.mx\/?p=85969"},"modified":"2021-10-23T03:42:56","modified_gmt":"2021-10-23T03:42:56","slug":"internacionales-carolina-alonso-romei-muere-abdul-hamid-al-matar-jefe-de-al-qaeda-en-siria-por-ataque-de-dron-de-ee-uu","status":"publish","type":"post","link":"https:\/\/quehacerpolitico.mx\/?p=85969","title":{"rendered":"Internacionales\/\/\/Carolina Alonso Romei\/\/\/Muere Abdul Hamid al-Matar, jefe de Al Qaeda en Siria, por ataque de dron de EE.UU."},"content":{"rendered":"\n<p>Por Carolina Alonso Romei <\/p>\n\n\n\n<p>Internacionalista <\/p>\n\n\n\n<p>Estados Unidos mat\u00f3 en un bombardeo a\u00e9reo a un l\u00edder de Al Qaeda en Siria al que identific\u00f3 como Abdul Hamid al-Matar, seg\u00fan asegur\u00f3 el Pent\u00e1gono<\/p>\n\n\n\n<ul class=\"wp-block-list\"><li>El ataque se produce dos d\u00edas despu\u00e9s de que fuera atacado un puesto de avanzada estadounidense en el sur de Siria<\/li><li>\u201cNo tenemos indicios de v\u00edctimas civiles como resultado del ataque\u201d, inform\u00f3 el Pent\u00e1gono<\/li><\/ul>\n\n\n\n<p>El Ej\u00e9rcito de Estados Unidos mat\u00f3, este viernes 22 de octubre de 2021, al l\u00edder de\u00a0Al Qaeda\u00a0<strong>Abdul Hamid al-Matar<\/strong>, en un ataque con drones en Siria, dijo un portavoz del Comando Central de Estados Unidos.<\/p>\n\n\n\n<p><em>\u201cLa destituci\u00f3n de este alto l\u00edder de Al Qaeda interrumpir\u00e1 la capacidad de la organizaci\u00f3n terrorista para seguir tramando y llevar a cabo ataques globales que amenacen a ciudadanos estadounidenses, nuestros socios y civiles inocentes\u201d, dijo el mayor del ej\u00e9rcito estadounidense John Rigsbee en una declaraci\u00f3n escrita.<\/em><\/p>\n\n\n\n<p>El ataque se produce dos d\u00edas despu\u00e9s de que fuera atacado un puesto de avanzada estadounidense en el sur de Siria. Rigsbee no dijo si el ataque con aviones no tripulados de Estados Unidos se llev\u00f3 a cabo en represalia.<\/p>\n\n\n\n<h2 class=\"wp-block-heading\">\u00bfC\u00f3mo fue la operaci\u00f3n?<\/h2>\n\n\n\n<p>Estados Unidos mat\u00f3 en un bombardeo a\u00e9reo a un l\u00edder de Al Qaeda en Siria al que identific\u00f3 como Abdul Hamid al-Matar, seg\u00fan asegur\u00f3 el Pent\u00e1gono.<\/p>\n\n\n\n<blockquote class=\"wp-block-quote is-layout-flow wp-block-quote-is-layout-flow\"><p>\u201cNo tenemos, agreg\u00f3, indicios de v\u00edctimas civiles como resultado del ataque\u201d.<\/p><\/blockquote>\n\n\n\n<p>Rigsbee tambi\u00e9n detall\u00f3 que el ataque a\u00e9reo se llevo a cabo con un veh\u00edculo a\u00e9reo no tripulado (dron) tipo MQ-9.<\/p>\n\n\n\n<blockquote class=\"wp-block-quote is-layout-flow wp-block-quote-is-layout-flow\"><p>\u201cLa muerte de este l\u00edder de alto rango de Al Qaeda trastocar\u00e1 la capacidad de la organizaci\u00f3n terrorista para seguir tramando y llevar a cabo ataques globales que amenacen a ciudadanos estadounidenses, nuestros socios y civiles inocentes\u201d, dijo el portavoz.<\/p><\/blockquote>\n\n\n\n<p>Seg\u00fan el Pent\u00e1gono, Al Qaeda utiliza Siria como un \u201crefugio\u201d para reconstruirse, coordinarse y planear operaciones.<\/p>\n\n\n\n<p>Hace justo un mes, el Comando Central asegur\u00f3 haber matado a otro alto dirigente de Al Qaeda, al que no identific\u00f3, tambi\u00e9n en un bombardeo a\u00e9reo en el noroeste del pa\u00eds.<\/p>\n\n\n\n<p><em>Con informaci\u00f3n de EFE y Reuters<\/em><\/p>\n","protected":false},"excerpt":{"rendered":"<p>Por Carolina Alonso Romei Internacionalista Estados Unidos mat\u00f3 en un bombardeo a\u00e9reo a un l\u00edder&#8230;<\/p>\n","protected":false},"author":2,"featured_media":85971,"comment_status":"open","ping_status":"open","sticky":false,"template":"","format":"standard","meta":{"_monsterinsights_skip_tracking":false,"_monsterinsights_sitenote_active":false,"_monsterinsights_sitenote_note":"","_monsterinsights_sitenote_category":0,"footnotes":""},"categories":[1],"tags":[],"class_list":["post-85969","post","type-post","status-publish","format-standard","has-post-thumbnail","hentry","category-sin-categoria"],"yoast_head":"<!-- This site is optimized with the Yoast SEO plugin v27.3 - https:\/\/yoast.com\/product\/yoast-seo-wordpress\/ -->\n<title>Internacionales\/\/\/Carolina Alonso Romei\/\/\/Muere Abdul Hamid al-Matar, jefe de Al Qaeda en Siria, por ataque de dron de EE.UU. -<\/title>\n<meta name=\"robots\" content=\"index, follow, max-snippet:-1, max-image-preview:large, max-video-preview:-1\" \/>\n<link rel=\"canonical\" href=\"https:\/\/quehacerpolitico.mx\/?p=85969\" \/>\n<meta property=\"og:locale\" content=\"es_MX\" \/>\n<meta property=\"og:type\" content=\"article\" \/>\n<meta property=\"og:title\" content=\"Internacionales\/\/\/Carolina Alonso Romei\/\/\/Muere Abdul Hamid al-Matar, jefe de Al Qaeda en Siria, por ataque de dron de EE.UU. -\" \/>\n<meta property=\"og:description\" content=\"Por Carolina Alonso Romei Internacionalista Estados Unidos mat\u00f3 en un bombardeo a\u00e9reo a un l\u00edder...\" \/>\n<meta property=\"og:url\" content=\"https:\/\/quehacerpolitico.mx\/?p=85969\" \/>\n<meta property=\"article:published_time\" content=\"2021-10-23T03:42:53+00:00\" \/>\n<meta property=\"article:modified_time\" content=\"2021-10-23T03:42:56+00:00\" \/>\n<meta property=\"og:image\" content=\"https:\/\/quehacerpolitico.mx\/wp-content\/uploads\/2021\/10\/9E6F2B9C-D7A8-4D18-B7C0-D06CDFEA0F66.jpeg\" \/>\n\t<meta property=\"og:image:width\" content=\"640\" \/>\n\t<meta property=\"og:image:height\" content=\"480\" \/>\n\t<meta property=\"og:image:type\" content=\"image\/jpeg\" \/>\n<meta name=\"author\" content=\"Redacci\u00f3n QP\" \/>\n<meta name=\"twitter:card\" content=\"summary_large_image\" \/>\n<meta name=\"twitter:label1\" content=\"Escrito por\" \/>\n\t<meta name=\"twitter:data1\" content=\"Redacci\u00f3n QP\" \/>\n\t<meta name=\"twitter:label2\" content=\"Tiempo de lectura\" \/>\n\t<meta name=\"twitter:data2\" content=\"2 minutos\" \/>\n<script type=\"application\/ld+json\" class=\"yoast-schema-graph\">{\"@context\":\"https:\\\/\\\/schema.org\",\"@graph\":[{\"@type\":\"Article\",\"@id\":\"https:\\\/\\\/quehacerpolitico.mx\\\/?p=85969#article\",\"isPartOf\":{\"@id\":\"https:\\\/\\\/quehacerpolitico.mx\\\/?p=85969\"},\"author\":{\"name\":\"Redacci\u00f3n QP\",\"@id\":\"https:\\\/\\\/quehacerpolitico.mx\\\/#\\\/schema\\\/person\\\/496d8ad2d1d3f8036101dca7ee39e585\"},\"headline\":\"Internacionales\\\/\\\/\\\/Carolina Alonso Romei\\\/\\\/\\\/Muere Abdul Hamid al-Matar, jefe de Al Qaeda en Siria, por ataque de dron de EE.UU.\",\"datePublished\":\"2021-10-23T03:42:53+00:00\",\"dateModified\":\"2021-10-23T03:42:56+00:00\",\"mainEntityOfPage\":{\"@id\":\"https:\\\/\\\/quehacerpolitico.mx\\\/?p=85969\"},\"wordCount\":398,\"commentCount\":0,\"image\":{\"@id\":\"https:\\\/\\\/quehacerpolitico.mx\\\/?p=85969#primaryimage\"},\"thumbnailUrl\":\"https:\\\/\\\/quehacerpolitico.mx\\\/wp-content\\\/uploads\\\/2021\\\/10\\\/9E6F2B9C-D7A8-4D18-B7C0-D06CDFEA0F66.jpeg\",\"articleSection\":[\"Internacionales\"],\"inLanguage\":\"es\",\"potentialAction\":[{\"@type\":\"CommentAction\",\"name\":\"Comment\",\"target\":[\"https:\\\/\\\/quehacerpolitico.mx\\\/?p=85969#respond\"]}]},{\"@type\":\"WebPage\",\"@id\":\"https:\\\/\\\/quehacerpolitico.mx\\\/?p=85969\",\"url\":\"https:\\\/\\\/quehacerpolitico.mx\\\/?p=85969\",\"name\":\"Internacionales\\\/\\\/\\\/Carolina Alonso Romei\\\/\\\/\\\/Muere Abdul Hamid al-Matar, jefe de Al Qaeda en Siria, por ataque de dron de EE.UU. -\",\"isPartOf\":{\"@id\":\"https:\\\/\\\/quehacerpolitico.mx\\\/#website\"},\"primaryImageOfPage\":{\"@id\":\"https:\\\/\\\/quehacerpolitico.mx\\\/?p=85969#primaryimage\"},\"image\":{\"@id\":\"https:\\\/\\\/quehacerpolitico.mx\\\/?p=85969#primaryimage\"},\"thumbnailUrl\":\"https:\\\/\\\/quehacerpolitico.mx\\\/wp-content\\\/uploads\\\/2021\\\/10\\\/9E6F2B9C-D7A8-4D18-B7C0-D06CDFEA0F66.jpeg\",\"datePublished\":\"2021-10-23T03:42:53+00:00\",\"dateModified\":\"2021-10-23T03:42:56+00:00\",\"author\":{\"@id\":\"https:\\\/\\\/quehacerpolitico.mx\\\/#\\\/schema\\\/person\\\/496d8ad2d1d3f8036101dca7ee39e585\"},\"breadcrumb\":{\"@id\":\"https:\\\/\\\/quehacerpolitico.mx\\\/?p=85969#breadcrumb\"},\"inLanguage\":\"es\",\"potentialAction\":[{\"@type\":\"ReadAction\",\"target\":[\"https:\\\/\\\/quehacerpolitico.mx\\\/?p=85969\"]}]},{\"@type\":\"ImageObject\",\"inLanguage\":\"es\",\"@id\":\"https:\\\/\\\/quehacerpolitico.mx\\\/?p=85969#primaryimage\",\"url\":\"https:\\\/\\\/quehacerpolitico.mx\\\/wp-content\\\/uploads\\\/2021\\\/10\\\/9E6F2B9C-D7A8-4D18-B7C0-D06CDFEA0F66.jpeg\",\"contentUrl\":\"https:\\\/\\\/quehacerpolitico.mx\\\/wp-content\\\/uploads\\\/2021\\\/10\\\/9E6F2B9C-D7A8-4D18-B7C0-D06CDFEA0F66.jpeg\",\"width\":640,\"height\":480},{\"@type\":\"BreadcrumbList\",\"@id\":\"https:\\\/\\\/quehacerpolitico.mx\\\/?p=85969#breadcrumb\",\"itemListElement\":[{\"@type\":\"ListItem\",\"position\":1,\"name\":\"Inicio\",\"item\":\"https:\\\/\\\/quehacerpolitico.mx\\\/\"},{\"@type\":\"ListItem\",\"position\":2,\"name\":\"Internacionales\\\/\\\/\\\/Carolina Alonso Romei\\\/\\\/\\\/Muere Abdul Hamid al-Matar, jefe de Al Qaeda en Siria, por ataque de dron de EE.UU.\"}]},{\"@type\":\"WebSite\",\"@id\":\"https:\\\/\\\/quehacerpolitico.mx\\\/#website\",\"url\":\"https:\\\/\\\/quehacerpolitico.mx\\\/\",\"name\":\"\",\"description\":\"\",\"potentialAction\":[{\"@type\":\"SearchAction\",\"target\":{\"@type\":\"EntryPoint\",\"urlTemplate\":\"https:\\\/\\\/quehacerpolitico.mx\\\/?s={search_term_string}\"},\"query-input\":{\"@type\":\"PropertyValueSpecification\",\"valueRequired\":true,\"valueName\":\"search_term_string\"}}],\"inLanguage\":\"es\"},{\"@type\":\"Person\",\"@id\":\"https:\\\/\\\/quehacerpolitico.mx\\\/#\\\/schema\\\/person\\\/496d8ad2d1d3f8036101dca7ee39e585\",\"name\":\"Redacci\u00f3n QP\",\"image\":{\"@type\":\"ImageObject\",\"inLanguage\":\"es\",\"@id\":\"https:\\\/\\\/secure.gravatar.com\\\/avatar\\\/c7164ed6fdec453195284ad24a5ae5b6e1eed2b848477fa2a4787ba9adf39a41?s=96&d=mm&r=g\",\"url\":\"https:\\\/\\\/secure.gravatar.com\\\/avatar\\\/c7164ed6fdec453195284ad24a5ae5b6e1eed2b848477fa2a4787ba9adf39a41?s=96&d=mm&r=g\",\"contentUrl\":\"https:\\\/\\\/secure.gravatar.com\\\/avatar\\\/c7164ed6fdec453195284ad24a5ae5b6e1eed2b848477fa2a4787ba9adf39a41?s=96&d=mm&r=g\",\"caption\":\"Redacci\u00f3n QP\"},\"url\":\"https:\\\/\\\/quehacerpolitico.mx\\\/?author=2\"}]}<\/script>\n<!-- \/ Yoast SEO plugin. -->","yoast_head_json":{"title":"Internacionales\/\/\/Carolina Alonso Romei\/\/\/Muere Abdul Hamid al-Matar, jefe de Al Qaeda en Siria, por ataque de dron de EE.UU. -","robots":{"index":"index","follow":"follow","max-snippet":"max-snippet:-1","max-image-preview":"max-image-preview:large","max-video-preview":"max-video-preview:-1"},"canonical":"https:\/\/quehacerpolitico.mx\/?p=85969","og_locale":"es_MX","og_type":"article","og_title":"Internacionales\/\/\/Carolina Alonso Romei\/\/\/Muere Abdul Hamid al-Matar, jefe de Al Qaeda en Siria, por ataque de dron de EE.UU. -","og_description":"Por Carolina Alonso Romei Internacionalista Estados Unidos mat\u00f3 en un bombardeo a\u00e9reo a un l\u00edder...","og_url":"https:\/\/quehacerpolitico.mx\/?p=85969","article_published_time":"2021-10-23T03:42:53+00:00","article_modified_time":"2021-10-23T03:42:56+00:00","og_image":[{"width":640,"height":480,"url":"https:\/\/quehacerpolitico.mx\/wp-content\/uploads\/2021\/10\/9E6F2B9C-D7A8-4D18-B7C0-D06CDFEA0F66.jpeg","type":"image\/jpeg"}],"author":"Redacci\u00f3n QP","twitter_card":"summary_large_image","twitter_misc":{"Escrito por":"Redacci\u00f3n QP","Tiempo de lectura":"2 minutos"},"schema":{"@context":"https:\/\/schema.org","@graph":[{"@type":"Article","@id":"https:\/\/quehacerpolitico.mx\/?p=85969#article","isPartOf":{"@id":"https:\/\/quehacerpolitico.mx\/?p=85969"},"author":{"name":"Redacci\u00f3n QP","@id":"https:\/\/quehacerpolitico.mx\/#\/schema\/person\/496d8ad2d1d3f8036101dca7ee39e585"},"headline":"Internacionales\/\/\/Carolina Alonso Romei\/\/\/Muere Abdul Hamid al-Matar, jefe de Al Qaeda en Siria, por ataque de dron de EE.UU.","datePublished":"2021-10-23T03:42:53+00:00","dateModified":"2021-10-23T03:42:56+00:00","mainEntityOfPage":{"@id":"https:\/\/quehacerpolitico.mx\/?p=85969"},"wordCount":398,"commentCount":0,"image":{"@id":"https:\/\/quehacerpolitico.mx\/?p=85969#primaryimage"},"thumbnailUrl":"https:\/\/quehacerpolitico.mx\/wp-content\/uploads\/2021\/10\/9E6F2B9C-D7A8-4D18-B7C0-D06CDFEA0F66.jpeg","articleSection":["Internacionales"],"inLanguage":"es","potentialAction":[{"@type":"CommentAction","name":"Comment","target":["https:\/\/quehacerpolitico.mx\/?p=85969#respond"]}]},{"@type":"WebPage","@id":"https:\/\/quehacerpolitico.mx\/?p=85969","url":"https:\/\/quehacerpolitico.mx\/?p=85969","name":"Internacionales\/\/\/Carolina Alonso Romei\/\/\/Muere Abdul Hamid al-Matar, jefe de Al Qaeda en Siria, por ataque de dron de EE.UU. -","isPartOf":{"@id":"https:\/\/quehacerpolitico.mx\/#website"},"primaryImageOfPage":{"@id":"https:\/\/quehacerpolitico.mx\/?p=85969#primaryimage"},"image":{"@id":"https:\/\/quehacerpolitico.mx\/?p=85969#primaryimage"},"thumbnailUrl":"https:\/\/quehacerpolitico.mx\/wp-content\/uploads\/2021\/10\/9E6F2B9C-D7A8-4D18-B7C0-D06CDFEA0F66.jpeg","datePublished":"2021-10-23T03:42:53+00:00","dateModified":"2021-10-23T03:42:56+00:00","author":{"@id":"https:\/\/quehacerpolitico.mx\/#\/schema\/person\/496d8ad2d1d3f8036101dca7ee39e585"},"breadcrumb":{"@id":"https:\/\/quehacerpolitico.mx\/?p=85969#breadcrumb"},"inLanguage":"es","potentialAction":[{"@type":"ReadAction","target":["https:\/\/quehacerpolitico.mx\/?p=85969"]}]},{"@type":"ImageObject","inLanguage":"es","@id":"https:\/\/quehacerpolitico.mx\/?p=85969#primaryimage","url":"https:\/\/quehacerpolitico.mx\/wp-content\/uploads\/2021\/10\/9E6F2B9C-D7A8-4D18-B7C0-D06CDFEA0F66.jpeg","contentUrl":"https:\/\/quehacerpolitico.mx\/wp-content\/uploads\/2021\/10\/9E6F2B9C-D7A8-4D18-B7C0-D06CDFEA0F66.jpeg","width":640,"height":480},{"@type":"BreadcrumbList","@id":"https:\/\/quehacerpolitico.mx\/?p=85969#breadcrumb","itemListElement":[{"@type":"ListItem","position":1,"name":"Inicio","item":"https:\/\/quehacerpolitico.mx\/"},{"@type":"ListItem","position":2,"name":"Internacionales\/\/\/Carolina Alonso Romei\/\/\/Muere Abdul Hamid al-Matar, jefe de Al Qaeda en Siria, por ataque de dron de EE.UU."}]},{"@type":"WebSite","@id":"https:\/\/quehacerpolitico.mx\/#website","url":"https:\/\/quehacerpolitico.mx\/","name":"","description":"","potentialAction":[{"@type":"SearchAction","target":{"@type":"EntryPoint","urlTemplate":"https:\/\/quehacerpolitico.mx\/?s={search_term_string}"},"query-input":{"@type":"PropertyValueSpecification","valueRequired":true,"valueName":"search_term_string"}}],"inLanguage":"es"},{"@type":"Person","@id":"https:\/\/quehacerpolitico.mx\/#\/schema\/person\/496d8ad2d1d3f8036101dca7ee39e585","name":"Redacci\u00f3n QP","image":{"@type":"ImageObject","inLanguage":"es","@id":"https:\/\/secure.gravatar.com\/avatar\/c7164ed6fdec453195284ad24a5ae5b6e1eed2b848477fa2a4787ba9adf39a41?s=96&d=mm&r=g","url":"https:\/\/secure.gravatar.com\/avatar\/c7164ed6fdec453195284ad24a5ae5b6e1eed2b848477fa2a4787ba9adf39a41?s=96&d=mm&r=g","contentUrl":"https:\/\/secure.gravatar.com\/avatar\/c7164ed6fdec453195284ad24a5ae5b6e1eed2b848477fa2a4787ba9adf39a41?s=96&d=mm&r=g","caption":"Redacci\u00f3n QP"},"url":"https:\/\/quehacerpolitico.mx\/?author=2"}]}},"featured_image_urls":{"full":["https:\/\/quehacerpolitico.mx\/wp-content\/uploads\/2021\/10\/9E6F2B9C-D7A8-4D18-B7C0-D06CDFEA0F66.jpeg",640,480,false],"thumbnail":["https:\/\/quehacerpolitico.mx\/wp-content\/uploads\/2021\/10\/9E6F2B9C-D7A8-4D18-B7C0-D06CDFEA0F66-150x150.jpeg",150,150,true],"medium":["https:\/\/quehacerpolitico.mx\/wp-content\/uploads\/2021\/10\/9E6F2B9C-D7A8-4D18-B7C0-D06CDFEA0F66-300x225.jpeg",300,225,true],"medium_large":["https:\/\/quehacerpolitico.mx\/wp-content\/uploads\/2021\/10\/9E6F2B9C-D7A8-4D18-B7C0-D06CDFEA0F66.jpeg",640,480,false],"large":["https:\/\/quehacerpolitico.mx\/wp-content\/uploads\/2021\/10\/9E6F2B9C-D7A8-4D18-B7C0-D06CDFEA0F66.jpeg",640,480,false],"1536x1536":["https:\/\/quehacerpolitico.mx\/wp-content\/uploads\/2021\/10\/9E6F2B9C-D7A8-4D18-B7C0-D06CDFEA0F66.jpeg",640,480,false],"2048x2048":["https:\/\/quehacerpolitico.mx\/wp-content\/uploads\/2021\/10\/9E6F2B9C-D7A8-4D18-B7C0-D06CDFEA0F66.jpeg",640,480,false],"covernews-featured":["https:\/\/quehacerpolitico.mx\/wp-content\/uploads\/2021\/10\/9E6F2B9C-D7A8-4D18-B7C0-D06CDFEA0F66.jpeg",640,480,false],"covernews-medium":["https:\/\/quehacerpolitico.mx\/wp-content\/uploads\/2021\/10\/9E6F2B9C-D7A8-4D18-B7C0-D06CDFEA0F66.jpeg",453,340,false]},"author_info":{"display_name":"Redacci\u00f3n QP","author_link":"https:\/\/quehacerpolitico.mx\/?author=2"},"category_info":"<a href=\"https:\/\/quehacerpolitico.mx\/?cat=1\" rel=\"category\">Internacionales<\/a>","tag_info":"Internacionales","comment_count":"0","_links":{"self":[{"href":"https:\/\/quehacerpolitico.mx\/index.php?rest_route=\/wp\/v2\/posts\/85969","targetHints":{"allow":["GET"]}}],"collection":[{"href":"https:\/\/quehacerpolitico.mx\/index.php?rest_route=\/wp\/v2\/posts"}],"about":[{"href":"https:\/\/quehacerpolitico.mx\/index.php?rest_route=\/wp\/v2\/types\/post"}],"author":[{"embeddable":true,"href":"https:\/\/quehacerpolitico.mx\/index.php?rest_route=\/wp\/v2\/users\/2"}],"replies":[{"embeddable":true,"href":"https:\/\/quehacerpolitico.mx\/index.php?rest_route=%2Fwp%2Fv2%2Fcomments&post=85969"}],"version-history":[{"count":1,"href":"https:\/\/quehacerpolitico.mx\/index.php?rest_route=\/wp\/v2\/posts\/85969\/revisions"}],"predecessor-version":[{"id":85972,"href":"https:\/\/quehacerpolitico.mx\/index.php?rest_route=\/wp\/v2\/posts\/85969\/revisions\/85972"}],"wp:featuredmedia":[{"embeddable":true,"href":"https:\/\/quehacerpolitico.mx\/index.php?rest_route=\/wp\/v2\/media\/85971"}],"wp:attachment":[{"href":"https:\/\/quehacerpolitico.mx\/index.php?rest_route=%2Fwp%2Fv2%2Fmedia&parent=85969"}],"wp:term":[{"taxonomy":"category","embeddable":true,"href":"https:\/\/quehacerpolitico.mx\/index.php?rest_route=%2Fwp%2Fv2%2Fcategories&post=85969"},{"taxonomy":"post_tag","embeddable":true,"href":"https:\/\/quehacerpolitico.mx\/index.php?rest_route=%2Fwp%2Fv2%2Ftags&post=85969"}],"curies":[{"name":"wp","href":"https:\/\/api.w.org\/{rel}","templated":true}]}}