{"id":85966,"date":"2021-10-23T03:20:10","date_gmt":"2021-10-23T03:20:10","guid":{"rendered":"https:\/\/quehacerpolitico.mx\/?p=85966"},"modified":"2021-10-23T03:20:12","modified_gmt":"2021-10-23T03:20:12","slug":"evo-morales-apoya-la-nacionalizacion-del-litio-impulsada-por-amlo","status":"publish","type":"post","link":"https:\/\/quehacerpolitico.mx\/?p=85966","title":{"rendered":"Evo Morales apoya la nacionalizaci\u00f3n del litio impulsada por AMLO"},"content":{"rendered":"\n<p>Por Redacci\u00f3n QP<\/p>\n\n\n\n<p>El expresidente de Bolivia\u00a0 defendi\u00f3 que Am\u00e9rica Latina &#8220;puede ser una potencia&#8221; en el sector del litio<\/p>\n\n\n\n<p>El expresidente de Bolivia, Evo Morales, asegur\u00f3 este viernes desde la Ciudad de M\u00e9xico que el control del litio estuvo detr\u00e1s del &#8220;golpe de Estado&#8221; que supuestamente lo derroc\u00f3 en 2019 y apoy\u00f3 la iniciativa del Presidente Andr\u00e9s Manuel L\u00f3pez Obrador (AMLO) que busca nacionalizar esta materia prima.<\/p>\n\n\n\n<blockquote class=\"wp-block-quote is-layout-flow wp-block-quote-is-layout-flow\"><p>&#8220;La industria del litio debe estar en manos de los Estados, no del sector privado. Esa es nuestra experiencia&#8221;<\/p><\/blockquote>\n\n\n\n<p>&#8220;La industria del litio debe estar en manos de los Estados, no del sector privado. Esa es nuestra experiencia&#8221;, dijo Morales en una rueda de prensa con motivo de los dos a\u00f1os de su asilo en M\u00e9xico tras dejar la presidencia boliviana.<\/p>\n\n\n\n<p>AMLO present\u00f3 semanas atr\u00e1s una propuesta de reforma constitucional que limita la participaci\u00f3n privada en el sector el\u00e9ctrico y nacionaliza el litio, un mineral para el que el Gobierno mexicano no entregar\u00e1 licencias de explotaci\u00f3n.<\/p>\n\n\n\n<p>Para el dise\u00f1o de su pol\u00edtica sobre el litio, el Gobierno de M\u00e9xico recibi\u00f3 asesoramiento de Bolivia.<\/p>\n\n\n\n<figure class=\"wp-block-image\"><img decoding=\"async\" src=\"https:\/\/www.informador.mx\/export\/sites\/elinformador\/img\/2021\/10\/22\/1_3.jpg_423718891.jpg\" alt=\"\" title=\"\"\/><\/figure>\n\n\n\n<p>Evo Morales defendi\u00f3 que<strong>\u00a0Am\u00e9rica Latina &#8220;puede ser una potencia&#8221; en el sector del litio, utilizado para fabricar bater\u00edas.<\/strong><\/p>\n\n\n\n<p>&#8220;Lamentablemente debo decir una vez m\u00e1s que los pa\u00edses industrializados no aceptan que los latinoamericanos podamos dar valor agregado a los recursos naturales&#8221;, opin\u00f3 Morales, quien participa en un seminario convocado por el Partido del Trabajo (PT).<\/p>\n\n\n\n<p>El expresidente afirm\u00f3 que<strong>\u00a0durante su mandato decidi\u00f3 &#8220;como Estado industrializar el litio&#8221; y asegur\u00f3 que &#8220;luego vino el golpe de Estado&#8221;.<\/strong><\/p>\n\n\n\n<p>Evo Morales record\u00f3 el largo periplo del avi\u00f3n de las Fuerzas Armadas mexicanas que lo sac\u00f3 de Bolivia tras haber dimitido y lo llev\u00f3 a M\u00e9xico el 12 de noviembre de 2019, y agradeci\u00f3 una vez m\u00e1s al Presidente L\u00f3pez Obrador por su gesti\u00f3n.<\/p>\n\n\n\n<p>&#8220;La derecha fascista est\u00e1n arrepentidos de no acabar con mi vida, por eso digo que M\u00e9xico nos ayud\u00f3 a salvar la vida y tambi\u00e9n nos ayud\u00f3 a salvar la democracia&#8221;, afirm\u00f3.<\/p>\n\n\n\n<p>Con Informaci\u00f3n de EFE<\/p>\n","protected":false},"excerpt":{"rendered":"<p>Por Redacci\u00f3n QP El expresidente de Bolivia\u00a0 defendi\u00f3 que Am\u00e9rica Latina &#8220;puede ser una potencia&#8221;&#8230;<\/p>\n","protected":false},"author":2,"featured_media":85967,"comment_status":"open","ping_status":"open","sticky":false,"template":"","format":"standard","meta":{"_monsterinsights_skip_tracking":false,"_monsterinsights_sitenote_active":false,"_monsterinsights_sitenote_note":"","_monsterinsights_sitenote_category":0,"footnotes":""},"categories":[2],"tags":[],"class_list":["post-85966","post","type-post","status-publish","format-standard","has-post-thumbnail","hentry","category-noticias"],"yoast_head":"<!-- This site is optimized with the Yoast SEO plugin v27.3 - https:\/\/yoast.com\/product\/yoast-seo-wordpress\/ -->\n<title>Evo Morales apoya la nacionalizaci\u00f3n del litio impulsada por AMLO -<\/title>\n<meta name=\"robots\" content=\"index, follow, max-snippet:-1, max-image-preview:large, max-video-preview:-1\" \/>\n<link rel=\"canonical\" href=\"https:\/\/quehacerpolitico.mx\/?p=85966\" \/>\n<meta property=\"og:locale\" content=\"es_MX\" \/>\n<meta property=\"og:type\" content=\"article\" \/>\n<meta property=\"og:title\" content=\"Evo Morales apoya la nacionalizaci\u00f3n del litio impulsada por AMLO -\" \/>\n<meta property=\"og:description\" content=\"Por Redacci\u00f3n QP El expresidente de Bolivia\u00a0 defendi\u00f3 que Am\u00e9rica Latina &#8220;puede ser una potencia&#8221;...\" \/>\n<meta property=\"og:url\" content=\"https:\/\/quehacerpolitico.mx\/?p=85966\" \/>\n<meta property=\"article:published_time\" content=\"2021-10-23T03:20:10+00:00\" \/>\n<meta property=\"article:modified_time\" content=\"2021-10-23T03:20:12+00:00\" \/>\n<meta property=\"og:image\" content=\"https:\/\/quehacerpolitico.mx\/wp-content\/uploads\/2021\/10\/06D7D408-2CBE-4D31-83EE-2D172930572B.jpeg\" \/>\n\t<meta property=\"og:image:width\" content=\"1296\" \/>\n\t<meta property=\"og:image:height\" content=\"864\" \/>\n\t<meta property=\"og:image:type\" content=\"image\/jpeg\" \/>\n<meta name=\"author\" content=\"Redacci\u00f3n QP\" \/>\n<meta name=\"twitter:card\" content=\"summary_large_image\" \/>\n<meta name=\"twitter:label1\" content=\"Escrito por\" \/>\n\t<meta name=\"twitter:data1\" content=\"Redacci\u00f3n QP\" \/>\n\t<meta name=\"twitter:label2\" content=\"Tiempo de lectura\" \/>\n\t<meta name=\"twitter:data2\" content=\"2 minutos\" \/>\n<script type=\"application\/ld+json\" class=\"yoast-schema-graph\">{\"@context\":\"https:\\\/\\\/schema.org\",\"@graph\":[{\"@type\":\"Article\",\"@id\":\"https:\\\/\\\/quehacerpolitico.mx\\\/?p=85966#article\",\"isPartOf\":{\"@id\":\"https:\\\/\\\/quehacerpolitico.mx\\\/?p=85966\"},\"author\":{\"name\":\"Redacci\u00f3n QP\",\"@id\":\"https:\\\/\\\/quehacerpolitico.mx\\\/#\\\/schema\\\/person\\\/496d8ad2d1d3f8036101dca7ee39e585\"},\"headline\":\"Evo Morales apoya la nacionalizaci\u00f3n del litio impulsada por AMLO\",\"datePublished\":\"2021-10-23T03:20:10+00:00\",\"dateModified\":\"2021-10-23T03:20:12+00:00\",\"mainEntityOfPage\":{\"@id\":\"https:\\\/\\\/quehacerpolitico.mx\\\/?p=85966\"},\"wordCount\":374,\"commentCount\":0,\"image\":{\"@id\":\"https:\\\/\\\/quehacerpolitico.mx\\\/?p=85966#primaryimage\"},\"thumbnailUrl\":\"https:\\\/\\\/quehacerpolitico.mx\\\/wp-content\\\/uploads\\\/2021\\\/10\\\/06D7D408-2CBE-4D31-83EE-2D172930572B.jpeg\",\"articleSection\":[\"Noticias\"],\"inLanguage\":\"es\",\"potentialAction\":[{\"@type\":\"CommentAction\",\"name\":\"Comment\",\"target\":[\"https:\\\/\\\/quehacerpolitico.mx\\\/?p=85966#respond\"]}]},{\"@type\":\"WebPage\",\"@id\":\"https:\\\/\\\/quehacerpolitico.mx\\\/?p=85966\",\"url\":\"https:\\\/\\\/quehacerpolitico.mx\\\/?p=85966\",\"name\":\"Evo Morales apoya la nacionalizaci\u00f3n del litio impulsada por AMLO -\",\"isPartOf\":{\"@id\":\"https:\\\/\\\/quehacerpolitico.mx\\\/#website\"},\"primaryImageOfPage\":{\"@id\":\"https:\\\/\\\/quehacerpolitico.mx\\\/?p=85966#primaryimage\"},\"image\":{\"@id\":\"https:\\\/\\\/quehacerpolitico.mx\\\/?p=85966#primaryimage\"},\"thumbnailUrl\":\"https:\\\/\\\/quehacerpolitico.mx\\\/wp-content\\\/uploads\\\/2021\\\/10\\\/06D7D408-2CBE-4D31-83EE-2D172930572B.jpeg\",\"datePublished\":\"2021-10-23T03:20:10+00:00\",\"dateModified\":\"2021-10-23T03:20:12+00:00\",\"author\":{\"@id\":\"https:\\\/\\\/quehacerpolitico.mx\\\/#\\\/schema\\\/person\\\/496d8ad2d1d3f8036101dca7ee39e585\"},\"breadcrumb\":{\"@id\":\"https:\\\/\\\/quehacerpolitico.mx\\\/?p=85966#breadcrumb\"},\"inLanguage\":\"es\",\"potentialAction\":[{\"@type\":\"ReadAction\",\"target\":[\"https:\\\/\\\/quehacerpolitico.mx\\\/?p=85966\"]}]},{\"@type\":\"ImageObject\",\"inLanguage\":\"es\",\"@id\":\"https:\\\/\\\/quehacerpolitico.mx\\\/?p=85966#primaryimage\",\"url\":\"https:\\\/\\\/quehacerpolitico.mx\\\/wp-content\\\/uploads\\\/2021\\\/10\\\/06D7D408-2CBE-4D31-83EE-2D172930572B.jpeg\",\"contentUrl\":\"https:\\\/\\\/quehacerpolitico.mx\\\/wp-content\\\/uploads\\\/2021\\\/10\\\/06D7D408-2CBE-4D31-83EE-2D172930572B.jpeg\",\"width\":1296,\"height\":864},{\"@type\":\"BreadcrumbList\",\"@id\":\"https:\\\/\\\/quehacerpolitico.mx\\\/?p=85966#breadcrumb\",\"itemListElement\":[{\"@type\":\"ListItem\",\"position\":1,\"name\":\"Inicio\",\"item\":\"https:\\\/\\\/quehacerpolitico.mx\\\/\"},{\"@type\":\"ListItem\",\"position\":2,\"name\":\"Evo Morales apoya la nacionalizaci\u00f3n del litio impulsada por AMLO\"}]},{\"@type\":\"WebSite\",\"@id\":\"https:\\\/\\\/quehacerpolitico.mx\\\/#website\",\"url\":\"https:\\\/\\\/quehacerpolitico.mx\\\/\",\"name\":\"\",\"description\":\"\",\"potentialAction\":[{\"@type\":\"SearchAction\",\"target\":{\"@type\":\"EntryPoint\",\"urlTemplate\":\"https:\\\/\\\/quehacerpolitico.mx\\\/?s={search_term_string}\"},\"query-input\":{\"@type\":\"PropertyValueSpecification\",\"valueRequired\":true,\"valueName\":\"search_term_string\"}}],\"inLanguage\":\"es\"},{\"@type\":\"Person\",\"@id\":\"https:\\\/\\\/quehacerpolitico.mx\\\/#\\\/schema\\\/person\\\/496d8ad2d1d3f8036101dca7ee39e585\",\"name\":\"Redacci\u00f3n QP\",\"image\":{\"@type\":\"ImageObject\",\"inLanguage\":\"es\",\"@id\":\"https:\\\/\\\/secure.gravatar.com\\\/avatar\\\/c7164ed6fdec453195284ad24a5ae5b6e1eed2b848477fa2a4787ba9adf39a41?s=96&d=mm&r=g\",\"url\":\"https:\\\/\\\/secure.gravatar.com\\\/avatar\\\/c7164ed6fdec453195284ad24a5ae5b6e1eed2b848477fa2a4787ba9adf39a41?s=96&d=mm&r=g\",\"contentUrl\":\"https:\\\/\\\/secure.gravatar.com\\\/avatar\\\/c7164ed6fdec453195284ad24a5ae5b6e1eed2b848477fa2a4787ba9adf39a41?s=96&d=mm&r=g\",\"caption\":\"Redacci\u00f3n QP\"},\"url\":\"https:\\\/\\\/quehacerpolitico.mx\\\/?author=2\"}]}<\/script>\n<!-- \/ Yoast SEO plugin. -->","yoast_head_json":{"title":"Evo Morales apoya la nacionalizaci\u00f3n del litio impulsada por AMLO -","robots":{"index":"index","follow":"follow","max-snippet":"max-snippet:-1","max-image-preview":"max-image-preview:large","max-video-preview":"max-video-preview:-1"},"canonical":"https:\/\/quehacerpolitico.mx\/?p=85966","og_locale":"es_MX","og_type":"article","og_title":"Evo Morales apoya la nacionalizaci\u00f3n del litio impulsada por AMLO -","og_description":"Por Redacci\u00f3n QP El expresidente de Bolivia\u00a0 defendi\u00f3 que Am\u00e9rica Latina &#8220;puede ser una potencia&#8221;...","og_url":"https:\/\/quehacerpolitico.mx\/?p=85966","article_published_time":"2021-10-23T03:20:10+00:00","article_modified_time":"2021-10-23T03:20:12+00:00","og_image":[{"width":1296,"height":864,"url":"https:\/\/quehacerpolitico.mx\/wp-content\/uploads\/2021\/10\/06D7D408-2CBE-4D31-83EE-2D172930572B.jpeg","type":"image\/jpeg"}],"author":"Redacci\u00f3n QP","twitter_card":"summary_large_image","twitter_misc":{"Escrito por":"Redacci\u00f3n QP","Tiempo de lectura":"2 minutos"},"schema":{"@context":"https:\/\/schema.org","@graph":[{"@type":"Article","@id":"https:\/\/quehacerpolitico.mx\/?p=85966#article","isPartOf":{"@id":"https:\/\/quehacerpolitico.mx\/?p=85966"},"author":{"name":"Redacci\u00f3n QP","@id":"https:\/\/quehacerpolitico.mx\/#\/schema\/person\/496d8ad2d1d3f8036101dca7ee39e585"},"headline":"Evo Morales apoya la nacionalizaci\u00f3n del litio impulsada por AMLO","datePublished":"2021-10-23T03:20:10+00:00","dateModified":"2021-10-23T03:20:12+00:00","mainEntityOfPage":{"@id":"https:\/\/quehacerpolitico.mx\/?p=85966"},"wordCount":374,"commentCount":0,"image":{"@id":"https:\/\/quehacerpolitico.mx\/?p=85966#primaryimage"},"thumbnailUrl":"https:\/\/quehacerpolitico.mx\/wp-content\/uploads\/2021\/10\/06D7D408-2CBE-4D31-83EE-2D172930572B.jpeg","articleSection":["Noticias"],"inLanguage":"es","potentialAction":[{"@type":"CommentAction","name":"Comment","target":["https:\/\/quehacerpolitico.mx\/?p=85966#respond"]}]},{"@type":"WebPage","@id":"https:\/\/quehacerpolitico.mx\/?p=85966","url":"https:\/\/quehacerpolitico.mx\/?p=85966","name":"Evo Morales apoya la nacionalizaci\u00f3n del litio impulsada por AMLO -","isPartOf":{"@id":"https:\/\/quehacerpolitico.mx\/#website"},"primaryImageOfPage":{"@id":"https:\/\/quehacerpolitico.mx\/?p=85966#primaryimage"},"image":{"@id":"https:\/\/quehacerpolitico.mx\/?p=85966#primaryimage"},"thumbnailUrl":"https:\/\/quehacerpolitico.mx\/wp-content\/uploads\/2021\/10\/06D7D408-2CBE-4D31-83EE-2D172930572B.jpeg","datePublished":"2021-10-23T03:20:10+00:00","dateModified":"2021-10-23T03:20:12+00:00","author":{"@id":"https:\/\/quehacerpolitico.mx\/#\/schema\/person\/496d8ad2d1d3f8036101dca7ee39e585"},"breadcrumb":{"@id":"https:\/\/quehacerpolitico.mx\/?p=85966#breadcrumb"},"inLanguage":"es","potentialAction":[{"@type":"ReadAction","target":["https:\/\/quehacerpolitico.mx\/?p=85966"]}]},{"@type":"ImageObject","inLanguage":"es","@id":"https:\/\/quehacerpolitico.mx\/?p=85966#primaryimage","url":"https:\/\/quehacerpolitico.mx\/wp-content\/uploads\/2021\/10\/06D7D408-2CBE-4D31-83EE-2D172930572B.jpeg","contentUrl":"https:\/\/quehacerpolitico.mx\/wp-content\/uploads\/2021\/10\/06D7D408-2CBE-4D31-83EE-2D172930572B.jpeg","width":1296,"height":864},{"@type":"BreadcrumbList","@id":"https:\/\/quehacerpolitico.mx\/?p=85966#breadcrumb","itemListElement":[{"@type":"ListItem","position":1,"name":"Inicio","item":"https:\/\/quehacerpolitico.mx\/"},{"@type":"ListItem","position":2,"name":"Evo Morales apoya la nacionalizaci\u00f3n del litio impulsada por AMLO"}]},{"@type":"WebSite","@id":"https:\/\/quehacerpolitico.mx\/#website","url":"https:\/\/quehacerpolitico.mx\/","name":"","description":"","potentialAction":[{"@type":"SearchAction","target":{"@type":"EntryPoint","urlTemplate":"https:\/\/quehacerpolitico.mx\/?s={search_term_string}"},"query-input":{"@type":"PropertyValueSpecification","valueRequired":true,"valueName":"search_term_string"}}],"inLanguage":"es"},{"@type":"Person","@id":"https:\/\/quehacerpolitico.mx\/#\/schema\/person\/496d8ad2d1d3f8036101dca7ee39e585","name":"Redacci\u00f3n QP","image":{"@type":"ImageObject","inLanguage":"es","@id":"https:\/\/secure.gravatar.com\/avatar\/c7164ed6fdec453195284ad24a5ae5b6e1eed2b848477fa2a4787ba9adf39a41?s=96&d=mm&r=g","url":"https:\/\/secure.gravatar.com\/avatar\/c7164ed6fdec453195284ad24a5ae5b6e1eed2b848477fa2a4787ba9adf39a41?s=96&d=mm&r=g","contentUrl":"https:\/\/secure.gravatar.com\/avatar\/c7164ed6fdec453195284ad24a5ae5b6e1eed2b848477fa2a4787ba9adf39a41?s=96&d=mm&r=g","caption":"Redacci\u00f3n QP"},"url":"https:\/\/quehacerpolitico.mx\/?author=2"}]}},"featured_image_urls":{"full":["https:\/\/quehacerpolitico.mx\/wp-content\/uploads\/2021\/10\/06D7D408-2CBE-4D31-83EE-2D172930572B.jpeg",1296,864,false],"thumbnail":["https:\/\/quehacerpolitico.mx\/wp-content\/uploads\/2021\/10\/06D7D408-2CBE-4D31-83EE-2D172930572B-150x150.jpeg",150,150,true],"medium":["https:\/\/quehacerpolitico.mx\/wp-content\/uploads\/2021\/10\/06D7D408-2CBE-4D31-83EE-2D172930572B-300x200.jpeg",300,200,true],"medium_large":["https:\/\/quehacerpolitico.mx\/wp-content\/uploads\/2021\/10\/06D7D408-2CBE-4D31-83EE-2D172930572B-768x512.jpeg",640,427,true],"large":["https:\/\/quehacerpolitico.mx\/wp-content\/uploads\/2021\/10\/06D7D408-2CBE-4D31-83EE-2D172930572B-1024x683.jpeg",640,427,true],"1536x1536":["https:\/\/quehacerpolitico.mx\/wp-content\/uploads\/2021\/10\/06D7D408-2CBE-4D31-83EE-2D172930572B.jpeg",1296,864,false],"2048x2048":["https:\/\/quehacerpolitico.mx\/wp-content\/uploads\/2021\/10\/06D7D408-2CBE-4D31-83EE-2D172930572B.jpeg",1296,864,false],"covernews-featured":["https:\/\/quehacerpolitico.mx\/wp-content\/uploads\/2021\/10\/06D7D408-2CBE-4D31-83EE-2D172930572B.jpeg",1024,683,false],"covernews-medium":["https:\/\/quehacerpolitico.mx\/wp-content\/uploads\/2021\/10\/06D7D408-2CBE-4D31-83EE-2D172930572B.jpeg",510,340,false]},"author_info":{"display_name":"Redacci\u00f3n QP","author_link":"https:\/\/quehacerpolitico.mx\/?author=2"},"category_info":"<a href=\"https:\/\/quehacerpolitico.mx\/?cat=2\" rel=\"category\">Noticias<\/a>","tag_info":"Noticias","comment_count":"0","_links":{"self":[{"href":"https:\/\/quehacerpolitico.mx\/index.php?rest_route=\/wp\/v2\/posts\/85966","targetHints":{"allow":["GET"]}}],"collection":[{"href":"https:\/\/quehacerpolitico.mx\/index.php?rest_route=\/wp\/v2\/posts"}],"about":[{"href":"https:\/\/quehacerpolitico.mx\/index.php?rest_route=\/wp\/v2\/types\/post"}],"author":[{"embeddable":true,"href":"https:\/\/quehacerpolitico.mx\/index.php?rest_route=\/wp\/v2\/users\/2"}],"replies":[{"embeddable":true,"href":"https:\/\/quehacerpolitico.mx\/index.php?rest_route=%2Fwp%2Fv2%2Fcomments&post=85966"}],"version-history":[{"count":1,"href":"https:\/\/quehacerpolitico.mx\/index.php?rest_route=\/wp\/v2\/posts\/85966\/revisions"}],"predecessor-version":[{"id":85968,"href":"https:\/\/quehacerpolitico.mx\/index.php?rest_route=\/wp\/v2\/posts\/85966\/revisions\/85968"}],"wp:featuredmedia":[{"embeddable":true,"href":"https:\/\/quehacerpolitico.mx\/index.php?rest_route=\/wp\/v2\/media\/85967"}],"wp:attachment":[{"href":"https:\/\/quehacerpolitico.mx\/index.php?rest_route=%2Fwp%2Fv2%2Fmedia&parent=85966"}],"wp:term":[{"taxonomy":"category","embeddable":true,"href":"https:\/\/quehacerpolitico.mx\/index.php?rest_route=%2Fwp%2Fv2%2Fcategories&post=85966"},{"taxonomy":"post_tag","embeddable":true,"href":"https:\/\/quehacerpolitico.mx\/index.php?rest_route=%2Fwp%2Fv2%2Ftags&post=85966"}],"curies":[{"name":"wp","href":"https:\/\/api.w.org\/{rel}","templated":true}]}}