{"id":85946,"date":"2021-10-22T16:57:03","date_gmt":"2021-10-22T16:57:03","guid":{"rendered":"https:\/\/quehacerpolitico.mx\/?p=85946"},"modified":"2021-10-22T16:57:05","modified_gmt":"2021-10-22T16:57:05","slug":"el-armario-de-gabo-se-abre-por-una-buena-causa","status":"publish","type":"post","link":"https:\/\/quehacerpolitico.mx\/?p=85946","title":{"rendered":"El armario de Gabo se abre por una buena causa"},"content":{"rendered":"\n<p>Por Redacci\u00f3n QP<\/p>\n\n\n\n<p>Una de las nietas de Garc\u00eda M\u00e1rquez organiza una subasta donde lo recaudado ser\u00e1 para la Fundaci\u00f3n FINASIM<\/p>\n\n\n\n<p>Darle segunda vida y continuidad a la personalidad y expansivo genio de Gabriel Garc\u00eda M\u00e1rquez es la motivaci\u00f3n que impuls\u00f3 a una de sus herederas a&nbsp;<strong>ofrecer en venta una selecci\u00f3n de la ropa del escritor colombiano en M\u00e9xico.<\/strong><\/p>\n\n\n\n<p>La art\u00edfice del proyecto es Emilia Garc\u00eda Elizondo, una de las nietas de Gabo -como se le conoce popularmente al Nobel- y de su esposa Mercedes Barcha, quien abre para s\u00ed misma y para los seguidores del autor una ventana hacia una dimensi\u00f3n \u00edntima.<\/p>\n\n\n\n<figure class=\"wp-block-image\"><img decoding=\"async\" src=\"https:\/\/www.informador.mx\/__export\/1634902290122\/sites\/elinformador\/img\/2021\/10\/22\/imagen_imagen_20211019-4be0c4b3a516cce638e95f28fb6b9ceb022743ed_1_crop1634902287965.jpg_1970638775.jpg\" alt=\"El altar listo. Previo al D\u00eda de Muertos, la familia del escritor recuerda a Gabo y su esposa, Mercedes Barcha. EFE\/J. M\u00e9ndez\" title=\"El altar listo. Previo al D\u00eda de Muertos, la familia del escritor recuerda a Gabo y su esposa, Mercedes Barcha. EFE\/J. M\u00e9ndez\"\/><figcaption>El altar listo. Previo al D\u00eda de Muertos, la familia del escritor recuerda a Gabo y su esposa, Mercedes Barcha. EFE\/J. M\u00e9ndez<\/figcaption><\/figure>\n\n\n\n<figure class=\"wp-block-image\"><img decoding=\"async\" src=\"https:\/\/www.informador.mx\/__export\/1634902356151\/sites\/elinformador\/img\/2021\/10\/22\/imagen_imagen_20211019-dc6fd2ed8795160d58e8073c6057a69364a66317_crop1634902354217.jpg_1970638775.jpg\" alt=\"Objetos personales. La casa de Gabo permanece tal como la dej\u00f3 el escritor. EFE\/J. M\u00e9ndez\" title=\"Objetos personales. La casa de Gabo permanece tal como la dej\u00f3 el escritor. EFE\/J. M\u00e9ndez\"\/><figcaption>Objetos personales. La casa de Gabo permanece tal como la dej\u00f3 el escritor. EFE\/J. M\u00e9ndez<\/figcaption><\/figure>\n\n\n\n<figure class=\"wp-block-image\"><img decoding=\"async\" src=\"https:\/\/www.informador.mx\/__export\/1634902423555\/sites\/elinformador\/img\/2021\/10\/22\/imagen_imagen_20211019-bc87430345e2414083769652e2a9020d916c3348_crop1634902421626.jpg_1970638775.jpg\" alt=\"Enamorado de M\u00e9xico. La casa de Garc\u00eda M\u00e1rquez, en el Sur de la capital. EFE\/J. M\u00e9ndez\" title=\"Enamorado de M\u00e9xico. La casa de Garc\u00eda M\u00e1rquez, en el Sur de la capital. EFE\/J. M\u00e9ndez\"\/><figcaption>Enamorado de M\u00e9xico. La casa de Garc\u00eda M\u00e1rquez, en el Sur de la capital. EFE\/J. M\u00e9ndez<\/figcaption><\/figure>\n\n\n\n<figure class=\"wp-block-image\"><img decoding=\"async\" src=\"https:\/\/www.informador.mx\/__export\/1634902494604\/sites\/elinformador\/img\/2021\/10\/22\/imagen_imagen_20211019-84e20c27822d505147649999ccf9daddb154205b_crop1634902490500.jpg_1970638775.jpg\" alt=\"Emilia Garc\u00eda Elizondo. La nieta del escritor, art\u00edfice de este proyecto. EFE\/J. M\u00e9ndez\" title=\"Emilia Garc\u00eda Elizondo. La nieta del escritor, art\u00edfice de este proyecto. EFE\/J. M\u00e9ndez\"\/><figcaption>Emilia Garc\u00eda Elizondo. La nieta del escritor, art\u00edfice de este proyecto. EFE\/J. M\u00e9ndez<\/figcaption><\/figure>\n\n\n\n<p><strong>\u201cNo conoc\u00eda a mis abuelos de la manera en la que los conozco ahora con todo lo que he visto y todo lo que ha salido del\u00a0cl\u00f3set\u201d,<\/strong>\u00a0dice a la agencia AFP.<\/p>\n\n\n\n<p>El evento, denominado&nbsp;<strong>\u201cEl armario de los Garc\u00eda M\u00e1rquez\u201d, marca tambi\u00e9n la apertura de la Casa de la Literatura Gabriel Garc\u00eda M\u00e1rquez, un centro cultural que funcionar\u00e1 en la amplia residencia del Sur de Ciudad de M\u00e9xico<\/strong>&nbsp;donde la pareja vivi\u00f3.<\/p>\n\n\n\n<p>Garc\u00eda Elizondo, de 31 a\u00f1os y directora del centro, seleccion\u00f3 las m\u00e1s de 400 prendas y accesorios de la colecci\u00f3n en lo que describe como un \u201cproceso conmigo misma\u201d y con el recuerdo de sus abuelos.<\/p>\n\n\n\n<p><strong>Elegante y original<\/strong><\/p>\n\n\n\n<p>Desde sus caracter\u00edsticos\u00a0<strong>sacos de\u00a0tweed\u00a0hasta los originales monos de colores vivos con los que el escritor disfrutaba trabajar,<\/strong>\u00a0el guardarropa de Gabo y Mercedes mezcla elegancia y originalidad.<\/p>\n\n\n\n<p>Tambi\u00e9n evoca momentos diversos: algunos marcaron la historia de la literatura; otros, las memorias infantiles de Emilia.<\/p>\n\n\n\n<figure class=\"wp-block-image size-full\"><img loading=\"lazy\" decoding=\"async\" width=\"1024\" height=\"681\" src=\"https:\/\/quehacerpolitico.mx\/wp-content\/uploads\/2021\/10\/image-30.jpeg\" alt=\"\" class=\"wp-image-85951\" srcset=\"https:\/\/quehacerpolitico.mx\/wp-content\/uploads\/2021\/10\/image-30.jpeg 1024w, https:\/\/quehacerpolitico.mx\/wp-content\/uploads\/2021\/10\/image-30-300x200.jpeg 300w, https:\/\/quehacerpolitico.mx\/wp-content\/uploads\/2021\/10\/image-30-768x511.jpeg 768w, https:\/\/quehacerpolitico.mx\/wp-content\/uploads\/2021\/10\/image-30-220x146.jpeg 220w, https:\/\/quehacerpolitico.mx\/wp-content\/uploads\/2021\/10\/image-30-50x33.jpeg 50w, https:\/\/quehacerpolitico.mx\/wp-content\/uploads\/2021\/10\/image-30-113x75.jpeg 113w\" sizes=\"auto, (max-width: 1024px) 100vw, 1024px\" \/><\/figure>\n\n\n\n<figure class=\"wp-block-image size-full\"><img loading=\"lazy\" decoding=\"async\" width=\"1024\" height=\"682\" src=\"https:\/\/quehacerpolitico.mx\/wp-content\/uploads\/2021\/10\/image-29.jpeg\" alt=\"\" class=\"wp-image-85950\" srcset=\"https:\/\/quehacerpolitico.mx\/wp-content\/uploads\/2021\/10\/image-29.jpeg 1024w, https:\/\/quehacerpolitico.mx\/wp-content\/uploads\/2021\/10\/image-29-300x200.jpeg 300w, https:\/\/quehacerpolitico.mx\/wp-content\/uploads\/2021\/10\/image-29-768x512.jpeg 768w, https:\/\/quehacerpolitico.mx\/wp-content\/uploads\/2021\/10\/image-29-219x146.jpeg 219w, https:\/\/quehacerpolitico.mx\/wp-content\/uploads\/2021\/10\/image-29-50x33.jpeg 50w, https:\/\/quehacerpolitico.mx\/wp-content\/uploads\/2021\/10\/image-29-113x75.jpeg 113w\" sizes=\"auto, (max-width: 1024px) 100vw, 1024px\" \/><\/figure>\n\n\n\n<figure class=\"wp-block-image size-full\"><img loading=\"lazy\" decoding=\"async\" width=\"1024\" height=\"681\" src=\"https:\/\/quehacerpolitico.mx\/wp-content\/uploads\/2021\/10\/image-28.jpeg\" alt=\"\" class=\"wp-image-85949\" srcset=\"https:\/\/quehacerpolitico.mx\/wp-content\/uploads\/2021\/10\/image-28.jpeg 1024w, https:\/\/quehacerpolitico.mx\/wp-content\/uploads\/2021\/10\/image-28-300x200.jpeg 300w, https:\/\/quehacerpolitico.mx\/wp-content\/uploads\/2021\/10\/image-28-768x511.jpeg 768w, https:\/\/quehacerpolitico.mx\/wp-content\/uploads\/2021\/10\/image-28-220x146.jpeg 220w, https:\/\/quehacerpolitico.mx\/wp-content\/uploads\/2021\/10\/image-28-50x33.jpeg 50w, https:\/\/quehacerpolitico.mx\/wp-content\/uploads\/2021\/10\/image-28-113x75.jpeg 113w\" sizes=\"auto, (max-width: 1024px) 100vw, 1024px\" \/><\/figure>\n\n\n\n<figure class=\"wp-block-image size-full\"><img loading=\"lazy\" decoding=\"async\" width=\"1024\" height=\"682\" src=\"https:\/\/quehacerpolitico.mx\/wp-content\/uploads\/2021\/10\/image-27.jpeg\" alt=\"\" class=\"wp-image-85948\" srcset=\"https:\/\/quehacerpolitico.mx\/wp-content\/uploads\/2021\/10\/image-27.jpeg 1024w, https:\/\/quehacerpolitico.mx\/wp-content\/uploads\/2021\/10\/image-27-300x200.jpeg 300w, https:\/\/quehacerpolitico.mx\/wp-content\/uploads\/2021\/10\/image-27-768x512.jpeg 768w, https:\/\/quehacerpolitico.mx\/wp-content\/uploads\/2021\/10\/image-27-219x146.jpeg 219w, https:\/\/quehacerpolitico.mx\/wp-content\/uploads\/2021\/10\/image-27-50x33.jpeg 50w, https:\/\/quehacerpolitico.mx\/wp-content\/uploads\/2021\/10\/image-27-113x75.jpeg 113w\" sizes=\"auto, (max-width: 1024px) 100vw, 1024px\" \/><\/figure>\n\n\n\n<figure class=\"wp-block-image size-large\"><img loading=\"lazy\" decoding=\"async\" width=\"821\" height=\"1024\" src=\"https:\/\/quehacerpolitico.mx\/wp-content\/uploads\/2021\/10\/image-26-821x1024.jpeg\" alt=\"\" class=\"wp-image-85947\" srcset=\"https:\/\/quehacerpolitico.mx\/wp-content\/uploads\/2021\/10\/image-26-821x1024.jpeg 821w, https:\/\/quehacerpolitico.mx\/wp-content\/uploads\/2021\/10\/image-26-241x300.jpeg 241w, https:\/\/quehacerpolitico.mx\/wp-content\/uploads\/2021\/10\/image-26-768x958.jpeg 768w, https:\/\/quehacerpolitico.mx\/wp-content\/uploads\/2021\/10\/image-26-117x146.jpeg 117w, https:\/\/quehacerpolitico.mx\/wp-content\/uploads\/2021\/10\/image-26-40x50.jpeg 40w, https:\/\/quehacerpolitico.mx\/wp-content\/uploads\/2021\/10\/image-26-60x75.jpeg 60w, https:\/\/quehacerpolitico.mx\/wp-content\/uploads\/2021\/10\/image-26.jpeg 975w\" sizes=\"auto, (max-width: 821px) 100vw, 821px\" \/><\/figure>\n\n\n\n<p>El vestido de gala en tonos verdes y brillantes que Barcha utiliz\u00f3 para acompa\u00f1ar a su esposo a recibir el Nobel de Literatura en 1982 hab\u00eda pasado como una mera curiosidad para la nieta, nacida ocho a\u00f1os despu\u00e9s del acontecimiento.<\/p>\n\n\n\n<p>\u201cLo ten\u00eda en una pila de cosas que no sab\u00eda qu\u00e9 hacer con ellas y lleg\u00f3 mi madre a ponerme una buena rega\u00f1iza porque ese vestido no estaba donde ten\u00eda que estar\u201d, afirma divertida. El traje, sin embargo, no est\u00e1 en venta.<\/p>\n\n\n\n<p>Quiz\u00e1s irrelevante para muchos seguidores del escritor, pero indeleble en la mente de Garc\u00eda Elizondo resulta la vasta colecci\u00f3n de zapatos de Gabo, donde destacan muchos botines de cuero.<\/p>\n\n\n\n<p>\u201cSiempre le estaba viendo los zapatos a mi abuelo, entonces para m\u00ed eso es algo como muy importante\u201d, se\u00f1ala.<\/p>\n\n\n\n<p>La cordialidad de Gabo tambi\u00e9n qued\u00f3 manifiesta en su armario. En los bolsillos de un par de sacos est\u00e1n los plumones que cargaba consigo para autografiar los libros que le tra\u00edan sus admiradores y un tercero conserva una mancha de tinta.<\/p>\n\n\n\n<p>\u201cGabo siempre era la persona que ten\u00eda el plum\u00f3n en la bolsa (&#8230;), me parece muy tierno\u201d, comenta su nieta.<\/p>\n\n\n\n<p><strong>\u201cNunca fueron inalcanzables\u201d<\/strong><\/p>\n\n\n\n<p>Aunque el objetivo principal de la venta es&nbsp;<strong>recaudar fondos para la fundaci\u00f3n&nbsp;FISANIM, que apoya a ni\u00f1os de comunidades ind\u00edgenas del Sur de M\u00e9xico,<\/strong>&nbsp;Garc\u00eda Elizondo descarta una subasta donde podr\u00eda sacar partido de la enorme popularidad de su abuelo.<\/p>\n\n\n\n<p><strong>\u201cMe fij\u00e9 en los precios de las cosas de los famosos y dije yo no puedo hacer esto, no pienso que Gabo hubiera estado de acuerdo\u201d,<\/strong>sostiene.<\/p>\n\n\n\n<p>Para Garc\u00eda Elizondo y su familia, la esencia de esta iniciativa es&nbsp;<strong>\u201cacercar a la gente a lo que eran&nbsp;Gabo&nbsp;y Mercedes\u201d.<\/strong><\/p>\n\n\n\n<p>\u201cEllos nunca fueron inalcanzables, ellos no eran esas personas, no eran pretenciosos en ese sentido\u201d, afirma.<\/p>\n\n\n\n<p><strong>Quienes deseen ver o comprar piezas de la colecci\u00f3n podr\u00e1n hacerlo, previa cita, desde este mi\u00e9rcoles,<\/strong>&nbsp;aunque la primera jornada estar\u00e1 destinada a recibir al c\u00edrculo \u00edntimo de la familia.<\/p>\n\n\n\n<p>Garc\u00eda M\u00e1rquez muri\u00f3 el 17 de abril de 2014, a los 87 a\u00f1os, mientras que Barcha falleci\u00f3 a esa misma edad el 15 de agosto de 2020.<\/p>\n\n\n\n<p>Con Informaci\u00f3n de AFP<\/p>\n","protected":false},"excerpt":{"rendered":"<p>Por Redacci\u00f3n QP Una de las nietas de Garc\u00eda M\u00e1rquez organiza una subasta donde lo&#8230;<\/p>\n","protected":false},"author":2,"featured_media":85952,"comment_status":"open","ping_status":"open","sticky":false,"template":"","format":"standard","meta":{"_monsterinsights_skip_tracking":false,"_monsterinsights_sitenote_active":false,"_monsterinsights_sitenote_note":"","_monsterinsights_sitenote_category":0,"footnotes":""},"categories":[58],"tags":[],"class_list":["post-85946","post","type-post","status-publish","format-standard","has-post-thumbnail","hentry","category-cultura"],"yoast_head":"<!-- This site is optimized with the Yoast SEO plugin v27.3 - https:\/\/yoast.com\/product\/yoast-seo-wordpress\/ -->\n<title>El armario de Gabo se abre por una buena causa -<\/title>\n<meta name=\"robots\" content=\"index, follow, max-snippet:-1, max-image-preview:large, max-video-preview:-1\" \/>\n<link rel=\"canonical\" href=\"https:\/\/quehacerpolitico.mx\/?p=85946\" \/>\n<meta property=\"og:locale\" content=\"es_MX\" \/>\n<meta property=\"og:type\" content=\"article\" \/>\n<meta property=\"og:title\" content=\"El armario de Gabo se abre por una buena causa -\" \/>\n<meta property=\"og:description\" content=\"Por Redacci\u00f3n QP Una de las nietas de Garc\u00eda M\u00e1rquez organiza una subasta donde lo...\" \/>\n<meta property=\"og:url\" content=\"https:\/\/quehacerpolitico.mx\/?p=85946\" \/>\n<meta property=\"article:published_time\" content=\"2021-10-22T16:57:03+00:00\" \/>\n<meta property=\"article:modified_time\" content=\"2021-10-22T16:57:05+00:00\" \/>\n<meta property=\"og:image\" content=\"https:\/\/quehacerpolitico.mx\/wp-content\/uploads\/2021\/10\/0C709D2B-ED1C-4A50-A9C5-59C4EE7E4CED.webp\" \/>\n\t<meta property=\"og:image:width\" content=\"770\" \/>\n\t<meta property=\"og:image:height\" content=\"485\" \/>\n\t<meta property=\"og:image:type\" content=\"image\/webp\" \/>\n<meta name=\"author\" content=\"Redacci\u00f3n QP\" \/>\n<meta name=\"twitter:card\" content=\"summary_large_image\" \/>\n<meta name=\"twitter:label1\" content=\"Escrito por\" \/>\n\t<meta name=\"twitter:data1\" content=\"Redacci\u00f3n QP\" \/>\n\t<meta name=\"twitter:label2\" content=\"Tiempo de lectura\" \/>\n\t<meta name=\"twitter:data2\" content=\"4 minutos\" \/>\n<script type=\"application\/ld+json\" class=\"yoast-schema-graph\">{\"@context\":\"https:\\\/\\\/schema.org\",\"@graph\":[{\"@type\":\"Article\",\"@id\":\"https:\\\/\\\/quehacerpolitico.mx\\\/?p=85946#article\",\"isPartOf\":{\"@id\":\"https:\\\/\\\/quehacerpolitico.mx\\\/?p=85946\"},\"author\":{\"name\":\"Redacci\u00f3n QP\",\"@id\":\"https:\\\/\\\/quehacerpolitico.mx\\\/#\\\/schema\\\/person\\\/496d8ad2d1d3f8036101dca7ee39e585\"},\"headline\":\"El armario de Gabo se abre por una buena causa\",\"datePublished\":\"2021-10-22T16:57:03+00:00\",\"dateModified\":\"2021-10-22T16:57:05+00:00\",\"mainEntityOfPage\":{\"@id\":\"https:\\\/\\\/quehacerpolitico.mx\\\/?p=85946\"},\"wordCount\":775,\"commentCount\":0,\"image\":{\"@id\":\"https:\\\/\\\/quehacerpolitico.mx\\\/?p=85946#primaryimage\"},\"thumbnailUrl\":\"https:\\\/\\\/quehacerpolitico.mx\\\/wp-content\\\/uploads\\\/2021\\\/10\\\/0C709D2B-ED1C-4A50-A9C5-59C4EE7E4CED.webp\",\"articleSection\":[\"Cultura y Entretenimiento\"],\"inLanguage\":\"es\",\"potentialAction\":[{\"@type\":\"CommentAction\",\"name\":\"Comment\",\"target\":[\"https:\\\/\\\/quehacerpolitico.mx\\\/?p=85946#respond\"]}]},{\"@type\":\"WebPage\",\"@id\":\"https:\\\/\\\/quehacerpolitico.mx\\\/?p=85946\",\"url\":\"https:\\\/\\\/quehacerpolitico.mx\\\/?p=85946\",\"name\":\"El armario de Gabo se abre por una buena causa -\",\"isPartOf\":{\"@id\":\"https:\\\/\\\/quehacerpolitico.mx\\\/#website\"},\"primaryImageOfPage\":{\"@id\":\"https:\\\/\\\/quehacerpolitico.mx\\\/?p=85946#primaryimage\"},\"image\":{\"@id\":\"https:\\\/\\\/quehacerpolitico.mx\\\/?p=85946#primaryimage\"},\"thumbnailUrl\":\"https:\\\/\\\/quehacerpolitico.mx\\\/wp-content\\\/uploads\\\/2021\\\/10\\\/0C709D2B-ED1C-4A50-A9C5-59C4EE7E4CED.webp\",\"datePublished\":\"2021-10-22T16:57:03+00:00\",\"dateModified\":\"2021-10-22T16:57:05+00:00\",\"author\":{\"@id\":\"https:\\\/\\\/quehacerpolitico.mx\\\/#\\\/schema\\\/person\\\/496d8ad2d1d3f8036101dca7ee39e585\"},\"breadcrumb\":{\"@id\":\"https:\\\/\\\/quehacerpolitico.mx\\\/?p=85946#breadcrumb\"},\"inLanguage\":\"es\",\"potentialAction\":[{\"@type\":\"ReadAction\",\"target\":[\"https:\\\/\\\/quehacerpolitico.mx\\\/?p=85946\"]}]},{\"@type\":\"ImageObject\",\"inLanguage\":\"es\",\"@id\":\"https:\\\/\\\/quehacerpolitico.mx\\\/?p=85946#primaryimage\",\"url\":\"https:\\\/\\\/quehacerpolitico.mx\\\/wp-content\\\/uploads\\\/2021\\\/10\\\/0C709D2B-ED1C-4A50-A9C5-59C4EE7E4CED.webp\",\"contentUrl\":\"https:\\\/\\\/quehacerpolitico.mx\\\/wp-content\\\/uploads\\\/2021\\\/10\\\/0C709D2B-ED1C-4A50-A9C5-59C4EE7E4CED.webp\",\"width\":770,\"height\":485},{\"@type\":\"BreadcrumbList\",\"@id\":\"https:\\\/\\\/quehacerpolitico.mx\\\/?p=85946#breadcrumb\",\"itemListElement\":[{\"@type\":\"ListItem\",\"position\":1,\"name\":\"Inicio\",\"item\":\"https:\\\/\\\/quehacerpolitico.mx\\\/\"},{\"@type\":\"ListItem\",\"position\":2,\"name\":\"El armario de Gabo se abre por una buena causa\"}]},{\"@type\":\"WebSite\",\"@id\":\"https:\\\/\\\/quehacerpolitico.mx\\\/#website\",\"url\":\"https:\\\/\\\/quehacerpolitico.mx\\\/\",\"name\":\"\",\"description\":\"\",\"potentialAction\":[{\"@type\":\"SearchAction\",\"target\":{\"@type\":\"EntryPoint\",\"urlTemplate\":\"https:\\\/\\\/quehacerpolitico.mx\\\/?s={search_term_string}\"},\"query-input\":{\"@type\":\"PropertyValueSpecification\",\"valueRequired\":true,\"valueName\":\"search_term_string\"}}],\"inLanguage\":\"es\"},{\"@type\":\"Person\",\"@id\":\"https:\\\/\\\/quehacerpolitico.mx\\\/#\\\/schema\\\/person\\\/496d8ad2d1d3f8036101dca7ee39e585\",\"name\":\"Redacci\u00f3n QP\",\"image\":{\"@type\":\"ImageObject\",\"inLanguage\":\"es\",\"@id\":\"https:\\\/\\\/secure.gravatar.com\\\/avatar\\\/c7164ed6fdec453195284ad24a5ae5b6e1eed2b848477fa2a4787ba9adf39a41?s=96&d=mm&r=g\",\"url\":\"https:\\\/\\\/secure.gravatar.com\\\/avatar\\\/c7164ed6fdec453195284ad24a5ae5b6e1eed2b848477fa2a4787ba9adf39a41?s=96&d=mm&r=g\",\"contentUrl\":\"https:\\\/\\\/secure.gravatar.com\\\/avatar\\\/c7164ed6fdec453195284ad24a5ae5b6e1eed2b848477fa2a4787ba9adf39a41?s=96&d=mm&r=g\",\"caption\":\"Redacci\u00f3n QP\"},\"url\":\"https:\\\/\\\/quehacerpolitico.mx\\\/?author=2\"}]}<\/script>\n<!-- \/ Yoast SEO plugin. -->","yoast_head_json":{"title":"El armario de Gabo se abre por una buena causa -","robots":{"index":"index","follow":"follow","max-snippet":"max-snippet:-1","max-image-preview":"max-image-preview:large","max-video-preview":"max-video-preview:-1"},"canonical":"https:\/\/quehacerpolitico.mx\/?p=85946","og_locale":"es_MX","og_type":"article","og_title":"El armario de Gabo se abre por una buena causa -","og_description":"Por Redacci\u00f3n QP Una de las nietas de Garc\u00eda M\u00e1rquez organiza una subasta donde lo...","og_url":"https:\/\/quehacerpolitico.mx\/?p=85946","article_published_time":"2021-10-22T16:57:03+00:00","article_modified_time":"2021-10-22T16:57:05+00:00","og_image":[{"width":770,"height":485,"url":"https:\/\/quehacerpolitico.mx\/wp-content\/uploads\/2021\/10\/0C709D2B-ED1C-4A50-A9C5-59C4EE7E4CED.webp","type":"image\/webp"}],"author":"Redacci\u00f3n QP","twitter_card":"summary_large_image","twitter_misc":{"Escrito por":"Redacci\u00f3n QP","Tiempo de lectura":"4 minutos"},"schema":{"@context":"https:\/\/schema.org","@graph":[{"@type":"Article","@id":"https:\/\/quehacerpolitico.mx\/?p=85946#article","isPartOf":{"@id":"https:\/\/quehacerpolitico.mx\/?p=85946"},"author":{"name":"Redacci\u00f3n QP","@id":"https:\/\/quehacerpolitico.mx\/#\/schema\/person\/496d8ad2d1d3f8036101dca7ee39e585"},"headline":"El armario de Gabo se abre por una buena causa","datePublished":"2021-10-22T16:57:03+00:00","dateModified":"2021-10-22T16:57:05+00:00","mainEntityOfPage":{"@id":"https:\/\/quehacerpolitico.mx\/?p=85946"},"wordCount":775,"commentCount":0,"image":{"@id":"https:\/\/quehacerpolitico.mx\/?p=85946#primaryimage"},"thumbnailUrl":"https:\/\/quehacerpolitico.mx\/wp-content\/uploads\/2021\/10\/0C709D2B-ED1C-4A50-A9C5-59C4EE7E4CED.webp","articleSection":["Cultura y Entretenimiento"],"inLanguage":"es","potentialAction":[{"@type":"CommentAction","name":"Comment","target":["https:\/\/quehacerpolitico.mx\/?p=85946#respond"]}]},{"@type":"WebPage","@id":"https:\/\/quehacerpolitico.mx\/?p=85946","url":"https:\/\/quehacerpolitico.mx\/?p=85946","name":"El armario de Gabo se abre por una buena causa -","isPartOf":{"@id":"https:\/\/quehacerpolitico.mx\/#website"},"primaryImageOfPage":{"@id":"https:\/\/quehacerpolitico.mx\/?p=85946#primaryimage"},"image":{"@id":"https:\/\/quehacerpolitico.mx\/?p=85946#primaryimage"},"thumbnailUrl":"https:\/\/quehacerpolitico.mx\/wp-content\/uploads\/2021\/10\/0C709D2B-ED1C-4A50-A9C5-59C4EE7E4CED.webp","datePublished":"2021-10-22T16:57:03+00:00","dateModified":"2021-10-22T16:57:05+00:00","author":{"@id":"https:\/\/quehacerpolitico.mx\/#\/schema\/person\/496d8ad2d1d3f8036101dca7ee39e585"},"breadcrumb":{"@id":"https:\/\/quehacerpolitico.mx\/?p=85946#breadcrumb"},"inLanguage":"es","potentialAction":[{"@type":"ReadAction","target":["https:\/\/quehacerpolitico.mx\/?p=85946"]}]},{"@type":"ImageObject","inLanguage":"es","@id":"https:\/\/quehacerpolitico.mx\/?p=85946#primaryimage","url":"https:\/\/quehacerpolitico.mx\/wp-content\/uploads\/2021\/10\/0C709D2B-ED1C-4A50-A9C5-59C4EE7E4CED.webp","contentUrl":"https:\/\/quehacerpolitico.mx\/wp-content\/uploads\/2021\/10\/0C709D2B-ED1C-4A50-A9C5-59C4EE7E4CED.webp","width":770,"height":485},{"@type":"BreadcrumbList","@id":"https:\/\/quehacerpolitico.mx\/?p=85946#breadcrumb","itemListElement":[{"@type":"ListItem","position":1,"name":"Inicio","item":"https:\/\/quehacerpolitico.mx\/"},{"@type":"ListItem","position":2,"name":"El armario de Gabo se abre por una buena causa"}]},{"@type":"WebSite","@id":"https:\/\/quehacerpolitico.mx\/#website","url":"https:\/\/quehacerpolitico.mx\/","name":"","description":"","potentialAction":[{"@type":"SearchAction","target":{"@type":"EntryPoint","urlTemplate":"https:\/\/quehacerpolitico.mx\/?s={search_term_string}"},"query-input":{"@type":"PropertyValueSpecification","valueRequired":true,"valueName":"search_term_string"}}],"inLanguage":"es"},{"@type":"Person","@id":"https:\/\/quehacerpolitico.mx\/#\/schema\/person\/496d8ad2d1d3f8036101dca7ee39e585","name":"Redacci\u00f3n QP","image":{"@type":"ImageObject","inLanguage":"es","@id":"https:\/\/secure.gravatar.com\/avatar\/c7164ed6fdec453195284ad24a5ae5b6e1eed2b848477fa2a4787ba9adf39a41?s=96&d=mm&r=g","url":"https:\/\/secure.gravatar.com\/avatar\/c7164ed6fdec453195284ad24a5ae5b6e1eed2b848477fa2a4787ba9adf39a41?s=96&d=mm&r=g","contentUrl":"https:\/\/secure.gravatar.com\/avatar\/c7164ed6fdec453195284ad24a5ae5b6e1eed2b848477fa2a4787ba9adf39a41?s=96&d=mm&r=g","caption":"Redacci\u00f3n QP"},"url":"https:\/\/quehacerpolitico.mx\/?author=2"}]}},"featured_image_urls":{"full":["https:\/\/quehacerpolitico.mx\/wp-content\/uploads\/2021\/10\/0C709D2B-ED1C-4A50-A9C5-59C4EE7E4CED.webp",770,485,false],"thumbnail":["https:\/\/quehacerpolitico.mx\/wp-content\/uploads\/2021\/10\/0C709D2B-ED1C-4A50-A9C5-59C4EE7E4CED-150x150.webp",150,150,true],"medium":["https:\/\/quehacerpolitico.mx\/wp-content\/uploads\/2021\/10\/0C709D2B-ED1C-4A50-A9C5-59C4EE7E4CED-300x189.webp",300,189,true],"medium_large":["https:\/\/quehacerpolitico.mx\/wp-content\/uploads\/2021\/10\/0C709D2B-ED1C-4A50-A9C5-59C4EE7E4CED-768x484.webp",640,403,true],"large":["https:\/\/quehacerpolitico.mx\/wp-content\/uploads\/2021\/10\/0C709D2B-ED1C-4A50-A9C5-59C4EE7E4CED.webp",640,403,false],"1536x1536":["https:\/\/quehacerpolitico.mx\/wp-content\/uploads\/2021\/10\/0C709D2B-ED1C-4A50-A9C5-59C4EE7E4CED.webp",770,485,false],"2048x2048":["https:\/\/quehacerpolitico.mx\/wp-content\/uploads\/2021\/10\/0C709D2B-ED1C-4A50-A9C5-59C4EE7E4CED.webp",770,485,false],"covernews-featured":["https:\/\/quehacerpolitico.mx\/wp-content\/uploads\/2021\/10\/0C709D2B-ED1C-4A50-A9C5-59C4EE7E4CED.webp",770,485,false],"covernews-medium":["https:\/\/quehacerpolitico.mx\/wp-content\/uploads\/2021\/10\/0C709D2B-ED1C-4A50-A9C5-59C4EE7E4CED.webp",540,340,false]},"author_info":{"display_name":"Redacci\u00f3n QP","author_link":"https:\/\/quehacerpolitico.mx\/?author=2"},"category_info":"<a href=\"https:\/\/quehacerpolitico.mx\/?cat=58\" rel=\"category\">Cultura y Entretenimiento<\/a>","tag_info":"Cultura y Entretenimiento","comment_count":"0","_links":{"self":[{"href":"https:\/\/quehacerpolitico.mx\/index.php?rest_route=\/wp\/v2\/posts\/85946","targetHints":{"allow":["GET"]}}],"collection":[{"href":"https:\/\/quehacerpolitico.mx\/index.php?rest_route=\/wp\/v2\/posts"}],"about":[{"href":"https:\/\/quehacerpolitico.mx\/index.php?rest_route=\/wp\/v2\/types\/post"}],"author":[{"embeddable":true,"href":"https:\/\/quehacerpolitico.mx\/index.php?rest_route=\/wp\/v2\/users\/2"}],"replies":[{"embeddable":true,"href":"https:\/\/quehacerpolitico.mx\/index.php?rest_route=%2Fwp%2Fv2%2Fcomments&post=85946"}],"version-history":[{"count":1,"href":"https:\/\/quehacerpolitico.mx\/index.php?rest_route=\/wp\/v2\/posts\/85946\/revisions"}],"predecessor-version":[{"id":85953,"href":"https:\/\/quehacerpolitico.mx\/index.php?rest_route=\/wp\/v2\/posts\/85946\/revisions\/85953"}],"wp:featuredmedia":[{"embeddable":true,"href":"https:\/\/quehacerpolitico.mx\/index.php?rest_route=\/wp\/v2\/media\/85952"}],"wp:attachment":[{"href":"https:\/\/quehacerpolitico.mx\/index.php?rest_route=%2Fwp%2Fv2%2Fmedia&parent=85946"}],"wp:term":[{"taxonomy":"category","embeddable":true,"href":"https:\/\/quehacerpolitico.mx\/index.php?rest_route=%2Fwp%2Fv2%2Fcategories&post=85946"},{"taxonomy":"post_tag","embeddable":true,"href":"https:\/\/quehacerpolitico.mx\/index.php?rest_route=%2Fwp%2Fv2%2Ftags&post=85946"}],"curies":[{"name":"wp","href":"https:\/\/api.w.org\/{rel}","templated":true}]}}